{"id":17933,"date":"2010-11-11T08:11:34","date_gmt":"2010-11-11T11:11:34","guid":{"rendered":"http:\/\/www.inclusive.org.br\/?p=17933"},"modified":"2010-11-11T08:11:34","modified_gmt":"2010-11-11T11:11:34","slug":"feliz-acaso","status":"publish","type":"post","link":"https:\/\/inclusivenews.com.br\/?p=17933","title":{"rendered":"Feliz acaso"},"content":{"rendered":"<figure id=\"attachment_17944\" aria-describedby=\"caption-attachment-17944\" style=\"width: 168px\" class=\"wp-caption alignleft\"><a href=\"http:\/\/www.inclusivenews.com.br\/wp-content\/uploads\/2010\/11\/artistaderuacego.jpg\"><img loading=\"lazy\" decoding=\"async\" class=\"size-full wp-image-17944\" title=\"Artista de rua cego, tocando acordeon\" src=\"http:\/\/inclusivenews.com.br\/wp-content\/uploads\/2010\/11\/artistaderuacego.jpg\" alt=\"Artista de rua cego, tocando acordeon\" width=\"168\" height=\"224\" \/><\/a><figcaption id=\"caption-attachment-17944\" class=\"wp-caption-text\"> <\/figcaption><\/figure>\n<p><strong>Por Andrei Bastos *<\/strong><\/p>\n<p>\u201cA cidade \u00e9 moderna, dizia o cego ao seu filho\u201d, ouvimos Milton Nascimento cantar. Em todas as esquinas, da vida ou das cidades, modernas ou n\u00e3o, ouvimos que o mundo deve ser para todos, sem distin\u00e7\u00e3o de cor, credo, idade, caracter\u00edsticas f\u00edsicas, sensoriais ou intelectuais etc. \u00c9 o mantra do politicamente correto, do que a sociedade deve construir para a cidadania.<\/p>\n<p>Paradoxalmente, a modernidade, consumista, nos imp\u00f5e a invers\u00e3o de valores em que somos avaliados pelo que temos, ou parecemos ter, e n\u00e3o pelo que somos. Como fazer com que o mantra da igualdade de oportunidades v\u00e1 al\u00e9m das pol\u00edticas p\u00fablicas atuais e atinja o cora\u00e7\u00e3o das pessoas?<\/p>\n<p>Este \u00e9 o problema maior de quem vive o preconceito e a discrimina\u00e7\u00e3o por ser pobre, negro, idoso, ter alguma defici\u00eancia etc. Como fazer para que olhares de espanto e coment\u00e1rios jocosos deixem de acontecer? Como falar aos cora\u00e7\u00f5es das pessoas e n\u00e3o apenas \u00e0s suas mentes?<\/p>\n<p>Apesar de serem grandes conquistas, as leis e a obedi\u00eancia a elas n\u00e3o refletem o que vai pelos sentimentos, embotados pela compreens\u00e3o equivocada da vida. Mais do que qualquer desrespeito a leis de cotas, de direitos civis, de acessibilidade, o que fere verdadeiramente a alma \u00e9 o sorriso sarc\u00e1stico diante de casais formados por brancos e negros, deficientes e n\u00e3o deficientes, pessoas do mesmo sexo, pobres e n\u00e3o pobres ou das pretens\u00f5es e realiza\u00e7\u00f5es na vida desses chamados \u201cdiferentes\u201d.<\/p>\n<p>Estamos a\u00ed para lutar, no campo da conquista de direitos, mas, acima de tudo, estamos a\u00ed para amar, no campo das rela\u00e7\u00f5es humanas e pessoais. \u00c9 com essa id\u00e9ia de que \u201cs\u00f3 o amor constr\u00f3i\u201d que fica f\u00e1cil perceber a import\u00e2ncia da promo\u00e7\u00e3o da inclus\u00e3o nos primeiros anos de vida, na primeira inf\u00e2ncia.<\/p>\n<p>Talvez por sofrer influ\u00eancia prejudicial do meio, os movimentos de emancipa\u00e7\u00e3o dos exclu\u00eddos n\u00e3o priorizam a inf\u00e2ncia e se dedicam \u00e0 conquista de direitos de efeito aparentemente imediato. No entanto, se considerarmos que a a\u00e7\u00e3o focada na inf\u00e2ncia tem o poder de antecipar em gera\u00e7\u00f5es conquistas trabalhadas apenas no mundo dos adultos, logo entenderemos que uma pol\u00edtica p\u00fablica com tal dire\u00e7\u00e3o pode desmitificar tal imediatismo e, o que mais importa, pode construir um novo olhar para o amor dos diferentes e uma nova forma de viver e amar.<\/p>\n<p>O sonho da inclus\u00e3o tem na aten\u00e7\u00e3o \u00e0 primeira inf\u00e2ncia o passo fundamental para se tornar realidade. N\u00f3s e o cego dos versos da m\u00fasica de Milton e Ronaldo Bastos precisamos dizer tudo aos nossos filhos. E, ao governo que se inicia, apresenta-se a oportunidade de efetivar essa aten\u00e7\u00e3o que, em feliz acaso, tem tudo a ver com uma mulher na Presid\u00eancia.<\/p>\n<p><strong>* Andrei Bastos \u00e9 jornalista e integra a Comiss\u00e3o de Direitos Humanos da OAB\/RJ.<\/strong><\/p>\n<p>P.S.: Eu dedico este texto \u00e0 jornalista Gleusa Santos.<\/p>\n<p>_____________<\/p>\n<p><strong>Fonte:<\/strong> O Autor<br \/>\nArtigo publicado originalmente em O Globo, Opini\u00e3o, 10\/11\/2010.<\/p>\n","protected":false},"excerpt":{"rendered":"<p>Por Andrei Bastos. &#8220;O sonho da inclus\u00e3o tem na aten\u00e7\u00e3o \u00e0 primeira inf\u00e2ncia o passo fundamental para se tornar realidade.&#8221;<\/p>\n","protected":false},"author":1,"featured_media":0,"comment_status":"open","ping_status":"open","sticky":false,"template":"","format":"standard","meta":{"site-container-style":"default","site-container-layout":"default","site-sidebar-layout":"default","disable-article-header":"default","disable-site-header":"default","disable-site-footer":"default","disable-content-area-spacing":"default","footnotes":""},"categories":[36,8],"tags":[],"class_list":["post-17933","post","type-post","status-publish","format-standard","hentry","category-colunas-especiais","category-textos-e-artigos"],"yoast_head":"<!-- This site is optimized with the Yoast SEO plugin v27.4 - https:\/\/yoast.com\/product\/yoast-seo-wordpress\/ -->\n<title>Feliz acaso -<\/title>\n<meta name=\"robots\" content=\"index, follow, max-snippet:-1, max-image-preview:large, max-video-preview:-1\" \/>\n<link rel=\"canonical\" href=\"https:\/\/inclusivenews.com.br\/?p=17933\" \/>\n<meta property=\"og:locale\" content=\"pt_PT\" \/>\n<meta property=\"og:type\" content=\"article\" \/>\n<meta property=\"og:title\" content=\"Feliz acaso -\" \/>\n<meta property=\"og:description\" content=\"Por Andrei Bastos. &quot;O sonho da inclus\u00e3o tem na aten\u00e7\u00e3o \u00e0 primeira inf\u00e2ncia o passo fundamental para se tornar realidade.&quot;\" \/>\n<meta property=\"og:url\" content=\"https:\/\/inclusivenews.com.br\/?p=17933\" \/>\n<meta property=\"article:publisher\" content=\"https:\/\/www.facebook.com\/agenciainclusive\/\" \/>\n<meta property=\"article:published_time\" content=\"2010-11-11T11:11:34+00:00\" \/>\n<meta property=\"og:image\" content=\"http:\/\/inclusivenews.com.br\/wp-content\/uploads\/2010\/11\/artistaderuacego.jpg\" \/>\n<meta name=\"author\" content=\"inclusivenews2024\" \/>\n<meta name=\"twitter:card\" content=\"summary_large_image\" \/>\n<meta name=\"twitter:label1\" content=\"Escrito por\" \/>\n\t<meta name=\"twitter:data1\" content=\"inclusivenews2024\" \/>\n\t<meta name=\"twitter:label2\" content=\"Tempo estimado de leitura\" \/>\n\t<meta name=\"twitter:data2\" content=\"3 minutos\" \/>\n<script type=\"application\/ld+json\" class=\"yoast-schema-graph\">{\"@context\":\"https:\\\/\\\/schema.org\",\"@graph\":[{\"@type\":\"Article\",\"@id\":\"https:\\\/\\\/inclusivenews.com.br\\\/?p=17933#article\",\"isPartOf\":{\"@id\":\"https:\\\/\\\/inclusivenews.com.br\\\/?p=17933\"},\"author\":{\"name\":\"inclusivenews2024\",\"@id\":\"https:\\\/\\\/inclusivenews.com.br\\\/#\\\/schema\\\/person\\\/ae4ec7087559b8692fb33b6fffd2273b\"},\"headline\":\"Feliz acaso\",\"datePublished\":\"2010-11-11T11:11:34+00:00\",\"mainEntityOfPage\":{\"@id\":\"https:\\\/\\\/inclusivenews.com.br\\\/?p=17933\"},\"wordCount\":527,\"commentCount\":0,\"publisher\":{\"@id\":\"https:\\\/\\\/inclusivenews.com.br\\\/#organization\"},\"image\":{\"@id\":\"https:\\\/\\\/inclusivenews.com.br\\\/?p=17933#primaryimage\"},\"thumbnailUrl\":\"http:\\\/\\\/inclusivenews.com.br\\\/wp-content\\\/uploads\\\/2010\\\/11\\\/artistaderuacego.jpg\",\"articleSection\":[\"Colunas especiais\",\"OPINI\u00c3O\"],\"inLanguage\":\"pt-PT\",\"potentialAction\":[{\"@type\":\"CommentAction\",\"name\":\"Comment\",\"target\":[\"https:\\\/\\\/inclusivenews.com.br\\\/?p=17933#respond\"]}]},{\"@type\":\"WebPage\",\"@id\":\"https:\\\/\\\/inclusivenews.com.br\\\/?p=17933\",\"url\":\"https:\\\/\\\/inclusivenews.com.br\\\/?p=17933\",\"name\":\"Feliz acaso -\",\"isPartOf\":{\"@id\":\"https:\\\/\\\/inclusivenews.com.br\\\/#website\"},\"primaryImageOfPage\":{\"@id\":\"https:\\\/\\\/inclusivenews.com.br\\\/?p=17933#primaryimage\"},\"image\":{\"@id\":\"https:\\\/\\\/inclusivenews.com.br\\\/?p=17933#primaryimage\"},\"thumbnailUrl\":\"http:\\\/\\\/inclusivenews.com.br\\\/wp-content\\\/uploads\\\/2010\\\/11\\\/artistaderuacego.jpg\",\"datePublished\":\"2010-11-11T11:11:34+00:00\",\"breadcrumb\":{\"@id\":\"https:\\\/\\\/inclusivenews.com.br\\\/?p=17933#breadcrumb\"},\"inLanguage\":\"pt-PT\",\"potentialAction\":[{\"@type\":\"ReadAction\",\"target\":[\"https:\\\/\\\/inclusivenews.com.br\\\/?p=17933\"]}]},{\"@type\":\"ImageObject\",\"inLanguage\":\"pt-PT\",\"@id\":\"https:\\\/\\\/inclusivenews.com.br\\\/?p=17933#primaryimage\",\"url\":\"\",\"contentUrl\":\"\"},{\"@type\":\"BreadcrumbList\",\"@id\":\"https:\\\/\\\/inclusivenews.com.br\\\/?p=17933#breadcrumb\",\"itemListElement\":[{\"@type\":\"ListItem\",\"position\":1,\"name\":\"In\u00edcio\",\"item\":\"https:\\\/\\\/inclusivenews.com.br\\\/\"},{\"@type\":\"ListItem\",\"position\":2,\"name\":\"Feliz acaso\"}]},{\"@type\":\"WebSite\",\"@id\":\"https:\\\/\\\/inclusivenews.com.br\\\/#website\",\"url\":\"https:\\\/\\\/inclusivenews.com.br\\\/\",\"name\":\"Inclusive News\",\"description\":\"Inclusive News\",\"publisher\":{\"@id\":\"https:\\\/\\\/inclusivenews.com.br\\\/#organization\"},\"potentialAction\":[{\"@type\":\"SearchAction\",\"target\":{\"@type\":\"EntryPoint\",\"urlTemplate\":\"https:\\\/\\\/inclusivenews.com.br\\\/?s={search_term_string}\"},\"query-input\":{\"@type\":\"PropertyValueSpecification\",\"valueRequired\":true,\"valueName\":\"search_term_string\"}}],\"inLanguage\":\"pt-PT\"},{\"@type\":\"Organization\",\"@id\":\"https:\\\/\\\/inclusivenews.com.br\\\/#organization\",\"name\":\"Inclusive - inclus\u00e3o e cidadania\",\"url\":\"https:\\\/\\\/inclusivenews.com.br\\\/\",\"logo\":{\"@type\":\"ImageObject\",\"inLanguage\":\"pt-PT\",\"@id\":\"https:\\\/\\\/inclusivenews.com.br\\\/#\\\/schema\\\/logo\\\/image\\\/\",\"url\":\"https:\\\/\\\/inclusivenews.com.br\\\/wp-content\\\/uploads\\\/2024\\\/03\\\/@grandesite.png\",\"contentUrl\":\"https:\\\/\\\/inclusivenews.com.br\\\/wp-content\\\/uploads\\\/2024\\\/03\\\/@grandesite.png\",\"width\":1080,\"height\":1080,\"caption\":\"Inclusive - inclus\u00e3o e cidadania\"},\"image\":{\"@id\":\"https:\\\/\\\/inclusivenews.com.br\\\/#\\\/schema\\\/logo\\\/image\\\/\"},\"sameAs\":[\"https:\\\/\\\/www.facebook.com\\\/agenciainclusive\\\/\",\"https:\\\/\\\/www.instagram.com\\\/newsinclusive\\\/\"]},{\"@type\":\"Person\",\"@id\":\"https:\\\/\\\/inclusivenews.com.br\\\/#\\\/schema\\\/person\\\/ae4ec7087559b8692fb33b6fffd2273b\",\"name\":\"inclusivenews2024\",\"image\":{\"@type\":\"ImageObject\",\"inLanguage\":\"pt-PT\",\"@id\":\"https:\\\/\\\/secure.gravatar.com\\\/avatar\\\/c5a7ef84c66fa914f55bc4f7ce26cfa275a3b9a1c5568b907bd184fb4dde7b40?s=96&d=mm&r=g\",\"url\":\"https:\\\/\\\/secure.gravatar.com\\\/avatar\\\/c5a7ef84c66fa914f55bc4f7ce26cfa275a3b9a1c5568b907bd184fb4dde7b40?s=96&d=mm&r=g\",\"contentUrl\":\"https:\\\/\\\/secure.gravatar.com\\\/avatar\\\/c5a7ef84c66fa914f55bc4f7ce26cfa275a3b9a1c5568b907bd184fb4dde7b40?s=96&d=mm&r=g\",\"caption\":\"inclusivenews2024\"},\"sameAs\":[\"https:\\\/\\\/inclusivenews.com.br\"],\"url\":\"https:\\\/\\\/inclusivenews.com.br\\\/?author=1\"}]}<\/script>\n<!-- \/ Yoast SEO plugin. -->","yoast_head_json":{"title":"Feliz acaso -","robots":{"index":"index","follow":"follow","max-snippet":"max-snippet:-1","max-image-preview":"max-image-preview:large","max-video-preview":"max-video-preview:-1"},"canonical":"https:\/\/inclusivenews.com.br\/?p=17933","og_locale":"pt_PT","og_type":"article","og_title":"Feliz acaso -","og_description":"Por Andrei Bastos. \"O sonho da inclus\u00e3o tem na aten\u00e7\u00e3o \u00e0 primeira inf\u00e2ncia o passo fundamental para se tornar realidade.\"","og_url":"https:\/\/inclusivenews.com.br\/?p=17933","article_publisher":"https:\/\/www.facebook.com\/agenciainclusive\/","article_published_time":"2010-11-11T11:11:34+00:00","og_image":[{"url":"http:\/\/inclusivenews.com.br\/wp-content\/uploads\/2010\/11\/artistaderuacego.jpg","type":"","width":"","height":""}],"author":"inclusivenews2024","twitter_card":"summary_large_image","twitter_misc":{"Escrito por":"inclusivenews2024","Tempo estimado de leitura":"3 minutos"},"schema":{"@context":"https:\/\/schema.org","@graph":[{"@type":"Article","@id":"https:\/\/inclusivenews.com.br\/?p=17933#article","isPartOf":{"@id":"https:\/\/inclusivenews.com.br\/?p=17933"},"author":{"name":"inclusivenews2024","@id":"https:\/\/inclusivenews.com.br\/#\/schema\/person\/ae4ec7087559b8692fb33b6fffd2273b"},"headline":"Feliz acaso","datePublished":"2010-11-11T11:11:34+00:00","mainEntityOfPage":{"@id":"https:\/\/inclusivenews.com.br\/?p=17933"},"wordCount":527,"commentCount":0,"publisher":{"@id":"https:\/\/inclusivenews.com.br\/#organization"},"image":{"@id":"https:\/\/inclusivenews.com.br\/?p=17933#primaryimage"},"thumbnailUrl":"http:\/\/inclusivenews.com.br\/wp-content\/uploads\/2010\/11\/artistaderuacego.jpg","articleSection":["Colunas especiais","OPINI\u00c3O"],"inLanguage":"pt-PT","potentialAction":[{"@type":"CommentAction","name":"Comment","target":["https:\/\/inclusivenews.com.br\/?p=17933#respond"]}]},{"@type":"WebPage","@id":"https:\/\/inclusivenews.com.br\/?p=17933","url":"https:\/\/inclusivenews.com.br\/?p=17933","name":"Feliz acaso -","isPartOf":{"@id":"https:\/\/inclusivenews.com.br\/#website"},"primaryImageOfPage":{"@id":"https:\/\/inclusivenews.com.br\/?p=17933#primaryimage"},"image":{"@id":"https:\/\/inclusivenews.com.br\/?p=17933#primaryimage"},"thumbnailUrl":"http:\/\/inclusivenews.com.br\/wp-content\/uploads\/2010\/11\/artistaderuacego.jpg","datePublished":"2010-11-11T11:11:34+00:00","breadcrumb":{"@id":"https:\/\/inclusivenews.com.br\/?p=17933#breadcrumb"},"inLanguage":"pt-PT","potentialAction":[{"@type":"ReadAction","target":["https:\/\/inclusivenews.com.br\/?p=17933"]}]},{"@type":"ImageObject","inLanguage":"pt-PT","@id":"https:\/\/inclusivenews.com.br\/?p=17933#primaryimage","url":"","contentUrl":""},{"@type":"BreadcrumbList","@id":"https:\/\/inclusivenews.com.br\/?p=17933#breadcrumb","itemListElement":[{"@type":"ListItem","position":1,"name":"In\u00edcio","item":"https:\/\/inclusivenews.com.br\/"},{"@type":"ListItem","position":2,"name":"Feliz acaso"}]},{"@type":"WebSite","@id":"https:\/\/inclusivenews.com.br\/#website","url":"https:\/\/inclusivenews.com.br\/","name":"Inclusive News","description":"Inclusive News","publisher":{"@id":"https:\/\/inclusivenews.com.br\/#organization"},"potentialAction":[{"@type":"SearchAction","target":{"@type":"EntryPoint","urlTemplate":"https:\/\/inclusivenews.com.br\/?s={search_term_string}"},"query-input":{"@type":"PropertyValueSpecification","valueRequired":true,"valueName":"search_term_string"}}],"inLanguage":"pt-PT"},{"@type":"Organization","@id":"https:\/\/inclusivenews.com.br\/#organization","name":"Inclusive - inclus\u00e3o e cidadania","url":"https:\/\/inclusivenews.com.br\/","logo":{"@type":"ImageObject","inLanguage":"pt-PT","@id":"https:\/\/inclusivenews.com.br\/#\/schema\/logo\/image\/","url":"https:\/\/inclusivenews.com.br\/wp-content\/uploads\/2024\/03\/@grandesite.png","contentUrl":"https:\/\/inclusivenews.com.br\/wp-content\/uploads\/2024\/03\/@grandesite.png","width":1080,"height":1080,"caption":"Inclusive - inclus\u00e3o e cidadania"},"image":{"@id":"https:\/\/inclusivenews.com.br\/#\/schema\/logo\/image\/"},"sameAs":["https:\/\/www.facebook.com\/agenciainclusive\/","https:\/\/www.instagram.com\/newsinclusive\/"]},{"@type":"Person","@id":"https:\/\/inclusivenews.com.br\/#\/schema\/person\/ae4ec7087559b8692fb33b6fffd2273b","name":"inclusivenews2024","image":{"@type":"ImageObject","inLanguage":"pt-PT","@id":"https:\/\/secure.gravatar.com\/avatar\/c5a7ef84c66fa914f55bc4f7ce26cfa275a3b9a1c5568b907bd184fb4dde7b40?s=96&d=mm&r=g","url":"https:\/\/secure.gravatar.com\/avatar\/c5a7ef84c66fa914f55bc4f7ce26cfa275a3b9a1c5568b907bd184fb4dde7b40?s=96&d=mm&r=g","contentUrl":"https:\/\/secure.gravatar.com\/avatar\/c5a7ef84c66fa914f55bc4f7ce26cfa275a3b9a1c5568b907bd184fb4dde7b40?s=96&d=mm&r=g","caption":"inclusivenews2024"},"sameAs":["https:\/\/inclusivenews.com.br"],"url":"https:\/\/inclusivenews.com.br\/?author=1"}]}},"_links":{"self":[{"href":"https:\/\/inclusivenews.com.br\/index.php?rest_route=\/wp\/v2\/posts\/17933","targetHints":{"allow":["GET"]}}],"collection":[{"href":"https:\/\/inclusivenews.com.br\/index.php?rest_route=\/wp\/v2\/posts"}],"about":[{"href":"https:\/\/inclusivenews.com.br\/index.php?rest_route=\/wp\/v2\/types\/post"}],"author":[{"embeddable":true,"href":"https:\/\/inclusivenews.com.br\/index.php?rest_route=\/wp\/v2\/users\/1"}],"replies":[{"embeddable":true,"href":"https:\/\/inclusivenews.com.br\/index.php?rest_route=%2Fwp%2Fv2%2Fcomments&post=17933"}],"version-history":[{"count":0,"href":"https:\/\/inclusivenews.com.br\/index.php?rest_route=\/wp\/v2\/posts\/17933\/revisions"}],"wp:attachment":[{"href":"https:\/\/inclusivenews.com.br\/index.php?rest_route=%2Fwp%2Fv2%2Fmedia&parent=17933"}],"wp:term":[{"taxonomy":"category","embeddable":true,"href":"https:\/\/inclusivenews.com.br\/index.php?rest_route=%2Fwp%2Fv2%2Fcategories&post=17933"},{"taxonomy":"post_tag","embeddable":true,"href":"https:\/\/inclusivenews.com.br\/index.php?rest_route=%2Fwp%2Fv2%2Ftags&post=17933"}],"curies":[{"name":"wp","href":"https:\/\/api.w.org\/{rel}","templated":true}]}}