{"id":17951,"date":"2010-11-17T19:02:27","date_gmt":"2010-11-17T22:02:27","guid":{"rendered":"http:\/\/www.inclusive.org.br\/?p=17951"},"modified":"2010-11-17T19:02:27","modified_gmt":"2010-11-17T22:02:27","slug":"audiodescricao-agora-e-lei-nos-estados-unidos","status":"publish","type":"post","link":"https:\/\/inclusivenews.com.br\/?p=17951","title":{"rendered":"Audiodescri\u00e7\u00e3o agora \u00e9 lei nos Estados Unidos"},"content":{"rendered":"<figure id=\"attachment_17212\" aria-describedby=\"caption-attachment-17212\" style=\"width: 74px\" class=\"wp-caption alignleft\"><a href=\"http:\/\/www.inclusivenews.com.br\/wp-content\/uploads\/2010\/09\/anew_audiodescricao.jpg\"><img loading=\"lazy\" decoding=\"async\" class=\"size-full wp-image-17212\" title=\"anew_audiodescricao\" src=\"http:\/\/inclusivenews.com.br\/wp-content\/uploads\/2010\/09\/anew_audiodescricao.jpg\" alt=\"S\u00edmbolo da \u00e1udio-descri\u00e7\u00e3o - Letras A e D brancas, em caixa alta, sobre fundo preto, e tr\u00eas par\u00eanteses ap\u00f3s o D.\" width=\"74\" height=\"70\" \/><\/a><figcaption id=\"caption-attachment-17212\" class=\"wp-caption-text\">S\u00edmbolo da \u00e1udio-descri\u00e7\u00e3o - Letras A e D brancas, em caixa alta, sobre fundo preto, e tr\u00eas par\u00eanteses ap\u00f3s o D.<\/figcaption><\/figure>\n<p>Aprovada no EUA importante lei de acessibilidade<\/p>\n<p>O presidente americano Barack Obama assinou no \u00faltimo m\u00eas de outubro um projeto de lei que determina que empresas garantam a pessoas com defici\u00eancia visual e auditiva acesso a diversas tecnologias.<\/p>\n<p>Esta legisla\u00e7\u00e3o, exige acesibilidade aos programas de televis\u00e3o, telefones inteligentes, a Internet, menus em DVD players, guias de programa\u00e7\u00e3o na TV a cabo, e outros.<\/p>\n<p>Para Paul Schroeder, vice-presidente de programas e pol\u00edticas da American Foundation for the Blind (AFB), a iniciativa possibilitar\u00e1 que milh\u00f5es de pessoas com defici\u00eancia tirem partido das novas tecnologias.<\/p>\n<p>\u201cEsta lei baseia-se no esp\u00edrito do Americans with Disabilities Act e garante que pessoas com defici\u00eancia participem plenamente no s\u00e9culo 21\u2033, disse Carl R. Augusto, presidente da AFB.<\/p>\n<p>Com forte atua\u00e7\u00e3o de movimentos representativos de pessoas com defici\u00eancia dos Estados Unidos, para al\u00e9m do envolvimento de um grande n\u00famero de competentes juristas e experts em tecnologias asistivas, a demanda de acessibilidade ganhou for\u00e7a no congresso americano conseguindo arregimentar um importante e atuante grupo bipartid\u00e1rio que trabalhou para a aprova\u00e7\u00e3o da lei.<br \/>\n__________________________________<\/p>\n<p><strong>Fonte:<\/strong> American Foundation for the Blind,<br \/>\ncom informa\u00e7\u00f5es do <a href=\"http:\/\/www.betopereira.com.br\/\">Blog de Beto Pereira<\/a><\/p>\n<p><strong>President Obama Signs Historic Technology Access Bill<\/strong><\/p>\n<p>New Law Makes Technology More Usable for Americans with Vision Loss and other Disabilities<\/p>\n<p>Washington, DC (Friday, October 8, 2010)\u2014Today, joined by disability-rights advocates and tech industry representatives, President Obama signed into law the 21st Century Communications and Video Accessibility Act. The legislation requires smart phones, television programs and other modern communications technologies to be accessible to people with vision or hearing loss.<\/p>\n<p>&#8220;This law is life-changing for the millions of us with disabilities who are too often unable to take advantage of new technologies,&#8221; said Paul Schroeder, Vice President of Programs &amp; Policy at the American Foundation for the Blind (AFB). &#8220;It opens the door to the digital age, and gives Americans with visual or hearing impairments equal access to smart phones, emergency broadcast information, the menus and controls on televisions and cable TV guides, and much more.\u201d.<\/p>\n<p>Signed into law during National Disability Employment Awareness Month, this legislation is expected to create more opportunities in the work place, the classroom, and everyday life. &#8220;It will help Americans with disabilities work more productively, respond to emergencies more effectively, and participate even more in society and culture,&#8221; said Mark Richert, Director of Public Policy at AFB and a principal negotiator with the communications and TV industries.<\/p>\n<p>&#8220;This law builds on the spirit of the Americans with Disabilities Act and ensures people with disabilities can fully participate in the 21st century,&#8221; said Carl R. Augusto, AFB&#8217;s President &amp; CEO. &#8220;We applaud the many advocates and lawmakers who fought tirelessly to make this law a reality.\u201d.<\/p>\n<p>The legislation gives individuals with vision or hearing loss improved access to television programming, smart phones, the Internet, menus on DVD players, program guides on cable TV, and more. Specifically, it:<br \/>\nMandates mobile phone companies to make web browsers, text messaging, and e-mail on smart phones fully accessible.<br \/>\nRestores and expands requirements for video description of television programs, in addition to requiring cable companies to make their program guides and selection menus accessible to people with vision loss.<br \/>\nEnsures people with vision loss have access to emergency broadcast information.<br \/>\nProvides $10 million in funding each year for assistive technology for deaf-blind individual.<br \/>\nEnsures that Internet-enabled mobile phones are hearing aid compatible.<\/p>\n<p>The 21st Century Communications and Video Accessibility Act passed Congress with bipartisan support. A number of members played a key role in moving the legislation forward. In the U.S. Senate, the bill was championed by Senator Pryor (D-AR), with the support of Senator Kerry (D-MA), Senator Rockefeller (D-WV), Senator Hutchison (R-TX), and Senator Ensign (R-NV). In the U.S. House, it was championed by Rep. Ed Markey (D-MA), with the support of Rep. Henry Waxman (D-CA), Rep. Rick Boucher (D-VA), Rep. Joe Barton (R-TX), and Rep. Cliff Stearns (R-FL).<\/p>\n<p>_________________________<\/p>\n<p><strong>Fonte:<\/strong> <a href=\"http:\/\/blogdaaudiodescricao.blogspot.com\/2010\/11\/audiodescricao-agora-e-lei-nos-estados.html\">Blog da Audiodescri\u00e7\u00e3o<\/a><\/p>\n","protected":false},"excerpt":{"rendered":"<p>O presidente americano Barack Obama assinou no \u00faltimo m\u00eas de outubro um projeto de lei que determina que empresas garantam a pessoas com defici\u00eancia visual e auditiva acesso a diversas tecnologias.<\/p>\n","protected":false},"author":1,"featured_media":0,"comment_status":"open","ping_status":"open","sticky":false,"template":"","format":"standard","meta":{"site-container-style":"default","site-container-layout":"default","site-sidebar-layout":"default","disable-article-header":"default","disable-site-header":"default","disable-site-footer":"default","disable-content-area-spacing":"default","footnotes":""},"categories":[44,38,4],"tags":[64],"class_list":["post-17951","post","type-post","status-publish","format-standard","hentry","category-acessibilidade","category-deficiencia","category-noticias","tag-audiodescricao"],"yoast_head":"<!-- This site is optimized with the Yoast SEO plugin v27.4 - https:\/\/yoast.com\/product\/yoast-seo-wordpress\/ -->\n<title>Audiodescri\u00e7\u00e3o agora \u00e9 lei nos Estados Unidos -<\/title>\n<meta name=\"robots\" content=\"index, follow, max-snippet:-1, max-image-preview:large, max-video-preview:-1\" \/>\n<link rel=\"canonical\" href=\"https:\/\/inclusivenews.com.br\/?p=17951\" \/>\n<meta property=\"og:locale\" content=\"pt_PT\" \/>\n<meta property=\"og:type\" content=\"article\" \/>\n<meta property=\"og:title\" content=\"Audiodescri\u00e7\u00e3o agora \u00e9 lei nos Estados Unidos -\" \/>\n<meta property=\"og:description\" content=\"O presidente americano Barack Obama assinou no \u00faltimo m\u00eas de outubro um projeto de lei que determina que empresas garantam a pessoas com defici\u00eancia visual e auditiva acesso a diversas tecnologias.\" \/>\n<meta property=\"og:url\" content=\"https:\/\/inclusivenews.com.br\/?p=17951\" \/>\n<meta property=\"article:publisher\" content=\"https:\/\/www.facebook.com\/agenciainclusive\/\" \/>\n<meta property=\"article:published_time\" content=\"2010-11-17T22:02:27+00:00\" \/>\n<meta property=\"og:image\" content=\"http:\/\/inclusivenews.com.br\/wp-content\/uploads\/2010\/09\/anew_audiodescricao.jpg\" \/>\n<meta name=\"author\" content=\"inclusivenews2024\" \/>\n<meta name=\"twitter:card\" content=\"summary_large_image\" \/>\n<meta name=\"twitter:label1\" content=\"Escrito por\" \/>\n\t<meta name=\"twitter:data1\" content=\"inclusivenews2024\" \/>\n\t<meta name=\"twitter:label2\" content=\"Tempo estimado de leitura\" \/>\n\t<meta name=\"twitter:data2\" content=\"4 minutos\" \/>\n<script type=\"application\/ld+json\" class=\"yoast-schema-graph\">{\"@context\":\"https:\\\/\\\/schema.org\",\"@graph\":[{\"@type\":\"Article\",\"@id\":\"https:\\\/\\\/inclusivenews.com.br\\\/?p=17951#article\",\"isPartOf\":{\"@id\":\"https:\\\/\\\/inclusivenews.com.br\\\/?p=17951\"},\"author\":{\"name\":\"inclusivenews2024\",\"@id\":\"https:\\\/\\\/inclusivenews.com.br\\\/#\\\/schema\\\/person\\\/ae4ec7087559b8692fb33b6fffd2273b\"},\"headline\":\"Audiodescri\u00e7\u00e3o agora \u00e9 lei nos Estados Unidos\",\"datePublished\":\"2010-11-17T22:02:27+00:00\",\"mainEntityOfPage\":{\"@id\":\"https:\\\/\\\/inclusivenews.com.br\\\/?p=17951\"},\"wordCount\":711,\"commentCount\":0,\"publisher\":{\"@id\":\"https:\\\/\\\/inclusivenews.com.br\\\/#organization\"},\"image\":{\"@id\":\"https:\\\/\\\/inclusivenews.com.br\\\/?p=17951#primaryimage\"},\"thumbnailUrl\":\"http:\\\/\\\/inclusivenews.com.br\\\/wp-content\\\/uploads\\\/2010\\\/09\\\/anew_audiodescricao.jpg\",\"keywords\":[\"Audiodescri\u00e7\u00e3o\"],\"articleSection\":[\"ACESSIBILIDADE\",\"Defici\u00eancia\",\"NOT\u00cdCIAS\"],\"inLanguage\":\"pt-PT\",\"potentialAction\":[{\"@type\":\"CommentAction\",\"name\":\"Comment\",\"target\":[\"https:\\\/\\\/inclusivenews.com.br\\\/?p=17951#respond\"]}]},{\"@type\":\"WebPage\",\"@id\":\"https:\\\/\\\/inclusivenews.com.br\\\/?p=17951\",\"url\":\"https:\\\/\\\/inclusivenews.com.br\\\/?p=17951\",\"name\":\"Audiodescri\u00e7\u00e3o agora \u00e9 lei nos Estados Unidos -\",\"isPartOf\":{\"@id\":\"https:\\\/\\\/inclusivenews.com.br\\\/#website\"},\"primaryImageOfPage\":{\"@id\":\"https:\\\/\\\/inclusivenews.com.br\\\/?p=17951#primaryimage\"},\"image\":{\"@id\":\"https:\\\/\\\/inclusivenews.com.br\\\/?p=17951#primaryimage\"},\"thumbnailUrl\":\"http:\\\/\\\/inclusivenews.com.br\\\/wp-content\\\/uploads\\\/2010\\\/09\\\/anew_audiodescricao.jpg\",\"datePublished\":\"2010-11-17T22:02:27+00:00\",\"breadcrumb\":{\"@id\":\"https:\\\/\\\/inclusivenews.com.br\\\/?p=17951#breadcrumb\"},\"inLanguage\":\"pt-PT\",\"potentialAction\":[{\"@type\":\"ReadAction\",\"target\":[\"https:\\\/\\\/inclusivenews.com.br\\\/?p=17951\"]}]},{\"@type\":\"ImageObject\",\"inLanguage\":\"pt-PT\",\"@id\":\"https:\\\/\\\/inclusivenews.com.br\\\/?p=17951#primaryimage\",\"url\":\"\",\"contentUrl\":\"\"},{\"@type\":\"BreadcrumbList\",\"@id\":\"https:\\\/\\\/inclusivenews.com.br\\\/?p=17951#breadcrumb\",\"itemListElement\":[{\"@type\":\"ListItem\",\"position\":1,\"name\":\"In\u00edcio\",\"item\":\"https:\\\/\\\/inclusivenews.com.br\\\/\"},{\"@type\":\"ListItem\",\"position\":2,\"name\":\"Audiodescri\u00e7\u00e3o agora \u00e9 lei nos Estados Unidos\"}]},{\"@type\":\"WebSite\",\"@id\":\"https:\\\/\\\/inclusivenews.com.br\\\/#website\",\"url\":\"https:\\\/\\\/inclusivenews.com.br\\\/\",\"name\":\"Inclusive News\",\"description\":\"Inclusive News\",\"publisher\":{\"@id\":\"https:\\\/\\\/inclusivenews.com.br\\\/#organization\"},\"potentialAction\":[{\"@type\":\"SearchAction\",\"target\":{\"@type\":\"EntryPoint\",\"urlTemplate\":\"https:\\\/\\\/inclusivenews.com.br\\\/?s={search_term_string}\"},\"query-input\":{\"@type\":\"PropertyValueSpecification\",\"valueRequired\":true,\"valueName\":\"search_term_string\"}}],\"inLanguage\":\"pt-PT\"},{\"@type\":\"Organization\",\"@id\":\"https:\\\/\\\/inclusivenews.com.br\\\/#organization\",\"name\":\"Inclusive - inclus\u00e3o e cidadania\",\"url\":\"https:\\\/\\\/inclusivenews.com.br\\\/\",\"logo\":{\"@type\":\"ImageObject\",\"inLanguage\":\"pt-PT\",\"@id\":\"https:\\\/\\\/inclusivenews.com.br\\\/#\\\/schema\\\/logo\\\/image\\\/\",\"url\":\"https:\\\/\\\/inclusivenews.com.br\\\/wp-content\\\/uploads\\\/2024\\\/03\\\/@grandesite.png\",\"contentUrl\":\"https:\\\/\\\/inclusivenews.com.br\\\/wp-content\\\/uploads\\\/2024\\\/03\\\/@grandesite.png\",\"width\":1080,\"height\":1080,\"caption\":\"Inclusive - inclus\u00e3o e cidadania\"},\"image\":{\"@id\":\"https:\\\/\\\/inclusivenews.com.br\\\/#\\\/schema\\\/logo\\\/image\\\/\"},\"sameAs\":[\"https:\\\/\\\/www.facebook.com\\\/agenciainclusive\\\/\",\"https:\\\/\\\/www.instagram.com\\\/newsinclusive\\\/\"]},{\"@type\":\"Person\",\"@id\":\"https:\\\/\\\/inclusivenews.com.br\\\/#\\\/schema\\\/person\\\/ae4ec7087559b8692fb33b6fffd2273b\",\"name\":\"inclusivenews2024\",\"image\":{\"@type\":\"ImageObject\",\"inLanguage\":\"pt-PT\",\"@id\":\"https:\\\/\\\/secure.gravatar.com\\\/avatar\\\/c5a7ef84c66fa914f55bc4f7ce26cfa275a3b9a1c5568b907bd184fb4dde7b40?s=96&d=mm&r=g\",\"url\":\"https:\\\/\\\/secure.gravatar.com\\\/avatar\\\/c5a7ef84c66fa914f55bc4f7ce26cfa275a3b9a1c5568b907bd184fb4dde7b40?s=96&d=mm&r=g\",\"contentUrl\":\"https:\\\/\\\/secure.gravatar.com\\\/avatar\\\/c5a7ef84c66fa914f55bc4f7ce26cfa275a3b9a1c5568b907bd184fb4dde7b40?s=96&d=mm&r=g\",\"caption\":\"inclusivenews2024\"},\"sameAs\":[\"https:\\\/\\\/inclusivenews.com.br\"],\"url\":\"https:\\\/\\\/inclusivenews.com.br\\\/?author=1\"}]}<\/script>\n<!-- \/ Yoast SEO plugin. -->","yoast_head_json":{"title":"Audiodescri\u00e7\u00e3o agora \u00e9 lei nos Estados Unidos -","robots":{"index":"index","follow":"follow","max-snippet":"max-snippet:-1","max-image-preview":"max-image-preview:large","max-video-preview":"max-video-preview:-1"},"canonical":"https:\/\/inclusivenews.com.br\/?p=17951","og_locale":"pt_PT","og_type":"article","og_title":"Audiodescri\u00e7\u00e3o agora \u00e9 lei nos Estados Unidos -","og_description":"O presidente americano Barack Obama assinou no \u00faltimo m\u00eas de outubro um projeto de lei que determina que empresas garantam a pessoas com defici\u00eancia visual e auditiva acesso a diversas tecnologias.","og_url":"https:\/\/inclusivenews.com.br\/?p=17951","article_publisher":"https:\/\/www.facebook.com\/agenciainclusive\/","article_published_time":"2010-11-17T22:02:27+00:00","og_image":[{"url":"http:\/\/inclusivenews.com.br\/wp-content\/uploads\/2010\/09\/anew_audiodescricao.jpg","type":"","width":"","height":""}],"author":"inclusivenews2024","twitter_card":"summary_large_image","twitter_misc":{"Escrito por":"inclusivenews2024","Tempo estimado de leitura":"4 minutos"},"schema":{"@context":"https:\/\/schema.org","@graph":[{"@type":"Article","@id":"https:\/\/inclusivenews.com.br\/?p=17951#article","isPartOf":{"@id":"https:\/\/inclusivenews.com.br\/?p=17951"},"author":{"name":"inclusivenews2024","@id":"https:\/\/inclusivenews.com.br\/#\/schema\/person\/ae4ec7087559b8692fb33b6fffd2273b"},"headline":"Audiodescri\u00e7\u00e3o agora \u00e9 lei nos Estados Unidos","datePublished":"2010-11-17T22:02:27+00:00","mainEntityOfPage":{"@id":"https:\/\/inclusivenews.com.br\/?p=17951"},"wordCount":711,"commentCount":0,"publisher":{"@id":"https:\/\/inclusivenews.com.br\/#organization"},"image":{"@id":"https:\/\/inclusivenews.com.br\/?p=17951#primaryimage"},"thumbnailUrl":"http:\/\/inclusivenews.com.br\/wp-content\/uploads\/2010\/09\/anew_audiodescricao.jpg","keywords":["Audiodescri\u00e7\u00e3o"],"articleSection":["ACESSIBILIDADE","Defici\u00eancia","NOT\u00cdCIAS"],"inLanguage":"pt-PT","potentialAction":[{"@type":"CommentAction","name":"Comment","target":["https:\/\/inclusivenews.com.br\/?p=17951#respond"]}]},{"@type":"WebPage","@id":"https:\/\/inclusivenews.com.br\/?p=17951","url":"https:\/\/inclusivenews.com.br\/?p=17951","name":"Audiodescri\u00e7\u00e3o agora \u00e9 lei nos Estados Unidos -","isPartOf":{"@id":"https:\/\/inclusivenews.com.br\/#website"},"primaryImageOfPage":{"@id":"https:\/\/inclusivenews.com.br\/?p=17951#primaryimage"},"image":{"@id":"https:\/\/inclusivenews.com.br\/?p=17951#primaryimage"},"thumbnailUrl":"http:\/\/inclusivenews.com.br\/wp-content\/uploads\/2010\/09\/anew_audiodescricao.jpg","datePublished":"2010-11-17T22:02:27+00:00","breadcrumb":{"@id":"https:\/\/inclusivenews.com.br\/?p=17951#breadcrumb"},"inLanguage":"pt-PT","potentialAction":[{"@type":"ReadAction","target":["https:\/\/inclusivenews.com.br\/?p=17951"]}]},{"@type":"ImageObject","inLanguage":"pt-PT","@id":"https:\/\/inclusivenews.com.br\/?p=17951#primaryimage","url":"","contentUrl":""},{"@type":"BreadcrumbList","@id":"https:\/\/inclusivenews.com.br\/?p=17951#breadcrumb","itemListElement":[{"@type":"ListItem","position":1,"name":"In\u00edcio","item":"https:\/\/inclusivenews.com.br\/"},{"@type":"ListItem","position":2,"name":"Audiodescri\u00e7\u00e3o agora \u00e9 lei nos Estados Unidos"}]},{"@type":"WebSite","@id":"https:\/\/inclusivenews.com.br\/#website","url":"https:\/\/inclusivenews.com.br\/","name":"Inclusive News","description":"Inclusive News","publisher":{"@id":"https:\/\/inclusivenews.com.br\/#organization"},"potentialAction":[{"@type":"SearchAction","target":{"@type":"EntryPoint","urlTemplate":"https:\/\/inclusivenews.com.br\/?s={search_term_string}"},"query-input":{"@type":"PropertyValueSpecification","valueRequired":true,"valueName":"search_term_string"}}],"inLanguage":"pt-PT"},{"@type":"Organization","@id":"https:\/\/inclusivenews.com.br\/#organization","name":"Inclusive - inclus\u00e3o e cidadania","url":"https:\/\/inclusivenews.com.br\/","logo":{"@type":"ImageObject","inLanguage":"pt-PT","@id":"https:\/\/inclusivenews.com.br\/#\/schema\/logo\/image\/","url":"https:\/\/inclusivenews.com.br\/wp-content\/uploads\/2024\/03\/@grandesite.png","contentUrl":"https:\/\/inclusivenews.com.br\/wp-content\/uploads\/2024\/03\/@grandesite.png","width":1080,"height":1080,"caption":"Inclusive - inclus\u00e3o e cidadania"},"image":{"@id":"https:\/\/inclusivenews.com.br\/#\/schema\/logo\/image\/"},"sameAs":["https:\/\/www.facebook.com\/agenciainclusive\/","https:\/\/www.instagram.com\/newsinclusive\/"]},{"@type":"Person","@id":"https:\/\/inclusivenews.com.br\/#\/schema\/person\/ae4ec7087559b8692fb33b6fffd2273b","name":"inclusivenews2024","image":{"@type":"ImageObject","inLanguage":"pt-PT","@id":"https:\/\/secure.gravatar.com\/avatar\/c5a7ef84c66fa914f55bc4f7ce26cfa275a3b9a1c5568b907bd184fb4dde7b40?s=96&d=mm&r=g","url":"https:\/\/secure.gravatar.com\/avatar\/c5a7ef84c66fa914f55bc4f7ce26cfa275a3b9a1c5568b907bd184fb4dde7b40?s=96&d=mm&r=g","contentUrl":"https:\/\/secure.gravatar.com\/avatar\/c5a7ef84c66fa914f55bc4f7ce26cfa275a3b9a1c5568b907bd184fb4dde7b40?s=96&d=mm&r=g","caption":"inclusivenews2024"},"sameAs":["https:\/\/inclusivenews.com.br"],"url":"https:\/\/inclusivenews.com.br\/?author=1"}]}},"_links":{"self":[{"href":"https:\/\/inclusivenews.com.br\/index.php?rest_route=\/wp\/v2\/posts\/17951","targetHints":{"allow":["GET"]}}],"collection":[{"href":"https:\/\/inclusivenews.com.br\/index.php?rest_route=\/wp\/v2\/posts"}],"about":[{"href":"https:\/\/inclusivenews.com.br\/index.php?rest_route=\/wp\/v2\/types\/post"}],"author":[{"embeddable":true,"href":"https:\/\/inclusivenews.com.br\/index.php?rest_route=\/wp\/v2\/users\/1"}],"replies":[{"embeddable":true,"href":"https:\/\/inclusivenews.com.br\/index.php?rest_route=%2Fwp%2Fv2%2Fcomments&post=17951"}],"version-history":[{"count":0,"href":"https:\/\/inclusivenews.com.br\/index.php?rest_route=\/wp\/v2\/posts\/17951\/revisions"}],"wp:attachment":[{"href":"https:\/\/inclusivenews.com.br\/index.php?rest_route=%2Fwp%2Fv2%2Fmedia&parent=17951"}],"wp:term":[{"taxonomy":"category","embeddable":true,"href":"https:\/\/inclusivenews.com.br\/index.php?rest_route=%2Fwp%2Fv2%2Fcategories&post=17951"},{"taxonomy":"post_tag","embeddable":true,"href":"https:\/\/inclusivenews.com.br\/index.php?rest_route=%2Fwp%2Fv2%2Ftags&post=17951"}],"curies":[{"name":"wp","href":"https:\/\/api.w.org\/{rel}","templated":true}]}}