{"id":17977,"date":"2010-11-17T19:04:17","date_gmt":"2010-11-17T22:04:17","guid":{"rendered":"http:\/\/www.inclusive.org.br\/?p=17977"},"modified":"2010-11-17T19:04:17","modified_gmt":"2010-11-17T22:04:17","slug":"leia-mais-sobre-inclusao-social-na-revista-inclusao-social","status":"publish","type":"post","link":"https:\/\/inclusivenews.com.br\/?p=17977","title":{"rendered":"Leia mais sobre inclus\u00e3o social na revista Inclus\u00e3o Social"},"content":{"rendered":"<figure style=\"width: 224px\" class=\"wp-caption alignnone\"><img loading=\"lazy\" decoding=\"async\" title=\"Capa da revista, onde pictogramas de todos os tipos de pessoas formam um c\u00edruclo, no qual v\u00ea-se em seu interior o mapa da Am\u00e9rica do Sul\" src=\"http:\/\/revista.ibict.br\/inclusao\/public\/journals\/1\/homepageImage_pt_BR.jpg\" alt=\"Capa da revista, onde pictogramas de todos os tipos de pessoas formam um c\u00edruclo, no qual v\u00ea-se em seu interior o mapa da Am\u00e9rica do Sul\" width=\"224\" height=\"300\" \/><figcaption class=\"wp-caption-text\"> <\/figcaption><\/figure>\n<p>J\u00e1 est\u00e1 dispon\u00edvel para download e leitura a revista Inclus\u00e3o Social (vol. 3, n. 2), publica\u00e7\u00e3o do IBICT &#8211; Instituto Brasileiro de Informa\u00e7\u00e3o e Ci\u00eancia e Tecnologia.<\/p>\n<p>A revista Inclus\u00e3o Social \u00e9 um peri\u00f3dico eletr\u00f4nico semestral de trabalhos in\u00e9ditos no \u00e2mbito da inclus\u00e3o social, com temas ligados a a\u00e7\u00f5es, programas, projetos, estudos e pesquisas voltados \u00e0 problem\u00e1tica da inclus\u00e3o dos cidad\u00e3os na sociedade da informa\u00e7\u00e3o.<\/p>\n<h3>Sum\u00e1rio<\/h3>\n<h4>Homenagem<\/h4>\n<table width=\"100%\">\n<tbody>\n<tr valign=\"top\">\n<td>Homenagem p\u00f3stuma \u00e0 doutora Zilda Arns*<\/td>\n<td><a href=\"http:\/\/revista.ibict.br\/inclusao\/index.php\/inclusao\/article\/view\/142\/168\">PDF<\/a><\/td>\n<\/tr>\n<tr>\n<td>Emir Jos\u00e9 Suaiden<\/td>\n<td><\/td>\n<\/tr>\n<\/tbody>\n<\/table>\n<h4>Editorial<\/h4>\n<table width=\"100%\">\n<tbody>\n<tr valign=\"top\">\n<td>PASSEIO SOCR\u00c1TICO<\/td>\n<td><a href=\"http:\/\/revista.ibict.br\/inclusao\/index.php\/inclusao\/article\/view\/130\/126\">PDF<\/a><\/td>\n<\/tr>\n<tr>\n<td>Frei Betto<\/td>\n<td><\/td>\n<\/tr>\n<\/tbody>\n<\/table>\n<h4>Programas de Governo<\/h4>\n<table width=\"100%\">\n<tbody>\n<tr valign=\"top\">\n<td><a href=\"http:\/\/revista.ibict.br\/inclusao\/index.php\/inclusao\/article\/view\/126\">Bibliotecas rurais para inclus\u00e3o social no Brasil<\/a><\/td>\n<td><a href=\"http:\/\/revista.ibict.br\/inclusao\/index.php\/inclusao\/article\/view\/126\/156\">PDF<\/a><\/td>\n<\/tr>\n<tr>\n<td>Cleide Cristina Soares,\t\t\t\t\t\t\tMaria Elizabeth Ribeiro Carneiro<\/td>\n<td><\/td>\n<\/tr>\n<\/tbody>\n<\/table>\n<h4>Artigos<\/h4>\n<table width=\"100%\">\n<tbody>\n<tr valign=\"top\">\n<td><a href=\"http:\/\/revista.ibict.br\/inclusao\/index.php\/inclusao\/article\/view\/108\">Pol\u00edticas de informa\u00e7\u00e3o para inclus\u00e3o de negros afrodescendentes a partir de uma nova compreens\u00e3o da diversidade cultural<\/a><\/td>\n<td><a href=\"http:\/\/revista.ibict.br\/inclusao\/index.php\/inclusao\/article\/view\/108\/157\">PDF<\/a><\/td>\n<\/tr>\n<tr>\n<td>Mirian de Albuquerque Aquino M.A.A Aquino<\/td>\n<td><\/td>\n<\/tr>\n<\/tbody>\n<\/table>\n<table width=\"100%\">\n<tbody>\n<tr valign=\"top\">\n<td><a href=\"http:\/\/revista.ibict.br\/inclusao\/index.php\/inclusao\/article\/view\/120\">Biblioteca y sociedad multicultural: la actuaci\u00f3n de biblioteca p\u00fablica espa\u00f1ola en torno a la diversidad cultural<\/a><\/td>\n<td><a href=\"http:\/\/revista.ibict.br\/inclusao\/index.php\/inclusao\/article\/view\/120\/158\">PDF<\/a><\/td>\n<\/tr>\n<tr>\n<td>Mercedes Caridad,\t\t\t\t\t\t\tF\u00e1tima Garc\u00eda L\u00f3pez,\t\t\t\t\t\t\tAna Mar\u00eda Morales Garc\u00eda<\/td>\n<td><\/td>\n<\/tr>\n<\/tbody>\n<\/table>\n<table width=\"100%\">\n<tbody>\n<tr valign=\"top\">\n<td><a href=\"http:\/\/revista.ibict.br\/inclusao\/index.php\/inclusao\/article\/view\/136\">Estudio comparado de la brecha digital en los pa\u00edses de la Uni\u00f3n Europea y en Espa\u00f1a (2004-2008)<\/a><\/td>\n<td><a href=\"http:\/\/revista.ibict.br\/inclusao\/index.php\/inclusao\/article\/view\/136\/159\">PDF<\/a><\/td>\n<\/tr>\n<tr>\n<td>Mercedes Caridad,\t\t\t\t\t\t\tMJ Ayuso S\u00e1nchez,\t\t\t\t\t\t\tMD Ayuso Garc\u00eda<\/td>\n<td><\/td>\n<\/tr>\n<\/tbody>\n<\/table>\n<table width=\"100%\">\n<tbody>\n<tr valign=\"top\">\n<td><a href=\"http:\/\/revista.ibict.br\/inclusao\/index.php\/inclusao\/article\/view\/129\">Pesquisas Mapa da Inclus\u00e3o Digital \/ Ibict Centros de Acesso Pago e Gratuito: Brasil e Maranh\u00e3o<\/a><\/td>\n<td><a href=\"http:\/\/revista.ibict.br\/inclusao\/index.php\/inclusao\/article\/view\/129\/160\">PDF<\/a><\/td>\n<\/tr>\n<tr>\n<td>Ana\u00edza Caminha Gaspar,\t\t\t\t\t\t\tMaria de Nazar\u00e9 Freitas,\t\t\t\t\t\t\tCl\u00f3vis Gorg\u00f4nio<\/td>\n<td><\/td>\n<\/tr>\n<\/tbody>\n<\/table>\n<table width=\"100%\">\n<tbody>\n<tr valign=\"top\">\n<td><a href=\"http:\/\/revista.ibict.br\/inclusao\/index.php\/inclusao\/article\/view\/121\">Uso da tecnologia e acesso \u00e0 informa\u00e7\u00e3o pelos usu\u00e1rios do programa Gesac e de a\u00e7\u00f5es de inclus\u00e3o digital do governo brasileiro<\/a><\/td>\n<td><a href=\"http:\/\/revista.ibict.br\/inclusao\/index.php\/inclusao\/article\/view\/121\/161\">PDF<\/a><\/td>\n<\/tr>\n<tr>\n<td>Benedito Medeiros Neto,\t\t\t\t\t\t\tAntonio Miranda<\/td>\n<td><\/td>\n<\/tr>\n<\/tbody>\n<\/table>\n<h4>Relato de Experi\u00eancia<\/h4>\n<table width=\"100%\">\n<tbody>\n<tr valign=\"top\">\n<td><a href=\"http:\/\/revista.ibict.br\/inclusao\/index.php\/inclusao\/article\/view\/138\">Aprender bem \u00e9 poss\u00edvel: uma experi\u00eancia exitosa em Campo Grande (MS)<\/a><\/td>\n<td><a href=\"http:\/\/revista.ibict.br\/inclusao\/index.php\/inclusao\/article\/view\/138\/162\">PDF<\/a><\/td>\n<\/tr>\n<tr>\n<td>Pedro Demo<\/td>\n<td><\/td>\n<\/tr>\n<\/tbody>\n<\/table>\n<table width=\"100%\">\n<tbody>\n<tr valign=\"top\">\n<td><a href=\"http:\/\/revista.ibict.br\/inclusao\/index.php\/inclusao\/article\/view\/118\">O empoderamento de mulheres atrav\u00e9s da inclus\u00e3o digital<\/a><\/td>\n<td><a href=\"http:\/\/revista.ibict.br\/inclusao\/index.php\/inclusao\/article\/view\/118\/163\">PDF<\/a><\/td>\n<\/tr>\n<tr>\n<td>Tania Maria Wolf,\t\t\t\t\t\t\tRosinha Machado Carrion,\t\t\t\t\t\t\tVinicius Coelho Lima,\t\t\t\t\t\t\tJo\u00e3o Luiz Becker<\/td>\n<td><\/td>\n<\/tr>\n<\/tbody>\n<\/table>\n<h4>Opinion Paper<\/h4>\n<table width=\"100%\">\n<tbody>\n<tr valign=\"top\">\n<td><a href=\"http:\/\/revista.ibict.br\/inclusao\/index.php\/inclusao\/article\/view\/122\">Do desenvolvimentismo \u00e0 inclus\u00e3o social<\/a><\/td>\n<td><a href=\"http:\/\/revista.ibict.br\/inclusao\/index.php\/inclusao\/article\/view\/122\/164\">PDF<\/a><\/td>\n<\/tr>\n<tr>\n<td>Oscar S. Lorenzo Fernandez<\/td>\n<td><\/td>\n<\/tr>\n<\/tbody>\n<\/table>\n<table width=\"100%\">\n<tbody>\n<tr valign=\"top\">\n<td><a href=\"http:\/\/revista.ibict.br\/inclusao\/index.php\/inclusao\/article\/view\/135\">A necessidade da internacionaliza\u00e7\u00e3o dos direitos humanos no Brasil<\/a><\/td>\n<td><a href=\"http:\/\/revista.ibict.br\/inclusao\/index.php\/inclusao\/article\/view\/135\/165\">PDF<\/a><\/td>\n<\/tr>\n<tr>\n<td>Jos\u00e9 Antonio Farah Lopes Lima<\/td>\n<td><\/td>\n<\/tr>\n<\/tbody>\n<\/table>\n<table width=\"100%\">\n<tbody>\n<tr valign=\"top\">\n<td><a href=\"http:\/\/revista.ibict.br\/inclusao\/index.php\/inclusao\/article\/view\/125\">A biblioteca comunit\u00e1ria como agente de inclus\u00e3o\/ integra\u00e7\u00e3o do cidad\u00e3o na sociedade da informa\u00e7\u00e3o<\/a><\/td>\n<td><a href=\"http:\/\/revista.ibict.br\/inclusao\/index.php\/inclusao\/article\/view\/125\/166\">PDF<\/a><\/td>\n<\/tr>\n<tr>\n<td>Geraldo Moreira Prado<\/td>\n<td><\/td>\n<\/tr>\n<\/tbody>\n<\/table>\n<table width=\"100%\">\n<tbody>\n<tr valign=\"top\">\n<td><a href=\"http:\/\/revista.ibict.br\/inclusao\/index.php\/inclusao\/article\/view\/134\">Realidade aumentada, aprendizagem e pr\u00e1ticas colaborativas em espa\u00e7os h\u00edbridos<\/a><\/td>\n<td><a href=\"http:\/\/revista.ibict.br\/inclusao\/index.php\/inclusao\/article\/view\/134\/167\">PDF<\/a><\/td>\n<\/tr>\n<tr>\n<td>Sergio Amadeu Silveira<\/td>\n<\/tr>\n<\/tbody>\n<\/table>\n<p><img loading=\"lazy\" decoding=\"async\" class=\"alignnone\" title=\"S\u00edmbolo da CC 3.0\" src=\"http:\/\/i.creativecommons.org\/l\/by\/3.0\/88x31.png\" alt=\"S\u00edmbolo da CC 3.0\" width=\"88\" height=\"31\" \/><\/p>\n<p>Esta obra est\u00e1 licenciada sob uma <a href=\"http:\/\/creativecommons.org\/licenses\/by\/3.0\/\">Licen\u00e7a Creative Commons Attribution 3.0. <\/a><\/p>\n","protected":false},"excerpt":{"rendered":"<p>J\u00e1 est\u00e1 dispon\u00edvel para download e leitura a revista Inclus\u00e3o Social (vol. 3, n. 2), publica\u00e7\u00e3o do IBICT &#8211; Instituto Brasileiro de Informa\u00e7\u00e3o e Ci\u00eancia e Tecnologia. A revista Inclus\u00e3o Social \u00e9 um peri\u00f3dico eletr\u00f4nico semestral de trabalhos in\u00e9ditos no \u00e2mbito da inclus\u00e3o social, com temas ligados a a\u00e7\u00f5es, programas, projetos, estudos e pesquisas voltados \u00e0 problem\u00e1tica da inclus\u00e3o dos cidad\u00e3os na sociedade da informa\u00e7\u00e3o.<\/p>\n","protected":false},"author":1,"featured_media":0,"comment_status":"open","ping_status":"open","sticky":false,"template":"","format":"standard","meta":{"site-container-style":"default","site-container-layout":"default","site-sidebar-layout":"default","disable-article-header":"default","disable-site-header":"default","disable-site-footer":"default","disable-content-area-spacing":"default","footnotes":""},"categories":[29,11,52,6,48,4,10,80],"tags":[],"class_list":["post-17977","post","type-post","status-publish","format-standard","hentry","category-cultura","category-direitos-humanos","category-downloadables","category-educacao","category-inclusao","category-noticias","category-publicacoes","category-revistas"],"yoast_head":"<!-- This site is optimized with the Yoast SEO plugin v27.4 - https:\/\/yoast.com\/product\/yoast-seo-wordpress\/ -->\n<title>Leia mais sobre inclus\u00e3o social na revista Inclus\u00e3o Social -<\/title>\n<meta name=\"robots\" content=\"index, follow, max-snippet:-1, max-image-preview:large, max-video-preview:-1\" \/>\n<link rel=\"canonical\" href=\"https:\/\/inclusivenews.com.br\/?p=17977\" \/>\n<meta property=\"og:locale\" content=\"pt_PT\" \/>\n<meta property=\"og:type\" content=\"article\" \/>\n<meta property=\"og:title\" content=\"Leia mais sobre inclus\u00e3o social na revista Inclus\u00e3o Social -\" \/>\n<meta property=\"og:description\" content=\"J\u00e1 est\u00e1 dispon\u00edvel para download e leitura a revista Inclus\u00e3o Social (vol. 3, n. 2), publica\u00e7\u00e3o do IBICT - Instituto Brasileiro de Informa\u00e7\u00e3o e Ci\u00eancia e Tecnologia. A revista Inclus\u00e3o Social \u00e9 um peri\u00f3dico eletr\u00f4nico semestral de trabalhos in\u00e9ditos no \u00e2mbito da inclus\u00e3o social, com temas ligados a a\u00e7\u00f5es, programas, projetos, estudos e pesquisas voltados \u00e0 problem\u00e1tica da inclus\u00e3o dos cidad\u00e3os na sociedade da informa\u00e7\u00e3o.\" \/>\n<meta property=\"og:url\" content=\"https:\/\/inclusivenews.com.br\/?p=17977\" \/>\n<meta property=\"article:publisher\" content=\"https:\/\/www.facebook.com\/agenciainclusive\/\" \/>\n<meta property=\"article:published_time\" content=\"2010-11-17T22:04:17+00:00\" \/>\n<meta property=\"og:image\" content=\"http:\/\/revista.ibict.br\/inclusao\/public\/journals\/1\/homepageImage_pt_BR.jpg\" \/>\n<meta name=\"author\" content=\"inclusivenews2024\" \/>\n<meta name=\"twitter:card\" content=\"summary_large_image\" \/>\n<meta name=\"twitter:label1\" content=\"Escrito por\" \/>\n\t<meta name=\"twitter:data1\" content=\"inclusivenews2024\" \/>\n\t<meta name=\"twitter:label2\" content=\"Tempo estimado de leitura\" \/>\n\t<meta name=\"twitter:data2\" content=\"2 minutos\" \/>\n<script type=\"application\/ld+json\" class=\"yoast-schema-graph\">{\"@context\":\"https:\\\/\\\/schema.org\",\"@graph\":[{\"@type\":\"Article\",\"@id\":\"https:\\\/\\\/inclusivenews.com.br\\\/?p=17977#article\",\"isPartOf\":{\"@id\":\"https:\\\/\\\/inclusivenews.com.br\\\/?p=17977\"},\"author\":{\"name\":\"inclusivenews2024\",\"@id\":\"https:\\\/\\\/inclusivenews.com.br\\\/#\\\/schema\\\/person\\\/ae4ec7087559b8692fb33b6fffd2273b\"},\"headline\":\"Leia mais sobre inclus\u00e3o social na revista Inclus\u00e3o Social\",\"datePublished\":\"2010-11-17T22:04:17+00:00\",\"mainEntityOfPage\":{\"@id\":\"https:\\\/\\\/inclusivenews.com.br\\\/?p=17977\"},\"wordCount\":410,\"commentCount\":0,\"publisher\":{\"@id\":\"https:\\\/\\\/inclusivenews.com.br\\\/#organization\"},\"image\":{\"@id\":\"https:\\\/\\\/inclusivenews.com.br\\\/?p=17977#primaryimage\"},\"thumbnailUrl\":\"http:\\\/\\\/revista.ibict.br\\\/inclusao\\\/public\\\/journals\\\/1\\\/homepageImage_pt_BR.jpg\",\"articleSection\":[\"Cultura\",\"DIREITOS HUMANOS\",\"Downloadables\",\"EDUCA\u00c7\u00c3O\",\"INCLUS\u00c3O SOCIAL\",\"NOT\u00cdCIAS\",\"PUBLICA\u00c7\u00d5ES\",\"Revistas\"],\"inLanguage\":\"pt-PT\",\"potentialAction\":[{\"@type\":\"CommentAction\",\"name\":\"Comment\",\"target\":[\"https:\\\/\\\/inclusivenews.com.br\\\/?p=17977#respond\"]}]},{\"@type\":\"WebPage\",\"@id\":\"https:\\\/\\\/inclusivenews.com.br\\\/?p=17977\",\"url\":\"https:\\\/\\\/inclusivenews.com.br\\\/?p=17977\",\"name\":\"Leia mais sobre inclus\u00e3o social na revista Inclus\u00e3o Social -\",\"isPartOf\":{\"@id\":\"https:\\\/\\\/inclusivenews.com.br\\\/#website\"},\"primaryImageOfPage\":{\"@id\":\"https:\\\/\\\/inclusivenews.com.br\\\/?p=17977#primaryimage\"},\"image\":{\"@id\":\"https:\\\/\\\/inclusivenews.com.br\\\/?p=17977#primaryimage\"},\"thumbnailUrl\":\"http:\\\/\\\/revista.ibict.br\\\/inclusao\\\/public\\\/journals\\\/1\\\/homepageImage_pt_BR.jpg\",\"datePublished\":\"2010-11-17T22:04:17+00:00\",\"breadcrumb\":{\"@id\":\"https:\\\/\\\/inclusivenews.com.br\\\/?p=17977#breadcrumb\"},\"inLanguage\":\"pt-PT\",\"potentialAction\":[{\"@type\":\"ReadAction\",\"target\":[\"https:\\\/\\\/inclusivenews.com.br\\\/?p=17977\"]}]},{\"@type\":\"ImageObject\",\"inLanguage\":\"pt-PT\",\"@id\":\"https:\\\/\\\/inclusivenews.com.br\\\/?p=17977#primaryimage\",\"url\":\"http:\\\/\\\/revista.ibict.br\\\/inclusao\\\/public\\\/journals\\\/1\\\/homepageImage_pt_BR.jpg\",\"contentUrl\":\"http:\\\/\\\/revista.ibict.br\\\/inclusao\\\/public\\\/journals\\\/1\\\/homepageImage_pt_BR.jpg\"},{\"@type\":\"BreadcrumbList\",\"@id\":\"https:\\\/\\\/inclusivenews.com.br\\\/?p=17977#breadcrumb\",\"itemListElement\":[{\"@type\":\"ListItem\",\"position\":1,\"name\":\"In\u00edcio\",\"item\":\"https:\\\/\\\/inclusivenews.com.br\\\/\"},{\"@type\":\"ListItem\",\"position\":2,\"name\":\"Leia mais sobre inclus\u00e3o social na revista Inclus\u00e3o Social\"}]},{\"@type\":\"WebSite\",\"@id\":\"https:\\\/\\\/inclusivenews.com.br\\\/#website\",\"url\":\"https:\\\/\\\/inclusivenews.com.br\\\/\",\"name\":\"Inclusive News\",\"description\":\"Inclusive News\",\"publisher\":{\"@id\":\"https:\\\/\\\/inclusivenews.com.br\\\/#organization\"},\"potentialAction\":[{\"@type\":\"SearchAction\",\"target\":{\"@type\":\"EntryPoint\",\"urlTemplate\":\"https:\\\/\\\/inclusivenews.com.br\\\/?s={search_term_string}\"},\"query-input\":{\"@type\":\"PropertyValueSpecification\",\"valueRequired\":true,\"valueName\":\"search_term_string\"}}],\"inLanguage\":\"pt-PT\"},{\"@type\":\"Organization\",\"@id\":\"https:\\\/\\\/inclusivenews.com.br\\\/#organization\",\"name\":\"Inclusive - inclus\u00e3o e cidadania\",\"url\":\"https:\\\/\\\/inclusivenews.com.br\\\/\",\"logo\":{\"@type\":\"ImageObject\",\"inLanguage\":\"pt-PT\",\"@id\":\"https:\\\/\\\/inclusivenews.com.br\\\/#\\\/schema\\\/logo\\\/image\\\/\",\"url\":\"https:\\\/\\\/inclusivenews.com.br\\\/wp-content\\\/uploads\\\/2024\\\/03\\\/@grandesite.png\",\"contentUrl\":\"https:\\\/\\\/inclusivenews.com.br\\\/wp-content\\\/uploads\\\/2024\\\/03\\\/@grandesite.png\",\"width\":1080,\"height\":1080,\"caption\":\"Inclusive - inclus\u00e3o e cidadania\"},\"image\":{\"@id\":\"https:\\\/\\\/inclusivenews.com.br\\\/#\\\/schema\\\/logo\\\/image\\\/\"},\"sameAs\":[\"https:\\\/\\\/www.facebook.com\\\/agenciainclusive\\\/\",\"https:\\\/\\\/www.instagram.com\\\/newsinclusive\\\/\"]},{\"@type\":\"Person\",\"@id\":\"https:\\\/\\\/inclusivenews.com.br\\\/#\\\/schema\\\/person\\\/ae4ec7087559b8692fb33b6fffd2273b\",\"name\":\"inclusivenews2024\",\"image\":{\"@type\":\"ImageObject\",\"inLanguage\":\"pt-PT\",\"@id\":\"https:\\\/\\\/secure.gravatar.com\\\/avatar\\\/c5a7ef84c66fa914f55bc4f7ce26cfa275a3b9a1c5568b907bd184fb4dde7b40?s=96&d=mm&r=g\",\"url\":\"https:\\\/\\\/secure.gravatar.com\\\/avatar\\\/c5a7ef84c66fa914f55bc4f7ce26cfa275a3b9a1c5568b907bd184fb4dde7b40?s=96&d=mm&r=g\",\"contentUrl\":\"https:\\\/\\\/secure.gravatar.com\\\/avatar\\\/c5a7ef84c66fa914f55bc4f7ce26cfa275a3b9a1c5568b907bd184fb4dde7b40?s=96&d=mm&r=g\",\"caption\":\"inclusivenews2024\"},\"sameAs\":[\"https:\\\/\\\/inclusivenews.com.br\"],\"url\":\"https:\\\/\\\/inclusivenews.com.br\\\/?author=1\"}]}<\/script>\n<!-- \/ Yoast SEO plugin. -->","yoast_head_json":{"title":"Leia mais sobre inclus\u00e3o social na revista Inclus\u00e3o Social -","robots":{"index":"index","follow":"follow","max-snippet":"max-snippet:-1","max-image-preview":"max-image-preview:large","max-video-preview":"max-video-preview:-1"},"canonical":"https:\/\/inclusivenews.com.br\/?p=17977","og_locale":"pt_PT","og_type":"article","og_title":"Leia mais sobre inclus\u00e3o social na revista Inclus\u00e3o Social -","og_description":"J\u00e1 est\u00e1 dispon\u00edvel para download e leitura a revista Inclus\u00e3o Social (vol. 3, n. 2), publica\u00e7\u00e3o do IBICT - Instituto Brasileiro de Informa\u00e7\u00e3o e Ci\u00eancia e Tecnologia. A revista Inclus\u00e3o Social \u00e9 um peri\u00f3dico eletr\u00f4nico semestral de trabalhos in\u00e9ditos no \u00e2mbito da inclus\u00e3o social, com temas ligados a a\u00e7\u00f5es, programas, projetos, estudos e pesquisas voltados \u00e0 problem\u00e1tica da inclus\u00e3o dos cidad\u00e3os na sociedade da informa\u00e7\u00e3o.","og_url":"https:\/\/inclusivenews.com.br\/?p=17977","article_publisher":"https:\/\/www.facebook.com\/agenciainclusive\/","article_published_time":"2010-11-17T22:04:17+00:00","og_image":[{"url":"http:\/\/revista.ibict.br\/inclusao\/public\/journals\/1\/homepageImage_pt_BR.jpg","type":"","width":"","height":""}],"author":"inclusivenews2024","twitter_card":"summary_large_image","twitter_misc":{"Escrito por":"inclusivenews2024","Tempo estimado de leitura":"2 minutos"},"schema":{"@context":"https:\/\/schema.org","@graph":[{"@type":"Article","@id":"https:\/\/inclusivenews.com.br\/?p=17977#article","isPartOf":{"@id":"https:\/\/inclusivenews.com.br\/?p=17977"},"author":{"name":"inclusivenews2024","@id":"https:\/\/inclusivenews.com.br\/#\/schema\/person\/ae4ec7087559b8692fb33b6fffd2273b"},"headline":"Leia mais sobre inclus\u00e3o social na revista Inclus\u00e3o Social","datePublished":"2010-11-17T22:04:17+00:00","mainEntityOfPage":{"@id":"https:\/\/inclusivenews.com.br\/?p=17977"},"wordCount":410,"commentCount":0,"publisher":{"@id":"https:\/\/inclusivenews.com.br\/#organization"},"image":{"@id":"https:\/\/inclusivenews.com.br\/?p=17977#primaryimage"},"thumbnailUrl":"http:\/\/revista.ibict.br\/inclusao\/public\/journals\/1\/homepageImage_pt_BR.jpg","articleSection":["Cultura","DIREITOS HUMANOS","Downloadables","EDUCA\u00c7\u00c3O","INCLUS\u00c3O SOCIAL","NOT\u00cdCIAS","PUBLICA\u00c7\u00d5ES","Revistas"],"inLanguage":"pt-PT","potentialAction":[{"@type":"CommentAction","name":"Comment","target":["https:\/\/inclusivenews.com.br\/?p=17977#respond"]}]},{"@type":"WebPage","@id":"https:\/\/inclusivenews.com.br\/?p=17977","url":"https:\/\/inclusivenews.com.br\/?p=17977","name":"Leia mais sobre inclus\u00e3o social na revista Inclus\u00e3o Social -","isPartOf":{"@id":"https:\/\/inclusivenews.com.br\/#website"},"primaryImageOfPage":{"@id":"https:\/\/inclusivenews.com.br\/?p=17977#primaryimage"},"image":{"@id":"https:\/\/inclusivenews.com.br\/?p=17977#primaryimage"},"thumbnailUrl":"http:\/\/revista.ibict.br\/inclusao\/public\/journals\/1\/homepageImage_pt_BR.jpg","datePublished":"2010-11-17T22:04:17+00:00","breadcrumb":{"@id":"https:\/\/inclusivenews.com.br\/?p=17977#breadcrumb"},"inLanguage":"pt-PT","potentialAction":[{"@type":"ReadAction","target":["https:\/\/inclusivenews.com.br\/?p=17977"]}]},{"@type":"ImageObject","inLanguage":"pt-PT","@id":"https:\/\/inclusivenews.com.br\/?p=17977#primaryimage","url":"http:\/\/revista.ibict.br\/inclusao\/public\/journals\/1\/homepageImage_pt_BR.jpg","contentUrl":"http:\/\/revista.ibict.br\/inclusao\/public\/journals\/1\/homepageImage_pt_BR.jpg"},{"@type":"BreadcrumbList","@id":"https:\/\/inclusivenews.com.br\/?p=17977#breadcrumb","itemListElement":[{"@type":"ListItem","position":1,"name":"In\u00edcio","item":"https:\/\/inclusivenews.com.br\/"},{"@type":"ListItem","position":2,"name":"Leia mais sobre inclus\u00e3o social na revista Inclus\u00e3o Social"}]},{"@type":"WebSite","@id":"https:\/\/inclusivenews.com.br\/#website","url":"https:\/\/inclusivenews.com.br\/","name":"Inclusive News","description":"Inclusive News","publisher":{"@id":"https:\/\/inclusivenews.com.br\/#organization"},"potentialAction":[{"@type":"SearchAction","target":{"@type":"EntryPoint","urlTemplate":"https:\/\/inclusivenews.com.br\/?s={search_term_string}"},"query-input":{"@type":"PropertyValueSpecification","valueRequired":true,"valueName":"search_term_string"}}],"inLanguage":"pt-PT"},{"@type":"Organization","@id":"https:\/\/inclusivenews.com.br\/#organization","name":"Inclusive - inclus\u00e3o e cidadania","url":"https:\/\/inclusivenews.com.br\/","logo":{"@type":"ImageObject","inLanguage":"pt-PT","@id":"https:\/\/inclusivenews.com.br\/#\/schema\/logo\/image\/","url":"https:\/\/inclusivenews.com.br\/wp-content\/uploads\/2024\/03\/@grandesite.png","contentUrl":"https:\/\/inclusivenews.com.br\/wp-content\/uploads\/2024\/03\/@grandesite.png","width":1080,"height":1080,"caption":"Inclusive - inclus\u00e3o e cidadania"},"image":{"@id":"https:\/\/inclusivenews.com.br\/#\/schema\/logo\/image\/"},"sameAs":["https:\/\/www.facebook.com\/agenciainclusive\/","https:\/\/www.instagram.com\/newsinclusive\/"]},{"@type":"Person","@id":"https:\/\/inclusivenews.com.br\/#\/schema\/person\/ae4ec7087559b8692fb33b6fffd2273b","name":"inclusivenews2024","image":{"@type":"ImageObject","inLanguage":"pt-PT","@id":"https:\/\/secure.gravatar.com\/avatar\/c5a7ef84c66fa914f55bc4f7ce26cfa275a3b9a1c5568b907bd184fb4dde7b40?s=96&d=mm&r=g","url":"https:\/\/secure.gravatar.com\/avatar\/c5a7ef84c66fa914f55bc4f7ce26cfa275a3b9a1c5568b907bd184fb4dde7b40?s=96&d=mm&r=g","contentUrl":"https:\/\/secure.gravatar.com\/avatar\/c5a7ef84c66fa914f55bc4f7ce26cfa275a3b9a1c5568b907bd184fb4dde7b40?s=96&d=mm&r=g","caption":"inclusivenews2024"},"sameAs":["https:\/\/inclusivenews.com.br"],"url":"https:\/\/inclusivenews.com.br\/?author=1"}]}},"_links":{"self":[{"href":"https:\/\/inclusivenews.com.br\/index.php?rest_route=\/wp\/v2\/posts\/17977","targetHints":{"allow":["GET"]}}],"collection":[{"href":"https:\/\/inclusivenews.com.br\/index.php?rest_route=\/wp\/v2\/posts"}],"about":[{"href":"https:\/\/inclusivenews.com.br\/index.php?rest_route=\/wp\/v2\/types\/post"}],"author":[{"embeddable":true,"href":"https:\/\/inclusivenews.com.br\/index.php?rest_route=\/wp\/v2\/users\/1"}],"replies":[{"embeddable":true,"href":"https:\/\/inclusivenews.com.br\/index.php?rest_route=%2Fwp%2Fv2%2Fcomments&post=17977"}],"version-history":[{"count":0,"href":"https:\/\/inclusivenews.com.br\/index.php?rest_route=\/wp\/v2\/posts\/17977\/revisions"}],"wp:attachment":[{"href":"https:\/\/inclusivenews.com.br\/index.php?rest_route=%2Fwp%2Fv2%2Fmedia&parent=17977"}],"wp:term":[{"taxonomy":"category","embeddable":true,"href":"https:\/\/inclusivenews.com.br\/index.php?rest_route=%2Fwp%2Fv2%2Fcategories&post=17977"},{"taxonomy":"post_tag","embeddable":true,"href":"https:\/\/inclusivenews.com.br\/index.php?rest_route=%2Fwp%2Fv2%2Ftags&post=17977"}],"curies":[{"name":"wp","href":"https:\/\/api.w.org\/{rel}","templated":true}]}}