{"id":18009,"date":"2010-11-25T06:35:21","date_gmt":"2010-11-25T09:35:21","guid":{"rendered":"http:\/\/www.inclusive.org.br\/?p=18009"},"modified":"2010-11-25T06:35:21","modified_gmt":"2010-11-25T09:35:21","slug":"historia-da-educacao-e-da-infancia","status":"publish","type":"post","link":"https:\/\/inclusivenews.com.br\/?p=18009","title":{"rendered":"Hist\u00f3ria da educa\u00e7\u00e3o e da inf\u00e2ncia"},"content":{"rendered":"<figure style=\"width: 326px\" class=\"wp-caption alignleft\"><img loading=\"lazy\" decoding=\"async\" title=\"Hist\u00f3ria da educa\u00e7\u00e3o e da inf\u00e2ncia - um retrato antigo com crian\u00e7as em fila.\" src=\"http:\/\/www.fcc.org.br\/imgs\/eduInfancia\/logo_maior.gif\" alt=\"Hist\u00f3ria da educa\u00e7\u00e3o e da inf\u00e2ncia - um retrato antigo com crian\u00e7as em fila.\" width=\"326\" height=\"162\" \/><figcaption class=\"wp-caption-text\"> <\/figcaption><\/figure>\n<p>O objetivo do projeto \u00e9 divulgar documentos hist\u00f3ricos (textos e imagens) e resultados de pesquisas sobre a inf\u00e2ncia e sua educa\u00e7\u00e3o, embora n\u00e3o se tenha a pretens\u00e3o de apresentar a totalidade dos documentos para as investiga\u00e7\u00f5es hist\u00f3ricas, pois os dados coligidos s\u00e3o incompletos e a sele\u00e7\u00e3o de fontes depende dos problemas formulados em cada pesquisa.<\/p>\n<p>A p\u00e1gina pode ser visitada livremente, em toda a sua estrutura. Mas, para acesso aos documentos e textos internos, os interessados necessitam se cadastrar, comprometendo-se a referenciar a fonte nos trabalhos que venham a elaborar.<\/p>\n<p>Estamos abertos a colabora\u00e7\u00f5es de pesquisadores e institui\u00e7\u00f5es interessados em ceder documentos digitalizados ou artigos e teses relacionados aos temas e institui\u00e7\u00f5es aqui focalizados.<\/p>\n<p>A implanta\u00e7\u00e3o da p\u00e1gina &#8220;Hist\u00f3ria da Educa\u00e7\u00e3o e da Inf\u00e2ncia&#8221; \u00e9 resultado do projeto &#8220;Fontes e tend\u00eancias historiogr\u00e1ficas na hist\u00f3ria da educa\u00e7\u00e3o infantil&#8221;, que contou com apoio financeiro da FAPESP. No desenvolvimento do projeto, foram localizados e digitalizados v\u00e1rios documentos e realizados estudos sobre v\u00e1rios aspectos dessa documenta\u00e7\u00e3o. Contou-se tamb\u00e9m com o apoio do CNPq ao projeto &#8220;Inf\u00e2ncia e educa\u00e7\u00e3o na hist\u00f3ria: temas e fontes&#8221;, que subsidiou est\u00e1gio de pesquisa em Portugal e envolveu a orienta\u00e7\u00e3o de v\u00e1rias pesquisas, em coopera\u00e7\u00e3o com o Programa de Pos-Gradua\u00e7\u00e3o Stricto Sensu em Educa\u00e7\u00e3o da Universidade S\u00e3o Francisco. Parte dos documentos digitalizados est\u00e1 depositada na Biblioteca Ana Maria Poppovic, da Funda\u00e7\u00e3o Carlos Chagas, e outros foram emprestados de institui\u00e7\u00f5es e pesquisadores.<\/p>\n<p><a href=\"http:\/\/www.fcc.org.br\/pesquisa\/jsp\/educacaoInfancia\/index.jsp\" target=\"_blank\" rel=\"noopener\">Saiba mais, visite a p\u00e1gina no site da Funda\u00e7\u00e3o Carlos Chagas (neste link). <img loading=\"lazy\" decoding=\"async\" title=\"Link abrir\u00e1 em uma nova janela ou aba.\" src=\"http:\/\/www.inclusive.org.br\/images\/new_window.gif\" alt=\"Link abrir\u00e1 em uma nova janela ou aba.\" width=\"16\" height=\"14\" \/><\/a><\/p>\n","protected":false},"excerpt":{"rendered":"<p>O objetivo do projeto \u00e9 divulgar documentos hist\u00f3ricos (textos e imagens) e resultados de pesquisas sobre a inf\u00e2ncia e sua educa\u00e7\u00e3o.<\/p>\n","protected":false},"author":1,"featured_media":0,"comment_status":"open","ping_status":"open","sticky":false,"template":"","format":"standard","meta":{"site-container-style":"default","site-container-layout":"default","site-sidebar-layout":"default","disable-article-header":"default","disable-site-header":"default","disable-site-footer":"default","disable-content-area-spacing":"default","footnotes":""},"categories":[54,6],"tags":[60],"class_list":["post-18009","post","type-post","status-publish","format-standard","hentry","category-blogs-e-webs","category-educacao","tag-infancia"],"yoast_head":"<!-- This site is optimized with the Yoast SEO plugin v27.5 - https:\/\/yoast.com\/product\/yoast-seo-wordpress\/ -->\n<title>Hist\u00f3ria da educa\u00e7\u00e3o e da inf\u00e2ncia -<\/title>\n<meta name=\"robots\" content=\"index, follow, max-snippet:-1, max-image-preview:large, max-video-preview:-1\" \/>\n<link rel=\"canonical\" href=\"https:\/\/inclusivenews.com.br\/?p=18009\" \/>\n<meta property=\"og:locale\" content=\"pt_PT\" \/>\n<meta property=\"og:type\" content=\"article\" \/>\n<meta property=\"og:title\" content=\"Hist\u00f3ria da educa\u00e7\u00e3o e da inf\u00e2ncia -\" \/>\n<meta property=\"og:description\" content=\"O objetivo do projeto \u00e9 divulgar documentos hist\u00f3ricos (textos e imagens) e resultados de pesquisas sobre a inf\u00e2ncia e sua educa\u00e7\u00e3o.\" \/>\n<meta property=\"og:url\" content=\"https:\/\/inclusivenews.com.br\/?p=18009\" \/>\n<meta property=\"article:publisher\" content=\"https:\/\/www.facebook.com\/agenciainclusive\/\" \/>\n<meta property=\"article:published_time\" content=\"2010-11-25T09:35:21+00:00\" \/>\n<meta property=\"og:image\" content=\"http:\/\/www.fcc.org.br\/imgs\/eduInfancia\/logo_maior.gif\" \/>\n<meta name=\"author\" content=\"inclusivenews2024\" \/>\n<meta name=\"twitter:card\" content=\"summary_large_image\" \/>\n<meta name=\"twitter:label1\" content=\"Escrito por\" \/>\n\t<meta name=\"twitter:data1\" content=\"inclusivenews2024\" \/>\n\t<meta name=\"twitter:label2\" content=\"Tempo estimado de leitura\" \/>\n\t<meta name=\"twitter:data2\" content=\"1 minuto\" \/>\n<script type=\"application\/ld+json\" class=\"yoast-schema-graph\">{\"@context\":\"https:\\\/\\\/schema.org\",\"@graph\":[{\"@type\":\"Article\",\"@id\":\"https:\\\/\\\/inclusivenews.com.br\\\/?p=18009#article\",\"isPartOf\":{\"@id\":\"https:\\\/\\\/inclusivenews.com.br\\\/?p=18009\"},\"author\":{\"name\":\"inclusivenews2024\",\"@id\":\"https:\\\/\\\/inclusivenews.com.br\\\/#\\\/schema\\\/person\\\/ae4ec7087559b8692fb33b6fffd2273b\"},\"headline\":\"Hist\u00f3ria da educa\u00e7\u00e3o e da inf\u00e2ncia\",\"datePublished\":\"2010-11-25T09:35:21+00:00\",\"mainEntityOfPage\":{\"@id\":\"https:\\\/\\\/inclusivenews.com.br\\\/?p=18009\"},\"wordCount\":298,\"commentCount\":0,\"publisher\":{\"@id\":\"https:\\\/\\\/inclusivenews.com.br\\\/#organization\"},\"image\":{\"@id\":\"https:\\\/\\\/inclusivenews.com.br\\\/?p=18009#primaryimage\"},\"thumbnailUrl\":\"http:\\\/\\\/www.fcc.org.br\\\/imgs\\\/eduInfancia\\\/logo_maior.gif\",\"keywords\":[\"Inf\u00e2ncia\"],\"articleSection\":[\"Blogs e Webs\",\"EDUCA\u00c7\u00c3O\"],\"inLanguage\":\"pt-PT\",\"potentialAction\":[{\"@type\":\"CommentAction\",\"name\":\"Comment\",\"target\":[\"https:\\\/\\\/inclusivenews.com.br\\\/?p=18009#respond\"]}]},{\"@type\":\"WebPage\",\"@id\":\"https:\\\/\\\/inclusivenews.com.br\\\/?p=18009\",\"url\":\"https:\\\/\\\/inclusivenews.com.br\\\/?p=18009\",\"name\":\"Hist\u00f3ria da educa\u00e7\u00e3o e da inf\u00e2ncia -\",\"isPartOf\":{\"@id\":\"https:\\\/\\\/inclusivenews.com.br\\\/#website\"},\"primaryImageOfPage\":{\"@id\":\"https:\\\/\\\/inclusivenews.com.br\\\/?p=18009#primaryimage\"},\"image\":{\"@id\":\"https:\\\/\\\/inclusivenews.com.br\\\/?p=18009#primaryimage\"},\"thumbnailUrl\":\"http:\\\/\\\/www.fcc.org.br\\\/imgs\\\/eduInfancia\\\/logo_maior.gif\",\"datePublished\":\"2010-11-25T09:35:21+00:00\",\"breadcrumb\":{\"@id\":\"https:\\\/\\\/inclusivenews.com.br\\\/?p=18009#breadcrumb\"},\"inLanguage\":\"pt-PT\",\"potentialAction\":[{\"@type\":\"ReadAction\",\"target\":[\"https:\\\/\\\/inclusivenews.com.br\\\/?p=18009\"]}]},{\"@type\":\"ImageObject\",\"inLanguage\":\"pt-PT\",\"@id\":\"https:\\\/\\\/inclusivenews.com.br\\\/?p=18009#primaryimage\",\"url\":\"http:\\\/\\\/www.fcc.org.br\\\/imgs\\\/eduInfancia\\\/logo_maior.gif\",\"contentUrl\":\"http:\\\/\\\/www.fcc.org.br\\\/imgs\\\/eduInfancia\\\/logo_maior.gif\"},{\"@type\":\"BreadcrumbList\",\"@id\":\"https:\\\/\\\/inclusivenews.com.br\\\/?p=18009#breadcrumb\",\"itemListElement\":[{\"@type\":\"ListItem\",\"position\":1,\"name\":\"In\u00edcio\",\"item\":\"https:\\\/\\\/inclusivenews.com.br\\\/\"},{\"@type\":\"ListItem\",\"position\":2,\"name\":\"Hist\u00f3ria da educa\u00e7\u00e3o e da inf\u00e2ncia\"}]},{\"@type\":\"WebSite\",\"@id\":\"https:\\\/\\\/inclusivenews.com.br\\\/#website\",\"url\":\"https:\\\/\\\/inclusivenews.com.br\\\/\",\"name\":\"Inclusive News\",\"description\":\"Inclusive News\",\"publisher\":{\"@id\":\"https:\\\/\\\/inclusivenews.com.br\\\/#organization\"},\"potentialAction\":[{\"@type\":\"SearchAction\",\"target\":{\"@type\":\"EntryPoint\",\"urlTemplate\":\"https:\\\/\\\/inclusivenews.com.br\\\/?s={search_term_string}\"},\"query-input\":{\"@type\":\"PropertyValueSpecification\",\"valueRequired\":true,\"valueName\":\"search_term_string\"}}],\"inLanguage\":\"pt-PT\"},{\"@type\":\"Organization\",\"@id\":\"https:\\\/\\\/inclusivenews.com.br\\\/#organization\",\"name\":\"Inclusive - inclus\u00e3o e cidadania\",\"url\":\"https:\\\/\\\/inclusivenews.com.br\\\/\",\"logo\":{\"@type\":\"ImageObject\",\"inLanguage\":\"pt-PT\",\"@id\":\"https:\\\/\\\/inclusivenews.com.br\\\/#\\\/schema\\\/logo\\\/image\\\/\",\"url\":\"https:\\\/\\\/inclusivenews.com.br\\\/wp-content\\\/uploads\\\/2024\\\/03\\\/@grandesite.png\",\"contentUrl\":\"https:\\\/\\\/inclusivenews.com.br\\\/wp-content\\\/uploads\\\/2024\\\/03\\\/@grandesite.png\",\"width\":1080,\"height\":1080,\"caption\":\"Inclusive - inclus\u00e3o e cidadania\"},\"image\":{\"@id\":\"https:\\\/\\\/inclusivenews.com.br\\\/#\\\/schema\\\/logo\\\/image\\\/\"},\"sameAs\":[\"https:\\\/\\\/www.facebook.com\\\/agenciainclusive\\\/\",\"https:\\\/\\\/www.instagram.com\\\/newsinclusive\\\/\"]},{\"@type\":\"Person\",\"@id\":\"https:\\\/\\\/inclusivenews.com.br\\\/#\\\/schema\\\/person\\\/ae4ec7087559b8692fb33b6fffd2273b\",\"name\":\"inclusivenews2024\",\"image\":{\"@type\":\"ImageObject\",\"inLanguage\":\"pt-PT\",\"@id\":\"https:\\\/\\\/secure.gravatar.com\\\/avatar\\\/c5a7ef84c66fa914f55bc4f7ce26cfa275a3b9a1c5568b907bd184fb4dde7b40?s=96&d=mm&r=g\",\"url\":\"https:\\\/\\\/secure.gravatar.com\\\/avatar\\\/c5a7ef84c66fa914f55bc4f7ce26cfa275a3b9a1c5568b907bd184fb4dde7b40?s=96&d=mm&r=g\",\"contentUrl\":\"https:\\\/\\\/secure.gravatar.com\\\/avatar\\\/c5a7ef84c66fa914f55bc4f7ce26cfa275a3b9a1c5568b907bd184fb4dde7b40?s=96&d=mm&r=g\",\"caption\":\"inclusivenews2024\"},\"sameAs\":[\"https:\\\/\\\/inclusivenews.com.br\"],\"url\":\"https:\\\/\\\/inclusivenews.com.br\\\/?author=1\"}]}<\/script>\n<!-- \/ Yoast SEO plugin. -->","yoast_head_json":{"title":"Hist\u00f3ria da educa\u00e7\u00e3o e da inf\u00e2ncia -","robots":{"index":"index","follow":"follow","max-snippet":"max-snippet:-1","max-image-preview":"max-image-preview:large","max-video-preview":"max-video-preview:-1"},"canonical":"https:\/\/inclusivenews.com.br\/?p=18009","og_locale":"pt_PT","og_type":"article","og_title":"Hist\u00f3ria da educa\u00e7\u00e3o e da inf\u00e2ncia -","og_description":"O objetivo do projeto \u00e9 divulgar documentos hist\u00f3ricos (textos e imagens) e resultados de pesquisas sobre a inf\u00e2ncia e sua educa\u00e7\u00e3o.","og_url":"https:\/\/inclusivenews.com.br\/?p=18009","article_publisher":"https:\/\/www.facebook.com\/agenciainclusive\/","article_published_time":"2010-11-25T09:35:21+00:00","og_image":[{"url":"http:\/\/www.fcc.org.br\/imgs\/eduInfancia\/logo_maior.gif","type":"","width":"","height":""}],"author":"inclusivenews2024","twitter_card":"summary_large_image","twitter_misc":{"Escrito por":"inclusivenews2024","Tempo estimado de leitura":"1 minuto"},"schema":{"@context":"https:\/\/schema.org","@graph":[{"@type":"Article","@id":"https:\/\/inclusivenews.com.br\/?p=18009#article","isPartOf":{"@id":"https:\/\/inclusivenews.com.br\/?p=18009"},"author":{"name":"inclusivenews2024","@id":"https:\/\/inclusivenews.com.br\/#\/schema\/person\/ae4ec7087559b8692fb33b6fffd2273b"},"headline":"Hist\u00f3ria da educa\u00e7\u00e3o e da inf\u00e2ncia","datePublished":"2010-11-25T09:35:21+00:00","mainEntityOfPage":{"@id":"https:\/\/inclusivenews.com.br\/?p=18009"},"wordCount":298,"commentCount":0,"publisher":{"@id":"https:\/\/inclusivenews.com.br\/#organization"},"image":{"@id":"https:\/\/inclusivenews.com.br\/?p=18009#primaryimage"},"thumbnailUrl":"http:\/\/www.fcc.org.br\/imgs\/eduInfancia\/logo_maior.gif","keywords":["Inf\u00e2ncia"],"articleSection":["Blogs e Webs","EDUCA\u00c7\u00c3O"],"inLanguage":"pt-PT","potentialAction":[{"@type":"CommentAction","name":"Comment","target":["https:\/\/inclusivenews.com.br\/?p=18009#respond"]}]},{"@type":"WebPage","@id":"https:\/\/inclusivenews.com.br\/?p=18009","url":"https:\/\/inclusivenews.com.br\/?p=18009","name":"Hist\u00f3ria da educa\u00e7\u00e3o e da inf\u00e2ncia -","isPartOf":{"@id":"https:\/\/inclusivenews.com.br\/#website"},"primaryImageOfPage":{"@id":"https:\/\/inclusivenews.com.br\/?p=18009#primaryimage"},"image":{"@id":"https:\/\/inclusivenews.com.br\/?p=18009#primaryimage"},"thumbnailUrl":"http:\/\/www.fcc.org.br\/imgs\/eduInfancia\/logo_maior.gif","datePublished":"2010-11-25T09:35:21+00:00","breadcrumb":{"@id":"https:\/\/inclusivenews.com.br\/?p=18009#breadcrumb"},"inLanguage":"pt-PT","potentialAction":[{"@type":"ReadAction","target":["https:\/\/inclusivenews.com.br\/?p=18009"]}]},{"@type":"ImageObject","inLanguage":"pt-PT","@id":"https:\/\/inclusivenews.com.br\/?p=18009#primaryimage","url":"http:\/\/www.fcc.org.br\/imgs\/eduInfancia\/logo_maior.gif","contentUrl":"http:\/\/www.fcc.org.br\/imgs\/eduInfancia\/logo_maior.gif"},{"@type":"BreadcrumbList","@id":"https:\/\/inclusivenews.com.br\/?p=18009#breadcrumb","itemListElement":[{"@type":"ListItem","position":1,"name":"In\u00edcio","item":"https:\/\/inclusivenews.com.br\/"},{"@type":"ListItem","position":2,"name":"Hist\u00f3ria da educa\u00e7\u00e3o e da inf\u00e2ncia"}]},{"@type":"WebSite","@id":"https:\/\/inclusivenews.com.br\/#website","url":"https:\/\/inclusivenews.com.br\/","name":"Inclusive News","description":"Inclusive News","publisher":{"@id":"https:\/\/inclusivenews.com.br\/#organization"},"potentialAction":[{"@type":"SearchAction","target":{"@type":"EntryPoint","urlTemplate":"https:\/\/inclusivenews.com.br\/?s={search_term_string}"},"query-input":{"@type":"PropertyValueSpecification","valueRequired":true,"valueName":"search_term_string"}}],"inLanguage":"pt-PT"},{"@type":"Organization","@id":"https:\/\/inclusivenews.com.br\/#organization","name":"Inclusive - inclus\u00e3o e cidadania","url":"https:\/\/inclusivenews.com.br\/","logo":{"@type":"ImageObject","inLanguage":"pt-PT","@id":"https:\/\/inclusivenews.com.br\/#\/schema\/logo\/image\/","url":"https:\/\/inclusivenews.com.br\/wp-content\/uploads\/2024\/03\/@grandesite.png","contentUrl":"https:\/\/inclusivenews.com.br\/wp-content\/uploads\/2024\/03\/@grandesite.png","width":1080,"height":1080,"caption":"Inclusive - inclus\u00e3o e cidadania"},"image":{"@id":"https:\/\/inclusivenews.com.br\/#\/schema\/logo\/image\/"},"sameAs":["https:\/\/www.facebook.com\/agenciainclusive\/","https:\/\/www.instagram.com\/newsinclusive\/"]},{"@type":"Person","@id":"https:\/\/inclusivenews.com.br\/#\/schema\/person\/ae4ec7087559b8692fb33b6fffd2273b","name":"inclusivenews2024","image":{"@type":"ImageObject","inLanguage":"pt-PT","@id":"https:\/\/secure.gravatar.com\/avatar\/c5a7ef84c66fa914f55bc4f7ce26cfa275a3b9a1c5568b907bd184fb4dde7b40?s=96&d=mm&r=g","url":"https:\/\/secure.gravatar.com\/avatar\/c5a7ef84c66fa914f55bc4f7ce26cfa275a3b9a1c5568b907bd184fb4dde7b40?s=96&d=mm&r=g","contentUrl":"https:\/\/secure.gravatar.com\/avatar\/c5a7ef84c66fa914f55bc4f7ce26cfa275a3b9a1c5568b907bd184fb4dde7b40?s=96&d=mm&r=g","caption":"inclusivenews2024"},"sameAs":["https:\/\/inclusivenews.com.br"],"url":"https:\/\/inclusivenews.com.br\/?author=1"}]}},"_links":{"self":[{"href":"https:\/\/inclusivenews.com.br\/index.php?rest_route=\/wp\/v2\/posts\/18009","targetHints":{"allow":["GET"]}}],"collection":[{"href":"https:\/\/inclusivenews.com.br\/index.php?rest_route=\/wp\/v2\/posts"}],"about":[{"href":"https:\/\/inclusivenews.com.br\/index.php?rest_route=\/wp\/v2\/types\/post"}],"author":[{"embeddable":true,"href":"https:\/\/inclusivenews.com.br\/index.php?rest_route=\/wp\/v2\/users\/1"}],"replies":[{"embeddable":true,"href":"https:\/\/inclusivenews.com.br\/index.php?rest_route=%2Fwp%2Fv2%2Fcomments&post=18009"}],"version-history":[{"count":0,"href":"https:\/\/inclusivenews.com.br\/index.php?rest_route=\/wp\/v2\/posts\/18009\/revisions"}],"wp:attachment":[{"href":"https:\/\/inclusivenews.com.br\/index.php?rest_route=%2Fwp%2Fv2%2Fmedia&parent=18009"}],"wp:term":[{"taxonomy":"category","embeddable":true,"href":"https:\/\/inclusivenews.com.br\/index.php?rest_route=%2Fwp%2Fv2%2Fcategories&post=18009"},{"taxonomy":"post_tag","embeddable":true,"href":"https:\/\/inclusivenews.com.br\/index.php?rest_route=%2Fwp%2Fv2%2Ftags&post=18009"}],"curies":[{"name":"wp","href":"https:\/\/api.w.org\/{rel}","templated":true}]}}