{"id":18017,"date":"2010-11-25T06:42:20","date_gmt":"2010-11-25T09:42:20","guid":{"rendered":"http:\/\/www.inclusive.org.br\/?p=18017"},"modified":"2010-11-25T06:42:20","modified_gmt":"2010-11-25T09:42:20","slug":"pessoas-com-deficiencia-visual-cobram-pressa-na-regulamentacao-da-lei-do-livro","status":"publish","type":"post","link":"https:\/\/inclusivenews.com.br\/?p=18017","title":{"rendered":"Pessoas com defici\u00eancia visual cobram pressa na regulamenta\u00e7\u00e3o da Lei do Livro"},"content":{"rendered":"<figure style=\"width: 300px\" class=\"wp-caption alignleft\"><img loading=\"lazy\" decoding=\"async\" class=\" \" title=\"Imagem das pessoas presentes no Sal\u00e3o. N\u00e3o identificadas.\" src=\"http:\/\/www.senado.gov.br\/noticias\/inc\/multimidia\/verImagem.aspx?codImagem=289374\" alt=\"Imagem das pessoas presentes no Sal\u00e3o. N\u00e3o identificadas.\" width=\"300\" height=\"220\" \/><figcaption class=\"wp-caption-text\">Foto: Roberto Homem | Ag\u00eancia Senado<\/figcaption><\/figure>\n<p>&#8220;N\u00e3o estamos pedindo que as editoras distribuam gratuitamente livros para os portadores de defici\u00eancia visual, apenas queremos que elas disponibilizem para a venda essas publica\u00e7\u00f5es no formato braile e digital, que s\u00e3o adequados para n\u00f3s&#8221;. O desabafo foi feito pela bibliotec\u00e1ria do n\u00facleo de educa\u00e7\u00e3o especial da Universidade Estadual da Para\u00edba, Ana L\u00facia Leite, ao cobrar a regulamenta\u00e7\u00e3o da Lei do Livro, durante em entrevista no estande do Senado no 1\u00ba Sal\u00e3o Internacional do Livro da Para\u00edba.  Sancionada em 2003, a Lei 10.753 institui a Pol\u00edtica Nacional do Livro assegurando ao cidad\u00e3o, em seu cap\u00edtulo I, o &#8220;pleno exerc\u00edcio do direito de acesso e uso do livro&#8221;. J\u00e1 no par\u00e1grafo \u00fanico do artigo 2\u00ba, a lei fornece uma rela\u00e7\u00e3o de itens que s\u00e3o considerados livros. Entre eles est\u00e3o &#8220;os livros em meio digital, magn\u00e9tico e \u00f3tico para uso exclusivo de pessoas com defici\u00eancia visual&#8221; e os livros impressos no sistema braile.  Ana L\u00facia explicou que, apesar da lei, as editoras n\u00e3o cumprem a determina\u00e7\u00e3o de oferecer os livros no formato apropriado para os cegos sob a alega\u00e7\u00e3o de que poderiam estar infringindo algum direito autoral. Por isso ela ressaltou a necessidade de essa legisla\u00e7\u00e3o ser regulamentada o mais rapidamente poss\u00edvel. O bibliotec\u00e1rio e documentalista do setor braile da Biblioteca Central da Universidade Federal da Para\u00edba (UFPB), Josenildo Costa, apoiou a reivindica\u00e7\u00e3o. Ele tamb\u00e9m pediu aos senadores a aprova\u00e7\u00e3o de uma legisla\u00e7\u00e3o que isente de impostos e crie subs\u00eddios para a aquisi\u00e7\u00e3o de equipamentos que minimizem as desvantagens dos portadores de defici\u00eancia.  &#8211; Existem v\u00e1rios equipamentos que servem como importantes ferramentas de trabalho para os cegos, mas eles custam muito caro. Essa seria uma ajuda bastante significativa que o Senado estaria oferecendo aos portadores de defici\u00eancia visual. Em Portugal o governo fornece muitos desses produtos sem cobrar nada. No Brasil infelizmente ainda n\u00e3o h\u00e1 uma pol\u00edtica p\u00fablica nesse sentido &#8211; lamentou Josenildo Costa.  Tanto Ana L\u00facia quanto Josenildo s\u00e3o portadores de defici\u00eancia visual. Eles receberam, em nome de suas institui\u00e7\u00f5es, as publica\u00e7\u00f5es em braile do Senado. Al\u00e9m da Universidade Estadual da Para\u00edba e da Universidade Federal da Para\u00edba, tamb\u00e9m foram contempladas com as doa\u00e7\u00f5es o Instituto dos Cegos de Campina Grande, a Associa\u00e7\u00e3o Paraibana de Cegos e a Escola Municipal Carlos Neves da Franca.  Representando a Escola Carlos Neves da Franca, a professora portadora de defici\u00eancia visual Denise Karina Lopes Bezerra explicou que est\u00e1 trabalhando no desenvolvimento de um projeto de educa\u00e7\u00e3o inclusiva na \u00e1rea de defici\u00eancia visual. Os livros doados pelo Senado foram Lei de Fal\u00eancias, Lei Antidrogas, Lei de Diretrizes e Bases da Educa\u00e7\u00e3o, Legisla\u00e7\u00e3o Desportiva, Acordo Ortogr\u00e1fico da L\u00edngua Portuguesa, O Velho Senado (Machado de Assis), Um passeio de Bonde (Artur Azevedo) e Eu Senadoro um Passeio (Ziraldo).  ___________________  <strong>Fonte:<\/strong> <a href=\"http:\/\/www.senado.gov.br\/noticias\/verNoticia.aspx?codNoticia=105536&amp;codAplicativo=2\">Ag\u00eancia Senado<\/a><\/p>\n","protected":false},"excerpt":{"rendered":"<p>Ana L\u00facia explicou que, apesar da lei, as editoras n\u00e3o cumprem a determina\u00e7\u00e3o de oferecer os livros no formato apropriado para os cegos sob a alega\u00e7\u00e3o de que poderiam estar infringindo algum direito autoral. Por isso ela ressaltou a necessidade de essa legisla\u00e7\u00e3o ser regulamentada o mais rapidamente poss\u00edvel. Informa\u00e7\u00e3o \u00e9 da Ag\u00eancia Senado.<\/p>\n","protected":false},"author":1,"featured_media":0,"comment_status":"open","ping_status":"open","sticky":false,"template":"","format":"standard","meta":{"site-container-style":"default","site-container-layout":"default","site-sidebar-layout":"default","disable-article-header":"default","disable-site-header":"default","disable-site-footer":"default","disable-content-area-spacing":"default","footnotes":""},"categories":[29,38,6,48,4],"tags":[125],"class_list":["post-18017","post","type-post","status-publish","format-standard","hentry","category-cultura","category-deficiencia","category-educacao","category-inclusao","category-noticias","tag-leitura"],"yoast_head":"<!-- This site is optimized with the Yoast SEO plugin v27.4 - https:\/\/yoast.com\/product\/yoast-seo-wordpress\/ -->\n<title>Pessoas com defici\u00eancia visual cobram pressa na regulamenta\u00e7\u00e3o da Lei do Livro -<\/title>\n<meta name=\"robots\" content=\"index, follow, max-snippet:-1, max-image-preview:large, max-video-preview:-1\" \/>\n<link rel=\"canonical\" href=\"https:\/\/inclusivenews.com.br\/?p=18017\" \/>\n<meta property=\"og:locale\" content=\"pt_PT\" \/>\n<meta property=\"og:type\" content=\"article\" \/>\n<meta property=\"og:title\" content=\"Pessoas com defici\u00eancia visual cobram pressa na regulamenta\u00e7\u00e3o da Lei do Livro -\" \/>\n<meta property=\"og:description\" content=\"Ana L\u00facia explicou que, apesar da lei, as editoras n\u00e3o cumprem a determina\u00e7\u00e3o de oferecer os livros no formato apropriado para os cegos sob a alega\u00e7\u00e3o de que poderiam estar infringindo algum direito autoral. Por isso ela ressaltou a necessidade de essa legisla\u00e7\u00e3o ser regulamentada o mais rapidamente poss\u00edvel. Informa\u00e7\u00e3o \u00e9 da Ag\u00eancia Senado.\" \/>\n<meta property=\"og:url\" content=\"https:\/\/inclusivenews.com.br\/?p=18017\" \/>\n<meta property=\"article:publisher\" content=\"https:\/\/www.facebook.com\/agenciainclusive\/\" \/>\n<meta property=\"article:published_time\" content=\"2010-11-25T09:42:20+00:00\" \/>\n<meta property=\"og:image\" content=\"http:\/\/www.senado.gov.br\/noticias\/inc\/multimidia\/verImagem.aspx?codImagem=289374\" \/>\n<meta name=\"author\" content=\"inclusivenews2024\" \/>\n<meta name=\"twitter:card\" content=\"summary_large_image\" \/>\n<meta name=\"twitter:label1\" content=\"Escrito por\" \/>\n\t<meta name=\"twitter:data1\" content=\"inclusivenews2024\" \/>\n\t<meta name=\"twitter:label2\" content=\"Tempo estimado de leitura\" \/>\n\t<meta name=\"twitter:data2\" content=\"3 minutos\" \/>\n<script type=\"application\/ld+json\" class=\"yoast-schema-graph\">{\"@context\":\"https:\\\/\\\/schema.org\",\"@graph\":[{\"@type\":\"Article\",\"@id\":\"https:\\\/\\\/inclusivenews.com.br\\\/?p=18017#article\",\"isPartOf\":{\"@id\":\"https:\\\/\\\/inclusivenews.com.br\\\/?p=18017\"},\"author\":{\"name\":\"inclusivenews2024\",\"@id\":\"https:\\\/\\\/inclusivenews.com.br\\\/#\\\/schema\\\/person\\\/ae4ec7087559b8692fb33b6fffd2273b\"},\"headline\":\"Pessoas com defici\u00eancia visual cobram pressa na regulamenta\u00e7\u00e3o da Lei do Livro\",\"datePublished\":\"2010-11-25T09:42:20+00:00\",\"mainEntityOfPage\":{\"@id\":\"https:\\\/\\\/inclusivenews.com.br\\\/?p=18017\"},\"wordCount\":539,\"commentCount\":0,\"publisher\":{\"@id\":\"https:\\\/\\\/inclusivenews.com.br\\\/#organization\"},\"image\":{\"@id\":\"https:\\\/\\\/inclusivenews.com.br\\\/?p=18017#primaryimage\"},\"thumbnailUrl\":\"http:\\\/\\\/www.senado.gov.br\\\/noticias\\\/inc\\\/multimidia\\\/verImagem.aspx?codImagem=289374\",\"keywords\":[\"Leitura\"],\"articleSection\":[\"Cultura\",\"Defici\u00eancia\",\"EDUCA\u00c7\u00c3O\",\"INCLUS\u00c3O SOCIAL\",\"NOT\u00cdCIAS\"],\"inLanguage\":\"pt-PT\",\"potentialAction\":[{\"@type\":\"CommentAction\",\"name\":\"Comment\",\"target\":[\"https:\\\/\\\/inclusivenews.com.br\\\/?p=18017#respond\"]}]},{\"@type\":\"WebPage\",\"@id\":\"https:\\\/\\\/inclusivenews.com.br\\\/?p=18017\",\"url\":\"https:\\\/\\\/inclusivenews.com.br\\\/?p=18017\",\"name\":\"Pessoas com defici\u00eancia visual cobram pressa na regulamenta\u00e7\u00e3o da Lei do Livro -\",\"isPartOf\":{\"@id\":\"https:\\\/\\\/inclusivenews.com.br\\\/#website\"},\"primaryImageOfPage\":{\"@id\":\"https:\\\/\\\/inclusivenews.com.br\\\/?p=18017#primaryimage\"},\"image\":{\"@id\":\"https:\\\/\\\/inclusivenews.com.br\\\/?p=18017#primaryimage\"},\"thumbnailUrl\":\"http:\\\/\\\/www.senado.gov.br\\\/noticias\\\/inc\\\/multimidia\\\/verImagem.aspx?codImagem=289374\",\"datePublished\":\"2010-11-25T09:42:20+00:00\",\"breadcrumb\":{\"@id\":\"https:\\\/\\\/inclusivenews.com.br\\\/?p=18017#breadcrumb\"},\"inLanguage\":\"pt-PT\",\"potentialAction\":[{\"@type\":\"ReadAction\",\"target\":[\"https:\\\/\\\/inclusivenews.com.br\\\/?p=18017\"]}]},{\"@type\":\"ImageObject\",\"inLanguage\":\"pt-PT\",\"@id\":\"https:\\\/\\\/inclusivenews.com.br\\\/?p=18017#primaryimage\",\"url\":\"http:\\\/\\\/www.senado.gov.br\\\/noticias\\\/inc\\\/multimidia\\\/verImagem.aspx?codImagem=289374\",\"contentUrl\":\"http:\\\/\\\/www.senado.gov.br\\\/noticias\\\/inc\\\/multimidia\\\/verImagem.aspx?codImagem=289374\"},{\"@type\":\"BreadcrumbList\",\"@id\":\"https:\\\/\\\/inclusivenews.com.br\\\/?p=18017#breadcrumb\",\"itemListElement\":[{\"@type\":\"ListItem\",\"position\":1,\"name\":\"In\u00edcio\",\"item\":\"https:\\\/\\\/inclusivenews.com.br\\\/\"},{\"@type\":\"ListItem\",\"position\":2,\"name\":\"Pessoas com defici\u00eancia visual cobram pressa na regulamenta\u00e7\u00e3o da Lei do Livro\"}]},{\"@type\":\"WebSite\",\"@id\":\"https:\\\/\\\/inclusivenews.com.br\\\/#website\",\"url\":\"https:\\\/\\\/inclusivenews.com.br\\\/\",\"name\":\"Inclusive News\",\"description\":\"Inclusive News\",\"publisher\":{\"@id\":\"https:\\\/\\\/inclusivenews.com.br\\\/#organization\"},\"potentialAction\":[{\"@type\":\"SearchAction\",\"target\":{\"@type\":\"EntryPoint\",\"urlTemplate\":\"https:\\\/\\\/inclusivenews.com.br\\\/?s={search_term_string}\"},\"query-input\":{\"@type\":\"PropertyValueSpecification\",\"valueRequired\":true,\"valueName\":\"search_term_string\"}}],\"inLanguage\":\"pt-PT\"},{\"@type\":\"Organization\",\"@id\":\"https:\\\/\\\/inclusivenews.com.br\\\/#organization\",\"name\":\"Inclusive - inclus\u00e3o e cidadania\",\"url\":\"https:\\\/\\\/inclusivenews.com.br\\\/\",\"logo\":{\"@type\":\"ImageObject\",\"inLanguage\":\"pt-PT\",\"@id\":\"https:\\\/\\\/inclusivenews.com.br\\\/#\\\/schema\\\/logo\\\/image\\\/\",\"url\":\"https:\\\/\\\/inclusivenews.com.br\\\/wp-content\\\/uploads\\\/2024\\\/03\\\/@grandesite.png\",\"contentUrl\":\"https:\\\/\\\/inclusivenews.com.br\\\/wp-content\\\/uploads\\\/2024\\\/03\\\/@grandesite.png\",\"width\":1080,\"height\":1080,\"caption\":\"Inclusive - inclus\u00e3o e cidadania\"},\"image\":{\"@id\":\"https:\\\/\\\/inclusivenews.com.br\\\/#\\\/schema\\\/logo\\\/image\\\/\"},\"sameAs\":[\"https:\\\/\\\/www.facebook.com\\\/agenciainclusive\\\/\",\"https:\\\/\\\/www.instagram.com\\\/newsinclusive\\\/\"]},{\"@type\":\"Person\",\"@id\":\"https:\\\/\\\/inclusivenews.com.br\\\/#\\\/schema\\\/person\\\/ae4ec7087559b8692fb33b6fffd2273b\",\"name\":\"inclusivenews2024\",\"image\":{\"@type\":\"ImageObject\",\"inLanguage\":\"pt-PT\",\"@id\":\"https:\\\/\\\/secure.gravatar.com\\\/avatar\\\/c5a7ef84c66fa914f55bc4f7ce26cfa275a3b9a1c5568b907bd184fb4dde7b40?s=96&d=mm&r=g\",\"url\":\"https:\\\/\\\/secure.gravatar.com\\\/avatar\\\/c5a7ef84c66fa914f55bc4f7ce26cfa275a3b9a1c5568b907bd184fb4dde7b40?s=96&d=mm&r=g\",\"contentUrl\":\"https:\\\/\\\/secure.gravatar.com\\\/avatar\\\/c5a7ef84c66fa914f55bc4f7ce26cfa275a3b9a1c5568b907bd184fb4dde7b40?s=96&d=mm&r=g\",\"caption\":\"inclusivenews2024\"},\"sameAs\":[\"https:\\\/\\\/inclusivenews.com.br\"],\"url\":\"https:\\\/\\\/inclusivenews.com.br\\\/?author=1\"}]}<\/script>\n<!-- \/ Yoast SEO plugin. -->","yoast_head_json":{"title":"Pessoas com defici\u00eancia visual cobram pressa na regulamenta\u00e7\u00e3o da Lei do Livro -","robots":{"index":"index","follow":"follow","max-snippet":"max-snippet:-1","max-image-preview":"max-image-preview:large","max-video-preview":"max-video-preview:-1"},"canonical":"https:\/\/inclusivenews.com.br\/?p=18017","og_locale":"pt_PT","og_type":"article","og_title":"Pessoas com defici\u00eancia visual cobram pressa na regulamenta\u00e7\u00e3o da Lei do Livro -","og_description":"Ana L\u00facia explicou que, apesar da lei, as editoras n\u00e3o cumprem a determina\u00e7\u00e3o de oferecer os livros no formato apropriado para os cegos sob a alega\u00e7\u00e3o de que poderiam estar infringindo algum direito autoral. Por isso ela ressaltou a necessidade de essa legisla\u00e7\u00e3o ser regulamentada o mais rapidamente poss\u00edvel. Informa\u00e7\u00e3o \u00e9 da Ag\u00eancia Senado.","og_url":"https:\/\/inclusivenews.com.br\/?p=18017","article_publisher":"https:\/\/www.facebook.com\/agenciainclusive\/","article_published_time":"2010-11-25T09:42:20+00:00","og_image":[{"url":"http:\/\/www.senado.gov.br\/noticias\/inc\/multimidia\/verImagem.aspx?codImagem=289374","type":"","width":"","height":""}],"author":"inclusivenews2024","twitter_card":"summary_large_image","twitter_misc":{"Escrito por":"inclusivenews2024","Tempo estimado de leitura":"3 minutos"},"schema":{"@context":"https:\/\/schema.org","@graph":[{"@type":"Article","@id":"https:\/\/inclusivenews.com.br\/?p=18017#article","isPartOf":{"@id":"https:\/\/inclusivenews.com.br\/?p=18017"},"author":{"name":"inclusivenews2024","@id":"https:\/\/inclusivenews.com.br\/#\/schema\/person\/ae4ec7087559b8692fb33b6fffd2273b"},"headline":"Pessoas com defici\u00eancia visual cobram pressa na regulamenta\u00e7\u00e3o da Lei do Livro","datePublished":"2010-11-25T09:42:20+00:00","mainEntityOfPage":{"@id":"https:\/\/inclusivenews.com.br\/?p=18017"},"wordCount":539,"commentCount":0,"publisher":{"@id":"https:\/\/inclusivenews.com.br\/#organization"},"image":{"@id":"https:\/\/inclusivenews.com.br\/?p=18017#primaryimage"},"thumbnailUrl":"http:\/\/www.senado.gov.br\/noticias\/inc\/multimidia\/verImagem.aspx?codImagem=289374","keywords":["Leitura"],"articleSection":["Cultura","Defici\u00eancia","EDUCA\u00c7\u00c3O","INCLUS\u00c3O SOCIAL","NOT\u00cdCIAS"],"inLanguage":"pt-PT","potentialAction":[{"@type":"CommentAction","name":"Comment","target":["https:\/\/inclusivenews.com.br\/?p=18017#respond"]}]},{"@type":"WebPage","@id":"https:\/\/inclusivenews.com.br\/?p=18017","url":"https:\/\/inclusivenews.com.br\/?p=18017","name":"Pessoas com defici\u00eancia visual cobram pressa na regulamenta\u00e7\u00e3o da Lei do Livro -","isPartOf":{"@id":"https:\/\/inclusivenews.com.br\/#website"},"primaryImageOfPage":{"@id":"https:\/\/inclusivenews.com.br\/?p=18017#primaryimage"},"image":{"@id":"https:\/\/inclusivenews.com.br\/?p=18017#primaryimage"},"thumbnailUrl":"http:\/\/www.senado.gov.br\/noticias\/inc\/multimidia\/verImagem.aspx?codImagem=289374","datePublished":"2010-11-25T09:42:20+00:00","breadcrumb":{"@id":"https:\/\/inclusivenews.com.br\/?p=18017#breadcrumb"},"inLanguage":"pt-PT","potentialAction":[{"@type":"ReadAction","target":["https:\/\/inclusivenews.com.br\/?p=18017"]}]},{"@type":"ImageObject","inLanguage":"pt-PT","@id":"https:\/\/inclusivenews.com.br\/?p=18017#primaryimage","url":"http:\/\/www.senado.gov.br\/noticias\/inc\/multimidia\/verImagem.aspx?codImagem=289374","contentUrl":"http:\/\/www.senado.gov.br\/noticias\/inc\/multimidia\/verImagem.aspx?codImagem=289374"},{"@type":"BreadcrumbList","@id":"https:\/\/inclusivenews.com.br\/?p=18017#breadcrumb","itemListElement":[{"@type":"ListItem","position":1,"name":"In\u00edcio","item":"https:\/\/inclusivenews.com.br\/"},{"@type":"ListItem","position":2,"name":"Pessoas com defici\u00eancia visual cobram pressa na regulamenta\u00e7\u00e3o da Lei do Livro"}]},{"@type":"WebSite","@id":"https:\/\/inclusivenews.com.br\/#website","url":"https:\/\/inclusivenews.com.br\/","name":"Inclusive News","description":"Inclusive News","publisher":{"@id":"https:\/\/inclusivenews.com.br\/#organization"},"potentialAction":[{"@type":"SearchAction","target":{"@type":"EntryPoint","urlTemplate":"https:\/\/inclusivenews.com.br\/?s={search_term_string}"},"query-input":{"@type":"PropertyValueSpecification","valueRequired":true,"valueName":"search_term_string"}}],"inLanguage":"pt-PT"},{"@type":"Organization","@id":"https:\/\/inclusivenews.com.br\/#organization","name":"Inclusive - inclus\u00e3o e cidadania","url":"https:\/\/inclusivenews.com.br\/","logo":{"@type":"ImageObject","inLanguage":"pt-PT","@id":"https:\/\/inclusivenews.com.br\/#\/schema\/logo\/image\/","url":"https:\/\/inclusivenews.com.br\/wp-content\/uploads\/2024\/03\/@grandesite.png","contentUrl":"https:\/\/inclusivenews.com.br\/wp-content\/uploads\/2024\/03\/@grandesite.png","width":1080,"height":1080,"caption":"Inclusive - inclus\u00e3o e cidadania"},"image":{"@id":"https:\/\/inclusivenews.com.br\/#\/schema\/logo\/image\/"},"sameAs":["https:\/\/www.facebook.com\/agenciainclusive\/","https:\/\/www.instagram.com\/newsinclusive\/"]},{"@type":"Person","@id":"https:\/\/inclusivenews.com.br\/#\/schema\/person\/ae4ec7087559b8692fb33b6fffd2273b","name":"inclusivenews2024","image":{"@type":"ImageObject","inLanguage":"pt-PT","@id":"https:\/\/secure.gravatar.com\/avatar\/c5a7ef84c66fa914f55bc4f7ce26cfa275a3b9a1c5568b907bd184fb4dde7b40?s=96&d=mm&r=g","url":"https:\/\/secure.gravatar.com\/avatar\/c5a7ef84c66fa914f55bc4f7ce26cfa275a3b9a1c5568b907bd184fb4dde7b40?s=96&d=mm&r=g","contentUrl":"https:\/\/secure.gravatar.com\/avatar\/c5a7ef84c66fa914f55bc4f7ce26cfa275a3b9a1c5568b907bd184fb4dde7b40?s=96&d=mm&r=g","caption":"inclusivenews2024"},"sameAs":["https:\/\/inclusivenews.com.br"],"url":"https:\/\/inclusivenews.com.br\/?author=1"}]}},"_links":{"self":[{"href":"https:\/\/inclusivenews.com.br\/index.php?rest_route=\/wp\/v2\/posts\/18017","targetHints":{"allow":["GET"]}}],"collection":[{"href":"https:\/\/inclusivenews.com.br\/index.php?rest_route=\/wp\/v2\/posts"}],"about":[{"href":"https:\/\/inclusivenews.com.br\/index.php?rest_route=\/wp\/v2\/types\/post"}],"author":[{"embeddable":true,"href":"https:\/\/inclusivenews.com.br\/index.php?rest_route=\/wp\/v2\/users\/1"}],"replies":[{"embeddable":true,"href":"https:\/\/inclusivenews.com.br\/index.php?rest_route=%2Fwp%2Fv2%2Fcomments&post=18017"}],"version-history":[{"count":0,"href":"https:\/\/inclusivenews.com.br\/index.php?rest_route=\/wp\/v2\/posts\/18017\/revisions"}],"wp:attachment":[{"href":"https:\/\/inclusivenews.com.br\/index.php?rest_route=%2Fwp%2Fv2%2Fmedia&parent=18017"}],"wp:term":[{"taxonomy":"category","embeddable":true,"href":"https:\/\/inclusivenews.com.br\/index.php?rest_route=%2Fwp%2Fv2%2Fcategories&post=18017"},{"taxonomy":"post_tag","embeddable":true,"href":"https:\/\/inclusivenews.com.br\/index.php?rest_route=%2Fwp%2Fv2%2Ftags&post=18017"}],"curies":[{"name":"wp","href":"https:\/\/api.w.org\/{rel}","templated":true}]}}