{"id":18019,"date":"2010-11-25T06:42:46","date_gmt":"2010-11-25T09:42:46","guid":{"rendered":"http:\/\/www.inclusive.org.br\/?p=18019"},"modified":"2010-11-25T06:42:46","modified_gmt":"2010-11-25T09:42:46","slug":"ajudar-quem-quer-crescer","status":"publish","type":"post","link":"https:\/\/inclusivenews.com.br\/?p=18019","title":{"rendered":"Ajudar quem quer crescer"},"content":{"rendered":"<figure id=\"attachment_18021\" aria-describedby=\"caption-attachment-18021\" style=\"width: 221px\" class=\"wp-caption alignleft\"><a href=\"http:\/\/www.inclusivenews.com.br\/wp-content\/uploads\/2010\/11\/downzaragoza1.jpg\"><img loading=\"lazy\" decoding=\"async\" class=\"size-full wp-image-18021\" title=\"Down Zaragoza - fundaci\u00f3n  para la discapacidad intelectual - tr\u00eas cromossomos x sobre o nome\" src=\"http:\/\/inclusivenews.com.br\/wp-content\/uploads\/2010\/11\/downzaragoza1.jpg\" alt=\"Down Zaragoza - fundaci\u00f3n para la discapacidad intelectual - tr\u00eas cromossomos x sobre o nome\" width=\"221\" height=\"115\" \/><\/a><figcaption id=\"caption-attachment-18021\" class=\"wp-caption-text\"> <\/figcaption><\/figure>\n<p>Projecto &#8220;Parents of Down&#8221; foi considerado pela Comiss\u00e3o Europeia uma &#8220;ferramenta de grande qualidade&#8221;. Obteve oito em dez valores poss\u00edveis. O DVD dirigido a familiares de crian\u00e7as e pessoas com s\u00edndrome de Down \u00e9 um guia precioso para quem quer educar &#8211; na verdadeira acep\u00e7\u00e3o da palavra.<\/p>\n<p>\u00c9 uma ferramenta importante para ajudar quem padece de s\u00edndrome de Down. Um DVD, um CD e um livro did\u00e1ctico d\u00e3o corpo ao projecto &#8220;Parents of Down&#8221;, patrocinado pelo Programa Leonardo Da Vinci e desenvolvido pela Funda\u00e7\u00e3o Down de Sarago\u00e7a, o grupo internacional Master.D. e o Instituto Aragon\u00eas de Servi\u00e7os Sociais. O material pode ser adquirido atrav\u00e9s da Funda\u00e7\u00e3o Down de Sarago\u00e7a. O contacto \u00e9 <a href=\"mailto:info@downzaragoza.org\">info@downzaragoza.org<\/a><\/p>\n<p>A Comiss\u00e3o Europeia reconheceu o m\u00e9rito deste trabalho e deu oito em dez valores poss\u00edveis ao material elaborado propositadamente para os familiares de pessoas com o s\u00edndrome de Down. A nota positiva chegou acompanhada de um coment\u00e1rio. O projecto foi classificado como &#8220;uma ferramenta formativa de grande qualidade&#8221;.<\/p>\n<p>O objectivo \u00e9 ajudar quem lida de perto com pessoas com s\u00edndrome de Down, tendo em considera\u00e7\u00e3o os aspectos intrapessoais, biol\u00f3gicos e educativos de cada uma e n\u00e3o esquecendo que nos primeiros anos de vida h\u00e1 mais receptividade a quaisquer est\u00edmulos. O DVD tem indica\u00e7\u00f5es para ajudar a estimular e a educar durante o processo de desenvolvimento e aprendizagem, ou seja, nos primeiros anos de vida.<\/p>\n<p>O CD cont\u00e9m uma extensa informa\u00e7\u00e3o sobre o assunto, recolhida de v\u00e1rias p\u00e1ginas da Internet, e com os contactos nacionais e internacionais mais importantes desta \u00e1rea. E no livro \u00e9 feito um resumo dos recursos espec\u00edficos adaptados a cada pa\u00eds. Com um aviso para os pais: \u00e9 muito importante que a fam\u00edlia conhe\u00e7a o seu filho, as suas limita\u00e7\u00f5es e os seus pontos fortes.<\/p>\n<p>A iniciativa, patrocinada pelo programa da Comiss\u00e3o Europeia no \u00e2mbito de um dos seus projectos multilaterais de desenvolvimento da inova\u00e7\u00e3o, inclui v\u00e1rias entrevistas com pais e profissionais, volunt\u00e1rios e crian\u00e7as. Tudo gravado em cinco idiomas &#8211; ingl\u00eas, espanhol, romeno, italiano e grego &#8211; com subt\u00edtulos para cada tema abordado e gui\u00f5es desenvolvidos de uma maneira profissional.<\/p>\n<p>Material inovador, com uma forte componente educativa e acess\u00edvel, \u00e9 recomendado como um complemento das actividades realizadas por pais e profissionais dos centros especializados nessa s\u00edndrome. &#8220;N\u00e3o como um substituto deste trabalho, mas sim como um instrumento \u00fatil para as fam\u00edlias e educadores&#8221;, explica, em comunicado, Manuel Fandos, respons\u00e1vel pelas rela\u00e7\u00f5es externas da empresa Master.D. E acrescenta: &#8220;O objectivo final n\u00e3o \u00e9 outro que o de melhorar a qualidade de vida deste colectivo e conseguir as maiores cotas de autonomia poss\u00edveis.&#8221;<\/p>\n<p>Master.D \u00e9 um grupo internacional que conta com uma equipa de 1050 trabalhadores e docentes colaboradores e que, neste momento, d\u00e1 forma\u00e7\u00e3o a mais de 55 mil alunos, atrav\u00e9s da aprendizagem \u00e0 dist\u00e2ncia e semipresencial. A empresa tem 54 centros em Portugal, Brasil, Espanha, China e Gr\u00e9cia. No nosso pa\u00eds, est\u00e1 acreditada pela Direc\u00e7\u00e3o-Geral do Emprego e das Rela\u00e7\u00f5es de Trabalho.<\/p>\n<p>_____________<\/p>\n<p><strong>Fonte:<\/strong> <a href=\"http:\/\/www.educare.pt\/educare\/Actualidade.Noticia.aspx?contentid=90393CF4758F521CE0400A0AB8001D4F&amp;opsel=1&amp;channelid=0\">Educare<\/a><\/p>\n","protected":false},"excerpt":{"rendered":"<p>O DVD dirigido a familiares de crian\u00e7as e pessoas com s\u00edndrome de Down \u00e9 um guia precioso para quem quer educar &#8211; na verdadeira acep\u00e7\u00e3o da palavra. Informa\u00e7\u00e3o \u00e9 do Educare, de Portugal.<\/p>\n","protected":false},"author":1,"featured_media":0,"comment_status":"open","ping_status":"open","sticky":false,"template":"","format":"standard","meta":{"site-container-style":"default","site-container-layout":"default","site-sidebar-layout":"default","disable-article-header":"default","disable-site-header":"default","disable-site-footer":"default","disable-content-area-spacing":"default","footnotes":""},"categories":[38,48,4],"tags":[],"class_list":["post-18019","post","type-post","status-publish","format-standard","hentry","category-deficiencia","category-inclusao","category-noticias"],"yoast_head":"<!-- This site is optimized with the Yoast SEO plugin v27.4 - https:\/\/yoast.com\/product\/yoast-seo-wordpress\/ -->\n<title>Ajudar quem quer crescer -<\/title>\n<meta name=\"robots\" content=\"index, follow, max-snippet:-1, max-image-preview:large, max-video-preview:-1\" \/>\n<link rel=\"canonical\" href=\"https:\/\/inclusivenews.com.br\/?p=18019\" \/>\n<meta property=\"og:locale\" content=\"pt_PT\" \/>\n<meta property=\"og:type\" content=\"article\" \/>\n<meta property=\"og:title\" content=\"Ajudar quem quer crescer -\" \/>\n<meta property=\"og:description\" content=\"O DVD dirigido a familiares de crian\u00e7as e pessoas com s\u00edndrome de Down \u00e9 um guia precioso para quem quer educar - na verdadeira acep\u00e7\u00e3o da palavra. Informa\u00e7\u00e3o \u00e9 do Educare, de Portugal.\" \/>\n<meta property=\"og:url\" content=\"https:\/\/inclusivenews.com.br\/?p=18019\" \/>\n<meta property=\"article:publisher\" content=\"https:\/\/www.facebook.com\/agenciainclusive\/\" \/>\n<meta property=\"article:published_time\" content=\"2010-11-25T09:42:46+00:00\" \/>\n<meta property=\"og:image\" content=\"http:\/\/inclusivenews.com.br\/wp-content\/uploads\/2010\/11\/downzaragoza1.jpg\" \/>\n<meta name=\"author\" content=\"inclusivenews2024\" \/>\n<meta name=\"twitter:card\" content=\"summary_large_image\" \/>\n<meta name=\"twitter:label1\" content=\"Escrito por\" \/>\n\t<meta name=\"twitter:data1\" content=\"inclusivenews2024\" \/>\n\t<meta name=\"twitter:label2\" content=\"Tempo estimado de leitura\" \/>\n\t<meta name=\"twitter:data2\" content=\"3 minutos\" \/>\n<script type=\"application\/ld+json\" class=\"yoast-schema-graph\">{\"@context\":\"https:\\\/\\\/schema.org\",\"@graph\":[{\"@type\":\"Article\",\"@id\":\"https:\\\/\\\/inclusivenews.com.br\\\/?p=18019#article\",\"isPartOf\":{\"@id\":\"https:\\\/\\\/inclusivenews.com.br\\\/?p=18019\"},\"author\":{\"name\":\"inclusivenews2024\",\"@id\":\"https:\\\/\\\/inclusivenews.com.br\\\/#\\\/schema\\\/person\\\/ae4ec7087559b8692fb33b6fffd2273b\"},\"headline\":\"Ajudar quem quer crescer\",\"datePublished\":\"2010-11-25T09:42:46+00:00\",\"mainEntityOfPage\":{\"@id\":\"https:\\\/\\\/inclusivenews.com.br\\\/?p=18019\"},\"wordCount\":553,\"commentCount\":0,\"publisher\":{\"@id\":\"https:\\\/\\\/inclusivenews.com.br\\\/#organization\"},\"image\":{\"@id\":\"https:\\\/\\\/inclusivenews.com.br\\\/?p=18019#primaryimage\"},\"thumbnailUrl\":\"http:\\\/\\\/inclusivenews.com.br\\\/wp-content\\\/uploads\\\/2010\\\/11\\\/downzaragoza1.jpg\",\"articleSection\":[\"Defici\u00eancia\",\"INCLUS\u00c3O SOCIAL\",\"NOT\u00cdCIAS\"],\"inLanguage\":\"pt-PT\",\"potentialAction\":[{\"@type\":\"CommentAction\",\"name\":\"Comment\",\"target\":[\"https:\\\/\\\/inclusivenews.com.br\\\/?p=18019#respond\"]}]},{\"@type\":\"WebPage\",\"@id\":\"https:\\\/\\\/inclusivenews.com.br\\\/?p=18019\",\"url\":\"https:\\\/\\\/inclusivenews.com.br\\\/?p=18019\",\"name\":\"Ajudar quem quer crescer -\",\"isPartOf\":{\"@id\":\"https:\\\/\\\/inclusivenews.com.br\\\/#website\"},\"primaryImageOfPage\":{\"@id\":\"https:\\\/\\\/inclusivenews.com.br\\\/?p=18019#primaryimage\"},\"image\":{\"@id\":\"https:\\\/\\\/inclusivenews.com.br\\\/?p=18019#primaryimage\"},\"thumbnailUrl\":\"http:\\\/\\\/inclusivenews.com.br\\\/wp-content\\\/uploads\\\/2010\\\/11\\\/downzaragoza1.jpg\",\"datePublished\":\"2010-11-25T09:42:46+00:00\",\"breadcrumb\":{\"@id\":\"https:\\\/\\\/inclusivenews.com.br\\\/?p=18019#breadcrumb\"},\"inLanguage\":\"pt-PT\",\"potentialAction\":[{\"@type\":\"ReadAction\",\"target\":[\"https:\\\/\\\/inclusivenews.com.br\\\/?p=18019\"]}]},{\"@type\":\"ImageObject\",\"inLanguage\":\"pt-PT\",\"@id\":\"https:\\\/\\\/inclusivenews.com.br\\\/?p=18019#primaryimage\",\"url\":\"\",\"contentUrl\":\"\"},{\"@type\":\"BreadcrumbList\",\"@id\":\"https:\\\/\\\/inclusivenews.com.br\\\/?p=18019#breadcrumb\",\"itemListElement\":[{\"@type\":\"ListItem\",\"position\":1,\"name\":\"In\u00edcio\",\"item\":\"https:\\\/\\\/inclusivenews.com.br\\\/\"},{\"@type\":\"ListItem\",\"position\":2,\"name\":\"Ajudar quem quer crescer\"}]},{\"@type\":\"WebSite\",\"@id\":\"https:\\\/\\\/inclusivenews.com.br\\\/#website\",\"url\":\"https:\\\/\\\/inclusivenews.com.br\\\/\",\"name\":\"Inclusive News\",\"description\":\"Inclusive News\",\"publisher\":{\"@id\":\"https:\\\/\\\/inclusivenews.com.br\\\/#organization\"},\"potentialAction\":[{\"@type\":\"SearchAction\",\"target\":{\"@type\":\"EntryPoint\",\"urlTemplate\":\"https:\\\/\\\/inclusivenews.com.br\\\/?s={search_term_string}\"},\"query-input\":{\"@type\":\"PropertyValueSpecification\",\"valueRequired\":true,\"valueName\":\"search_term_string\"}}],\"inLanguage\":\"pt-PT\"},{\"@type\":\"Organization\",\"@id\":\"https:\\\/\\\/inclusivenews.com.br\\\/#organization\",\"name\":\"Inclusive - inclus\u00e3o e cidadania\",\"url\":\"https:\\\/\\\/inclusivenews.com.br\\\/\",\"logo\":{\"@type\":\"ImageObject\",\"inLanguage\":\"pt-PT\",\"@id\":\"https:\\\/\\\/inclusivenews.com.br\\\/#\\\/schema\\\/logo\\\/image\\\/\",\"url\":\"https:\\\/\\\/inclusivenews.com.br\\\/wp-content\\\/uploads\\\/2024\\\/03\\\/@grandesite.png\",\"contentUrl\":\"https:\\\/\\\/inclusivenews.com.br\\\/wp-content\\\/uploads\\\/2024\\\/03\\\/@grandesite.png\",\"width\":1080,\"height\":1080,\"caption\":\"Inclusive - inclus\u00e3o e cidadania\"},\"image\":{\"@id\":\"https:\\\/\\\/inclusivenews.com.br\\\/#\\\/schema\\\/logo\\\/image\\\/\"},\"sameAs\":[\"https:\\\/\\\/www.facebook.com\\\/agenciainclusive\\\/\",\"https:\\\/\\\/www.instagram.com\\\/newsinclusive\\\/\"]},{\"@type\":\"Person\",\"@id\":\"https:\\\/\\\/inclusivenews.com.br\\\/#\\\/schema\\\/person\\\/ae4ec7087559b8692fb33b6fffd2273b\",\"name\":\"inclusivenews2024\",\"image\":{\"@type\":\"ImageObject\",\"inLanguage\":\"pt-PT\",\"@id\":\"https:\\\/\\\/secure.gravatar.com\\\/avatar\\\/c5a7ef84c66fa914f55bc4f7ce26cfa275a3b9a1c5568b907bd184fb4dde7b40?s=96&d=mm&r=g\",\"url\":\"https:\\\/\\\/secure.gravatar.com\\\/avatar\\\/c5a7ef84c66fa914f55bc4f7ce26cfa275a3b9a1c5568b907bd184fb4dde7b40?s=96&d=mm&r=g\",\"contentUrl\":\"https:\\\/\\\/secure.gravatar.com\\\/avatar\\\/c5a7ef84c66fa914f55bc4f7ce26cfa275a3b9a1c5568b907bd184fb4dde7b40?s=96&d=mm&r=g\",\"caption\":\"inclusivenews2024\"},\"sameAs\":[\"https:\\\/\\\/inclusivenews.com.br\"],\"url\":\"https:\\\/\\\/inclusivenews.com.br\\\/?author=1\"}]}<\/script>\n<!-- \/ Yoast SEO plugin. -->","yoast_head_json":{"title":"Ajudar quem quer crescer -","robots":{"index":"index","follow":"follow","max-snippet":"max-snippet:-1","max-image-preview":"max-image-preview:large","max-video-preview":"max-video-preview:-1"},"canonical":"https:\/\/inclusivenews.com.br\/?p=18019","og_locale":"pt_PT","og_type":"article","og_title":"Ajudar quem quer crescer -","og_description":"O DVD dirigido a familiares de crian\u00e7as e pessoas com s\u00edndrome de Down \u00e9 um guia precioso para quem quer educar - na verdadeira acep\u00e7\u00e3o da palavra. Informa\u00e7\u00e3o \u00e9 do Educare, de Portugal.","og_url":"https:\/\/inclusivenews.com.br\/?p=18019","article_publisher":"https:\/\/www.facebook.com\/agenciainclusive\/","article_published_time":"2010-11-25T09:42:46+00:00","og_image":[{"url":"http:\/\/inclusivenews.com.br\/wp-content\/uploads\/2010\/11\/downzaragoza1.jpg","type":"","width":"","height":""}],"author":"inclusivenews2024","twitter_card":"summary_large_image","twitter_misc":{"Escrito por":"inclusivenews2024","Tempo estimado de leitura":"3 minutos"},"schema":{"@context":"https:\/\/schema.org","@graph":[{"@type":"Article","@id":"https:\/\/inclusivenews.com.br\/?p=18019#article","isPartOf":{"@id":"https:\/\/inclusivenews.com.br\/?p=18019"},"author":{"name":"inclusivenews2024","@id":"https:\/\/inclusivenews.com.br\/#\/schema\/person\/ae4ec7087559b8692fb33b6fffd2273b"},"headline":"Ajudar quem quer crescer","datePublished":"2010-11-25T09:42:46+00:00","mainEntityOfPage":{"@id":"https:\/\/inclusivenews.com.br\/?p=18019"},"wordCount":553,"commentCount":0,"publisher":{"@id":"https:\/\/inclusivenews.com.br\/#organization"},"image":{"@id":"https:\/\/inclusivenews.com.br\/?p=18019#primaryimage"},"thumbnailUrl":"http:\/\/inclusivenews.com.br\/wp-content\/uploads\/2010\/11\/downzaragoza1.jpg","articleSection":["Defici\u00eancia","INCLUS\u00c3O SOCIAL","NOT\u00cdCIAS"],"inLanguage":"pt-PT","potentialAction":[{"@type":"CommentAction","name":"Comment","target":["https:\/\/inclusivenews.com.br\/?p=18019#respond"]}]},{"@type":"WebPage","@id":"https:\/\/inclusivenews.com.br\/?p=18019","url":"https:\/\/inclusivenews.com.br\/?p=18019","name":"Ajudar quem quer crescer -","isPartOf":{"@id":"https:\/\/inclusivenews.com.br\/#website"},"primaryImageOfPage":{"@id":"https:\/\/inclusivenews.com.br\/?p=18019#primaryimage"},"image":{"@id":"https:\/\/inclusivenews.com.br\/?p=18019#primaryimage"},"thumbnailUrl":"http:\/\/inclusivenews.com.br\/wp-content\/uploads\/2010\/11\/downzaragoza1.jpg","datePublished":"2010-11-25T09:42:46+00:00","breadcrumb":{"@id":"https:\/\/inclusivenews.com.br\/?p=18019#breadcrumb"},"inLanguage":"pt-PT","potentialAction":[{"@type":"ReadAction","target":["https:\/\/inclusivenews.com.br\/?p=18019"]}]},{"@type":"ImageObject","inLanguage":"pt-PT","@id":"https:\/\/inclusivenews.com.br\/?p=18019#primaryimage","url":"","contentUrl":""},{"@type":"BreadcrumbList","@id":"https:\/\/inclusivenews.com.br\/?p=18019#breadcrumb","itemListElement":[{"@type":"ListItem","position":1,"name":"In\u00edcio","item":"https:\/\/inclusivenews.com.br\/"},{"@type":"ListItem","position":2,"name":"Ajudar quem quer crescer"}]},{"@type":"WebSite","@id":"https:\/\/inclusivenews.com.br\/#website","url":"https:\/\/inclusivenews.com.br\/","name":"Inclusive News","description":"Inclusive News","publisher":{"@id":"https:\/\/inclusivenews.com.br\/#organization"},"potentialAction":[{"@type":"SearchAction","target":{"@type":"EntryPoint","urlTemplate":"https:\/\/inclusivenews.com.br\/?s={search_term_string}"},"query-input":{"@type":"PropertyValueSpecification","valueRequired":true,"valueName":"search_term_string"}}],"inLanguage":"pt-PT"},{"@type":"Organization","@id":"https:\/\/inclusivenews.com.br\/#organization","name":"Inclusive - inclus\u00e3o e cidadania","url":"https:\/\/inclusivenews.com.br\/","logo":{"@type":"ImageObject","inLanguage":"pt-PT","@id":"https:\/\/inclusivenews.com.br\/#\/schema\/logo\/image\/","url":"https:\/\/inclusivenews.com.br\/wp-content\/uploads\/2024\/03\/@grandesite.png","contentUrl":"https:\/\/inclusivenews.com.br\/wp-content\/uploads\/2024\/03\/@grandesite.png","width":1080,"height":1080,"caption":"Inclusive - inclus\u00e3o e cidadania"},"image":{"@id":"https:\/\/inclusivenews.com.br\/#\/schema\/logo\/image\/"},"sameAs":["https:\/\/www.facebook.com\/agenciainclusive\/","https:\/\/www.instagram.com\/newsinclusive\/"]},{"@type":"Person","@id":"https:\/\/inclusivenews.com.br\/#\/schema\/person\/ae4ec7087559b8692fb33b6fffd2273b","name":"inclusivenews2024","image":{"@type":"ImageObject","inLanguage":"pt-PT","@id":"https:\/\/secure.gravatar.com\/avatar\/c5a7ef84c66fa914f55bc4f7ce26cfa275a3b9a1c5568b907bd184fb4dde7b40?s=96&d=mm&r=g","url":"https:\/\/secure.gravatar.com\/avatar\/c5a7ef84c66fa914f55bc4f7ce26cfa275a3b9a1c5568b907bd184fb4dde7b40?s=96&d=mm&r=g","contentUrl":"https:\/\/secure.gravatar.com\/avatar\/c5a7ef84c66fa914f55bc4f7ce26cfa275a3b9a1c5568b907bd184fb4dde7b40?s=96&d=mm&r=g","caption":"inclusivenews2024"},"sameAs":["https:\/\/inclusivenews.com.br"],"url":"https:\/\/inclusivenews.com.br\/?author=1"}]}},"_links":{"self":[{"href":"https:\/\/inclusivenews.com.br\/index.php?rest_route=\/wp\/v2\/posts\/18019","targetHints":{"allow":["GET"]}}],"collection":[{"href":"https:\/\/inclusivenews.com.br\/index.php?rest_route=\/wp\/v2\/posts"}],"about":[{"href":"https:\/\/inclusivenews.com.br\/index.php?rest_route=\/wp\/v2\/types\/post"}],"author":[{"embeddable":true,"href":"https:\/\/inclusivenews.com.br\/index.php?rest_route=\/wp\/v2\/users\/1"}],"replies":[{"embeddable":true,"href":"https:\/\/inclusivenews.com.br\/index.php?rest_route=%2Fwp%2Fv2%2Fcomments&post=18019"}],"version-history":[{"count":0,"href":"https:\/\/inclusivenews.com.br\/index.php?rest_route=\/wp\/v2\/posts\/18019\/revisions"}],"wp:attachment":[{"href":"https:\/\/inclusivenews.com.br\/index.php?rest_route=%2Fwp%2Fv2%2Fmedia&parent=18019"}],"wp:term":[{"taxonomy":"category","embeddable":true,"href":"https:\/\/inclusivenews.com.br\/index.php?rest_route=%2Fwp%2Fv2%2Fcategories&post=18019"},{"taxonomy":"post_tag","embeddable":true,"href":"https:\/\/inclusivenews.com.br\/index.php?rest_route=%2Fwp%2Fv2%2Ftags&post=18019"}],"curies":[{"name":"wp","href":"https:\/\/api.w.org\/{rel}","templated":true}]}}