{"id":18023,"date":"2010-11-25T06:45:10","date_gmt":"2010-11-25T09:45:10","guid":{"rendered":"http:\/\/www.inclusive.org.br\/?p=18023"},"modified":"2010-11-25T06:45:10","modified_gmt":"2010-11-25T09:45:10","slug":"abertas-as-inscricoes-para-o-forum-social-mundial-2011","status":"publish","type":"post","link":"https:\/\/inclusivenews.com.br\/?p=18023","title":{"rendered":"Abertas as inscri\u00e7\u00f5es para o F\u00f3rum Social Mundial 2011"},"content":{"rendered":"<figure id=\"attachment_18025\" aria-describedby=\"caption-attachment-18025\" style=\"width: 156px\" class=\"wp-caption alignleft\"><a href=\"http:\/\/www.inclusivenews.com.br\/wp-content\/uploads\/2010\/11\/logo_fsm20111.png\"><img loading=\"lazy\" decoding=\"async\" class=\"size-full wp-image-18025\" title=\"Logotipo do F\u00f3rum Social Mundial 2011 - World Social Forum 2011\" src=\"http:\/\/inclusivenews.com.br\/wp-content\/uploads\/2010\/11\/logo_fsm20111.png\" alt=\"Logotipo do F\u00f3rum Social Mundial 2011 - World Social Forum 2011\" width=\"156\" height=\"99\" \/><\/a><figcaption id=\"caption-attachment-18025\" class=\"wp-caption-text\"> <\/figcaption><\/figure>\n<p>Est\u00e3o abertas as inscri\u00e7\u00f5es para a edi\u00e7\u00e3o centralizada do F\u00f3rum Social Mundial 2011 que acontece entre 6 e 11 de fevereiro, em Dacar, capital do Senegal. A orienta\u00e7\u00e3o da organiza\u00e7\u00e3o do FSM \u00e9 que a partir da leitura dos 12 eixos tem\u00e1ticos as organiza\u00e7\u00f5es fa\u00e7am suas inscri\u00e7\u00f5es escolhendo o mais apropriado \u00e0s suas atividades. H\u00e1 duas modalidades de inscri\u00e7\u00e3o: individual e organiza\u00e7\u00e3o. Esta possibilita, posteriormente, demais participa\u00e7\u00f5es como Assembleias de Converg\u00eancia, Atividades Expandidas, estandes. Assim como nas demais edi\u00e7\u00f5es centralizadas, somente as organiza\u00e7\u00f5es podem inscrever atividades. Caso tenha interesse em participar como expectador, preencha o formul\u00e1rio de inscri\u00e7\u00e3o individual mesmo.<\/p>\n<p>As organiza\u00e7\u00f5es que tiverem dificuldades de acesso \u00e0 Internet, ou se voc\u00ea souber de organiza\u00e7\u00f5es que necessitam de registro e enfrentam o mesmo problema, recomendamos que entre em contato com a Secretaria da Comiss\u00e3o Organizadora, em Dacar:<\/p>\n<p>+221 33 825 13 81<br \/>\n+221 77 436 88 01<br \/>\n+221 76 281 26 21<\/p>\n<p>Mais informa\u00e7\u00f5es sobre registro, entre em contato com: <a href=\"mailto:enregistrement@wsf2011.org\">enregistrement@wsf2011.org<\/a> ou <a href=\"mailto:secretariat@wsf2011.org\">secretariat@wsf2011.org<\/a><\/p>\n<p>Para inscrever-se<br \/>\nH\u00e1 duas modalidades para inscri\u00e7\u00e3o: individual e organiza\u00e7\u00e3o. Para as taxas clique aqui. As organiza\u00e7\u00f5es podem enviar at\u00e9 5 delegados e inscrever at\u00e9 3 atividades mediante o pagamento da taxa de inscri\u00e7\u00e3o. O prazo de encerramento das inscri\u00e7\u00f5es \u00e9 dia 15 de dezembro e para efetuar pagamento dia 25 do mesmo m\u00eas. Ap\u00f3s esta data n\u00e3o ser\u00e1 mais poss\u00edvel inscrever atividades autogestionadas, mas altera\u00e7\u00f5es de conte\u00fados das mesmas (dados da organiza\u00e7\u00e3o, das atividades e dos participantes) ser\u00e3o permitidas pelo sistema. Para esta opera\u00e7\u00e3o, por\u00e9m, tamb\u00e9m haver\u00e1 prazo limite, tamb\u00e9m no dia 25 de dezembro. A op\u00e7\u00e3o de pagamento estar\u00e1 habilitada em breve.<\/p>\n<p><a href=\"https:\/\/sys.jaiminho.com.br\/link.php?URL=aHR0cDovL3JlZ2lzdHJhdGlvbi5mc20yMDExLm9yZy9hY2NvdW50cy9sb2dpbi8=&amp;Name=&amp;EncryptedMemberID=MTAwMzk4OTI3Mg%3D%3D&amp;CampaignID=1903&amp;CampaignStatisticsID=1404&amp;Demo=0&amp;Email=YWdlbmNpYS5pbmNsdXNpdmVAZ21haWwuY29t\">Clique aqui para acessar o sistema de inscri\u00e7\u00e3o.<\/a><\/p>\n<p>Passo a passo<br \/>\n<a href=\"https:\/\/sys.jaiminho.com.br\/link.php?URL=aHR0cDovL2ZzbTIwMTEub3JnL2JyL3Bhc3NvLWEtcGFzc28=&amp;Name=&amp;EncryptedMemberID=MTAwMzk4OTI3Mg%3D%3D&amp;CampaignID=1903&amp;CampaignStatisticsID=1404&amp;Demo=0&amp;Email=YWdlbmNpYS5pbmNsdXNpdmVAZ21haWwuY29t\">Caso tenha alguma dificuldade para preencher os formul\u00e1rios ou saber mais detalhes sobre o processo de inscri\u00e7\u00e3o, clique aqui e acesse o passo a passo.<\/a><\/p>\n<p>Eixos<br \/>\n<a href=\"https:\/\/sys.jaiminho.com.br\/link.php?URL=aHR0cDovL2ZzbTIwMTEub3JnL2JyL25vdGljaWFzL2NvbnN1bHRhLXB1YmxpY2EtcmVvcmllbnRhLWVpeG9zLXRlbWF0aWNvcy1kZS1kYWNhcg==&amp;Name=&amp;EncryptedMemberID=MTAwMzk4OTI3Mg%3D%3D&amp;CampaignID=1903&amp;CampaignStatisticsID=1404&amp;Demo=0&amp;Email=YWdlbmNpYS5pbmNsdXNpdmVAZ21haWwuY29t\">Se voc\u00ea tem d\u00favidas do eixo mais apropriado para inserir sua atividade, clique aqui para rel\u00ea-los.<\/a><\/p>\n<p>Tradu\u00e7\u00e3o simult\u00e2nea<br \/>\nAs organiza\u00e7\u00f5es podem requerer tradu\u00e7\u00e3o simult\u00e2nea para suas atividades, na ficha de inscri\u00e7\u00e3o de atividades. <a href=\"https:\/\/sys.jaiminho.com.br\/link.php?URL=aHR0cDovL2ZzbTIwMTEub3JnL3RheGFzLWRlLXBhcnRpY2lwYWNhbw==&amp;Name=&amp;EncryptedMemberID=MTAwMzk4OTI3Mg%3D%3D&amp;CampaignID=1903&amp;CampaignStatisticsID=1404&amp;Demo=0&amp;Email=YWdlbmNpYS5pbmNsdXNpdmVAZ21haWwuY29t\">Atentem-se \u00e0s taxas adicionais!Estandes<br \/>\nAs organiza\u00e7\u00f5es podem ainda fazer pedidos de estandes de exposi\u00e7\u00e3o. Para isso, clique na aba \u201cEstandes\u201d no menu superior durante o ato de inscri\u00e7\u00e3o e fa\u00e7a seu pedido. Atentem-se \u00e0s taxas adicionais!<a href=\"https:\/\/sys.jaiminho.com.br\/link.php?URL=aHR0cDovL2ZzbTIwMTEub3JnL3RheGFzLWRlLXBhcnRpY2lwYWNhbw==&amp;Name=&amp;EncryptedMemberID=MTAwMzk4OTI3Mg%3D%3D&amp;CampaignID=1903&amp;CampaignStatisticsID=1404&amp;Demo=0&amp;Email=YWdlbmNpYS5pbmNsdXNpdmVAZ21haWwuY29t\">Assembleias de Converg\u00eancia e Atividades Expandidas<br \/>\nAs orienta\u00e7\u00f5es para as inscri\u00e7\u00f5es de Assembleias de Converg\u00eancia e das Atividades Expandidas tamb\u00e9m estar\u00e3o dispon\u00edveis em breve.<br \/>\n<a href=\"https:\/\/sys.jaiminho.com.br\/link.php?URL=aHR0cDovL2ZzbTIwMTEub3JnL3RheGFzLWRlLXBhcnRpY2lwYWNhbw==&amp;Name=&amp;EncryptedMemberID=MTAwMzk4OTI3Mg%3D%3D&amp;CampaignID=1903&amp;CampaignStatisticsID=1404&amp;Demo=0&amp;Email=YWdlbmNpYS5pbmNsdXNpdmVAZ21haWwuY29t\"><br \/>\n<\/a>Inscri\u00e7\u00e3o de comunicadores<br \/>\nUm formul\u00e1rio especial para comunicadores estar\u00e1 dispon\u00edvel em breve.<a href=\"https:\/\/sys.jaiminho.com.br\/link.php?URL=aHR0cDovL2ZzbTIwMTEub3JnL3RheGFzLWRlLXBhcnRpY2lwYWNhbw==&amp;Name=&amp;EncryptedMemberID=MTAwMzk4OTI3Mg%3D%3D&amp;CampaignID=1903&amp;CampaignStatisticsID=1404&amp;Demo=0&amp;Email=YWdlbmNpYS5pbmNsdXNpdmVAZ21haWwuY29t\">Para mais informa\u00e7\u00f5es de inscri\u00e7\u00f5es, por favor, entrem em contato com: <a href=\"mailto:enregistrement@wsf2011.org\">enregistrement@wsf2011.org<\/a>, <a href=\"mailto:secretariat@wsf2011.org\">secretariat@wsf2011.org<\/a> ou <a href=\"mailto:secretariat@wsf2011.org\">fsminfo@forumsocialmundial.org.br<\/a><\/p>\n<p><\/a><\/p>\n<p><\/a><\/p>\n<p><\/a><\/p>\n","protected":false},"excerpt":{"rendered":"<p>Est\u00e3o abertas as inscri\u00e7\u00f5es para a edi\u00e7\u00e3o centralizada do F\u00f3rum Social Mundial 2011 que acontece entre 6 e 11 de fevereiro, em Dacar, capital do Senegal. A orienta\u00e7\u00e3o da organiza\u00e7\u00e3o do FSM \u00e9 que a partir da leitura dos 12 eixos tem\u00e1ticos as organiza\u00e7\u00f5es fa\u00e7am suas inscri\u00e7\u00f5es escolhendo o mais apropriado \u00e0s suas atividades. H\u00e1 duas modalidades de inscri\u00e7\u00e3o: individual e organiza\u00e7\u00e3o. <\/p>\n","protected":false},"author":1,"featured_media":0,"comment_status":"open","ping_status":"open","sticky":false,"template":"","format":"standard","meta":{"site-container-style":"default","site-container-layout":"default","site-sidebar-layout":"default","disable-article-header":"default","disable-site-header":"default","disable-site-footer":"default","disable-content-area-spacing":"default","footnotes":""},"categories":[4],"tags":[],"class_list":["post-18023","post","type-post","status-publish","format-standard","hentry","category-noticias"],"yoast_head":"<!-- This site is optimized with the Yoast SEO plugin v27.4 - https:\/\/yoast.com\/product\/yoast-seo-wordpress\/ -->\n<title>Abertas as inscri\u00e7\u00f5es para o F\u00f3rum Social Mundial 2011 -<\/title>\n<meta name=\"robots\" content=\"index, follow, max-snippet:-1, max-image-preview:large, max-video-preview:-1\" \/>\n<link rel=\"canonical\" href=\"https:\/\/inclusivenews.com.br\/?p=18023\" \/>\n<meta property=\"og:locale\" content=\"pt_PT\" \/>\n<meta property=\"og:type\" content=\"article\" \/>\n<meta property=\"og:title\" content=\"Abertas as inscri\u00e7\u00f5es para o F\u00f3rum Social Mundial 2011 -\" \/>\n<meta property=\"og:description\" content=\"Est\u00e3o abertas as inscri\u00e7\u00f5es para a edi\u00e7\u00e3o centralizada do F\u00f3rum Social Mundial 2011 que acontece entre 6 e 11 de fevereiro, em Dacar, capital do Senegal. A orienta\u00e7\u00e3o da organiza\u00e7\u00e3o do FSM \u00e9 que a partir da leitura dos 12 eixos tem\u00e1ticos as organiza\u00e7\u00f5es fa\u00e7am suas inscri\u00e7\u00f5es escolhendo o mais apropriado \u00e0s suas atividades. H\u00e1 duas modalidades de inscri\u00e7\u00e3o: individual e organiza\u00e7\u00e3o.\" \/>\n<meta property=\"og:url\" content=\"https:\/\/inclusivenews.com.br\/?p=18023\" \/>\n<meta property=\"article:publisher\" content=\"https:\/\/www.facebook.com\/agenciainclusive\/\" \/>\n<meta property=\"article:published_time\" content=\"2010-11-25T09:45:10+00:00\" \/>\n<meta property=\"og:image\" content=\"http:\/\/inclusivenews.com.br\/wp-content\/uploads\/2010\/11\/logo_fsm20111.png\" \/>\n<meta name=\"author\" content=\"inclusivenews2024\" \/>\n<meta name=\"twitter:card\" content=\"summary_large_image\" \/>\n<meta name=\"twitter:label1\" content=\"Escrito por\" \/>\n\t<meta name=\"twitter:data1\" content=\"inclusivenews2024\" \/>\n\t<meta name=\"twitter:label2\" content=\"Tempo estimado de leitura\" \/>\n\t<meta name=\"twitter:data2\" content=\"2 minutos\" \/>\n<script type=\"application\/ld+json\" class=\"yoast-schema-graph\">{\"@context\":\"https:\\\/\\\/schema.org\",\"@graph\":[{\"@type\":\"Article\",\"@id\":\"https:\\\/\\\/inclusivenews.com.br\\\/?p=18023#article\",\"isPartOf\":{\"@id\":\"https:\\\/\\\/inclusivenews.com.br\\\/?p=18023\"},\"author\":{\"name\":\"inclusivenews2024\",\"@id\":\"https:\\\/\\\/inclusivenews.com.br\\\/#\\\/schema\\\/person\\\/ae4ec7087559b8692fb33b6fffd2273b\"},\"headline\":\"Abertas as inscri\u00e7\u00f5es para o F\u00f3rum Social Mundial 2011\",\"datePublished\":\"2010-11-25T09:45:10+00:00\",\"mainEntityOfPage\":{\"@id\":\"https:\\\/\\\/inclusivenews.com.br\\\/?p=18023\"},\"wordCount\":494,\"commentCount\":0,\"publisher\":{\"@id\":\"https:\\\/\\\/inclusivenews.com.br\\\/#organization\"},\"image\":{\"@id\":\"https:\\\/\\\/inclusivenews.com.br\\\/?p=18023#primaryimage\"},\"thumbnailUrl\":\"http:\\\/\\\/inclusivenews.com.br\\\/wp-content\\\/uploads\\\/2010\\\/11\\\/logo_fsm20111.png\",\"articleSection\":[\"NOT\u00cdCIAS\"],\"inLanguage\":\"pt-PT\",\"potentialAction\":[{\"@type\":\"CommentAction\",\"name\":\"Comment\",\"target\":[\"https:\\\/\\\/inclusivenews.com.br\\\/?p=18023#respond\"]}]},{\"@type\":\"WebPage\",\"@id\":\"https:\\\/\\\/inclusivenews.com.br\\\/?p=18023\",\"url\":\"https:\\\/\\\/inclusivenews.com.br\\\/?p=18023\",\"name\":\"Abertas as inscri\u00e7\u00f5es para o F\u00f3rum Social Mundial 2011 -\",\"isPartOf\":{\"@id\":\"https:\\\/\\\/inclusivenews.com.br\\\/#website\"},\"primaryImageOfPage\":{\"@id\":\"https:\\\/\\\/inclusivenews.com.br\\\/?p=18023#primaryimage\"},\"image\":{\"@id\":\"https:\\\/\\\/inclusivenews.com.br\\\/?p=18023#primaryimage\"},\"thumbnailUrl\":\"http:\\\/\\\/inclusivenews.com.br\\\/wp-content\\\/uploads\\\/2010\\\/11\\\/logo_fsm20111.png\",\"datePublished\":\"2010-11-25T09:45:10+00:00\",\"breadcrumb\":{\"@id\":\"https:\\\/\\\/inclusivenews.com.br\\\/?p=18023#breadcrumb\"},\"inLanguage\":\"pt-PT\",\"potentialAction\":[{\"@type\":\"ReadAction\",\"target\":[\"https:\\\/\\\/inclusivenews.com.br\\\/?p=18023\"]}]},{\"@type\":\"ImageObject\",\"inLanguage\":\"pt-PT\",\"@id\":\"https:\\\/\\\/inclusivenews.com.br\\\/?p=18023#primaryimage\",\"url\":\"\",\"contentUrl\":\"\"},{\"@type\":\"BreadcrumbList\",\"@id\":\"https:\\\/\\\/inclusivenews.com.br\\\/?p=18023#breadcrumb\",\"itemListElement\":[{\"@type\":\"ListItem\",\"position\":1,\"name\":\"In\u00edcio\",\"item\":\"https:\\\/\\\/inclusivenews.com.br\\\/\"},{\"@type\":\"ListItem\",\"position\":2,\"name\":\"Abertas as inscri\u00e7\u00f5es para o F\u00f3rum Social Mundial 2011\"}]},{\"@type\":\"WebSite\",\"@id\":\"https:\\\/\\\/inclusivenews.com.br\\\/#website\",\"url\":\"https:\\\/\\\/inclusivenews.com.br\\\/\",\"name\":\"Inclusive News\",\"description\":\"Inclusive News\",\"publisher\":{\"@id\":\"https:\\\/\\\/inclusivenews.com.br\\\/#organization\"},\"potentialAction\":[{\"@type\":\"SearchAction\",\"target\":{\"@type\":\"EntryPoint\",\"urlTemplate\":\"https:\\\/\\\/inclusivenews.com.br\\\/?s={search_term_string}\"},\"query-input\":{\"@type\":\"PropertyValueSpecification\",\"valueRequired\":true,\"valueName\":\"search_term_string\"}}],\"inLanguage\":\"pt-PT\"},{\"@type\":\"Organization\",\"@id\":\"https:\\\/\\\/inclusivenews.com.br\\\/#organization\",\"name\":\"Inclusive - inclus\u00e3o e cidadania\",\"url\":\"https:\\\/\\\/inclusivenews.com.br\\\/\",\"logo\":{\"@type\":\"ImageObject\",\"inLanguage\":\"pt-PT\",\"@id\":\"https:\\\/\\\/inclusivenews.com.br\\\/#\\\/schema\\\/logo\\\/image\\\/\",\"url\":\"https:\\\/\\\/inclusivenews.com.br\\\/wp-content\\\/uploads\\\/2024\\\/03\\\/@grandesite.png\",\"contentUrl\":\"https:\\\/\\\/inclusivenews.com.br\\\/wp-content\\\/uploads\\\/2024\\\/03\\\/@grandesite.png\",\"width\":1080,\"height\":1080,\"caption\":\"Inclusive - inclus\u00e3o e cidadania\"},\"image\":{\"@id\":\"https:\\\/\\\/inclusivenews.com.br\\\/#\\\/schema\\\/logo\\\/image\\\/\"},\"sameAs\":[\"https:\\\/\\\/www.facebook.com\\\/agenciainclusive\\\/\",\"https:\\\/\\\/www.instagram.com\\\/newsinclusive\\\/\"]},{\"@type\":\"Person\",\"@id\":\"https:\\\/\\\/inclusivenews.com.br\\\/#\\\/schema\\\/person\\\/ae4ec7087559b8692fb33b6fffd2273b\",\"name\":\"inclusivenews2024\",\"image\":{\"@type\":\"ImageObject\",\"inLanguage\":\"pt-PT\",\"@id\":\"https:\\\/\\\/secure.gravatar.com\\\/avatar\\\/c5a7ef84c66fa914f55bc4f7ce26cfa275a3b9a1c5568b907bd184fb4dde7b40?s=96&d=mm&r=g\",\"url\":\"https:\\\/\\\/secure.gravatar.com\\\/avatar\\\/c5a7ef84c66fa914f55bc4f7ce26cfa275a3b9a1c5568b907bd184fb4dde7b40?s=96&d=mm&r=g\",\"contentUrl\":\"https:\\\/\\\/secure.gravatar.com\\\/avatar\\\/c5a7ef84c66fa914f55bc4f7ce26cfa275a3b9a1c5568b907bd184fb4dde7b40?s=96&d=mm&r=g\",\"caption\":\"inclusivenews2024\"},\"sameAs\":[\"https:\\\/\\\/inclusivenews.com.br\"],\"url\":\"https:\\\/\\\/inclusivenews.com.br\\\/?author=1\"}]}<\/script>\n<!-- \/ Yoast SEO plugin. -->","yoast_head_json":{"title":"Abertas as inscri\u00e7\u00f5es para o F\u00f3rum Social Mundial 2011 -","robots":{"index":"index","follow":"follow","max-snippet":"max-snippet:-1","max-image-preview":"max-image-preview:large","max-video-preview":"max-video-preview:-1"},"canonical":"https:\/\/inclusivenews.com.br\/?p=18023","og_locale":"pt_PT","og_type":"article","og_title":"Abertas as inscri\u00e7\u00f5es para o F\u00f3rum Social Mundial 2011 -","og_description":"Est\u00e3o abertas as inscri\u00e7\u00f5es para a edi\u00e7\u00e3o centralizada do F\u00f3rum Social Mundial 2011 que acontece entre 6 e 11 de fevereiro, em Dacar, capital do Senegal. A orienta\u00e7\u00e3o da organiza\u00e7\u00e3o do FSM \u00e9 que a partir da leitura dos 12 eixos tem\u00e1ticos as organiza\u00e7\u00f5es fa\u00e7am suas inscri\u00e7\u00f5es escolhendo o mais apropriado \u00e0s suas atividades. H\u00e1 duas modalidades de inscri\u00e7\u00e3o: individual e organiza\u00e7\u00e3o.","og_url":"https:\/\/inclusivenews.com.br\/?p=18023","article_publisher":"https:\/\/www.facebook.com\/agenciainclusive\/","article_published_time":"2010-11-25T09:45:10+00:00","og_image":[{"url":"http:\/\/inclusivenews.com.br\/wp-content\/uploads\/2010\/11\/logo_fsm20111.png","type":"","width":"","height":""}],"author":"inclusivenews2024","twitter_card":"summary_large_image","twitter_misc":{"Escrito por":"inclusivenews2024","Tempo estimado de leitura":"2 minutos"},"schema":{"@context":"https:\/\/schema.org","@graph":[{"@type":"Article","@id":"https:\/\/inclusivenews.com.br\/?p=18023#article","isPartOf":{"@id":"https:\/\/inclusivenews.com.br\/?p=18023"},"author":{"name":"inclusivenews2024","@id":"https:\/\/inclusivenews.com.br\/#\/schema\/person\/ae4ec7087559b8692fb33b6fffd2273b"},"headline":"Abertas as inscri\u00e7\u00f5es para o F\u00f3rum Social Mundial 2011","datePublished":"2010-11-25T09:45:10+00:00","mainEntityOfPage":{"@id":"https:\/\/inclusivenews.com.br\/?p=18023"},"wordCount":494,"commentCount":0,"publisher":{"@id":"https:\/\/inclusivenews.com.br\/#organization"},"image":{"@id":"https:\/\/inclusivenews.com.br\/?p=18023#primaryimage"},"thumbnailUrl":"http:\/\/inclusivenews.com.br\/wp-content\/uploads\/2010\/11\/logo_fsm20111.png","articleSection":["NOT\u00cdCIAS"],"inLanguage":"pt-PT","potentialAction":[{"@type":"CommentAction","name":"Comment","target":["https:\/\/inclusivenews.com.br\/?p=18023#respond"]}]},{"@type":"WebPage","@id":"https:\/\/inclusivenews.com.br\/?p=18023","url":"https:\/\/inclusivenews.com.br\/?p=18023","name":"Abertas as inscri\u00e7\u00f5es para o F\u00f3rum Social Mundial 2011 -","isPartOf":{"@id":"https:\/\/inclusivenews.com.br\/#website"},"primaryImageOfPage":{"@id":"https:\/\/inclusivenews.com.br\/?p=18023#primaryimage"},"image":{"@id":"https:\/\/inclusivenews.com.br\/?p=18023#primaryimage"},"thumbnailUrl":"http:\/\/inclusivenews.com.br\/wp-content\/uploads\/2010\/11\/logo_fsm20111.png","datePublished":"2010-11-25T09:45:10+00:00","breadcrumb":{"@id":"https:\/\/inclusivenews.com.br\/?p=18023#breadcrumb"},"inLanguage":"pt-PT","potentialAction":[{"@type":"ReadAction","target":["https:\/\/inclusivenews.com.br\/?p=18023"]}]},{"@type":"ImageObject","inLanguage":"pt-PT","@id":"https:\/\/inclusivenews.com.br\/?p=18023#primaryimage","url":"","contentUrl":""},{"@type":"BreadcrumbList","@id":"https:\/\/inclusivenews.com.br\/?p=18023#breadcrumb","itemListElement":[{"@type":"ListItem","position":1,"name":"In\u00edcio","item":"https:\/\/inclusivenews.com.br\/"},{"@type":"ListItem","position":2,"name":"Abertas as inscri\u00e7\u00f5es para o F\u00f3rum Social Mundial 2011"}]},{"@type":"WebSite","@id":"https:\/\/inclusivenews.com.br\/#website","url":"https:\/\/inclusivenews.com.br\/","name":"Inclusive News","description":"Inclusive News","publisher":{"@id":"https:\/\/inclusivenews.com.br\/#organization"},"potentialAction":[{"@type":"SearchAction","target":{"@type":"EntryPoint","urlTemplate":"https:\/\/inclusivenews.com.br\/?s={search_term_string}"},"query-input":{"@type":"PropertyValueSpecification","valueRequired":true,"valueName":"search_term_string"}}],"inLanguage":"pt-PT"},{"@type":"Organization","@id":"https:\/\/inclusivenews.com.br\/#organization","name":"Inclusive - inclus\u00e3o e cidadania","url":"https:\/\/inclusivenews.com.br\/","logo":{"@type":"ImageObject","inLanguage":"pt-PT","@id":"https:\/\/inclusivenews.com.br\/#\/schema\/logo\/image\/","url":"https:\/\/inclusivenews.com.br\/wp-content\/uploads\/2024\/03\/@grandesite.png","contentUrl":"https:\/\/inclusivenews.com.br\/wp-content\/uploads\/2024\/03\/@grandesite.png","width":1080,"height":1080,"caption":"Inclusive - inclus\u00e3o e cidadania"},"image":{"@id":"https:\/\/inclusivenews.com.br\/#\/schema\/logo\/image\/"},"sameAs":["https:\/\/www.facebook.com\/agenciainclusive\/","https:\/\/www.instagram.com\/newsinclusive\/"]},{"@type":"Person","@id":"https:\/\/inclusivenews.com.br\/#\/schema\/person\/ae4ec7087559b8692fb33b6fffd2273b","name":"inclusivenews2024","image":{"@type":"ImageObject","inLanguage":"pt-PT","@id":"https:\/\/secure.gravatar.com\/avatar\/c5a7ef84c66fa914f55bc4f7ce26cfa275a3b9a1c5568b907bd184fb4dde7b40?s=96&d=mm&r=g","url":"https:\/\/secure.gravatar.com\/avatar\/c5a7ef84c66fa914f55bc4f7ce26cfa275a3b9a1c5568b907bd184fb4dde7b40?s=96&d=mm&r=g","contentUrl":"https:\/\/secure.gravatar.com\/avatar\/c5a7ef84c66fa914f55bc4f7ce26cfa275a3b9a1c5568b907bd184fb4dde7b40?s=96&d=mm&r=g","caption":"inclusivenews2024"},"sameAs":["https:\/\/inclusivenews.com.br"],"url":"https:\/\/inclusivenews.com.br\/?author=1"}]}},"_links":{"self":[{"href":"https:\/\/inclusivenews.com.br\/index.php?rest_route=\/wp\/v2\/posts\/18023","targetHints":{"allow":["GET"]}}],"collection":[{"href":"https:\/\/inclusivenews.com.br\/index.php?rest_route=\/wp\/v2\/posts"}],"about":[{"href":"https:\/\/inclusivenews.com.br\/index.php?rest_route=\/wp\/v2\/types\/post"}],"author":[{"embeddable":true,"href":"https:\/\/inclusivenews.com.br\/index.php?rest_route=\/wp\/v2\/users\/1"}],"replies":[{"embeddable":true,"href":"https:\/\/inclusivenews.com.br\/index.php?rest_route=%2Fwp%2Fv2%2Fcomments&post=18023"}],"version-history":[{"count":0,"href":"https:\/\/inclusivenews.com.br\/index.php?rest_route=\/wp\/v2\/posts\/18023\/revisions"}],"wp:attachment":[{"href":"https:\/\/inclusivenews.com.br\/index.php?rest_route=%2Fwp%2Fv2%2Fmedia&parent=18023"}],"wp:term":[{"taxonomy":"category","embeddable":true,"href":"https:\/\/inclusivenews.com.br\/index.php?rest_route=%2Fwp%2Fv2%2Fcategories&post=18023"},{"taxonomy":"post_tag","embeddable":true,"href":"https:\/\/inclusivenews.com.br\/index.php?rest_route=%2Fwp%2Fv2%2Ftags&post=18023"}],"curies":[{"name":"wp","href":"https:\/\/api.w.org\/{rel}","templated":true}]}}