{"id":18044,"date":"2010-11-25T06:43:33","date_gmt":"2010-11-25T09:43:33","guid":{"rendered":"http:\/\/www.inclusive.org.br\/?p=18044"},"modified":"2010-11-25T06:43:33","modified_gmt":"2010-11-25T09:43:33","slug":"movimento-negro-precisa-ter-unidade-por-cotas-e-contra-a-discriminacao-afirma-abdias-nascimento","status":"publish","type":"post","link":"https:\/\/inclusivenews.com.br\/?p=18044","title":{"rendered":"Movimento negro precisa ter unidade por cotas e contra a discrimina\u00e7\u00e3o, afirma Abdias Nascimento"},"content":{"rendered":"<figure id=\"attachment_18051\" aria-describedby=\"caption-attachment-18051\" style=\"width: 160px\" class=\"wp-caption alignleft\"><a href=\"http:\/\/www.inclusivenews.com.br\/wp-content\/uploads\/2010\/11\/movimento_negro.jpg\"><img loading=\"lazy\" decoding=\"async\" class=\"size-full wp-image-18051\" title=\"Movimento negro - quatro faces de pessoas negras dentro de um quadrado, no sentido hor\u00e1rio\" src=\"http:\/\/inclusivenews.com.br\/wp-content\/uploads\/2010\/11\/movimento_negro.jpg\" alt=\"Movimento negro - quatro faces de pessoas negras dentro de um quadrado, no sentido hor\u00e1rio\" width=\"160\" height=\"226\" \/><\/a><figcaption id=\"caption-attachment-18051\" class=\"wp-caption-text\"> <\/figcaption><\/figure>\n<p>Vladimir Platonow<br \/>\nRep\u00f3rter da Ag\u00eancia Brasil<\/p>\n<p>O movimento negro brasileiro precisa de maior unidade para garantir conquistas hist\u00f3ricas importantes como o sistema de cotas nas universidades e para combater o preconceito racial no trabalho. A an\u00e1lise \u00e9 do ex-senador Abdias Nascimento, um dos precursores da luta pela igualdade racial no pa\u00eds e que aos 96 anos de idade continua atento aos acontecimentos.<\/p>\n<p>\u201cUma das coisas que fazem falta \u2013 e que realmente \u00e9 uma aus\u00eancia importante e muito necess\u00e1ria \u2013 \u00e9 a unidade dos negros. \u00c9 dif\u00edcil fazer isso, mas as lideran\u00e7as negras t\u00eam feito o poss\u00edvel\u201d.<\/p>\n<p>Abdias alertou para a necessidade de se garantir a aplica\u00e7\u00e3o do sistema de cotas nas universidades, conquista recente, mas ainda n\u00e3o universalizada pelo ensino superior.<\/p>\n<p>\u201cA vigil\u00e2ncia [na aplica\u00e7\u00e3o das cotas] \u00e9 necess\u00e1ria sempre. A liberdade exige que as comunidades destitu\u00eddas estejam sempre alertas e sempre em a\u00e7\u00e3o. N\u00e3o pode descansar, achar que j\u00e1 est\u00e1 tudo feito. \u00c9 preciso luta, que a comunidade esteja alerta para conseguir al\u00e9m das cotas. Por exemplo, a garantia de emprego.\u201d<\/p>\n<p>A luta contra o preconceito racial no com\u00e9rcio foi justamente a primeira a\u00e7\u00e3o pol\u00edtica de Nascimento, na d\u00e9cada de 30. Segundo ele, passados 80 anos, o problema persiste. \u201cAinda h\u00e1 muita discrimina\u00e7\u00e3o de toda a forma. O com\u00e9rcio em geral ainda tem discrimina\u00e7\u00e3o e exclui o negro. \u00c9 preciso mobiliza\u00e7\u00e3o, porque o racista est\u00e1 envolto nas dobras da sociedade\u201d.<\/p>\n<p>Nascido em 1914, quatro anos ap\u00f3s a Revolta da Chibata, quando os marinheiros se insurgiram contra os castigos f\u00edsicos aplicados na Marinha, Abdias reconheceu que sua trajet\u00f3ria de vida foi influenciada pela atitude de Jo\u00e3o C\u00e2ndido, l\u00edder do movimento que passou \u00e0 hist\u00f3ria como o Almirante Negro.<\/p>\n<p>\u201cEla deixou de dar legitimidade ao castigo corporal ao ex-escravo, que continuava recebendo castigo de escravo. Foi um fen\u00f4meno bastante importante. Jo\u00e3o Candido me influenciou, pois deixou de ser leg\u00edtimo algu\u00e9m dar chicotada em negro\u201d.<\/p>\n<p>Abdias admitiu que houve avan\u00e7os na luta contra a discrimina\u00e7\u00e3o no governo de Luiz In\u00e1cio Lula da Silva, mas ressaltou que ainda h\u00e1 muita coisa a ser feita. Para ele, a responsabilidade agora est\u00e1 nas m\u00e3os das novas gera\u00e7\u00f5es.<\/p>\n<p>\u201cOlhem para o exemplo de Zumbi dos Palmares e sigam em frente. N\u00e3o pensem que est\u00e1 tudo feito e conquistado. Tem muita coisa a ser vencida e isso depende da juventude que est\u00e1 a\u00ed\u201d.<\/p>\n<p>Perguntado se, depois de tantos anos de luta contra a discrimina\u00e7\u00e3o racial no pa\u00eds, se sentia um vitorioso, o l\u00edder negro respondeu: \u201cEu n\u00e3o me sinto um vitorioso, mas a ra\u00e7a negra sim\u201d.<\/p>\n<p>Edi\u00e7\u00e3o: Rivadavia Severo<\/p>\n<p>_________________<\/p>\n<p><strong>Fonte:<\/strong> <a href=\"http:\/\/agenciabrasil.ebc.com.br\/home\/-\/journal_content\/56\/19523\/1105845\">Ag\u00eancia Brasil<\/a><\/p>\n","protected":false},"excerpt":{"rendered":"<p>O movimento negro brasileiro precisa de maior unidade para garantir conquistas hist\u00f3ricas importantes como o sistema de cotas nas universidades e para combater o preconceito racial no trabalho. A an\u00e1lise \u00e9 do ex-senador Abdias Nascimento, um dos precursores da luta pela igualdade racial no pa\u00eds e que aos 96 anos de idade continua atento aos acontecimentos. Da Ag\u00eancia Brasil.<\/p>\n","protected":false},"author":1,"featured_media":0,"comment_status":"open","ping_status":"open","sticky":false,"template":"","format":"standard","meta":{"site-container-style":"default","site-container-layout":"default","site-sidebar-layout":"default","disable-article-header":"default","disable-site-header":"default","disable-site-footer":"default","disable-content-area-spacing":"default","footnotes":""},"categories":[11,39,4],"tags":[],"class_list":["post-18044","post","type-post","status-publish","format-standard","hentry","category-direitos-humanos","category-discriminacao","category-noticias"],"yoast_head":"<!-- This site is optimized with the Yoast SEO plugin v27.4 - https:\/\/yoast.com\/product\/yoast-seo-wordpress\/ -->\n<title>Movimento negro precisa ter unidade por cotas e contra a discrimina\u00e7\u00e3o, afirma Abdias Nascimento -<\/title>\n<meta name=\"robots\" content=\"index, follow, max-snippet:-1, max-image-preview:large, max-video-preview:-1\" \/>\n<link rel=\"canonical\" href=\"https:\/\/inclusivenews.com.br\/?p=18044\" \/>\n<meta property=\"og:locale\" content=\"pt_PT\" \/>\n<meta property=\"og:type\" content=\"article\" \/>\n<meta property=\"og:title\" content=\"Movimento negro precisa ter unidade por cotas e contra a discrimina\u00e7\u00e3o, afirma Abdias Nascimento -\" \/>\n<meta property=\"og:description\" content=\"O movimento negro brasileiro precisa de maior unidade para garantir conquistas hist\u00f3ricas importantes como o sistema de cotas nas universidades e para combater o preconceito racial no trabalho. A an\u00e1lise \u00e9 do ex-senador Abdias Nascimento, um dos precursores da luta pela igualdade racial no pa\u00eds e que aos 96 anos de idade continua atento aos acontecimentos. Da Ag\u00eancia Brasil.\" \/>\n<meta property=\"og:url\" content=\"https:\/\/inclusivenews.com.br\/?p=18044\" \/>\n<meta property=\"article:publisher\" content=\"https:\/\/www.facebook.com\/agenciainclusive\/\" \/>\n<meta property=\"article:published_time\" content=\"2010-11-25T09:43:33+00:00\" \/>\n<meta property=\"og:image\" content=\"http:\/\/inclusivenews.com.br\/wp-content\/uploads\/2010\/11\/movimento_negro.jpg\" \/>\n<meta name=\"author\" content=\"inclusivenews2024\" \/>\n<meta name=\"twitter:card\" content=\"summary_large_image\" \/>\n<meta name=\"twitter:label1\" content=\"Escrito por\" \/>\n\t<meta name=\"twitter:data1\" content=\"inclusivenews2024\" \/>\n\t<meta name=\"twitter:label2\" content=\"Tempo estimado de leitura\" \/>\n\t<meta name=\"twitter:data2\" content=\"2 minutos\" \/>\n<script type=\"application\/ld+json\" class=\"yoast-schema-graph\">{\"@context\":\"https:\\\/\\\/schema.org\",\"@graph\":[{\"@type\":\"Article\",\"@id\":\"https:\\\/\\\/inclusivenews.com.br\\\/?p=18044#article\",\"isPartOf\":{\"@id\":\"https:\\\/\\\/inclusivenews.com.br\\\/?p=18044\"},\"author\":{\"name\":\"inclusivenews2024\",\"@id\":\"https:\\\/\\\/inclusivenews.com.br\\\/#\\\/schema\\\/person\\\/ae4ec7087559b8692fb33b6fffd2273b\"},\"headline\":\"Movimento negro precisa ter unidade por cotas e contra a discrimina\u00e7\u00e3o, afirma Abdias Nascimento\",\"datePublished\":\"2010-11-25T09:43:33+00:00\",\"mainEntityOfPage\":{\"@id\":\"https:\\\/\\\/inclusivenews.com.br\\\/?p=18044\"},\"wordCount\":487,\"commentCount\":0,\"publisher\":{\"@id\":\"https:\\\/\\\/inclusivenews.com.br\\\/#organization\"},\"image\":{\"@id\":\"https:\\\/\\\/inclusivenews.com.br\\\/?p=18044#primaryimage\"},\"thumbnailUrl\":\"http:\\\/\\\/inclusivenews.com.br\\\/wp-content\\\/uploads\\\/2010\\\/11\\\/movimento_negro.jpg\",\"articleSection\":[\"DIREITOS HUMANOS\",\"Discrimina\u00e7\u00e3o\",\"NOT\u00cdCIAS\"],\"inLanguage\":\"pt-PT\",\"potentialAction\":[{\"@type\":\"CommentAction\",\"name\":\"Comment\",\"target\":[\"https:\\\/\\\/inclusivenews.com.br\\\/?p=18044#respond\"]}]},{\"@type\":\"WebPage\",\"@id\":\"https:\\\/\\\/inclusivenews.com.br\\\/?p=18044\",\"url\":\"https:\\\/\\\/inclusivenews.com.br\\\/?p=18044\",\"name\":\"Movimento negro precisa ter unidade por cotas e contra a discrimina\u00e7\u00e3o, afirma Abdias Nascimento -\",\"isPartOf\":{\"@id\":\"https:\\\/\\\/inclusivenews.com.br\\\/#website\"},\"primaryImageOfPage\":{\"@id\":\"https:\\\/\\\/inclusivenews.com.br\\\/?p=18044#primaryimage\"},\"image\":{\"@id\":\"https:\\\/\\\/inclusivenews.com.br\\\/?p=18044#primaryimage\"},\"thumbnailUrl\":\"http:\\\/\\\/inclusivenews.com.br\\\/wp-content\\\/uploads\\\/2010\\\/11\\\/movimento_negro.jpg\",\"datePublished\":\"2010-11-25T09:43:33+00:00\",\"breadcrumb\":{\"@id\":\"https:\\\/\\\/inclusivenews.com.br\\\/?p=18044#breadcrumb\"},\"inLanguage\":\"pt-PT\",\"potentialAction\":[{\"@type\":\"ReadAction\",\"target\":[\"https:\\\/\\\/inclusivenews.com.br\\\/?p=18044\"]}]},{\"@type\":\"ImageObject\",\"inLanguage\":\"pt-PT\",\"@id\":\"https:\\\/\\\/inclusivenews.com.br\\\/?p=18044#primaryimage\",\"url\":\"\",\"contentUrl\":\"\"},{\"@type\":\"BreadcrumbList\",\"@id\":\"https:\\\/\\\/inclusivenews.com.br\\\/?p=18044#breadcrumb\",\"itemListElement\":[{\"@type\":\"ListItem\",\"position\":1,\"name\":\"In\u00edcio\",\"item\":\"https:\\\/\\\/inclusivenews.com.br\\\/\"},{\"@type\":\"ListItem\",\"position\":2,\"name\":\"Movimento negro precisa ter unidade por cotas e contra a discrimina\u00e7\u00e3o, afirma Abdias Nascimento\"}]},{\"@type\":\"WebSite\",\"@id\":\"https:\\\/\\\/inclusivenews.com.br\\\/#website\",\"url\":\"https:\\\/\\\/inclusivenews.com.br\\\/\",\"name\":\"Inclusive News\",\"description\":\"Inclusive News\",\"publisher\":{\"@id\":\"https:\\\/\\\/inclusivenews.com.br\\\/#organization\"},\"potentialAction\":[{\"@type\":\"SearchAction\",\"target\":{\"@type\":\"EntryPoint\",\"urlTemplate\":\"https:\\\/\\\/inclusivenews.com.br\\\/?s={search_term_string}\"},\"query-input\":{\"@type\":\"PropertyValueSpecification\",\"valueRequired\":true,\"valueName\":\"search_term_string\"}}],\"inLanguage\":\"pt-PT\"},{\"@type\":\"Organization\",\"@id\":\"https:\\\/\\\/inclusivenews.com.br\\\/#organization\",\"name\":\"Inclusive - inclus\u00e3o e cidadania\",\"url\":\"https:\\\/\\\/inclusivenews.com.br\\\/\",\"logo\":{\"@type\":\"ImageObject\",\"inLanguage\":\"pt-PT\",\"@id\":\"https:\\\/\\\/inclusivenews.com.br\\\/#\\\/schema\\\/logo\\\/image\\\/\",\"url\":\"https:\\\/\\\/inclusivenews.com.br\\\/wp-content\\\/uploads\\\/2024\\\/03\\\/@grandesite.png\",\"contentUrl\":\"https:\\\/\\\/inclusivenews.com.br\\\/wp-content\\\/uploads\\\/2024\\\/03\\\/@grandesite.png\",\"width\":1080,\"height\":1080,\"caption\":\"Inclusive - inclus\u00e3o e cidadania\"},\"image\":{\"@id\":\"https:\\\/\\\/inclusivenews.com.br\\\/#\\\/schema\\\/logo\\\/image\\\/\"},\"sameAs\":[\"https:\\\/\\\/www.facebook.com\\\/agenciainclusive\\\/\",\"https:\\\/\\\/www.instagram.com\\\/newsinclusive\\\/\"]},{\"@type\":\"Person\",\"@id\":\"https:\\\/\\\/inclusivenews.com.br\\\/#\\\/schema\\\/person\\\/ae4ec7087559b8692fb33b6fffd2273b\",\"name\":\"inclusivenews2024\",\"image\":{\"@type\":\"ImageObject\",\"inLanguage\":\"pt-PT\",\"@id\":\"https:\\\/\\\/secure.gravatar.com\\\/avatar\\\/c5a7ef84c66fa914f55bc4f7ce26cfa275a3b9a1c5568b907bd184fb4dde7b40?s=96&d=mm&r=g\",\"url\":\"https:\\\/\\\/secure.gravatar.com\\\/avatar\\\/c5a7ef84c66fa914f55bc4f7ce26cfa275a3b9a1c5568b907bd184fb4dde7b40?s=96&d=mm&r=g\",\"contentUrl\":\"https:\\\/\\\/secure.gravatar.com\\\/avatar\\\/c5a7ef84c66fa914f55bc4f7ce26cfa275a3b9a1c5568b907bd184fb4dde7b40?s=96&d=mm&r=g\",\"caption\":\"inclusivenews2024\"},\"sameAs\":[\"https:\\\/\\\/inclusivenews.com.br\"],\"url\":\"https:\\\/\\\/inclusivenews.com.br\\\/?author=1\"}]}<\/script>\n<!-- \/ Yoast SEO plugin. -->","yoast_head_json":{"title":"Movimento negro precisa ter unidade por cotas e contra a discrimina\u00e7\u00e3o, afirma Abdias Nascimento -","robots":{"index":"index","follow":"follow","max-snippet":"max-snippet:-1","max-image-preview":"max-image-preview:large","max-video-preview":"max-video-preview:-1"},"canonical":"https:\/\/inclusivenews.com.br\/?p=18044","og_locale":"pt_PT","og_type":"article","og_title":"Movimento negro precisa ter unidade por cotas e contra a discrimina\u00e7\u00e3o, afirma Abdias Nascimento -","og_description":"O movimento negro brasileiro precisa de maior unidade para garantir conquistas hist\u00f3ricas importantes como o sistema de cotas nas universidades e para combater o preconceito racial no trabalho. A an\u00e1lise \u00e9 do ex-senador Abdias Nascimento, um dos precursores da luta pela igualdade racial no pa\u00eds e que aos 96 anos de idade continua atento aos acontecimentos. Da Ag\u00eancia Brasil.","og_url":"https:\/\/inclusivenews.com.br\/?p=18044","article_publisher":"https:\/\/www.facebook.com\/agenciainclusive\/","article_published_time":"2010-11-25T09:43:33+00:00","og_image":[{"url":"http:\/\/inclusivenews.com.br\/wp-content\/uploads\/2010\/11\/movimento_negro.jpg","type":"","width":"","height":""}],"author":"inclusivenews2024","twitter_card":"summary_large_image","twitter_misc":{"Escrito por":"inclusivenews2024","Tempo estimado de leitura":"2 minutos"},"schema":{"@context":"https:\/\/schema.org","@graph":[{"@type":"Article","@id":"https:\/\/inclusivenews.com.br\/?p=18044#article","isPartOf":{"@id":"https:\/\/inclusivenews.com.br\/?p=18044"},"author":{"name":"inclusivenews2024","@id":"https:\/\/inclusivenews.com.br\/#\/schema\/person\/ae4ec7087559b8692fb33b6fffd2273b"},"headline":"Movimento negro precisa ter unidade por cotas e contra a discrimina\u00e7\u00e3o, afirma Abdias Nascimento","datePublished":"2010-11-25T09:43:33+00:00","mainEntityOfPage":{"@id":"https:\/\/inclusivenews.com.br\/?p=18044"},"wordCount":487,"commentCount":0,"publisher":{"@id":"https:\/\/inclusivenews.com.br\/#organization"},"image":{"@id":"https:\/\/inclusivenews.com.br\/?p=18044#primaryimage"},"thumbnailUrl":"http:\/\/inclusivenews.com.br\/wp-content\/uploads\/2010\/11\/movimento_negro.jpg","articleSection":["DIREITOS HUMANOS","Discrimina\u00e7\u00e3o","NOT\u00cdCIAS"],"inLanguage":"pt-PT","potentialAction":[{"@type":"CommentAction","name":"Comment","target":["https:\/\/inclusivenews.com.br\/?p=18044#respond"]}]},{"@type":"WebPage","@id":"https:\/\/inclusivenews.com.br\/?p=18044","url":"https:\/\/inclusivenews.com.br\/?p=18044","name":"Movimento negro precisa ter unidade por cotas e contra a discrimina\u00e7\u00e3o, afirma Abdias Nascimento -","isPartOf":{"@id":"https:\/\/inclusivenews.com.br\/#website"},"primaryImageOfPage":{"@id":"https:\/\/inclusivenews.com.br\/?p=18044#primaryimage"},"image":{"@id":"https:\/\/inclusivenews.com.br\/?p=18044#primaryimage"},"thumbnailUrl":"http:\/\/inclusivenews.com.br\/wp-content\/uploads\/2010\/11\/movimento_negro.jpg","datePublished":"2010-11-25T09:43:33+00:00","breadcrumb":{"@id":"https:\/\/inclusivenews.com.br\/?p=18044#breadcrumb"},"inLanguage":"pt-PT","potentialAction":[{"@type":"ReadAction","target":["https:\/\/inclusivenews.com.br\/?p=18044"]}]},{"@type":"ImageObject","inLanguage":"pt-PT","@id":"https:\/\/inclusivenews.com.br\/?p=18044#primaryimage","url":"","contentUrl":""},{"@type":"BreadcrumbList","@id":"https:\/\/inclusivenews.com.br\/?p=18044#breadcrumb","itemListElement":[{"@type":"ListItem","position":1,"name":"In\u00edcio","item":"https:\/\/inclusivenews.com.br\/"},{"@type":"ListItem","position":2,"name":"Movimento negro precisa ter unidade por cotas e contra a discrimina\u00e7\u00e3o, afirma Abdias Nascimento"}]},{"@type":"WebSite","@id":"https:\/\/inclusivenews.com.br\/#website","url":"https:\/\/inclusivenews.com.br\/","name":"Inclusive News","description":"Inclusive News","publisher":{"@id":"https:\/\/inclusivenews.com.br\/#organization"},"potentialAction":[{"@type":"SearchAction","target":{"@type":"EntryPoint","urlTemplate":"https:\/\/inclusivenews.com.br\/?s={search_term_string}"},"query-input":{"@type":"PropertyValueSpecification","valueRequired":true,"valueName":"search_term_string"}}],"inLanguage":"pt-PT"},{"@type":"Organization","@id":"https:\/\/inclusivenews.com.br\/#organization","name":"Inclusive - inclus\u00e3o e cidadania","url":"https:\/\/inclusivenews.com.br\/","logo":{"@type":"ImageObject","inLanguage":"pt-PT","@id":"https:\/\/inclusivenews.com.br\/#\/schema\/logo\/image\/","url":"https:\/\/inclusivenews.com.br\/wp-content\/uploads\/2024\/03\/@grandesite.png","contentUrl":"https:\/\/inclusivenews.com.br\/wp-content\/uploads\/2024\/03\/@grandesite.png","width":1080,"height":1080,"caption":"Inclusive - inclus\u00e3o e cidadania"},"image":{"@id":"https:\/\/inclusivenews.com.br\/#\/schema\/logo\/image\/"},"sameAs":["https:\/\/www.facebook.com\/agenciainclusive\/","https:\/\/www.instagram.com\/newsinclusive\/"]},{"@type":"Person","@id":"https:\/\/inclusivenews.com.br\/#\/schema\/person\/ae4ec7087559b8692fb33b6fffd2273b","name":"inclusivenews2024","image":{"@type":"ImageObject","inLanguage":"pt-PT","@id":"https:\/\/secure.gravatar.com\/avatar\/c5a7ef84c66fa914f55bc4f7ce26cfa275a3b9a1c5568b907bd184fb4dde7b40?s=96&d=mm&r=g","url":"https:\/\/secure.gravatar.com\/avatar\/c5a7ef84c66fa914f55bc4f7ce26cfa275a3b9a1c5568b907bd184fb4dde7b40?s=96&d=mm&r=g","contentUrl":"https:\/\/secure.gravatar.com\/avatar\/c5a7ef84c66fa914f55bc4f7ce26cfa275a3b9a1c5568b907bd184fb4dde7b40?s=96&d=mm&r=g","caption":"inclusivenews2024"},"sameAs":["https:\/\/inclusivenews.com.br"],"url":"https:\/\/inclusivenews.com.br\/?author=1"}]}},"_links":{"self":[{"href":"https:\/\/inclusivenews.com.br\/index.php?rest_route=\/wp\/v2\/posts\/18044","targetHints":{"allow":["GET"]}}],"collection":[{"href":"https:\/\/inclusivenews.com.br\/index.php?rest_route=\/wp\/v2\/posts"}],"about":[{"href":"https:\/\/inclusivenews.com.br\/index.php?rest_route=\/wp\/v2\/types\/post"}],"author":[{"embeddable":true,"href":"https:\/\/inclusivenews.com.br\/index.php?rest_route=\/wp\/v2\/users\/1"}],"replies":[{"embeddable":true,"href":"https:\/\/inclusivenews.com.br\/index.php?rest_route=%2Fwp%2Fv2%2Fcomments&post=18044"}],"version-history":[{"count":0,"href":"https:\/\/inclusivenews.com.br\/index.php?rest_route=\/wp\/v2\/posts\/18044\/revisions"}],"wp:attachment":[{"href":"https:\/\/inclusivenews.com.br\/index.php?rest_route=%2Fwp%2Fv2%2Fmedia&parent=18044"}],"wp:term":[{"taxonomy":"category","embeddable":true,"href":"https:\/\/inclusivenews.com.br\/index.php?rest_route=%2Fwp%2Fv2%2Fcategories&post=18044"},{"taxonomy":"post_tag","embeddable":true,"href":"https:\/\/inclusivenews.com.br\/index.php?rest_route=%2Fwp%2Fv2%2Ftags&post=18044"}],"curies":[{"name":"wp","href":"https:\/\/api.w.org\/{rel}","templated":true}]}}