{"id":18053,"date":"2010-11-25T06:44:28","date_gmt":"2010-11-25T09:44:28","guid":{"rendered":"http:\/\/www.inclusive.org.br\/?p=18053"},"modified":"2010-11-25T06:44:28","modified_gmt":"2010-11-25T09:44:28","slug":"reportagem-especial-sobre-autismo-no-senado-federal","status":"publish","type":"post","link":"https:\/\/inclusivenews.com.br\/?p=18053","title":{"rendered":"Reportagem especial sobre autismo no Senado Federal"},"content":{"rendered":"<p><strong><\/p>\n<figure id=\"attachment_15961\" aria-describedby=\"caption-attachment-15961\" style=\"width: 158px\" class=\"wp-caption alignnone\"><a href=\"http:\/\/www.inclusivenews.com.br\/wp-content\/uploads\/2010\/06\/autismo_logo.jpg\"><img loading=\"lazy\" decoding=\"async\" class=\"size-full wp-image-15961 \" title=\"Pe\u00e7a de quebra-cabe\u00e7a azul\" src=\"http:\/\/inclusivenews.com.br\/wp-content\/uploads\/2010\/06\/autismo_logo.jpg\" alt=\"Pe\u00e7a de quebra-cabe\u00e7a azul\" width=\"158\" height=\"161\" \/><\/a><figcaption id=\"caption-attachment-15961\" class=\"wp-caption-text\"> <\/figcaption><\/figure>\n<p>Senado estuda legisla\u00e7\u00e3o nacional para dar prote\u00e7\u00e3o aos autistas<\/p>\n<p><\/strong><\/p>\n<p>Leia mais:<\/p>\n<ul>\n<li><a href=\"http:\/\/www.senado.gov.br\/noticias\/Jornal\/noticia.asp?codEditoria=521&amp;dataEdicaoVer=20101123&amp;dataEdicaoAtual=20101123&amp;nomeEditoria=Especial+Cidadania&amp;codNoticia=101460\" target=\"_blank\" rel=\"noopener\">Proposta foi inspirada em iniciativa pioneira da Para\u00edba<\/a><\/li>\n<li><a href=\"http:\/\/www.senado.gov.br\/noticias\/Jornal\/noticia.asp?codEditoria=521&amp;dataEdicaoVer=20101123&amp;dataEdicaoAtual=20101123&amp;nomeEditoria=Especial+Cidadania&amp;codNoticia=101461\" target=\"_blank\" rel=\"noopener\">Diagn\u00f3stico precoce \u00e9 instrumento eficaz<\/a><\/li>\n<li><a href=\"http:\/\/www.senado.gov.br\/noticias\/Jornal\/noticia.asp?codEditoria=521&amp;dataEdicaoVer=20101123&amp;dataEdicaoAtual=20101123&amp;nomeEditoria=Especial+Cidadania&amp;codNoticia=101489\" target=\"_blank\" rel=\"noopener\">Comportamento caracter\u00edstico do autista<\/a><\/li>\n<li><a href=\"http:\/\/www.senado.gov.br\/noticias\/Jornal\/noticia.asp?codEditoria=521&amp;dataEdicaoVer=20101123&amp;dataEdicaoAtual=20101123&amp;nomeEditoria=Especial+Cidadania&amp;codNoticia=101462\" target=\"_blank\" rel=\"noopener\">Condi\u00e7\u00f5es degradantes na Bahia<\/a><\/li>\n<li><a href=\"http:\/\/www.senado.gov.br\/noticias\/Jornal\/noticia.asp?codEditoria=521&amp;dataEdicaoVer=20101123&amp;dataEdicaoAtual=20101123&amp;nomeEditoria=Especial+Cidadania&amp;codNoticia=101463\" target=\"_blank\" rel=\"noopener\">Brasil n\u00e3o disp\u00f5e de pol\u00edticas de inclus\u00e3o no mercado de trabalho<\/a><\/li>\n<li><a href=\"http:\/\/www.senado.gov.br\/noticias\/Jornal\/noticia.asp?codEditoria=521&amp;dataEdicaoVer=20101123&amp;dataEdicaoAtual=20101123&amp;nomeEditoria=Especial+Cidadania&amp;codNoticia=101464\" target=\"_blank\" rel=\"noopener\">Pesquisas ainda n\u00e3o esclarecem as causas<\/a><\/li>\n<li><a href=\"http:\/\/www.senado.gov.br\/noticias\/Jornal\/noticia.asp?codEditoria=521&amp;dataEdicaoVer=20101123&amp;dataEdicaoAtual=20101123&amp;nomeEditoria=Especial+Cidadania&amp;codNoticia=101465\" target=\"_blank\" rel=\"noopener\">Trabalho volunt\u00e1rio tem sido o principal suporte<\/a><\/li>\n<\/ul>\n<p>O Senado analisar\u00e1 no pr\u00f3ximo ano proposta de legisla\u00e7\u00e3o para a cria\u00e7\u00e3o de um sistema nacional integrado de atendimento \u00e0 pessoa autista, tema delicado e pol\u00eamico, que afeta diretamente cerca de 2 milh\u00f5es de brasileiros e suas fam\u00edlias. A estat\u00edstica foi apresentada pelo professor do Departamento de Psquiatria da Escola Paulista de Medicina, Marcos Tomanik Mercadante, durante audi\u00eancia na \u00faltima quarta-feira, na Comiss\u00e3o de Assuntos Sociais (CAS).<\/p>\n<p>O primeiro passo foi o compromisso do senador Fl\u00e1vio Arns (PSDB-PR) de apresentar relat\u00f3rio \u00e0 Comiss\u00e3o de Direitos Humanos e Legisla\u00e7\u00e3o Participativa (CDH), nesta ou na outra semana, encaminhando o anteprojeto elaborado pela Associa\u00e7\u00e3o em Defesa do Autista (Adefa). \u00bfA CDH vai estud\u00e1-lo e pode fazer as adequa\u00e7\u00f5es por emenda\u00bf, explica Arns. Inspirado em lei da Para\u00edba, o anteprojeto visa desde a cria\u00e7\u00e3o de um cadastro nacional at\u00e9 \u00e0 capacita\u00e7\u00e3o de profissionais e especializa\u00e7\u00e3o da rede de servi\u00e7os nas tr\u00eas esferas de governo \u00bf municipal, estadual e federal (veja mat\u00e9ria).<\/p>\n<p>Com elevado grau de complexidade e pesquisas insuficientes para comprovar as verdadeiras causas, o autismo, agora denominado como transtorno do espectro autista (TEA) por sua gama de varia\u00e7\u00f5es, \u00e9 uma inadequacidade no desenvolvimento que se manifesta de maneira grave por toda vida, conforme define a Associa\u00e7\u00e3o Americana de Autismo. Aparece tipicamente nos tr\u00eas primeiros anos de vida. \u00c9 mais comum nos meninos do que nas meninas. E afeta fam\u00edlias de qualquer classe social, configura\u00e7\u00e3o \u00e9tnica e racial. Pode ser leve, caracterizado como de alto desempenho, at\u00e9 casos de maior gravidade, associados, por exemplo, a retardo mental (veja mat\u00e9rias).<\/p>\n<p>A ideia de uma legisla\u00e7\u00e3o federal que garanta direitos e proteja os autistas nasceu de entendimentos entre o senador Paulo Paim (PT-RS) e a Adefa. Em alguns estados, como S\u00e3o Paulo, por exemplo, \u00e9 preciso entrar na Justi\u00e7a para conseguir tratamento especializado. \u00c9 o que vai fazer o jornalista Paiva J\u00fanior, editor da revista Autismo. Ele calcula gastos de R$ 3 mil mensais com seu filho Giovani, de tr\u00eas anos e meio, para obter na rede particular especializada 40 horas semanais de terapia psicol\u00f3gica, duas sess\u00f5es de fonoaudiologia por semana, terapia ocupacional, consultas semestrais com o neuropediatra, e mediador pedagogo para acompanhar a crian\u00e7a na escola regular.<\/p>\n<p>Se isso pesa para as fam\u00edlias de classe m\u00e9dia, para as carentes a situa\u00e7\u00e3o chega a ser desesperadora. Com diagn\u00f3sticos e medicamentos equivocados, geralmente tratados como esquizofr\u00eanicos, e com agressividade agravada em v\u00e1rios casos, algumas fam\u00edlias declaram que preferem ser presas por descumprimento \u00e0 lei do que permanecer com filhos e parentes autistas, segundo a coordenadora do grupo especial do Minist\u00e9rio P\u00fablico da Bahia respons\u00e1vel pela defesa dos direitos das pessoas com defici\u00eancia, Silvana Oliveira de Almeida. Sem amparo oficial e com a escassez de locais apropriados, os autistas carentes podem ser submetidos a condi\u00e7\u00f5es desumanas, como o caso do Abrigo Tio Paulinho, na regi\u00e3o metropolitana de Salvador.<\/p>\n<p>__________________<\/p>\n<p><strong>Fonte:<\/strong> <a href=\"http:\/\/www.senado.gov.br\/noticias\/Jornal\/noticia.asp?codEditoria=521&amp;dataEdicaoVer=20101123&amp;dataEdicaoAtual=20101123&amp;nomeEditoria=Especial+Cidadania&amp;codNoticia=101459\">Senado Federal<\/a><\/p>\n","protected":false},"excerpt":{"rendered":"<p>Conhe\u00e7a tamb\u00e9m condi\u00e7\u00f5es degradantes flagradas pelo Minist\u00e9rio P\u00fablico da Bahia em abrigo e outros artigos sobre o tema.<\/p>\n","protected":false},"author":1,"featured_media":0,"comment_status":"open","ping_status":"open","sticky":false,"template":"","format":"standard","meta":{"site-container-style":"default","site-container-layout":"default","site-sidebar-layout":"default","disable-article-header":"default","disable-site-header":"default","disable-site-footer":"default","disable-content-area-spacing":"default","footnotes":""},"categories":[4,33],"tags":[34],"class_list":["post-18053","post","type-post","status-publish","format-standard","hentry","category-noticias","category-reportagem","tag-autismo"],"yoast_head":"<!-- This site is optimized with the Yoast SEO plugin v27.4 - https:\/\/yoast.com\/product\/yoast-seo-wordpress\/ -->\n<title>Reportagem especial sobre autismo no Senado Federal -<\/title>\n<meta name=\"robots\" content=\"index, follow, max-snippet:-1, max-image-preview:large, max-video-preview:-1\" \/>\n<link rel=\"canonical\" href=\"https:\/\/inclusivenews.com.br\/?p=18053\" \/>\n<meta property=\"og:locale\" content=\"pt_PT\" \/>\n<meta property=\"og:type\" content=\"article\" \/>\n<meta property=\"og:title\" content=\"Reportagem especial sobre autismo no Senado Federal -\" \/>\n<meta property=\"og:description\" content=\"Conhe\u00e7a tamb\u00e9m condi\u00e7\u00f5es degradantes flagradas pelo Minist\u00e9rio P\u00fablico da Bahia em abrigo e outros artigos sobre o tema.\" \/>\n<meta property=\"og:url\" content=\"https:\/\/inclusivenews.com.br\/?p=18053\" \/>\n<meta property=\"article:publisher\" content=\"https:\/\/www.facebook.com\/agenciainclusive\/\" \/>\n<meta property=\"article:published_time\" content=\"2010-11-25T09:44:28+00:00\" \/>\n<meta property=\"og:image\" content=\"http:\/\/inclusivenews.com.br\/wp-content\/uploads\/2010\/06\/autismo_logo.jpg\" \/>\n<meta name=\"author\" content=\"inclusivenews2024\" \/>\n<meta name=\"twitter:card\" content=\"summary_large_image\" \/>\n<meta name=\"twitter:label1\" content=\"Escrito por\" \/>\n\t<meta name=\"twitter:data1\" content=\"inclusivenews2024\" \/>\n\t<meta name=\"twitter:label2\" content=\"Tempo estimado de leitura\" \/>\n\t<meta name=\"twitter:data2\" content=\"3 minutos\" \/>\n<script type=\"application\/ld+json\" class=\"yoast-schema-graph\">{\"@context\":\"https:\\\/\\\/schema.org\",\"@graph\":[{\"@type\":\"Article\",\"@id\":\"https:\\\/\\\/inclusivenews.com.br\\\/?p=18053#article\",\"isPartOf\":{\"@id\":\"https:\\\/\\\/inclusivenews.com.br\\\/?p=18053\"},\"author\":{\"name\":\"inclusivenews2024\",\"@id\":\"https:\\\/\\\/inclusivenews.com.br\\\/#\\\/schema\\\/person\\\/ae4ec7087559b8692fb33b6fffd2273b\"},\"headline\":\"Reportagem especial sobre autismo no Senado Federal\",\"datePublished\":\"2010-11-25T09:44:28+00:00\",\"mainEntityOfPage\":{\"@id\":\"https:\\\/\\\/inclusivenews.com.br\\\/?p=18053\"},\"wordCount\":593,\"commentCount\":0,\"publisher\":{\"@id\":\"https:\\\/\\\/inclusivenews.com.br\\\/#organization\"},\"image\":{\"@id\":\"https:\\\/\\\/inclusivenews.com.br\\\/?p=18053#primaryimage\"},\"thumbnailUrl\":\"http:\\\/\\\/inclusivenews.com.br\\\/wp-content\\\/uploads\\\/2010\\\/06\\\/autismo_logo.jpg\",\"keywords\":[\"Autismo\"],\"articleSection\":[\"NOT\u00cdCIAS\",\"Reportagem\"],\"inLanguage\":\"pt-PT\",\"potentialAction\":[{\"@type\":\"CommentAction\",\"name\":\"Comment\",\"target\":[\"https:\\\/\\\/inclusivenews.com.br\\\/?p=18053#respond\"]}]},{\"@type\":\"WebPage\",\"@id\":\"https:\\\/\\\/inclusivenews.com.br\\\/?p=18053\",\"url\":\"https:\\\/\\\/inclusivenews.com.br\\\/?p=18053\",\"name\":\"Reportagem especial sobre autismo no Senado Federal -\",\"isPartOf\":{\"@id\":\"https:\\\/\\\/inclusivenews.com.br\\\/#website\"},\"primaryImageOfPage\":{\"@id\":\"https:\\\/\\\/inclusivenews.com.br\\\/?p=18053#primaryimage\"},\"image\":{\"@id\":\"https:\\\/\\\/inclusivenews.com.br\\\/?p=18053#primaryimage\"},\"thumbnailUrl\":\"http:\\\/\\\/inclusivenews.com.br\\\/wp-content\\\/uploads\\\/2010\\\/06\\\/autismo_logo.jpg\",\"datePublished\":\"2010-11-25T09:44:28+00:00\",\"breadcrumb\":{\"@id\":\"https:\\\/\\\/inclusivenews.com.br\\\/?p=18053#breadcrumb\"},\"inLanguage\":\"pt-PT\",\"potentialAction\":[{\"@type\":\"ReadAction\",\"target\":[\"https:\\\/\\\/inclusivenews.com.br\\\/?p=18053\"]}]},{\"@type\":\"ImageObject\",\"inLanguage\":\"pt-PT\",\"@id\":\"https:\\\/\\\/inclusivenews.com.br\\\/?p=18053#primaryimage\",\"url\":\"\",\"contentUrl\":\"\"},{\"@type\":\"BreadcrumbList\",\"@id\":\"https:\\\/\\\/inclusivenews.com.br\\\/?p=18053#breadcrumb\",\"itemListElement\":[{\"@type\":\"ListItem\",\"position\":1,\"name\":\"In\u00edcio\",\"item\":\"https:\\\/\\\/inclusivenews.com.br\\\/\"},{\"@type\":\"ListItem\",\"position\":2,\"name\":\"Reportagem especial sobre autismo no Senado Federal\"}]},{\"@type\":\"WebSite\",\"@id\":\"https:\\\/\\\/inclusivenews.com.br\\\/#website\",\"url\":\"https:\\\/\\\/inclusivenews.com.br\\\/\",\"name\":\"Inclusive News\",\"description\":\"Inclusive News\",\"publisher\":{\"@id\":\"https:\\\/\\\/inclusivenews.com.br\\\/#organization\"},\"potentialAction\":[{\"@type\":\"SearchAction\",\"target\":{\"@type\":\"EntryPoint\",\"urlTemplate\":\"https:\\\/\\\/inclusivenews.com.br\\\/?s={search_term_string}\"},\"query-input\":{\"@type\":\"PropertyValueSpecification\",\"valueRequired\":true,\"valueName\":\"search_term_string\"}}],\"inLanguage\":\"pt-PT\"},{\"@type\":\"Organization\",\"@id\":\"https:\\\/\\\/inclusivenews.com.br\\\/#organization\",\"name\":\"Inclusive - inclus\u00e3o e cidadania\",\"url\":\"https:\\\/\\\/inclusivenews.com.br\\\/\",\"logo\":{\"@type\":\"ImageObject\",\"inLanguage\":\"pt-PT\",\"@id\":\"https:\\\/\\\/inclusivenews.com.br\\\/#\\\/schema\\\/logo\\\/image\\\/\",\"url\":\"https:\\\/\\\/inclusivenews.com.br\\\/wp-content\\\/uploads\\\/2024\\\/03\\\/@grandesite.png\",\"contentUrl\":\"https:\\\/\\\/inclusivenews.com.br\\\/wp-content\\\/uploads\\\/2024\\\/03\\\/@grandesite.png\",\"width\":1080,\"height\":1080,\"caption\":\"Inclusive - inclus\u00e3o e cidadania\"},\"image\":{\"@id\":\"https:\\\/\\\/inclusivenews.com.br\\\/#\\\/schema\\\/logo\\\/image\\\/\"},\"sameAs\":[\"https:\\\/\\\/www.facebook.com\\\/agenciainclusive\\\/\",\"https:\\\/\\\/www.instagram.com\\\/newsinclusive\\\/\"]},{\"@type\":\"Person\",\"@id\":\"https:\\\/\\\/inclusivenews.com.br\\\/#\\\/schema\\\/person\\\/ae4ec7087559b8692fb33b6fffd2273b\",\"name\":\"inclusivenews2024\",\"image\":{\"@type\":\"ImageObject\",\"inLanguage\":\"pt-PT\",\"@id\":\"https:\\\/\\\/secure.gravatar.com\\\/avatar\\\/c5a7ef84c66fa914f55bc4f7ce26cfa275a3b9a1c5568b907bd184fb4dde7b40?s=96&d=mm&r=g\",\"url\":\"https:\\\/\\\/secure.gravatar.com\\\/avatar\\\/c5a7ef84c66fa914f55bc4f7ce26cfa275a3b9a1c5568b907bd184fb4dde7b40?s=96&d=mm&r=g\",\"contentUrl\":\"https:\\\/\\\/secure.gravatar.com\\\/avatar\\\/c5a7ef84c66fa914f55bc4f7ce26cfa275a3b9a1c5568b907bd184fb4dde7b40?s=96&d=mm&r=g\",\"caption\":\"inclusivenews2024\"},\"sameAs\":[\"https:\\\/\\\/inclusivenews.com.br\"],\"url\":\"https:\\\/\\\/inclusivenews.com.br\\\/?author=1\"}]}<\/script>\n<!-- \/ Yoast SEO plugin. -->","yoast_head_json":{"title":"Reportagem especial sobre autismo no Senado Federal -","robots":{"index":"index","follow":"follow","max-snippet":"max-snippet:-1","max-image-preview":"max-image-preview:large","max-video-preview":"max-video-preview:-1"},"canonical":"https:\/\/inclusivenews.com.br\/?p=18053","og_locale":"pt_PT","og_type":"article","og_title":"Reportagem especial sobre autismo no Senado Federal -","og_description":"Conhe\u00e7a tamb\u00e9m condi\u00e7\u00f5es degradantes flagradas pelo Minist\u00e9rio P\u00fablico da Bahia em abrigo e outros artigos sobre o tema.","og_url":"https:\/\/inclusivenews.com.br\/?p=18053","article_publisher":"https:\/\/www.facebook.com\/agenciainclusive\/","article_published_time":"2010-11-25T09:44:28+00:00","og_image":[{"url":"http:\/\/inclusivenews.com.br\/wp-content\/uploads\/2010\/06\/autismo_logo.jpg","type":"","width":"","height":""}],"author":"inclusivenews2024","twitter_card":"summary_large_image","twitter_misc":{"Escrito por":"inclusivenews2024","Tempo estimado de leitura":"3 minutos"},"schema":{"@context":"https:\/\/schema.org","@graph":[{"@type":"Article","@id":"https:\/\/inclusivenews.com.br\/?p=18053#article","isPartOf":{"@id":"https:\/\/inclusivenews.com.br\/?p=18053"},"author":{"name":"inclusivenews2024","@id":"https:\/\/inclusivenews.com.br\/#\/schema\/person\/ae4ec7087559b8692fb33b6fffd2273b"},"headline":"Reportagem especial sobre autismo no Senado Federal","datePublished":"2010-11-25T09:44:28+00:00","mainEntityOfPage":{"@id":"https:\/\/inclusivenews.com.br\/?p=18053"},"wordCount":593,"commentCount":0,"publisher":{"@id":"https:\/\/inclusivenews.com.br\/#organization"},"image":{"@id":"https:\/\/inclusivenews.com.br\/?p=18053#primaryimage"},"thumbnailUrl":"http:\/\/inclusivenews.com.br\/wp-content\/uploads\/2010\/06\/autismo_logo.jpg","keywords":["Autismo"],"articleSection":["NOT\u00cdCIAS","Reportagem"],"inLanguage":"pt-PT","potentialAction":[{"@type":"CommentAction","name":"Comment","target":["https:\/\/inclusivenews.com.br\/?p=18053#respond"]}]},{"@type":"WebPage","@id":"https:\/\/inclusivenews.com.br\/?p=18053","url":"https:\/\/inclusivenews.com.br\/?p=18053","name":"Reportagem especial sobre autismo no Senado Federal -","isPartOf":{"@id":"https:\/\/inclusivenews.com.br\/#website"},"primaryImageOfPage":{"@id":"https:\/\/inclusivenews.com.br\/?p=18053#primaryimage"},"image":{"@id":"https:\/\/inclusivenews.com.br\/?p=18053#primaryimage"},"thumbnailUrl":"http:\/\/inclusivenews.com.br\/wp-content\/uploads\/2010\/06\/autismo_logo.jpg","datePublished":"2010-11-25T09:44:28+00:00","breadcrumb":{"@id":"https:\/\/inclusivenews.com.br\/?p=18053#breadcrumb"},"inLanguage":"pt-PT","potentialAction":[{"@type":"ReadAction","target":["https:\/\/inclusivenews.com.br\/?p=18053"]}]},{"@type":"ImageObject","inLanguage":"pt-PT","@id":"https:\/\/inclusivenews.com.br\/?p=18053#primaryimage","url":"","contentUrl":""},{"@type":"BreadcrumbList","@id":"https:\/\/inclusivenews.com.br\/?p=18053#breadcrumb","itemListElement":[{"@type":"ListItem","position":1,"name":"In\u00edcio","item":"https:\/\/inclusivenews.com.br\/"},{"@type":"ListItem","position":2,"name":"Reportagem especial sobre autismo no Senado Federal"}]},{"@type":"WebSite","@id":"https:\/\/inclusivenews.com.br\/#website","url":"https:\/\/inclusivenews.com.br\/","name":"Inclusive News","description":"Inclusive News","publisher":{"@id":"https:\/\/inclusivenews.com.br\/#organization"},"potentialAction":[{"@type":"SearchAction","target":{"@type":"EntryPoint","urlTemplate":"https:\/\/inclusivenews.com.br\/?s={search_term_string}"},"query-input":{"@type":"PropertyValueSpecification","valueRequired":true,"valueName":"search_term_string"}}],"inLanguage":"pt-PT"},{"@type":"Organization","@id":"https:\/\/inclusivenews.com.br\/#organization","name":"Inclusive - inclus\u00e3o e cidadania","url":"https:\/\/inclusivenews.com.br\/","logo":{"@type":"ImageObject","inLanguage":"pt-PT","@id":"https:\/\/inclusivenews.com.br\/#\/schema\/logo\/image\/","url":"https:\/\/inclusivenews.com.br\/wp-content\/uploads\/2024\/03\/@grandesite.png","contentUrl":"https:\/\/inclusivenews.com.br\/wp-content\/uploads\/2024\/03\/@grandesite.png","width":1080,"height":1080,"caption":"Inclusive - inclus\u00e3o e cidadania"},"image":{"@id":"https:\/\/inclusivenews.com.br\/#\/schema\/logo\/image\/"},"sameAs":["https:\/\/www.facebook.com\/agenciainclusive\/","https:\/\/www.instagram.com\/newsinclusive\/"]},{"@type":"Person","@id":"https:\/\/inclusivenews.com.br\/#\/schema\/person\/ae4ec7087559b8692fb33b6fffd2273b","name":"inclusivenews2024","image":{"@type":"ImageObject","inLanguage":"pt-PT","@id":"https:\/\/secure.gravatar.com\/avatar\/c5a7ef84c66fa914f55bc4f7ce26cfa275a3b9a1c5568b907bd184fb4dde7b40?s=96&d=mm&r=g","url":"https:\/\/secure.gravatar.com\/avatar\/c5a7ef84c66fa914f55bc4f7ce26cfa275a3b9a1c5568b907bd184fb4dde7b40?s=96&d=mm&r=g","contentUrl":"https:\/\/secure.gravatar.com\/avatar\/c5a7ef84c66fa914f55bc4f7ce26cfa275a3b9a1c5568b907bd184fb4dde7b40?s=96&d=mm&r=g","caption":"inclusivenews2024"},"sameAs":["https:\/\/inclusivenews.com.br"],"url":"https:\/\/inclusivenews.com.br\/?author=1"}]}},"_links":{"self":[{"href":"https:\/\/inclusivenews.com.br\/index.php?rest_route=\/wp\/v2\/posts\/18053","targetHints":{"allow":["GET"]}}],"collection":[{"href":"https:\/\/inclusivenews.com.br\/index.php?rest_route=\/wp\/v2\/posts"}],"about":[{"href":"https:\/\/inclusivenews.com.br\/index.php?rest_route=\/wp\/v2\/types\/post"}],"author":[{"embeddable":true,"href":"https:\/\/inclusivenews.com.br\/index.php?rest_route=\/wp\/v2\/users\/1"}],"replies":[{"embeddable":true,"href":"https:\/\/inclusivenews.com.br\/index.php?rest_route=%2Fwp%2Fv2%2Fcomments&post=18053"}],"version-history":[{"count":0,"href":"https:\/\/inclusivenews.com.br\/index.php?rest_route=\/wp\/v2\/posts\/18053\/revisions"}],"wp:attachment":[{"href":"https:\/\/inclusivenews.com.br\/index.php?rest_route=%2Fwp%2Fv2%2Fmedia&parent=18053"}],"wp:term":[{"taxonomy":"category","embeddable":true,"href":"https:\/\/inclusivenews.com.br\/index.php?rest_route=%2Fwp%2Fv2%2Fcategories&post=18053"},{"taxonomy":"post_tag","embeddable":true,"href":"https:\/\/inclusivenews.com.br\/index.php?rest_route=%2Fwp%2Fv2%2Ftags&post=18053"}],"curies":[{"name":"wp","href":"https:\/\/api.w.org\/{rel}","templated":true}]}}