{"id":18068,"date":"2010-12-09T07:02:24","date_gmt":"2010-12-09T10:02:24","guid":{"rendered":"http:\/\/www.inclusive.org.br\/?p=18068"},"modified":"2010-12-09T07:02:24","modified_gmt":"2010-12-09T10:02:24","slug":"o-exemplo-da-vale","status":"publish","type":"post","link":"https:\/\/inclusivenews.com.br\/?p=18068","title":{"rendered":"O exemplo da Vale"},"content":{"rendered":"<p><strong><\/p>\n<figure style=\"width: 280px\" class=\"wp-caption alignleft\"><img loading=\"lazy\" decoding=\"async\" class=\" \" title=\"Imagem a\u00e9rea de \u00e1rea de extra\u00e7\u00e3o mineral\" src=\"http:\/\/www.diarioliberdade.org\/archivos\/imagenes\/270510_vale.jpg\" alt=\"Imagem a\u00e9rea de \u00e1rea de extra\u00e7\u00e3o mineral\" width=\"280\" height=\"179\" \/><figcaption class=\"wp-caption-text\"> <\/figcaption><\/figure>\n<p>Por Andrei Bastos<\/p>\n<p><\/strong><\/p>\n<p>At\u00e9 hoje tem gente que n\u00e3o acredita que, em 20 de julho de 1969, o americano Neil Armstrong pisou na Lua. &#8220;Este \u00e9 um pequeno passo para um homem, mas um grande salto para a humanidade&#8221;, disse Armstrong para o planeta Terra.<\/p>\n<p>Entre os pequenos passos do homem e os grandes saltos da humanidade, no mundo da Lua ou no mundo em que vivemos, as caminhadas pela conquista de direitos s\u00e3o longas e exigem muita perseveran\u00e7a e discernimento.<\/p>\n<p>Discernimento \u00e9 a chave que abre as portas da inclus\u00e3o social dos segmentos exclu\u00eddos pelo preconceito e pela discrimina\u00e7\u00e3o. Quem acreditava que pud\u00e9ssemos ir \u00e0 Lua antes da viagem da Apollo 11? Assim como um astronauta superou limites comuns a todos os homens, todos os homens s\u00e3o capazes de superar seus pr\u00f3prios limites.<\/p>\n<p>Mais do que acreditar, entender essa possibilidade \u00e9 o que pode revolucionar os conceitos de civiliza\u00e7\u00e3o e construir um mundo de oportunidades iguais para a diversidade humana. E este mundo onde todos ser\u00e3o iguais, mesmo sendo diferentes, j\u00e1 est\u00e1 sendo constru\u00eddo, tanto pelos que sempre lutaram por direitos como pela sociedade em geral.<\/p>\n<p>Atualmente, as demonstra\u00e7\u00f5es mais significativas deste processo, irrevers\u00edvel, est\u00e3o sendo apresentadas por grandes empresas que, muito al\u00e9m de simplesmente cumprirem uma lei de cotas, desenvolvem novas culturas internas e irradiam para a sociedade a id\u00e9ia concreta da inclus\u00e3o.<\/p>\n<p>Entre essas empresas, a Vale se destaca pelo gigantismo, da empresa e da proposta de inclus\u00e3o, e pelos desafios que muitos dos seus postos de trabalho representam para serem ocupados por profissionais com defici\u00eancia. Mas j\u00e1 faz tempo que o homem pisou na Lua, deixando tudo mais f\u00e1cil.<\/p>\n<p>Acompanhando os avan\u00e7os tecnol\u00f3gicos, as id\u00e9ias que dominam a atualidade demonstram, e defendem, tanto a irreversibilidade do mundo acess\u00edvel como a capacidade de cada homem superar seus pr\u00f3prios limites e se apresentar como a \u00fanica pessoa capaz de dizer at\u00e9 onde pode ir.<\/p>\n<p>Por mais inusitado que pare\u00e7a, se a tecnologia ou o indiv\u00edduo viabilizam a ocupa\u00e7\u00e3o de um posto de trabalho encarado como de dif\u00edcil acesso e opera\u00e7\u00e3o at\u00e9 por quem n\u00e3o tem defici\u00eancia, a \u00faltima palavra deve ser do deficiente, que tem direito \u00e0 oportunidade de provar que \u00e9 capaz.<\/p>\n<p>As potencialidades f\u00edsicas, sensoriais e intelectuais diferem entre todos os homens e, muitas vezes, uma aptid\u00e3o surge quando se supera uma limita\u00e7\u00e3o. \u00c9 com este entendimento que os deficientes querem ser inclu\u00eddos no mercado de trabalho, seja operando guindastes gigantescos, seja desenvolvendo complexas opera\u00e7\u00f5es cient\u00edficas em computadores.<\/p>\n<p>A Vale d\u00e1 o exemplo na grande abrang\u00eancia do seu processo de inclus\u00e3o, capaz de deixar sua marca na comemora\u00e7\u00e3o do Dia Internacional da Pessoa com Defici\u00eancia deste ano, este 3 de dezembro. A sociedade brasileira, por sua vez, se prepara para dar um grande salto e fazer com que muitos homens e mulheres com defici\u00eancia d\u00eaem pequenos ou largos passos nos portos de exporta\u00e7\u00e3o de min\u00e9rios, nos escrit\u00f3rios dos centros urbanos, nas minas, nas estradas de ferro. Est\u00e1 na hora de as pessoas com defici\u00eancia pisarem esses ch\u00e3os.<\/p>\n<p>* ANDREI BASTOS <em>\u00e9 jornalista e integra a Comiss\u00e3o de Direitos Humanos da OAB\/RJ.<\/em><\/p>\n<p>____________<\/p>\n<p><strong>Fonte:<\/strong> O Autor<\/p>\n","protected":false},"excerpt":{"rendered":"<p>Por Andrei Bastos. &#8220;Atualmente, as demonstra\u00e7\u00f5es mais significativas deste processo, irrevers\u00edvel, est\u00e3o sendo apresentadas por grandes empresas que, muito al\u00e9m de simplesmente cumprirem uma lei de cotas, desenvolvem novas culturas internas e irradiam para a sociedade a id\u00e9ia concreta da inclus\u00e3o.&#8221;<\/p>\n","protected":false},"author":1,"featured_media":0,"comment_status":"open","ping_status":"open","sticky":false,"template":"","format":"standard","meta":{"site-container-style":"default","site-container-layout":"default","site-sidebar-layout":"default","disable-article-header":"default","disable-site-header":"default","disable-site-footer":"default","disable-content-area-spacing":"default","footnotes":""},"categories":[36,8],"tags":[],"class_list":["post-18068","post","type-post","status-publish","format-standard","hentry","category-colunas-especiais","category-textos-e-artigos"],"yoast_head":"<!-- This site is optimized with the Yoast SEO plugin v27.4 - https:\/\/yoast.com\/product\/yoast-seo-wordpress\/ -->\n<title>O exemplo da Vale -<\/title>\n<meta name=\"robots\" content=\"index, follow, max-snippet:-1, max-image-preview:large, max-video-preview:-1\" \/>\n<link rel=\"canonical\" href=\"https:\/\/inclusivenews.com.br\/?p=18068\" \/>\n<meta property=\"og:locale\" content=\"pt_PT\" \/>\n<meta property=\"og:type\" content=\"article\" \/>\n<meta property=\"og:title\" content=\"O exemplo da Vale -\" \/>\n<meta property=\"og:description\" content=\"Por Andrei Bastos. &quot;Atualmente, as demonstra\u00e7\u00f5es mais significativas deste processo, irrevers\u00edvel, est\u00e3o sendo apresentadas por grandes empresas que, muito al\u00e9m de simplesmente cumprirem uma lei de cotas, desenvolvem novas culturas internas e irradiam para a sociedade a id\u00e9ia concreta da inclus\u00e3o.&quot;\" \/>\n<meta property=\"og:url\" content=\"https:\/\/inclusivenews.com.br\/?p=18068\" \/>\n<meta property=\"article:publisher\" content=\"https:\/\/www.facebook.com\/agenciainclusive\/\" \/>\n<meta property=\"article:published_time\" content=\"2010-12-09T10:02:24+00:00\" \/>\n<meta property=\"og:image\" content=\"http:\/\/www.diarioliberdade.org\/archivos\/imagenes\/270510_vale.jpg\" \/>\n<meta name=\"author\" content=\"inclusivenews2024\" \/>\n<meta name=\"twitter:card\" content=\"summary_large_image\" \/>\n<meta name=\"twitter:label1\" content=\"Escrito por\" \/>\n\t<meta name=\"twitter:data1\" content=\"inclusivenews2024\" \/>\n\t<meta name=\"twitter:label2\" content=\"Tempo estimado de leitura\" \/>\n\t<meta name=\"twitter:data2\" content=\"3 minutos\" \/>\n<script type=\"application\/ld+json\" class=\"yoast-schema-graph\">{\"@context\":\"https:\\\/\\\/schema.org\",\"@graph\":[{\"@type\":\"Article\",\"@id\":\"https:\\\/\\\/inclusivenews.com.br\\\/?p=18068#article\",\"isPartOf\":{\"@id\":\"https:\\\/\\\/inclusivenews.com.br\\\/?p=18068\"},\"author\":{\"name\":\"inclusivenews2024\",\"@id\":\"https:\\\/\\\/inclusivenews.com.br\\\/#\\\/schema\\\/person\\\/ae4ec7087559b8692fb33b6fffd2273b\"},\"headline\":\"O exemplo da Vale\",\"datePublished\":\"2010-12-09T10:02:24+00:00\",\"mainEntityOfPage\":{\"@id\":\"https:\\\/\\\/inclusivenews.com.br\\\/?p=18068\"},\"wordCount\":568,\"commentCount\":1,\"publisher\":{\"@id\":\"https:\\\/\\\/inclusivenews.com.br\\\/#organization\"},\"image\":{\"@id\":\"https:\\\/\\\/inclusivenews.com.br\\\/?p=18068#primaryimage\"},\"thumbnailUrl\":\"http:\\\/\\\/www.diarioliberdade.org\\\/archivos\\\/imagenes\\\/270510_vale.jpg\",\"articleSection\":[\"Colunas especiais\",\"OPINI\u00c3O\"],\"inLanguage\":\"pt-PT\",\"potentialAction\":[{\"@type\":\"CommentAction\",\"name\":\"Comment\",\"target\":[\"https:\\\/\\\/inclusivenews.com.br\\\/?p=18068#respond\"]}]},{\"@type\":\"WebPage\",\"@id\":\"https:\\\/\\\/inclusivenews.com.br\\\/?p=18068\",\"url\":\"https:\\\/\\\/inclusivenews.com.br\\\/?p=18068\",\"name\":\"O exemplo da Vale -\",\"isPartOf\":{\"@id\":\"https:\\\/\\\/inclusivenews.com.br\\\/#website\"},\"primaryImageOfPage\":{\"@id\":\"https:\\\/\\\/inclusivenews.com.br\\\/?p=18068#primaryimage\"},\"image\":{\"@id\":\"https:\\\/\\\/inclusivenews.com.br\\\/?p=18068#primaryimage\"},\"thumbnailUrl\":\"http:\\\/\\\/www.diarioliberdade.org\\\/archivos\\\/imagenes\\\/270510_vale.jpg\",\"datePublished\":\"2010-12-09T10:02:24+00:00\",\"breadcrumb\":{\"@id\":\"https:\\\/\\\/inclusivenews.com.br\\\/?p=18068#breadcrumb\"},\"inLanguage\":\"pt-PT\",\"potentialAction\":[{\"@type\":\"ReadAction\",\"target\":[\"https:\\\/\\\/inclusivenews.com.br\\\/?p=18068\"]}]},{\"@type\":\"ImageObject\",\"inLanguage\":\"pt-PT\",\"@id\":\"https:\\\/\\\/inclusivenews.com.br\\\/?p=18068#primaryimage\",\"url\":\"http:\\\/\\\/www.diarioliberdade.org\\\/archivos\\\/imagenes\\\/270510_vale.jpg\",\"contentUrl\":\"http:\\\/\\\/www.diarioliberdade.org\\\/archivos\\\/imagenes\\\/270510_vale.jpg\"},{\"@type\":\"BreadcrumbList\",\"@id\":\"https:\\\/\\\/inclusivenews.com.br\\\/?p=18068#breadcrumb\",\"itemListElement\":[{\"@type\":\"ListItem\",\"position\":1,\"name\":\"In\u00edcio\",\"item\":\"https:\\\/\\\/inclusivenews.com.br\\\/\"},{\"@type\":\"ListItem\",\"position\":2,\"name\":\"O exemplo da Vale\"}]},{\"@type\":\"WebSite\",\"@id\":\"https:\\\/\\\/inclusivenews.com.br\\\/#website\",\"url\":\"https:\\\/\\\/inclusivenews.com.br\\\/\",\"name\":\"Inclusive News\",\"description\":\"Inclusive News\",\"publisher\":{\"@id\":\"https:\\\/\\\/inclusivenews.com.br\\\/#organization\"},\"potentialAction\":[{\"@type\":\"SearchAction\",\"target\":{\"@type\":\"EntryPoint\",\"urlTemplate\":\"https:\\\/\\\/inclusivenews.com.br\\\/?s={search_term_string}\"},\"query-input\":{\"@type\":\"PropertyValueSpecification\",\"valueRequired\":true,\"valueName\":\"search_term_string\"}}],\"inLanguage\":\"pt-PT\"},{\"@type\":\"Organization\",\"@id\":\"https:\\\/\\\/inclusivenews.com.br\\\/#organization\",\"name\":\"Inclusive - inclus\u00e3o e cidadania\",\"url\":\"https:\\\/\\\/inclusivenews.com.br\\\/\",\"logo\":{\"@type\":\"ImageObject\",\"inLanguage\":\"pt-PT\",\"@id\":\"https:\\\/\\\/inclusivenews.com.br\\\/#\\\/schema\\\/logo\\\/image\\\/\",\"url\":\"https:\\\/\\\/inclusivenews.com.br\\\/wp-content\\\/uploads\\\/2024\\\/03\\\/@grandesite.png\",\"contentUrl\":\"https:\\\/\\\/inclusivenews.com.br\\\/wp-content\\\/uploads\\\/2024\\\/03\\\/@grandesite.png\",\"width\":1080,\"height\":1080,\"caption\":\"Inclusive - inclus\u00e3o e cidadania\"},\"image\":{\"@id\":\"https:\\\/\\\/inclusivenews.com.br\\\/#\\\/schema\\\/logo\\\/image\\\/\"},\"sameAs\":[\"https:\\\/\\\/www.facebook.com\\\/agenciainclusive\\\/\",\"https:\\\/\\\/www.instagram.com\\\/newsinclusive\\\/\"]},{\"@type\":\"Person\",\"@id\":\"https:\\\/\\\/inclusivenews.com.br\\\/#\\\/schema\\\/person\\\/ae4ec7087559b8692fb33b6fffd2273b\",\"name\":\"inclusivenews2024\",\"image\":{\"@type\":\"ImageObject\",\"inLanguage\":\"pt-PT\",\"@id\":\"https:\\\/\\\/secure.gravatar.com\\\/avatar\\\/c5a7ef84c66fa914f55bc4f7ce26cfa275a3b9a1c5568b907bd184fb4dde7b40?s=96&d=mm&r=g\",\"url\":\"https:\\\/\\\/secure.gravatar.com\\\/avatar\\\/c5a7ef84c66fa914f55bc4f7ce26cfa275a3b9a1c5568b907bd184fb4dde7b40?s=96&d=mm&r=g\",\"contentUrl\":\"https:\\\/\\\/secure.gravatar.com\\\/avatar\\\/c5a7ef84c66fa914f55bc4f7ce26cfa275a3b9a1c5568b907bd184fb4dde7b40?s=96&d=mm&r=g\",\"caption\":\"inclusivenews2024\"},\"sameAs\":[\"https:\\\/\\\/inclusivenews.com.br\"],\"url\":\"https:\\\/\\\/inclusivenews.com.br\\\/?author=1\"}]}<\/script>\n<!-- \/ Yoast SEO plugin. -->","yoast_head_json":{"title":"O exemplo da Vale -","robots":{"index":"index","follow":"follow","max-snippet":"max-snippet:-1","max-image-preview":"max-image-preview:large","max-video-preview":"max-video-preview:-1"},"canonical":"https:\/\/inclusivenews.com.br\/?p=18068","og_locale":"pt_PT","og_type":"article","og_title":"O exemplo da Vale -","og_description":"Por Andrei Bastos. \"Atualmente, as demonstra\u00e7\u00f5es mais significativas deste processo, irrevers\u00edvel, est\u00e3o sendo apresentadas por grandes empresas que, muito al\u00e9m de simplesmente cumprirem uma lei de cotas, desenvolvem novas culturas internas e irradiam para a sociedade a id\u00e9ia concreta da inclus\u00e3o.\"","og_url":"https:\/\/inclusivenews.com.br\/?p=18068","article_publisher":"https:\/\/www.facebook.com\/agenciainclusive\/","article_published_time":"2010-12-09T10:02:24+00:00","og_image":[{"url":"http:\/\/www.diarioliberdade.org\/archivos\/imagenes\/270510_vale.jpg","type":"","width":"","height":""}],"author":"inclusivenews2024","twitter_card":"summary_large_image","twitter_misc":{"Escrito por":"inclusivenews2024","Tempo estimado de leitura":"3 minutos"},"schema":{"@context":"https:\/\/schema.org","@graph":[{"@type":"Article","@id":"https:\/\/inclusivenews.com.br\/?p=18068#article","isPartOf":{"@id":"https:\/\/inclusivenews.com.br\/?p=18068"},"author":{"name":"inclusivenews2024","@id":"https:\/\/inclusivenews.com.br\/#\/schema\/person\/ae4ec7087559b8692fb33b6fffd2273b"},"headline":"O exemplo da Vale","datePublished":"2010-12-09T10:02:24+00:00","mainEntityOfPage":{"@id":"https:\/\/inclusivenews.com.br\/?p=18068"},"wordCount":568,"commentCount":1,"publisher":{"@id":"https:\/\/inclusivenews.com.br\/#organization"},"image":{"@id":"https:\/\/inclusivenews.com.br\/?p=18068#primaryimage"},"thumbnailUrl":"http:\/\/www.diarioliberdade.org\/archivos\/imagenes\/270510_vale.jpg","articleSection":["Colunas especiais","OPINI\u00c3O"],"inLanguage":"pt-PT","potentialAction":[{"@type":"CommentAction","name":"Comment","target":["https:\/\/inclusivenews.com.br\/?p=18068#respond"]}]},{"@type":"WebPage","@id":"https:\/\/inclusivenews.com.br\/?p=18068","url":"https:\/\/inclusivenews.com.br\/?p=18068","name":"O exemplo da Vale -","isPartOf":{"@id":"https:\/\/inclusivenews.com.br\/#website"},"primaryImageOfPage":{"@id":"https:\/\/inclusivenews.com.br\/?p=18068#primaryimage"},"image":{"@id":"https:\/\/inclusivenews.com.br\/?p=18068#primaryimage"},"thumbnailUrl":"http:\/\/www.diarioliberdade.org\/archivos\/imagenes\/270510_vale.jpg","datePublished":"2010-12-09T10:02:24+00:00","breadcrumb":{"@id":"https:\/\/inclusivenews.com.br\/?p=18068#breadcrumb"},"inLanguage":"pt-PT","potentialAction":[{"@type":"ReadAction","target":["https:\/\/inclusivenews.com.br\/?p=18068"]}]},{"@type":"ImageObject","inLanguage":"pt-PT","@id":"https:\/\/inclusivenews.com.br\/?p=18068#primaryimage","url":"http:\/\/www.diarioliberdade.org\/archivos\/imagenes\/270510_vale.jpg","contentUrl":"http:\/\/www.diarioliberdade.org\/archivos\/imagenes\/270510_vale.jpg"},{"@type":"BreadcrumbList","@id":"https:\/\/inclusivenews.com.br\/?p=18068#breadcrumb","itemListElement":[{"@type":"ListItem","position":1,"name":"In\u00edcio","item":"https:\/\/inclusivenews.com.br\/"},{"@type":"ListItem","position":2,"name":"O exemplo da Vale"}]},{"@type":"WebSite","@id":"https:\/\/inclusivenews.com.br\/#website","url":"https:\/\/inclusivenews.com.br\/","name":"Inclusive News","description":"Inclusive News","publisher":{"@id":"https:\/\/inclusivenews.com.br\/#organization"},"potentialAction":[{"@type":"SearchAction","target":{"@type":"EntryPoint","urlTemplate":"https:\/\/inclusivenews.com.br\/?s={search_term_string}"},"query-input":{"@type":"PropertyValueSpecification","valueRequired":true,"valueName":"search_term_string"}}],"inLanguage":"pt-PT"},{"@type":"Organization","@id":"https:\/\/inclusivenews.com.br\/#organization","name":"Inclusive - inclus\u00e3o e cidadania","url":"https:\/\/inclusivenews.com.br\/","logo":{"@type":"ImageObject","inLanguage":"pt-PT","@id":"https:\/\/inclusivenews.com.br\/#\/schema\/logo\/image\/","url":"https:\/\/inclusivenews.com.br\/wp-content\/uploads\/2024\/03\/@grandesite.png","contentUrl":"https:\/\/inclusivenews.com.br\/wp-content\/uploads\/2024\/03\/@grandesite.png","width":1080,"height":1080,"caption":"Inclusive - inclus\u00e3o e cidadania"},"image":{"@id":"https:\/\/inclusivenews.com.br\/#\/schema\/logo\/image\/"},"sameAs":["https:\/\/www.facebook.com\/agenciainclusive\/","https:\/\/www.instagram.com\/newsinclusive\/"]},{"@type":"Person","@id":"https:\/\/inclusivenews.com.br\/#\/schema\/person\/ae4ec7087559b8692fb33b6fffd2273b","name":"inclusivenews2024","image":{"@type":"ImageObject","inLanguage":"pt-PT","@id":"https:\/\/secure.gravatar.com\/avatar\/c5a7ef84c66fa914f55bc4f7ce26cfa275a3b9a1c5568b907bd184fb4dde7b40?s=96&d=mm&r=g","url":"https:\/\/secure.gravatar.com\/avatar\/c5a7ef84c66fa914f55bc4f7ce26cfa275a3b9a1c5568b907bd184fb4dde7b40?s=96&d=mm&r=g","contentUrl":"https:\/\/secure.gravatar.com\/avatar\/c5a7ef84c66fa914f55bc4f7ce26cfa275a3b9a1c5568b907bd184fb4dde7b40?s=96&d=mm&r=g","caption":"inclusivenews2024"},"sameAs":["https:\/\/inclusivenews.com.br"],"url":"https:\/\/inclusivenews.com.br\/?author=1"}]}},"_links":{"self":[{"href":"https:\/\/inclusivenews.com.br\/index.php?rest_route=\/wp\/v2\/posts\/18068","targetHints":{"allow":["GET"]}}],"collection":[{"href":"https:\/\/inclusivenews.com.br\/index.php?rest_route=\/wp\/v2\/posts"}],"about":[{"href":"https:\/\/inclusivenews.com.br\/index.php?rest_route=\/wp\/v2\/types\/post"}],"author":[{"embeddable":true,"href":"https:\/\/inclusivenews.com.br\/index.php?rest_route=\/wp\/v2\/users\/1"}],"replies":[{"embeddable":true,"href":"https:\/\/inclusivenews.com.br\/index.php?rest_route=%2Fwp%2Fv2%2Fcomments&post=18068"}],"version-history":[{"count":0,"href":"https:\/\/inclusivenews.com.br\/index.php?rest_route=\/wp\/v2\/posts\/18068\/revisions"}],"wp:attachment":[{"href":"https:\/\/inclusivenews.com.br\/index.php?rest_route=%2Fwp%2Fv2%2Fmedia&parent=18068"}],"wp:term":[{"taxonomy":"category","embeddable":true,"href":"https:\/\/inclusivenews.com.br\/index.php?rest_route=%2Fwp%2Fv2%2Fcategories&post=18068"},{"taxonomy":"post_tag","embeddable":true,"href":"https:\/\/inclusivenews.com.br\/index.php?rest_route=%2Fwp%2Fv2%2Ftags&post=18068"}],"curies":[{"name":"wp","href":"https:\/\/api.w.org\/{rel}","templated":true}]}}