{"id":18070,"date":"2010-12-02T03:00:19","date_gmt":"2010-12-02T06:00:19","guid":{"rendered":"http:\/\/www.inclusive.org.br\/?p=18070"},"modified":"2010-12-02T03:00:19","modified_gmt":"2010-12-02T06:00:19","slug":"seminario-da-abong-discute-alternativas-ao-modelo-de-desenvolvimento-atual-612","status":"publish","type":"post","link":"https:\/\/inclusivenews.com.br\/?p=18070","title":{"rendered":"Semin\u00e1rio da ABONG discute alternativas ao modelo de desenvolvimento atual (6\/12)"},"content":{"rendered":"<figure style=\"width: 168px\" class=\"wp-caption alignleft\"><img loading=\"lazy\" decoding=\"async\" class=\" \" title=\"A sigla ABONG sobreposta por quatro figuras de m\u00e3os dadas.\" src=\"http:\/\/blogdoambientalismo.com\/wp-content\/uploads\/2010\/11\/abong2.jpg\" alt=\"A sigla ABONG sobreposta por quatro figuras de m\u00e3os dadas.\" width=\"168\" height=\"248\" \/><figcaption class=\"wp-caption-text\"> <\/figcaption><\/figure>\n<p>A Associa\u00e7\u00e3o Brasileira de Organiza\u00e7\u00f5es N\u00e3o Governamentais (ABONG) realizar\u00e1 no dia 6 de dezembro o semin\u00e1rio \u201cPor Uma Nova Concep\u00e7\u00e3o de Desenvolvimento\u201d. O objetivo do evento \u00e9 discutir com representantes da sociedade civil organizada e com os interessados no assunto alternativas para o atual modelo de desenvolvimento.<\/p>\n<p>A ABONG acredita que o modo de produ\u00e7\u00e3o e consumo capitalista, explorador e gerador de desigualdades desafiam a sociedade civil organizada a se posicionar sobre as possibilidades de desenvolvimento, sobretudo, no contexto econ\u00f4mico que o Brasil vive hoje, com grandes obras de infra-estrutura amea\u00e7ando a sustentabilidade ambiental, o desenvolvimento regional e os direitos humanos das popula\u00e7\u00f5es mais vulner\u00e1veis. (Leia an\u00e1lise detalhada em <a href=\"http:\/\/abonglistas.mktsender.net\/registra_clique.php?id=H%7C23279875%7C66772%7C21433&amp;url=http%3A%2F%2Fwww.abong.org.br%2Fnoticias.php%3Fid%3D2436\" target=\"_blank\" rel=\"noopener\">artigo <img loading=\"lazy\" decoding=\"async\" title=\"Link abrir\u00e1 em uma nova janela ou aba.\" src=\"http:\/\/www.inclusive.org.br\/images\/new_window.gif\" alt=\"Link abrir\u00e1 em uma nova janela ou aba.\" width=\"16\" height=\"14\" \/><\/a> de Ivo Lesbaupin, da diretoria da ABONG)<\/p>\n<p>O semin\u00e1rio ser\u00e1 realizado no Centro Cultural da C\u00e2mara Municipal de Salvador (BA), das 9h \u00e0s 16h30. As inscri\u00e7\u00f5es ser\u00e3o gratuitas e podem ser feitas pelo e-mail <a href=\"mailto:inscricao@abong.org.br\" target=\"_blank\" rel=\"noopener\">inscricao@abong.org.br<\/a>. Mais informa\u00e7\u00f5es pelo telefone (11) 3237-2122 ou no site <a href=\"http:\/\/abonglistas.mktsender.net\/registra_clique.php?id=H%7C23279876%7C66772%7C21433&amp;url=http%3A%2F%2Fwww.abong.org.br%2F\" target=\"_blank\" rel=\"noopener\">www.abong.org.br <img loading=\"lazy\" decoding=\"async\" title=\"Link abrir\u00e1 em uma nova janela ou aba.\" src=\"http:\/\/www.inclusive.org.br\/images\/new_window.gif\" alt=\"Link abrir\u00e1 em uma nova janela ou aba.\" width=\"16\" height=\"14\" \/><\/a>.<\/p>\n<p><strong>Servi\u00e7o<\/strong><br \/>\nSemin\u00e1rio Por uma Nova Concep\u00e7\u00e3o de Desenvolvimento<br \/>\nData: dia 6 de dezembro de 2010<br \/>\nHor\u00e1rio: das 9h \u00e0s 16h30<br \/>\nLocal: Centro Cultural da C\u00e2mara Municipal de Salvador &#8211; Pra\u00e7a Tom\u00e9 de Souza, s\/n Centro \u2013 Salvador \u2013 Bahia<\/p>\n<p><strong>Programa\u00e7\u00e3o<\/strong><\/p>\n<p>9h <strong>&#8211;<\/strong> Abertura<br \/>\n9h30 \u00e0s 11h \u2013 Mesa 1: <strong>Uma nova concep\u00e7\u00e3o de desenvolvimento: econ\u00f4mico-ecol\u00f3gico?<\/strong>; com Marcos Arruda (PACS) e Muriel Saragoussi (ICCO)<br \/>\n11h30 \u00e0s 13h \u2013 Mesa 2: <strong>Concep\u00e7\u00e3o de desenvolvimento e as desigualdades sociais<\/strong>; com C\u00e2ndido Grzybowski (IBASE) e Cristiane Faustino (Instituto Terramar) \u2013 a confirmar<br \/>\n14h \u00e0s 15h30 \u2013 Mesa 3: <strong>Nova concep\u00e7\u00e3o de desenvolvimento: perspectiva para o Nordeste<\/strong>, com Carlos Eduardo de Souza Leite (SASOP \/ASA) e Jo\u00e3o Suassuna (Funda\u00e7\u00e3o Joaquim Nabuco)<br \/>\n15h30 \u00e0s 16h30 &#8211; Encerramento: Encaminhamentos e perspectivas<\/p>\n<p><strong>Apoio ao Semin\u00e1rio<\/strong><br \/>\nCentro Cultural da C\u00e2mara Municipal de Salvador, Desenvolvimento e Paz e Oxfam GB<\/p>\n<p><strong>Apoio Institucional<\/strong><br \/>\nEED, Funda\u00e7\u00e3o Ford e ICCO<\/p>\n","protected":false},"excerpt":{"rendered":"<p>A Associa\u00e7\u00e3o Brasileira de Organiza\u00e7\u00f5es N\u00e3o Governamentais (ABONG) realizar\u00e1 no dia 6 de dezembro o semin\u00e1rio \u201cPor Uma Nova Concep\u00e7\u00e3o de Desenvolvimento\u201d. O objetivo do evento \u00e9 discutir com representantes da sociedade civil organizada e com os interessados no assunto alternativas para o atual modelo de desenvolvimento.<\/p>\n","protected":false},"author":1,"featured_media":0,"comment_status":"open","ping_status":"open","sticky":false,"template":"","format":"standard","meta":{"site-container-style":"default","site-container-layout":"default","site-sidebar-layout":"default","disable-article-header":"default","disable-site-header":"default","disable-site-footer":"default","disable-content-area-spacing":"default","footnotes":""},"categories":[12,4],"tags":[],"class_list":["post-18070","post","type-post","status-publish","format-standard","hentry","category-cursos-e-eventos","category-noticias"],"yoast_head":"<!-- This site is optimized with the Yoast SEO plugin v27.4 - https:\/\/yoast.com\/product\/yoast-seo-wordpress\/ -->\n<title>Semin\u00e1rio da ABONG discute alternativas ao modelo de desenvolvimento atual (6\/12) -<\/title>\n<meta name=\"robots\" content=\"index, follow, max-snippet:-1, max-image-preview:large, max-video-preview:-1\" \/>\n<link rel=\"canonical\" href=\"https:\/\/inclusivenews.com.br\/?p=18070\" \/>\n<meta property=\"og:locale\" content=\"pt_PT\" \/>\n<meta property=\"og:type\" content=\"article\" \/>\n<meta property=\"og:title\" content=\"Semin\u00e1rio da ABONG discute alternativas ao modelo de desenvolvimento atual (6\/12) -\" \/>\n<meta property=\"og:description\" content=\"A Associa\u00e7\u00e3o Brasileira de Organiza\u00e7\u00f5es N\u00e3o Governamentais (ABONG) realizar\u00e1 no dia 6 de dezembro o semin\u00e1rio \u201cPor Uma Nova Concep\u00e7\u00e3o de Desenvolvimento\u201d. O objetivo do evento \u00e9 discutir com representantes da sociedade civil organizada e com os interessados no assunto alternativas para o atual modelo de desenvolvimento.\" \/>\n<meta property=\"og:url\" content=\"https:\/\/inclusivenews.com.br\/?p=18070\" \/>\n<meta property=\"article:publisher\" content=\"https:\/\/www.facebook.com\/agenciainclusive\/\" \/>\n<meta property=\"article:published_time\" content=\"2010-12-02T06:00:19+00:00\" \/>\n<meta property=\"og:image\" content=\"http:\/\/blogdoambientalismo.com\/wp-content\/uploads\/2010\/11\/abong2.jpg\" \/>\n<meta name=\"author\" content=\"inclusivenews2024\" \/>\n<meta name=\"twitter:card\" content=\"summary_large_image\" \/>\n<meta name=\"twitter:label1\" content=\"Escrito por\" \/>\n\t<meta name=\"twitter:data1\" content=\"inclusivenews2024\" \/>\n\t<meta name=\"twitter:label2\" content=\"Tempo estimado de leitura\" \/>\n\t<meta name=\"twitter:data2\" content=\"2 minutos\" \/>\n<script type=\"application\/ld+json\" class=\"yoast-schema-graph\">{\"@context\":\"https:\\\/\\\/schema.org\",\"@graph\":[{\"@type\":\"Article\",\"@id\":\"https:\\\/\\\/inclusivenews.com.br\\\/?p=18070#article\",\"isPartOf\":{\"@id\":\"https:\\\/\\\/inclusivenews.com.br\\\/?p=18070\"},\"author\":{\"name\":\"inclusivenews2024\",\"@id\":\"https:\\\/\\\/inclusivenews.com.br\\\/#\\\/schema\\\/person\\\/ae4ec7087559b8692fb33b6fffd2273b\"},\"headline\":\"Semin\u00e1rio da ABONG discute alternativas ao modelo de desenvolvimento atual (6\\\/12)\",\"datePublished\":\"2010-12-02T06:00:19+00:00\",\"mainEntityOfPage\":{\"@id\":\"https:\\\/\\\/inclusivenews.com.br\\\/?p=18070\"},\"wordCount\":347,\"commentCount\":0,\"publisher\":{\"@id\":\"https:\\\/\\\/inclusivenews.com.br\\\/#organization\"},\"image\":{\"@id\":\"https:\\\/\\\/inclusivenews.com.br\\\/?p=18070#primaryimage\"},\"thumbnailUrl\":\"http:\\\/\\\/blogdoambientalismo.com\\\/wp-content\\\/uploads\\\/2010\\\/11\\\/abong2.jpg\",\"articleSection\":[\"Cursos e eventos\",\"NOT\u00cdCIAS\"],\"inLanguage\":\"pt-PT\",\"potentialAction\":[{\"@type\":\"CommentAction\",\"name\":\"Comment\",\"target\":[\"https:\\\/\\\/inclusivenews.com.br\\\/?p=18070#respond\"]}]},{\"@type\":\"WebPage\",\"@id\":\"https:\\\/\\\/inclusivenews.com.br\\\/?p=18070\",\"url\":\"https:\\\/\\\/inclusivenews.com.br\\\/?p=18070\",\"name\":\"Semin\u00e1rio da ABONG discute alternativas ao modelo de desenvolvimento atual (6\\\/12) -\",\"isPartOf\":{\"@id\":\"https:\\\/\\\/inclusivenews.com.br\\\/#website\"},\"primaryImageOfPage\":{\"@id\":\"https:\\\/\\\/inclusivenews.com.br\\\/?p=18070#primaryimage\"},\"image\":{\"@id\":\"https:\\\/\\\/inclusivenews.com.br\\\/?p=18070#primaryimage\"},\"thumbnailUrl\":\"http:\\\/\\\/blogdoambientalismo.com\\\/wp-content\\\/uploads\\\/2010\\\/11\\\/abong2.jpg\",\"datePublished\":\"2010-12-02T06:00:19+00:00\",\"breadcrumb\":{\"@id\":\"https:\\\/\\\/inclusivenews.com.br\\\/?p=18070#breadcrumb\"},\"inLanguage\":\"pt-PT\",\"potentialAction\":[{\"@type\":\"ReadAction\",\"target\":[\"https:\\\/\\\/inclusivenews.com.br\\\/?p=18070\"]}]},{\"@type\":\"ImageObject\",\"inLanguage\":\"pt-PT\",\"@id\":\"https:\\\/\\\/inclusivenews.com.br\\\/?p=18070#primaryimage\",\"url\":\"http:\\\/\\\/blogdoambientalismo.com\\\/wp-content\\\/uploads\\\/2010\\\/11\\\/abong2.jpg\",\"contentUrl\":\"http:\\\/\\\/blogdoambientalismo.com\\\/wp-content\\\/uploads\\\/2010\\\/11\\\/abong2.jpg\"},{\"@type\":\"BreadcrumbList\",\"@id\":\"https:\\\/\\\/inclusivenews.com.br\\\/?p=18070#breadcrumb\",\"itemListElement\":[{\"@type\":\"ListItem\",\"position\":1,\"name\":\"In\u00edcio\",\"item\":\"https:\\\/\\\/inclusivenews.com.br\\\/\"},{\"@type\":\"ListItem\",\"position\":2,\"name\":\"Semin\u00e1rio da ABONG discute alternativas ao modelo de desenvolvimento atual (6\\\/12)\"}]},{\"@type\":\"WebSite\",\"@id\":\"https:\\\/\\\/inclusivenews.com.br\\\/#website\",\"url\":\"https:\\\/\\\/inclusivenews.com.br\\\/\",\"name\":\"Inclusive News\",\"description\":\"Inclusive News\",\"publisher\":{\"@id\":\"https:\\\/\\\/inclusivenews.com.br\\\/#organization\"},\"potentialAction\":[{\"@type\":\"SearchAction\",\"target\":{\"@type\":\"EntryPoint\",\"urlTemplate\":\"https:\\\/\\\/inclusivenews.com.br\\\/?s={search_term_string}\"},\"query-input\":{\"@type\":\"PropertyValueSpecification\",\"valueRequired\":true,\"valueName\":\"search_term_string\"}}],\"inLanguage\":\"pt-PT\"},{\"@type\":\"Organization\",\"@id\":\"https:\\\/\\\/inclusivenews.com.br\\\/#organization\",\"name\":\"Inclusive - inclus\u00e3o e cidadania\",\"url\":\"https:\\\/\\\/inclusivenews.com.br\\\/\",\"logo\":{\"@type\":\"ImageObject\",\"inLanguage\":\"pt-PT\",\"@id\":\"https:\\\/\\\/inclusivenews.com.br\\\/#\\\/schema\\\/logo\\\/image\\\/\",\"url\":\"https:\\\/\\\/inclusivenews.com.br\\\/wp-content\\\/uploads\\\/2024\\\/03\\\/@grandesite.png\",\"contentUrl\":\"https:\\\/\\\/inclusivenews.com.br\\\/wp-content\\\/uploads\\\/2024\\\/03\\\/@grandesite.png\",\"width\":1080,\"height\":1080,\"caption\":\"Inclusive - inclus\u00e3o e cidadania\"},\"image\":{\"@id\":\"https:\\\/\\\/inclusivenews.com.br\\\/#\\\/schema\\\/logo\\\/image\\\/\"},\"sameAs\":[\"https:\\\/\\\/www.facebook.com\\\/agenciainclusive\\\/\",\"https:\\\/\\\/www.instagram.com\\\/newsinclusive\\\/\"]},{\"@type\":\"Person\",\"@id\":\"https:\\\/\\\/inclusivenews.com.br\\\/#\\\/schema\\\/person\\\/ae4ec7087559b8692fb33b6fffd2273b\",\"name\":\"inclusivenews2024\",\"image\":{\"@type\":\"ImageObject\",\"inLanguage\":\"pt-PT\",\"@id\":\"https:\\\/\\\/secure.gravatar.com\\\/avatar\\\/c5a7ef84c66fa914f55bc4f7ce26cfa275a3b9a1c5568b907bd184fb4dde7b40?s=96&d=mm&r=g\",\"url\":\"https:\\\/\\\/secure.gravatar.com\\\/avatar\\\/c5a7ef84c66fa914f55bc4f7ce26cfa275a3b9a1c5568b907bd184fb4dde7b40?s=96&d=mm&r=g\",\"contentUrl\":\"https:\\\/\\\/secure.gravatar.com\\\/avatar\\\/c5a7ef84c66fa914f55bc4f7ce26cfa275a3b9a1c5568b907bd184fb4dde7b40?s=96&d=mm&r=g\",\"caption\":\"inclusivenews2024\"},\"sameAs\":[\"https:\\\/\\\/inclusivenews.com.br\"],\"url\":\"https:\\\/\\\/inclusivenews.com.br\\\/?author=1\"}]}<\/script>\n<!-- \/ Yoast SEO plugin. -->","yoast_head_json":{"title":"Semin\u00e1rio da ABONG discute alternativas ao modelo de desenvolvimento atual (6\/12) -","robots":{"index":"index","follow":"follow","max-snippet":"max-snippet:-1","max-image-preview":"max-image-preview:large","max-video-preview":"max-video-preview:-1"},"canonical":"https:\/\/inclusivenews.com.br\/?p=18070","og_locale":"pt_PT","og_type":"article","og_title":"Semin\u00e1rio da ABONG discute alternativas ao modelo de desenvolvimento atual (6\/12) -","og_description":"A Associa\u00e7\u00e3o Brasileira de Organiza\u00e7\u00f5es N\u00e3o Governamentais (ABONG) realizar\u00e1 no dia 6 de dezembro o semin\u00e1rio \u201cPor Uma Nova Concep\u00e7\u00e3o de Desenvolvimento\u201d. O objetivo do evento \u00e9 discutir com representantes da sociedade civil organizada e com os interessados no assunto alternativas para o atual modelo de desenvolvimento.","og_url":"https:\/\/inclusivenews.com.br\/?p=18070","article_publisher":"https:\/\/www.facebook.com\/agenciainclusive\/","article_published_time":"2010-12-02T06:00:19+00:00","og_image":[{"url":"http:\/\/blogdoambientalismo.com\/wp-content\/uploads\/2010\/11\/abong2.jpg","type":"","width":"","height":""}],"author":"inclusivenews2024","twitter_card":"summary_large_image","twitter_misc":{"Escrito por":"inclusivenews2024","Tempo estimado de leitura":"2 minutos"},"schema":{"@context":"https:\/\/schema.org","@graph":[{"@type":"Article","@id":"https:\/\/inclusivenews.com.br\/?p=18070#article","isPartOf":{"@id":"https:\/\/inclusivenews.com.br\/?p=18070"},"author":{"name":"inclusivenews2024","@id":"https:\/\/inclusivenews.com.br\/#\/schema\/person\/ae4ec7087559b8692fb33b6fffd2273b"},"headline":"Semin\u00e1rio da ABONG discute alternativas ao modelo de desenvolvimento atual (6\/12)","datePublished":"2010-12-02T06:00:19+00:00","mainEntityOfPage":{"@id":"https:\/\/inclusivenews.com.br\/?p=18070"},"wordCount":347,"commentCount":0,"publisher":{"@id":"https:\/\/inclusivenews.com.br\/#organization"},"image":{"@id":"https:\/\/inclusivenews.com.br\/?p=18070#primaryimage"},"thumbnailUrl":"http:\/\/blogdoambientalismo.com\/wp-content\/uploads\/2010\/11\/abong2.jpg","articleSection":["Cursos e eventos","NOT\u00cdCIAS"],"inLanguage":"pt-PT","potentialAction":[{"@type":"CommentAction","name":"Comment","target":["https:\/\/inclusivenews.com.br\/?p=18070#respond"]}]},{"@type":"WebPage","@id":"https:\/\/inclusivenews.com.br\/?p=18070","url":"https:\/\/inclusivenews.com.br\/?p=18070","name":"Semin\u00e1rio da ABONG discute alternativas ao modelo de desenvolvimento atual (6\/12) -","isPartOf":{"@id":"https:\/\/inclusivenews.com.br\/#website"},"primaryImageOfPage":{"@id":"https:\/\/inclusivenews.com.br\/?p=18070#primaryimage"},"image":{"@id":"https:\/\/inclusivenews.com.br\/?p=18070#primaryimage"},"thumbnailUrl":"http:\/\/blogdoambientalismo.com\/wp-content\/uploads\/2010\/11\/abong2.jpg","datePublished":"2010-12-02T06:00:19+00:00","breadcrumb":{"@id":"https:\/\/inclusivenews.com.br\/?p=18070#breadcrumb"},"inLanguage":"pt-PT","potentialAction":[{"@type":"ReadAction","target":["https:\/\/inclusivenews.com.br\/?p=18070"]}]},{"@type":"ImageObject","inLanguage":"pt-PT","@id":"https:\/\/inclusivenews.com.br\/?p=18070#primaryimage","url":"http:\/\/blogdoambientalismo.com\/wp-content\/uploads\/2010\/11\/abong2.jpg","contentUrl":"http:\/\/blogdoambientalismo.com\/wp-content\/uploads\/2010\/11\/abong2.jpg"},{"@type":"BreadcrumbList","@id":"https:\/\/inclusivenews.com.br\/?p=18070#breadcrumb","itemListElement":[{"@type":"ListItem","position":1,"name":"In\u00edcio","item":"https:\/\/inclusivenews.com.br\/"},{"@type":"ListItem","position":2,"name":"Semin\u00e1rio da ABONG discute alternativas ao modelo de desenvolvimento atual (6\/12)"}]},{"@type":"WebSite","@id":"https:\/\/inclusivenews.com.br\/#website","url":"https:\/\/inclusivenews.com.br\/","name":"Inclusive News","description":"Inclusive News","publisher":{"@id":"https:\/\/inclusivenews.com.br\/#organization"},"potentialAction":[{"@type":"SearchAction","target":{"@type":"EntryPoint","urlTemplate":"https:\/\/inclusivenews.com.br\/?s={search_term_string}"},"query-input":{"@type":"PropertyValueSpecification","valueRequired":true,"valueName":"search_term_string"}}],"inLanguage":"pt-PT"},{"@type":"Organization","@id":"https:\/\/inclusivenews.com.br\/#organization","name":"Inclusive - inclus\u00e3o e cidadania","url":"https:\/\/inclusivenews.com.br\/","logo":{"@type":"ImageObject","inLanguage":"pt-PT","@id":"https:\/\/inclusivenews.com.br\/#\/schema\/logo\/image\/","url":"https:\/\/inclusivenews.com.br\/wp-content\/uploads\/2024\/03\/@grandesite.png","contentUrl":"https:\/\/inclusivenews.com.br\/wp-content\/uploads\/2024\/03\/@grandesite.png","width":1080,"height":1080,"caption":"Inclusive - inclus\u00e3o e cidadania"},"image":{"@id":"https:\/\/inclusivenews.com.br\/#\/schema\/logo\/image\/"},"sameAs":["https:\/\/www.facebook.com\/agenciainclusive\/","https:\/\/www.instagram.com\/newsinclusive\/"]},{"@type":"Person","@id":"https:\/\/inclusivenews.com.br\/#\/schema\/person\/ae4ec7087559b8692fb33b6fffd2273b","name":"inclusivenews2024","image":{"@type":"ImageObject","inLanguage":"pt-PT","@id":"https:\/\/secure.gravatar.com\/avatar\/c5a7ef84c66fa914f55bc4f7ce26cfa275a3b9a1c5568b907bd184fb4dde7b40?s=96&d=mm&r=g","url":"https:\/\/secure.gravatar.com\/avatar\/c5a7ef84c66fa914f55bc4f7ce26cfa275a3b9a1c5568b907bd184fb4dde7b40?s=96&d=mm&r=g","contentUrl":"https:\/\/secure.gravatar.com\/avatar\/c5a7ef84c66fa914f55bc4f7ce26cfa275a3b9a1c5568b907bd184fb4dde7b40?s=96&d=mm&r=g","caption":"inclusivenews2024"},"sameAs":["https:\/\/inclusivenews.com.br"],"url":"https:\/\/inclusivenews.com.br\/?author=1"}]}},"_links":{"self":[{"href":"https:\/\/inclusivenews.com.br\/index.php?rest_route=\/wp\/v2\/posts\/18070","targetHints":{"allow":["GET"]}}],"collection":[{"href":"https:\/\/inclusivenews.com.br\/index.php?rest_route=\/wp\/v2\/posts"}],"about":[{"href":"https:\/\/inclusivenews.com.br\/index.php?rest_route=\/wp\/v2\/types\/post"}],"author":[{"embeddable":true,"href":"https:\/\/inclusivenews.com.br\/index.php?rest_route=\/wp\/v2\/users\/1"}],"replies":[{"embeddable":true,"href":"https:\/\/inclusivenews.com.br\/index.php?rest_route=%2Fwp%2Fv2%2Fcomments&post=18070"}],"version-history":[{"count":0,"href":"https:\/\/inclusivenews.com.br\/index.php?rest_route=\/wp\/v2\/posts\/18070\/revisions"}],"wp:attachment":[{"href":"https:\/\/inclusivenews.com.br\/index.php?rest_route=%2Fwp%2Fv2%2Fmedia&parent=18070"}],"wp:term":[{"taxonomy":"category","embeddable":true,"href":"https:\/\/inclusivenews.com.br\/index.php?rest_route=%2Fwp%2Fv2%2Fcategories&post=18070"},{"taxonomy":"post_tag","embeddable":true,"href":"https:\/\/inclusivenews.com.br\/index.php?rest_route=%2Fwp%2Fv2%2Ftags&post=18070"}],"curies":[{"name":"wp","href":"https:\/\/api.w.org\/{rel}","templated":true}]}}