{"id":18071,"date":"2010-12-02T03:02:47","date_gmt":"2010-12-02T06:02:47","guid":{"rendered":"http:\/\/www.inclusive.org.br\/?p=18071"},"modified":"2010-12-02T03:02:47","modified_gmt":"2010-12-02T06:02:47","slug":"leia-o-nro-8-da-revista-internacional-direito-e-cidadania","status":"publish","type":"post","link":"https:\/\/inclusivenews.com.br\/?p=18071","title":{"rendered":"Leia o nro. 8 da Revista Internacional Direito e Cidadania"},"content":{"rendered":"<figure style=\"width: 190px\" class=\"wp-caption alignleft\"><a href=\"http:\/\/iedc.org.br\/REID\/\/screen\/REIDlogomarca.jpg\"><img loading=\"lazy\" decoding=\"async\" title=\"A sigla REID com um globo sobreposto.\" src=\"http:\/\/iedc.org.br\/REID\/\/screen\/REIDlogomarca.jpg\" alt=\"A sigla REID com um globo sobreposto.\" width=\"190\" height=\"105\" \/><\/a><figcaption class=\"wp-caption-text\"> <\/figcaption><\/figure>\n<p>J\u00e1 est\u00e1 dispon\u00edvel para leitura o nro. 8 da Revista Internacional  Direito e Cidadania, publica\u00e7\u00e3o do IEDC &#8211; Instituto de Estudos de Direito e Cidadania.<\/p>\n<p>Nesta edi\u00e7\u00e3o (<a href=\"http:\/\/iedc.org.br\/REID\/arquivos\/REID-008.pdf\">dispon\u00edvel aqui para download na \u00edntegra <img loading=\"lazy\" decoding=\"async\" title=\"Link abrir\u00e1 em uma nova janela ou aba.\" src=\"http:\/\/www.inclusive.org.br\/images\/new_window.gif\" alt=\"Link abrir\u00e1 em uma nova janela ou aba.\" width=\"16\" height=\"14\" \/><\/a>), destacam-se os seguintes  artigos:<\/p>\n<p>Estado, crise econ\u00f4mica mundial e a centralidade do trabalho<br \/>\nPor Andr\u00e9 Antonio A. de Medeiros<\/p>\n<p>Cidadania das mulheres: o longo percurso<br \/>\nPor Antonio Roberto Xavier, Lisimere Cordeiro do Vale Xavier<\/p>\n<p>Direito \u00e0 paisagem<br \/>\nPor Antonio Zanollo Neto<\/p>\n<p>Pol\u00edticas p\u00fablicas regionais: uma an\u00e1lise da regula\u00e7\u00e3o de direitos  sociais no mercosul<br \/>\nPor Clarissa Franzoi Dri<\/p>\n<p>Alimenta\u00e7\u00e3o adequada como direito fundamental: desafios para garantir a  efetiva\u00e7\u00e3o<br \/>\nPor Daniela Lima de Almeida<\/p>\n<p>Registro audiovisual dos depoimentos: fundamentos jur\u00eddicos<br \/>\nPor Eduardo Mill\u00e9o Baracat<\/p>\n<p>O ativismo ambiental: cidadania e a tutela jur\u00eddica do meio ambiente<br \/>\nPor En\u00e9as Xavier de Oliveira Junior<\/p>\n<p>Contribui\u00e7\u00e3o cr\u00edtica ao debate sobre a caracteriza\u00e7\u00e3o do conceito de  refugiado ambiental<br \/>\nPor Fabiano L. de Menezes<\/p>\n<p>Breves aspectos da informa\u00e7\u00e3o analisada sobre a \u00f3tica constitucional e  ambiental e internacional<br \/>\nPor Fabio Carvalho Verzola<\/p>\n<p>Pobreza e desigualdade social no estado democr\u00e1tico de direito: o caso  brasileiro<br \/>\nPor Francys Layne Balsan<\/p>\n<p>Transdisciplinariedade: a irradia\u00e7\u00e3o dos direitos fundamentais<br \/>\nPor Gabriel Peixoto Dourado<\/p>\n<p>Seguridade social internacional<br \/>\nPor JOS\u00c9 GUILHERME FERRAZ DA COSTA<\/p>\n<p>Igualdade e democracia: velhas promessas reeditadas na era tecnol\u00f3gica<br \/>\nPor Luciana Cristina de Souza<\/p>\n<p>O papel dos instrumentos do direito internacional do meio ambiente no  processo de sustentabilidade<br \/>\nPor Margarete Padueli<\/p>\n<p>Kant: filosofia como sistema e o a priori \u2013 problema te\u00f2rico e pr\u00e1tico<br \/>\nPor Raphael Gondim Machado Lima<\/p>\n<p>Direitos fundamentais e transdisciplinariedade: o direito ao  desenvolvimento na constitui\u00e7\u00e3o federal de 1988 e os obst\u00e1culos \u00e0 sua  concretiza\u00e7\u00e3o<br \/>\nPor Thiago Holanda Gonz\u00e1lez<\/p>\n<p>Carta de S\u00e3o Paulo 2: sobre a Conven\u00e7\u00e3o de Aarhus<\/p>\n","protected":false},"excerpt":{"rendered":"<p>J\u00e1 est\u00e1 dispon\u00edvel para leitura o nro. 8 da Revista Internacional Direito e Cidadania, publica\u00e7\u00e3o do IEDC &#8211; Instituto de Estudos de Direito e Cidadania. (Dispon\u00edvel para download)<\/p>\n","protected":false},"author":1,"featured_media":0,"comment_status":"open","ping_status":"open","sticky":false,"template":"","format":"standard","meta":{"site-container-style":"default","site-container-layout":"default","site-sidebar-layout":"default","disable-article-header":"default","disable-site-header":"default","disable-site-footer":"default","disable-content-area-spacing":"default","footnotes":""},"categories":[52,10,80],"tags":[],"class_list":["post-18071","post","type-post","status-publish","format-standard","hentry","category-downloadables","category-publicacoes","category-revistas"],"yoast_head":"<!-- This site is optimized with the Yoast SEO plugin v27.4 - https:\/\/yoast.com\/product\/yoast-seo-wordpress\/ -->\n<title>Leia o nro. 8 da Revista Internacional Direito e Cidadania -<\/title>\n<meta name=\"robots\" content=\"index, follow, max-snippet:-1, max-image-preview:large, max-video-preview:-1\" \/>\n<link rel=\"canonical\" href=\"https:\/\/inclusivenews.com.br\/?p=18071\" \/>\n<meta property=\"og:locale\" content=\"pt_PT\" \/>\n<meta property=\"og:type\" content=\"article\" \/>\n<meta property=\"og:title\" content=\"Leia o nro. 8 da Revista Internacional Direito e Cidadania -\" \/>\n<meta property=\"og:description\" content=\"J\u00e1 est\u00e1 dispon\u00edvel para leitura o nro. 8 da Revista Internacional Direito e Cidadania, publica\u00e7\u00e3o do IEDC - Instituto de Estudos de Direito e Cidadania. (Dispon\u00edvel para download)\" \/>\n<meta property=\"og:url\" content=\"https:\/\/inclusivenews.com.br\/?p=18071\" \/>\n<meta property=\"article:publisher\" content=\"https:\/\/www.facebook.com\/agenciainclusive\/\" \/>\n<meta property=\"article:published_time\" content=\"2010-12-02T06:02:47+00:00\" \/>\n<meta property=\"og:image\" content=\"http:\/\/iedc.org.br\/REID\/\/screen\/REIDlogomarca.jpg\" \/>\n<meta name=\"author\" content=\"inclusivenews2024\" \/>\n<meta name=\"twitter:card\" content=\"summary_large_image\" \/>\n<meta name=\"twitter:label1\" content=\"Escrito por\" \/>\n\t<meta name=\"twitter:data1\" content=\"inclusivenews2024\" \/>\n\t<meta name=\"twitter:label2\" content=\"Tempo estimado de leitura\" \/>\n\t<meta name=\"twitter:data2\" content=\"2 minutos\" \/>\n<script type=\"application\/ld+json\" class=\"yoast-schema-graph\">{\"@context\":\"https:\\\/\\\/schema.org\",\"@graph\":[{\"@type\":\"Article\",\"@id\":\"https:\\\/\\\/inclusivenews.com.br\\\/?p=18071#article\",\"isPartOf\":{\"@id\":\"https:\\\/\\\/inclusivenews.com.br\\\/?p=18071\"},\"author\":{\"name\":\"inclusivenews2024\",\"@id\":\"https:\\\/\\\/inclusivenews.com.br\\\/#\\\/schema\\\/person\\\/ae4ec7087559b8692fb33b6fffd2273b\"},\"headline\":\"Leia o nro. 8 da Revista Internacional Direito e Cidadania\",\"datePublished\":\"2010-12-02T06:02:47+00:00\",\"mainEntityOfPage\":{\"@id\":\"https:\\\/\\\/inclusivenews.com.br\\\/?p=18071\"},\"wordCount\":323,\"commentCount\":1,\"publisher\":{\"@id\":\"https:\\\/\\\/inclusivenews.com.br\\\/#organization\"},\"image\":{\"@id\":\"https:\\\/\\\/inclusivenews.com.br\\\/?p=18071#primaryimage\"},\"thumbnailUrl\":\"http:\\\/\\\/iedc.org.br\\\/REID\\\/\\\/screen\\\/REIDlogomarca.jpg\",\"articleSection\":[\"Downloadables\",\"PUBLICA\u00c7\u00d5ES\",\"Revistas\"],\"inLanguage\":\"pt-PT\",\"potentialAction\":[{\"@type\":\"CommentAction\",\"name\":\"Comment\",\"target\":[\"https:\\\/\\\/inclusivenews.com.br\\\/?p=18071#respond\"]}]},{\"@type\":\"WebPage\",\"@id\":\"https:\\\/\\\/inclusivenews.com.br\\\/?p=18071\",\"url\":\"https:\\\/\\\/inclusivenews.com.br\\\/?p=18071\",\"name\":\"Leia o nro. 8 da Revista Internacional Direito e Cidadania -\",\"isPartOf\":{\"@id\":\"https:\\\/\\\/inclusivenews.com.br\\\/#website\"},\"primaryImageOfPage\":{\"@id\":\"https:\\\/\\\/inclusivenews.com.br\\\/?p=18071#primaryimage\"},\"image\":{\"@id\":\"https:\\\/\\\/inclusivenews.com.br\\\/?p=18071#primaryimage\"},\"thumbnailUrl\":\"http:\\\/\\\/iedc.org.br\\\/REID\\\/\\\/screen\\\/REIDlogomarca.jpg\",\"datePublished\":\"2010-12-02T06:02:47+00:00\",\"breadcrumb\":{\"@id\":\"https:\\\/\\\/inclusivenews.com.br\\\/?p=18071#breadcrumb\"},\"inLanguage\":\"pt-PT\",\"potentialAction\":[{\"@type\":\"ReadAction\",\"target\":[\"https:\\\/\\\/inclusivenews.com.br\\\/?p=18071\"]}]},{\"@type\":\"ImageObject\",\"inLanguage\":\"pt-PT\",\"@id\":\"https:\\\/\\\/inclusivenews.com.br\\\/?p=18071#primaryimage\",\"url\":\"http:\\\/\\\/iedc.org.br\\\/REID\\\/\\\/screen\\\/REIDlogomarca.jpg\",\"contentUrl\":\"http:\\\/\\\/iedc.org.br\\\/REID\\\/\\\/screen\\\/REIDlogomarca.jpg\"},{\"@type\":\"BreadcrumbList\",\"@id\":\"https:\\\/\\\/inclusivenews.com.br\\\/?p=18071#breadcrumb\",\"itemListElement\":[{\"@type\":\"ListItem\",\"position\":1,\"name\":\"In\u00edcio\",\"item\":\"https:\\\/\\\/inclusivenews.com.br\\\/\"},{\"@type\":\"ListItem\",\"position\":2,\"name\":\"Leia o nro. 8 da Revista Internacional Direito e Cidadania\"}]},{\"@type\":\"WebSite\",\"@id\":\"https:\\\/\\\/inclusivenews.com.br\\\/#website\",\"url\":\"https:\\\/\\\/inclusivenews.com.br\\\/\",\"name\":\"Inclusive News\",\"description\":\"Inclusive News\",\"publisher\":{\"@id\":\"https:\\\/\\\/inclusivenews.com.br\\\/#organization\"},\"potentialAction\":[{\"@type\":\"SearchAction\",\"target\":{\"@type\":\"EntryPoint\",\"urlTemplate\":\"https:\\\/\\\/inclusivenews.com.br\\\/?s={search_term_string}\"},\"query-input\":{\"@type\":\"PropertyValueSpecification\",\"valueRequired\":true,\"valueName\":\"search_term_string\"}}],\"inLanguage\":\"pt-PT\"},{\"@type\":\"Organization\",\"@id\":\"https:\\\/\\\/inclusivenews.com.br\\\/#organization\",\"name\":\"Inclusive - inclus\u00e3o e cidadania\",\"url\":\"https:\\\/\\\/inclusivenews.com.br\\\/\",\"logo\":{\"@type\":\"ImageObject\",\"inLanguage\":\"pt-PT\",\"@id\":\"https:\\\/\\\/inclusivenews.com.br\\\/#\\\/schema\\\/logo\\\/image\\\/\",\"url\":\"https:\\\/\\\/inclusivenews.com.br\\\/wp-content\\\/uploads\\\/2024\\\/03\\\/@grandesite.png\",\"contentUrl\":\"https:\\\/\\\/inclusivenews.com.br\\\/wp-content\\\/uploads\\\/2024\\\/03\\\/@grandesite.png\",\"width\":1080,\"height\":1080,\"caption\":\"Inclusive - inclus\u00e3o e cidadania\"},\"image\":{\"@id\":\"https:\\\/\\\/inclusivenews.com.br\\\/#\\\/schema\\\/logo\\\/image\\\/\"},\"sameAs\":[\"https:\\\/\\\/www.facebook.com\\\/agenciainclusive\\\/\",\"https:\\\/\\\/www.instagram.com\\\/newsinclusive\\\/\"]},{\"@type\":\"Person\",\"@id\":\"https:\\\/\\\/inclusivenews.com.br\\\/#\\\/schema\\\/person\\\/ae4ec7087559b8692fb33b6fffd2273b\",\"name\":\"inclusivenews2024\",\"image\":{\"@type\":\"ImageObject\",\"inLanguage\":\"pt-PT\",\"@id\":\"https:\\\/\\\/secure.gravatar.com\\\/avatar\\\/c5a7ef84c66fa914f55bc4f7ce26cfa275a3b9a1c5568b907bd184fb4dde7b40?s=96&d=mm&r=g\",\"url\":\"https:\\\/\\\/secure.gravatar.com\\\/avatar\\\/c5a7ef84c66fa914f55bc4f7ce26cfa275a3b9a1c5568b907bd184fb4dde7b40?s=96&d=mm&r=g\",\"contentUrl\":\"https:\\\/\\\/secure.gravatar.com\\\/avatar\\\/c5a7ef84c66fa914f55bc4f7ce26cfa275a3b9a1c5568b907bd184fb4dde7b40?s=96&d=mm&r=g\",\"caption\":\"inclusivenews2024\"},\"sameAs\":[\"https:\\\/\\\/inclusivenews.com.br\"],\"url\":\"https:\\\/\\\/inclusivenews.com.br\\\/?author=1\"}]}<\/script>\n<!-- \/ Yoast SEO plugin. -->","yoast_head_json":{"title":"Leia o nro. 8 da Revista Internacional Direito e Cidadania -","robots":{"index":"index","follow":"follow","max-snippet":"max-snippet:-1","max-image-preview":"max-image-preview:large","max-video-preview":"max-video-preview:-1"},"canonical":"https:\/\/inclusivenews.com.br\/?p=18071","og_locale":"pt_PT","og_type":"article","og_title":"Leia o nro. 8 da Revista Internacional Direito e Cidadania -","og_description":"J\u00e1 est\u00e1 dispon\u00edvel para leitura o nro. 8 da Revista Internacional Direito e Cidadania, publica\u00e7\u00e3o do IEDC - Instituto de Estudos de Direito e Cidadania. (Dispon\u00edvel para download)","og_url":"https:\/\/inclusivenews.com.br\/?p=18071","article_publisher":"https:\/\/www.facebook.com\/agenciainclusive\/","article_published_time":"2010-12-02T06:02:47+00:00","og_image":[{"url":"http:\/\/iedc.org.br\/REID\/\/screen\/REIDlogomarca.jpg","type":"","width":"","height":""}],"author":"inclusivenews2024","twitter_card":"summary_large_image","twitter_misc":{"Escrito por":"inclusivenews2024","Tempo estimado de leitura":"2 minutos"},"schema":{"@context":"https:\/\/schema.org","@graph":[{"@type":"Article","@id":"https:\/\/inclusivenews.com.br\/?p=18071#article","isPartOf":{"@id":"https:\/\/inclusivenews.com.br\/?p=18071"},"author":{"name":"inclusivenews2024","@id":"https:\/\/inclusivenews.com.br\/#\/schema\/person\/ae4ec7087559b8692fb33b6fffd2273b"},"headline":"Leia o nro. 8 da Revista Internacional Direito e Cidadania","datePublished":"2010-12-02T06:02:47+00:00","mainEntityOfPage":{"@id":"https:\/\/inclusivenews.com.br\/?p=18071"},"wordCount":323,"commentCount":1,"publisher":{"@id":"https:\/\/inclusivenews.com.br\/#organization"},"image":{"@id":"https:\/\/inclusivenews.com.br\/?p=18071#primaryimage"},"thumbnailUrl":"http:\/\/iedc.org.br\/REID\/\/screen\/REIDlogomarca.jpg","articleSection":["Downloadables","PUBLICA\u00c7\u00d5ES","Revistas"],"inLanguage":"pt-PT","potentialAction":[{"@type":"CommentAction","name":"Comment","target":["https:\/\/inclusivenews.com.br\/?p=18071#respond"]}]},{"@type":"WebPage","@id":"https:\/\/inclusivenews.com.br\/?p=18071","url":"https:\/\/inclusivenews.com.br\/?p=18071","name":"Leia o nro. 8 da Revista Internacional Direito e Cidadania -","isPartOf":{"@id":"https:\/\/inclusivenews.com.br\/#website"},"primaryImageOfPage":{"@id":"https:\/\/inclusivenews.com.br\/?p=18071#primaryimage"},"image":{"@id":"https:\/\/inclusivenews.com.br\/?p=18071#primaryimage"},"thumbnailUrl":"http:\/\/iedc.org.br\/REID\/\/screen\/REIDlogomarca.jpg","datePublished":"2010-12-02T06:02:47+00:00","breadcrumb":{"@id":"https:\/\/inclusivenews.com.br\/?p=18071#breadcrumb"},"inLanguage":"pt-PT","potentialAction":[{"@type":"ReadAction","target":["https:\/\/inclusivenews.com.br\/?p=18071"]}]},{"@type":"ImageObject","inLanguage":"pt-PT","@id":"https:\/\/inclusivenews.com.br\/?p=18071#primaryimage","url":"http:\/\/iedc.org.br\/REID\/\/screen\/REIDlogomarca.jpg","contentUrl":"http:\/\/iedc.org.br\/REID\/\/screen\/REIDlogomarca.jpg"},{"@type":"BreadcrumbList","@id":"https:\/\/inclusivenews.com.br\/?p=18071#breadcrumb","itemListElement":[{"@type":"ListItem","position":1,"name":"In\u00edcio","item":"https:\/\/inclusivenews.com.br\/"},{"@type":"ListItem","position":2,"name":"Leia o nro. 8 da Revista Internacional Direito e Cidadania"}]},{"@type":"WebSite","@id":"https:\/\/inclusivenews.com.br\/#website","url":"https:\/\/inclusivenews.com.br\/","name":"Inclusive News","description":"Inclusive News","publisher":{"@id":"https:\/\/inclusivenews.com.br\/#organization"},"potentialAction":[{"@type":"SearchAction","target":{"@type":"EntryPoint","urlTemplate":"https:\/\/inclusivenews.com.br\/?s={search_term_string}"},"query-input":{"@type":"PropertyValueSpecification","valueRequired":true,"valueName":"search_term_string"}}],"inLanguage":"pt-PT"},{"@type":"Organization","@id":"https:\/\/inclusivenews.com.br\/#organization","name":"Inclusive - inclus\u00e3o e cidadania","url":"https:\/\/inclusivenews.com.br\/","logo":{"@type":"ImageObject","inLanguage":"pt-PT","@id":"https:\/\/inclusivenews.com.br\/#\/schema\/logo\/image\/","url":"https:\/\/inclusivenews.com.br\/wp-content\/uploads\/2024\/03\/@grandesite.png","contentUrl":"https:\/\/inclusivenews.com.br\/wp-content\/uploads\/2024\/03\/@grandesite.png","width":1080,"height":1080,"caption":"Inclusive - inclus\u00e3o e cidadania"},"image":{"@id":"https:\/\/inclusivenews.com.br\/#\/schema\/logo\/image\/"},"sameAs":["https:\/\/www.facebook.com\/agenciainclusive\/","https:\/\/www.instagram.com\/newsinclusive\/"]},{"@type":"Person","@id":"https:\/\/inclusivenews.com.br\/#\/schema\/person\/ae4ec7087559b8692fb33b6fffd2273b","name":"inclusivenews2024","image":{"@type":"ImageObject","inLanguage":"pt-PT","@id":"https:\/\/secure.gravatar.com\/avatar\/c5a7ef84c66fa914f55bc4f7ce26cfa275a3b9a1c5568b907bd184fb4dde7b40?s=96&d=mm&r=g","url":"https:\/\/secure.gravatar.com\/avatar\/c5a7ef84c66fa914f55bc4f7ce26cfa275a3b9a1c5568b907bd184fb4dde7b40?s=96&d=mm&r=g","contentUrl":"https:\/\/secure.gravatar.com\/avatar\/c5a7ef84c66fa914f55bc4f7ce26cfa275a3b9a1c5568b907bd184fb4dde7b40?s=96&d=mm&r=g","caption":"inclusivenews2024"},"sameAs":["https:\/\/inclusivenews.com.br"],"url":"https:\/\/inclusivenews.com.br\/?author=1"}]}},"_links":{"self":[{"href":"https:\/\/inclusivenews.com.br\/index.php?rest_route=\/wp\/v2\/posts\/18071","targetHints":{"allow":["GET"]}}],"collection":[{"href":"https:\/\/inclusivenews.com.br\/index.php?rest_route=\/wp\/v2\/posts"}],"about":[{"href":"https:\/\/inclusivenews.com.br\/index.php?rest_route=\/wp\/v2\/types\/post"}],"author":[{"embeddable":true,"href":"https:\/\/inclusivenews.com.br\/index.php?rest_route=\/wp\/v2\/users\/1"}],"replies":[{"embeddable":true,"href":"https:\/\/inclusivenews.com.br\/index.php?rest_route=%2Fwp%2Fv2%2Fcomments&post=18071"}],"version-history":[{"count":0,"href":"https:\/\/inclusivenews.com.br\/index.php?rest_route=\/wp\/v2\/posts\/18071\/revisions"}],"wp:attachment":[{"href":"https:\/\/inclusivenews.com.br\/index.php?rest_route=%2Fwp%2Fv2%2Fmedia&parent=18071"}],"wp:term":[{"taxonomy":"category","embeddable":true,"href":"https:\/\/inclusivenews.com.br\/index.php?rest_route=%2Fwp%2Fv2%2Fcategories&post=18071"},{"taxonomy":"post_tag","embeddable":true,"href":"https:\/\/inclusivenews.com.br\/index.php?rest_route=%2Fwp%2Fv2%2Ftags&post=18071"}],"curies":[{"name":"wp","href":"https:\/\/api.w.org\/{rel}","templated":true}]}}