{"id":18073,"date":"2010-12-02T03:06:15","date_gmt":"2010-12-02T06:06:15","guid":{"rendered":"http:\/\/www.inclusive.org.br\/?p=18073"},"modified":"2010-12-02T03:06:15","modified_gmt":"2010-12-02T06:06:15","slug":"danca-acessivel-5-1212","status":"publish","type":"post","link":"https:\/\/inclusivenews.com.br\/?p=18073","title":{"rendered":"Dan\u00e7a acess\u00edvel (5-12\/12)"},"content":{"rendered":"<p><strong><\/p>\n<figure style=\"width: 170px\" class=\"wp-caption alignleft\"><img loading=\"lazy\" decoding=\"async\" title=\"Cartaz, onde se v\u00ea o texto abaixo e um dan\u00e7arino cadeirante\" src=\"http:\/\/www.terpsi.com.br\/cec\/curso_praticadedanca_acessivel\/curso_praticadedancaacessivel_mini.jpg\" alt=\"Cartaz, onde se v\u00ea o texto abaixo e um dan\u00e7arino cadeirante\" width=\"170\" height=\"240\" \/><figcaption class=\"wp-caption-text\"> <\/figcaption><\/figure>\n<p>CEC \u2013 POSSIBILIDADES<\/p>\n<p><\/strong><\/p>\n<p><strong><br \/>\n<\/strong><strong>Centro de Estudos Coreogr\u00e1ficos Terps\u00ed<\/strong><\/p>\n<p><strong>CURSO: PR\u00c1TICA DE DAN\u00c7A ACESS\u00cdVEL <\/strong><strong><br \/>\n<\/strong><strong>Com Carla Vendramin<\/strong><\/p>\n<p><strong>Carga hor\u00e1ria:<\/strong> 16 horas<br \/>\n<strong>Dia:<\/strong> 05 e 12 de dezembro\/2010 &#8211; (Domingo)<br \/>\n<strong>Hor\u00e1rio:<\/strong> das 09 horas \u00e0s 18 horas<br \/>\n<strong>Local:<\/strong> CEC \u2013 TERPS\u00cd &#8211; Museu do Trabalho (sala de dan\u00e7a), Rua dos Andradas, 230, Centro &#8211; Porto Alegre\/RS<\/p>\n<p><strong>Conte\u00fado:<\/strong><br \/>\n&#8211; Estrat\u00e9gias para a pr\u00e1tica de dan\u00e7a com grupos e t\u00e9cnicas diferentes.<br \/>\n&#8211; Princ\u00edpios chave de trabalho e elementos de um ambiente de aula acess\u00edvel.<br \/>\n&#8211; Princ\u00edpios chave de comunica\u00e7\u00e3o e relacionamento.<br \/>\n&#8211; Discurso de uma pr\u00e1tica inclusiva de dan\u00e7a e do uso de linguagem e terminologia.<br \/>\n&#8211; Conceito sobre o Modelo Social sobre Defici\u00eancia.<br \/>\n&#8211; Uma vis\u00e3o geral de conhecimento sobre grupos de pr\u00e1tica de dan\u00e7a integrada do Reino Unido.<\/p>\n<p><strong>P\u00fablico-alvo: <\/strong><br \/>\nPessoas com e sem defici\u00eancia, com ou sem experi\u00eancia em dan\u00e7a, professores de dan\u00e7a, professores de artes e estudantes de dan\u00e7a.<\/p>\n<p><strong>CARLA VENDRAMIN<\/strong><br \/>\nMestre em coreografia pela Middlesex University\/Londres (2008). P\u00f3s-graduada em Dan\u00e7a C\u00eanica, pela UDESC\/Florian\u00f3polis (2002). Graduada em Fisioterapia pela Feevale\/Novo Hamburgo (1997). Professora na escola West Lea (Londres) com crian\u00e7as do ensino especial (2010). Professora assistente em v\u00e1rios projetos da Companhia de Dan\u00e7a Candoco: Foundation Course (2005-2007), ADAPT Project (2007-2008), Youth Company (2008), Londres. Trabalhou com as Cias Dance Art Foundation, Entelechy e a escola Newvic onde croui projetos de dan\u00e7a com pessoas com defici\u00eancia mental do Centro Markhouse. http:\/\/www.carlavendramin.com\/<\/p>\n<p><strong>Realiza\u00e7\u00e3o:<\/strong><br \/>\nTerps\u00ed Teatro de Dan\u00e7a<br \/>\n<a href=\"http:\/\/www.terpsi.com.br\">www.terpsi.com.br<\/a><\/p>\n<p><strong>Organiza\u00e7\u00e3o:<\/strong><br \/>\nCEC \u2013 Terps\u00ed<br \/>\nProcesso C3 Grupo de Pesquisa<br \/>\nInforme C3 Revista Digital<br \/>\n<a href=\"http:\/\/www.processoc3.com\">www.processoc3.com<\/a><\/p>\n<p><strong>Apoio:<\/strong><br \/>\nMuseu do Trabalho<\/p>\n<p><strong>CONTATO E INFORMA\u00c7\u00d5ES:<\/strong><br \/>\n<a href=\"mailto:terpsi.contato@yahoo.com.br\">terpsi.contato@yahoo.com.br<\/a><br \/>\n(051) 9306-0982<\/p>\n","protected":false},"excerpt":{"rendered":"<p>O curso ser\u00e1 ministrado por Carla Vendramini e ter\u00e1 dura\u00e7\u00e3o de uma semana. A realiza\u00e7\u00e3o \u00e9 do Terpsi Teatro de Dan\u00e7a.<\/p>\n","protected":false},"author":1,"featured_media":0,"comment_status":"open","ping_status":"open","sticky":false,"template":"","format":"standard","meta":{"site-container-style":"default","site-container-layout":"default","site-sidebar-layout":"default","disable-article-header":"default","disable-site-header":"default","disable-site-footer":"default","disable-content-area-spacing":"default","footnotes":""},"categories":[29,12,38,48,4],"tags":[],"class_list":["post-18073","post","type-post","status-publish","format-standard","hentry","category-cultura","category-cursos-e-eventos","category-deficiencia","category-inclusao","category-noticias"],"yoast_head":"<!-- This site is optimized with the Yoast SEO plugin v27.4 - https:\/\/yoast.com\/product\/yoast-seo-wordpress\/ -->\n<title>Dan\u00e7a acess\u00edvel (5-12\/12) -<\/title>\n<meta name=\"robots\" content=\"index, follow, max-snippet:-1, max-image-preview:large, max-video-preview:-1\" \/>\n<link rel=\"canonical\" href=\"https:\/\/inclusivenews.com.br\/?p=18073\" \/>\n<meta property=\"og:locale\" content=\"pt_PT\" \/>\n<meta property=\"og:type\" content=\"article\" \/>\n<meta property=\"og:title\" content=\"Dan\u00e7a acess\u00edvel (5-12\/12) -\" \/>\n<meta property=\"og:description\" content=\"O curso ser\u00e1 ministrado por Carla Vendramini e ter\u00e1 dura\u00e7\u00e3o de uma semana. A realiza\u00e7\u00e3o \u00e9 do Terpsi Teatro de Dan\u00e7a.\" \/>\n<meta property=\"og:url\" content=\"https:\/\/inclusivenews.com.br\/?p=18073\" \/>\n<meta property=\"article:publisher\" content=\"https:\/\/www.facebook.com\/agenciainclusive\/\" \/>\n<meta property=\"article:published_time\" content=\"2010-12-02T06:06:15+00:00\" \/>\n<meta property=\"og:image\" content=\"http:\/\/www.terpsi.com.br\/cec\/curso_praticadedanca_acessivel\/curso_praticadedancaacessivel_mini.jpg\" \/>\n<meta name=\"author\" content=\"inclusivenews2024\" \/>\n<meta name=\"twitter:card\" content=\"summary_large_image\" \/>\n<meta name=\"twitter:label1\" content=\"Escrito por\" \/>\n\t<meta name=\"twitter:data1\" content=\"inclusivenews2024\" \/>\n\t<meta name=\"twitter:label2\" content=\"Tempo estimado de leitura\" \/>\n\t<meta name=\"twitter:data2\" content=\"2 minutos\" \/>\n<script type=\"application\/ld+json\" class=\"yoast-schema-graph\">{\"@context\":\"https:\\\/\\\/schema.org\",\"@graph\":[{\"@type\":\"Article\",\"@id\":\"https:\\\/\\\/inclusivenews.com.br\\\/?p=18073#article\",\"isPartOf\":{\"@id\":\"https:\\\/\\\/inclusivenews.com.br\\\/?p=18073\"},\"author\":{\"name\":\"inclusivenews2024\",\"@id\":\"https:\\\/\\\/inclusivenews.com.br\\\/#\\\/schema\\\/person\\\/ae4ec7087559b8692fb33b6fffd2273b\"},\"headline\":\"Dan\u00e7a acess\u00edvel (5-12\\\/12)\",\"datePublished\":\"2010-12-02T06:06:15+00:00\",\"mainEntityOfPage\":{\"@id\":\"https:\\\/\\\/inclusivenews.com.br\\\/?p=18073\"},\"wordCount\":313,\"commentCount\":0,\"publisher\":{\"@id\":\"https:\\\/\\\/inclusivenews.com.br\\\/#organization\"},\"image\":{\"@id\":\"https:\\\/\\\/inclusivenews.com.br\\\/?p=18073#primaryimage\"},\"thumbnailUrl\":\"http:\\\/\\\/www.terpsi.com.br\\\/cec\\\/curso_praticadedanca_acessivel\\\/curso_praticadedancaacessivel_mini.jpg\",\"articleSection\":[\"Cultura\",\"Cursos e eventos\",\"Defici\u00eancia\",\"INCLUS\u00c3O SOCIAL\",\"NOT\u00cdCIAS\"],\"inLanguage\":\"pt-PT\",\"potentialAction\":[{\"@type\":\"CommentAction\",\"name\":\"Comment\",\"target\":[\"https:\\\/\\\/inclusivenews.com.br\\\/?p=18073#respond\"]}]},{\"@type\":\"WebPage\",\"@id\":\"https:\\\/\\\/inclusivenews.com.br\\\/?p=18073\",\"url\":\"https:\\\/\\\/inclusivenews.com.br\\\/?p=18073\",\"name\":\"Dan\u00e7a acess\u00edvel (5-12\\\/12) -\",\"isPartOf\":{\"@id\":\"https:\\\/\\\/inclusivenews.com.br\\\/#website\"},\"primaryImageOfPage\":{\"@id\":\"https:\\\/\\\/inclusivenews.com.br\\\/?p=18073#primaryimage\"},\"image\":{\"@id\":\"https:\\\/\\\/inclusivenews.com.br\\\/?p=18073#primaryimage\"},\"thumbnailUrl\":\"http:\\\/\\\/www.terpsi.com.br\\\/cec\\\/curso_praticadedanca_acessivel\\\/curso_praticadedancaacessivel_mini.jpg\",\"datePublished\":\"2010-12-02T06:06:15+00:00\",\"breadcrumb\":{\"@id\":\"https:\\\/\\\/inclusivenews.com.br\\\/?p=18073#breadcrumb\"},\"inLanguage\":\"pt-PT\",\"potentialAction\":[{\"@type\":\"ReadAction\",\"target\":[\"https:\\\/\\\/inclusivenews.com.br\\\/?p=18073\"]}]},{\"@type\":\"ImageObject\",\"inLanguage\":\"pt-PT\",\"@id\":\"https:\\\/\\\/inclusivenews.com.br\\\/?p=18073#primaryimage\",\"url\":\"http:\\\/\\\/www.terpsi.com.br\\\/cec\\\/curso_praticadedanca_acessivel\\\/curso_praticadedancaacessivel_mini.jpg\",\"contentUrl\":\"http:\\\/\\\/www.terpsi.com.br\\\/cec\\\/curso_praticadedanca_acessivel\\\/curso_praticadedancaacessivel_mini.jpg\"},{\"@type\":\"BreadcrumbList\",\"@id\":\"https:\\\/\\\/inclusivenews.com.br\\\/?p=18073#breadcrumb\",\"itemListElement\":[{\"@type\":\"ListItem\",\"position\":1,\"name\":\"In\u00edcio\",\"item\":\"https:\\\/\\\/inclusivenews.com.br\\\/\"},{\"@type\":\"ListItem\",\"position\":2,\"name\":\"Dan\u00e7a acess\u00edvel (5-12\\\/12)\"}]},{\"@type\":\"WebSite\",\"@id\":\"https:\\\/\\\/inclusivenews.com.br\\\/#website\",\"url\":\"https:\\\/\\\/inclusivenews.com.br\\\/\",\"name\":\"Inclusive News\",\"description\":\"Inclusive News\",\"publisher\":{\"@id\":\"https:\\\/\\\/inclusivenews.com.br\\\/#organization\"},\"potentialAction\":[{\"@type\":\"SearchAction\",\"target\":{\"@type\":\"EntryPoint\",\"urlTemplate\":\"https:\\\/\\\/inclusivenews.com.br\\\/?s={search_term_string}\"},\"query-input\":{\"@type\":\"PropertyValueSpecification\",\"valueRequired\":true,\"valueName\":\"search_term_string\"}}],\"inLanguage\":\"pt-PT\"},{\"@type\":\"Organization\",\"@id\":\"https:\\\/\\\/inclusivenews.com.br\\\/#organization\",\"name\":\"Inclusive - inclus\u00e3o e cidadania\",\"url\":\"https:\\\/\\\/inclusivenews.com.br\\\/\",\"logo\":{\"@type\":\"ImageObject\",\"inLanguage\":\"pt-PT\",\"@id\":\"https:\\\/\\\/inclusivenews.com.br\\\/#\\\/schema\\\/logo\\\/image\\\/\",\"url\":\"https:\\\/\\\/inclusivenews.com.br\\\/wp-content\\\/uploads\\\/2024\\\/03\\\/@grandesite.png\",\"contentUrl\":\"https:\\\/\\\/inclusivenews.com.br\\\/wp-content\\\/uploads\\\/2024\\\/03\\\/@grandesite.png\",\"width\":1080,\"height\":1080,\"caption\":\"Inclusive - inclus\u00e3o e cidadania\"},\"image\":{\"@id\":\"https:\\\/\\\/inclusivenews.com.br\\\/#\\\/schema\\\/logo\\\/image\\\/\"},\"sameAs\":[\"https:\\\/\\\/www.facebook.com\\\/agenciainclusive\\\/\",\"https:\\\/\\\/www.instagram.com\\\/newsinclusive\\\/\"]},{\"@type\":\"Person\",\"@id\":\"https:\\\/\\\/inclusivenews.com.br\\\/#\\\/schema\\\/person\\\/ae4ec7087559b8692fb33b6fffd2273b\",\"name\":\"inclusivenews2024\",\"image\":{\"@type\":\"ImageObject\",\"inLanguage\":\"pt-PT\",\"@id\":\"https:\\\/\\\/secure.gravatar.com\\\/avatar\\\/c5a7ef84c66fa914f55bc4f7ce26cfa275a3b9a1c5568b907bd184fb4dde7b40?s=96&d=mm&r=g\",\"url\":\"https:\\\/\\\/secure.gravatar.com\\\/avatar\\\/c5a7ef84c66fa914f55bc4f7ce26cfa275a3b9a1c5568b907bd184fb4dde7b40?s=96&d=mm&r=g\",\"contentUrl\":\"https:\\\/\\\/secure.gravatar.com\\\/avatar\\\/c5a7ef84c66fa914f55bc4f7ce26cfa275a3b9a1c5568b907bd184fb4dde7b40?s=96&d=mm&r=g\",\"caption\":\"inclusivenews2024\"},\"sameAs\":[\"https:\\\/\\\/inclusivenews.com.br\"],\"url\":\"https:\\\/\\\/inclusivenews.com.br\\\/?author=1\"}]}<\/script>\n<!-- \/ Yoast SEO plugin. -->","yoast_head_json":{"title":"Dan\u00e7a acess\u00edvel (5-12\/12) -","robots":{"index":"index","follow":"follow","max-snippet":"max-snippet:-1","max-image-preview":"max-image-preview:large","max-video-preview":"max-video-preview:-1"},"canonical":"https:\/\/inclusivenews.com.br\/?p=18073","og_locale":"pt_PT","og_type":"article","og_title":"Dan\u00e7a acess\u00edvel (5-12\/12) -","og_description":"O curso ser\u00e1 ministrado por Carla Vendramini e ter\u00e1 dura\u00e7\u00e3o de uma semana. A realiza\u00e7\u00e3o \u00e9 do Terpsi Teatro de Dan\u00e7a.","og_url":"https:\/\/inclusivenews.com.br\/?p=18073","article_publisher":"https:\/\/www.facebook.com\/agenciainclusive\/","article_published_time":"2010-12-02T06:06:15+00:00","og_image":[{"url":"http:\/\/www.terpsi.com.br\/cec\/curso_praticadedanca_acessivel\/curso_praticadedancaacessivel_mini.jpg","type":"","width":"","height":""}],"author":"inclusivenews2024","twitter_card":"summary_large_image","twitter_misc":{"Escrito por":"inclusivenews2024","Tempo estimado de leitura":"2 minutos"},"schema":{"@context":"https:\/\/schema.org","@graph":[{"@type":"Article","@id":"https:\/\/inclusivenews.com.br\/?p=18073#article","isPartOf":{"@id":"https:\/\/inclusivenews.com.br\/?p=18073"},"author":{"name":"inclusivenews2024","@id":"https:\/\/inclusivenews.com.br\/#\/schema\/person\/ae4ec7087559b8692fb33b6fffd2273b"},"headline":"Dan\u00e7a acess\u00edvel (5-12\/12)","datePublished":"2010-12-02T06:06:15+00:00","mainEntityOfPage":{"@id":"https:\/\/inclusivenews.com.br\/?p=18073"},"wordCount":313,"commentCount":0,"publisher":{"@id":"https:\/\/inclusivenews.com.br\/#organization"},"image":{"@id":"https:\/\/inclusivenews.com.br\/?p=18073#primaryimage"},"thumbnailUrl":"http:\/\/www.terpsi.com.br\/cec\/curso_praticadedanca_acessivel\/curso_praticadedancaacessivel_mini.jpg","articleSection":["Cultura","Cursos e eventos","Defici\u00eancia","INCLUS\u00c3O SOCIAL","NOT\u00cdCIAS"],"inLanguage":"pt-PT","potentialAction":[{"@type":"CommentAction","name":"Comment","target":["https:\/\/inclusivenews.com.br\/?p=18073#respond"]}]},{"@type":"WebPage","@id":"https:\/\/inclusivenews.com.br\/?p=18073","url":"https:\/\/inclusivenews.com.br\/?p=18073","name":"Dan\u00e7a acess\u00edvel (5-12\/12) -","isPartOf":{"@id":"https:\/\/inclusivenews.com.br\/#website"},"primaryImageOfPage":{"@id":"https:\/\/inclusivenews.com.br\/?p=18073#primaryimage"},"image":{"@id":"https:\/\/inclusivenews.com.br\/?p=18073#primaryimage"},"thumbnailUrl":"http:\/\/www.terpsi.com.br\/cec\/curso_praticadedanca_acessivel\/curso_praticadedancaacessivel_mini.jpg","datePublished":"2010-12-02T06:06:15+00:00","breadcrumb":{"@id":"https:\/\/inclusivenews.com.br\/?p=18073#breadcrumb"},"inLanguage":"pt-PT","potentialAction":[{"@type":"ReadAction","target":["https:\/\/inclusivenews.com.br\/?p=18073"]}]},{"@type":"ImageObject","inLanguage":"pt-PT","@id":"https:\/\/inclusivenews.com.br\/?p=18073#primaryimage","url":"http:\/\/www.terpsi.com.br\/cec\/curso_praticadedanca_acessivel\/curso_praticadedancaacessivel_mini.jpg","contentUrl":"http:\/\/www.terpsi.com.br\/cec\/curso_praticadedanca_acessivel\/curso_praticadedancaacessivel_mini.jpg"},{"@type":"BreadcrumbList","@id":"https:\/\/inclusivenews.com.br\/?p=18073#breadcrumb","itemListElement":[{"@type":"ListItem","position":1,"name":"In\u00edcio","item":"https:\/\/inclusivenews.com.br\/"},{"@type":"ListItem","position":2,"name":"Dan\u00e7a acess\u00edvel (5-12\/12)"}]},{"@type":"WebSite","@id":"https:\/\/inclusivenews.com.br\/#website","url":"https:\/\/inclusivenews.com.br\/","name":"Inclusive News","description":"Inclusive News","publisher":{"@id":"https:\/\/inclusivenews.com.br\/#organization"},"potentialAction":[{"@type":"SearchAction","target":{"@type":"EntryPoint","urlTemplate":"https:\/\/inclusivenews.com.br\/?s={search_term_string}"},"query-input":{"@type":"PropertyValueSpecification","valueRequired":true,"valueName":"search_term_string"}}],"inLanguage":"pt-PT"},{"@type":"Organization","@id":"https:\/\/inclusivenews.com.br\/#organization","name":"Inclusive - inclus\u00e3o e cidadania","url":"https:\/\/inclusivenews.com.br\/","logo":{"@type":"ImageObject","inLanguage":"pt-PT","@id":"https:\/\/inclusivenews.com.br\/#\/schema\/logo\/image\/","url":"https:\/\/inclusivenews.com.br\/wp-content\/uploads\/2024\/03\/@grandesite.png","contentUrl":"https:\/\/inclusivenews.com.br\/wp-content\/uploads\/2024\/03\/@grandesite.png","width":1080,"height":1080,"caption":"Inclusive - inclus\u00e3o e cidadania"},"image":{"@id":"https:\/\/inclusivenews.com.br\/#\/schema\/logo\/image\/"},"sameAs":["https:\/\/www.facebook.com\/agenciainclusive\/","https:\/\/www.instagram.com\/newsinclusive\/"]},{"@type":"Person","@id":"https:\/\/inclusivenews.com.br\/#\/schema\/person\/ae4ec7087559b8692fb33b6fffd2273b","name":"inclusivenews2024","image":{"@type":"ImageObject","inLanguage":"pt-PT","@id":"https:\/\/secure.gravatar.com\/avatar\/c5a7ef84c66fa914f55bc4f7ce26cfa275a3b9a1c5568b907bd184fb4dde7b40?s=96&d=mm&r=g","url":"https:\/\/secure.gravatar.com\/avatar\/c5a7ef84c66fa914f55bc4f7ce26cfa275a3b9a1c5568b907bd184fb4dde7b40?s=96&d=mm&r=g","contentUrl":"https:\/\/secure.gravatar.com\/avatar\/c5a7ef84c66fa914f55bc4f7ce26cfa275a3b9a1c5568b907bd184fb4dde7b40?s=96&d=mm&r=g","caption":"inclusivenews2024"},"sameAs":["https:\/\/inclusivenews.com.br"],"url":"https:\/\/inclusivenews.com.br\/?author=1"}]}},"_links":{"self":[{"href":"https:\/\/inclusivenews.com.br\/index.php?rest_route=\/wp\/v2\/posts\/18073","targetHints":{"allow":["GET"]}}],"collection":[{"href":"https:\/\/inclusivenews.com.br\/index.php?rest_route=\/wp\/v2\/posts"}],"about":[{"href":"https:\/\/inclusivenews.com.br\/index.php?rest_route=\/wp\/v2\/types\/post"}],"author":[{"embeddable":true,"href":"https:\/\/inclusivenews.com.br\/index.php?rest_route=\/wp\/v2\/users\/1"}],"replies":[{"embeddable":true,"href":"https:\/\/inclusivenews.com.br\/index.php?rest_route=%2Fwp%2Fv2%2Fcomments&post=18073"}],"version-history":[{"count":0,"href":"https:\/\/inclusivenews.com.br\/index.php?rest_route=\/wp\/v2\/posts\/18073\/revisions"}],"wp:attachment":[{"href":"https:\/\/inclusivenews.com.br\/index.php?rest_route=%2Fwp%2Fv2%2Fmedia&parent=18073"}],"wp:term":[{"taxonomy":"category","embeddable":true,"href":"https:\/\/inclusivenews.com.br\/index.php?rest_route=%2Fwp%2Fv2%2Fcategories&post=18073"},{"taxonomy":"post_tag","embeddable":true,"href":"https:\/\/inclusivenews.com.br\/index.php?rest_route=%2Fwp%2Fv2%2Ftags&post=18073"}],"curies":[{"name":"wp","href":"https:\/\/api.w.org\/{rel}","templated":true}]}}