{"id":18074,"date":"2010-12-02T03:06:41","date_gmt":"2010-12-02T06:06:41","guid":{"rendered":"http:\/\/www.inclusive.org.br\/?p=18074"},"modified":"2010-12-02T03:06:41","modified_gmt":"2010-12-02T06:06:41","slug":"5%c2%ba-premio-orgulho-autista-20092010","status":"publish","type":"post","link":"https:\/\/inclusivenews.com.br\/?p=18074","title":{"rendered":"5\u00ba Pr\u00eamio Orgulho Autista 2009\/2010"},"content":{"rendered":"<figure id=\"attachment_13327\" aria-describedby=\"caption-attachment-13327\" style=\"width: 142px\" class=\"wp-caption alignleft\"><a href=\"http:\/\/www.inclusivenews.com.br\/wp-content\/uploads\/2010\/01\/autismo.jpg\"><img loading=\"lazy\" decoding=\"async\" class=\"size-full wp-image-13327 \" title=\"Fita com desenho de pe\u00e7as coloridas de quebra-cabe\u00e7as, simbolo do autismo.\" src=\"http:\/\/inclusivenews.com.br\/wp-content\/uploads\/2010\/01\/autismo.jpg\" alt=\"Fita com desenho de pe\u00e7as coloridas de quebra-cabe\u00e7as, simbolo do autismol\" width=\"142\" height=\"248\" \/><\/a><figcaption id=\"caption-attachment-13327\" class=\"wp-caption-text\"> <\/figcaption><\/figure>\n<p>Na pr\u00f3xima sexta-feira, dia 03dez2010, Dia Internacional da Pessoa com Defici\u00eancia, ser\u00e1 entregue em Bras\u00edlia, nos est\u00fadios da R\u00e1dio Nacional de Bras\u00edlia, com transmiss\u00e3o ao vivo, em tempo real, direto para todo o Brasil, o V Pr\u00eamio Orgulho Autista 2009\/2010.<\/p>\n<p>Os agraciados que estar\u00e3o em Bras\u00edlia no dia 03dez2010, ser\u00e3o homenageados com a entrega no audit\u00f3rio-est\u00fadio da R\u00e1dio Nacional de Bras\u00edlia, os vencedores que n\u00e3o estar\u00e3o na capital federal dever\u00e3o conceder entrevista ao vivo, por telefone, e posteriormente receber\u00e3o o pr\u00eamio.<\/p>\n<p>O V Pr\u00eamio Orgulho Autista 2009\/2010 destaca pessoas, \u00f3rg\u00e3os p\u00fablicos, estabelecimentos privados e entidades do 3\u00ba setor que  trabalharam de alguma forma para o autismo, resultando significativamente na melhoria da qualidade de vida deste segmento.<\/p>\n<p>15 diferentes categorias s\u00e3o premiadas anualmente. O pr\u00eamio \u00e9 uma iniciativa do Movimento Orgulho Autista Brasil e acontece desde 2005.<\/p>\n<p>A escolha dos destaques \u00e9 feita atrav\u00e9s dos membros do Conselho Brasileiro do Pr\u00eamio Orgulho Autista, que indicam pessoas para serem agraciadas com a premia\u00e7\u00e3o referida. Estas indica\u00e7\u00f5es s\u00e3o defendidas e justificadas pelo integrante que fez a indica\u00e7\u00e3o, sendo votadas pelos membros posteriormente.<\/p>\n<p>Confira abaixo a lista dos que foram agraciados e receber\u00e3o o Pr\u00eamio Orgulho Autista 2009\/2010:<\/p>\n<p>I \u2013 Livro Destaque:<\/p>\n<p>O Mundo depois do Fim \u2013 autor: Gabriel Marinho \u2013 A3 Gr\u00e1fica e Editora Ltda<br \/>\nRomance muito bem escrito, com o rigor liter\u00e1rio exigido. O autor \u00e9<br \/>\ndiagnosticado Asperger, um tipo leve de autismo.<\/p>\n<p>_________________<\/p>\n<p>II \u2013 Diretor e Escola Destaque:<\/p>\n<p>Cleonilde de Carvalho Alonso \u2013 Escola Municipal de Ensino Fundamental<br \/>\n(EMEF) Coronel Helio Franco Ch\u00e1vez -S\u00e3o Paulo-SP<br \/>\nA escola notabilizou-se pelo atendimento a pessoas com e sem<br \/>\ndefici\u00eancia, com destaque para os autistas.<br \/>\n_________________<\/p>\n<p>III \u2013 Professor Destaque:<\/p>\n<p>Hellen Beatriz Cust\u00f3dio Figueiredo \u2013 Escola Municipal de Ensino<br \/>\nFundamental (EMEF) Coronel Helio Franco Ch\u00e1vez -S\u00e3o Paulo-SP<br \/>\nA professora Hellen buscou especializar-se nas necessidades de seus<br \/>\nalunos autistas, obtendo a cada dia melhores resultados em sala de<br \/>\naula, com a evolu\u00e7\u00e3o muito satisfat\u00f3ria.<\/p>\n<p>_________________<\/p>\n<p>IV \u2013 M\u00e9dico Destaque:<\/p>\n<p>Icaro Baptista \u2013 Pediatra \u2013 Hospital Universit\u00e1rio de Bras\u00edlia (HUB) \u2013<br \/>\nUniversidade de Bras\u00edlia (UnB)<br \/>\nLutou e obteve financiamento p\u00fablico para pesquisas com autistas no<br \/>\nBrasil, buscando atrav\u00e9s das necessidades dos pais de autistas a<br \/>\ncomprova\u00e7\u00e3o cient\u00edfica para convencer os governos do apoio<br \/>\nindispens\u00e1vel nas pol\u00edticas p\u00fablicas.<\/p>\n<p>_________________<\/p>\n<p>V \u2013 Psic\u00f3logo Destaque:<\/p>\n<p>Erenice Carvalho \u2013 Universidade Cat\u00f3lica \u2013 Bras\u00edlia-DF<br \/>\nTem impulsionado universidades e profissionais da psicologia e<br \/>\npedagogia  a colocar o autismo em pauta nos eentos, encontros e<br \/>\ncursos.<\/p>\n<p>_________________<\/p>\n<p>VI \u2013 Pol\u00edtico Brasileiro Destaque:<\/p>\n<p>Deputado Distrital Ben\u00edcio Tavares (PMDB) \u2013 C\u00e2mara Legislativa do DF \u2013<br \/>\nAutor de projeto de lei (PL), em 2009, de cria\u00e7\u00e3o da \u201clei do autista\u201d<br \/>\nque garante assist\u00eancia integral do poder p\u00fablico aos autistas.<\/p>\n<p>_________________<\/p>\n<p>VII \u2013 Imprensa R\u00e1dio Destaque:<\/p>\n<p>Programa Fator de Risco \u2013 Humberto Martins \u2013 R\u00e1dio C\u00e2mara<br \/>\nreportagem apresentada em 15setembro2009<br \/>\nDefini\u00e7\u00e3o do quadro de autismo \u2013 bloco 1 (06\u201951\u2033)<\/p>\n<p>_________________<\/p>\n<p>VIII \u2013 Imprensa Televis\u00e3o Destaque:<\/p>\n<p>Programa Caminhos da Reportagem -Adriana Nasser \u2013 TV Brasil<br \/>\nExibido em 27agosto2009 pela TV Brasil<\/p>\n<p>__________________<\/p>\n<p>IX \u2013 Imprensa Escrita \u2013 Revista Destaque<\/p>\n<p>Ferdinando Casagrande \u2013 Revista Nova Escola \u2013 ed. especial de julho2009<br \/>\nmat\u00e9ria: Como Matheus Melhorou o Tamanho da Letra<br \/>\n_________________<\/p>\n<p>X \u2013 Imprensa Escrita \u2013 Jornal Destaque:<\/p>\n<p>Marcelo Abreu \u2013 jornal: Correio Braziliense \u2013 maio2009<br \/>\nmat\u00e9ria: Rapaz que luta contra S\u00edndrome de Asperger se destaca na literatura<br \/>\n_________________<\/p>\n<p>XI \u2013 Imprensa Fotografia Destaque :<\/p>\n<p>Marcelo Min \u2013  foto publicada na capa da Revista Nova Escola \u2013 edi\u00e7\u00e3o<br \/>\nespecial de Julho de 2009<br \/>\ndescri\u00e7\u00e3o: aluno autista diante da lousa em escola p\u00fablica de S\u00e3o Paulo<\/p>\n<p>_________________<\/p>\n<p>XII \u2013 Internet Destaque:<\/p>\n<p>Patr\u00edcia Almeida \u2013 www.inclusive.org.br &#8211; Nova York\/EUA<br \/>\nPelas constantes informa\u00e7\u00f5es sobre os grupos, associa\u00e7\u00f5es e entidades<br \/>\nque propiciam as informa\u00e7\u00f5es sobre o autismo no mundo, com destaque<br \/>\npara o Brasil.<\/p>\n<p>___________________<\/p>\n<p>XIII \u2013 Pessoa e Organiza\u00e7\u00e3o N\u00e3o-Governamental Destaque:<\/p>\n<p>Julceli Antunes \u2013 Associa\u00e7\u00e3o em Defesa do Autista (ADEFA) \u2013 Niter\u00f3i\/RJ<br \/>\nTem lutado com garra para demonstrar as necessidades dos autistas<br \/>\nbrasileiros, foi uma das principais respons\u00e1veis pela iniciativa do<br \/>\nAnteprojeto de Lei dos autistas no Senado Federal.<\/p>\n<p>_________________<\/p>\n<p>XIV \u2013 Pessoa e \u00d3rg\u00e3o P\u00fablico ou Empresa Privada Destaque:<\/p>\n<p>Ana Cristina Desiree \u2013 Minist\u00e9rio P\u00fablico do Trabalho (MPT) e Isabela<br \/>\nGalv\u00e3o Diniz \u2013 Minist\u00e9rio do Trabalho e Emprego (MTE)<br \/>\nRespons\u00e1veis principais pela cria\u00e7\u00e3o do F\u00f3rum para Inser\u00e7\u00e3o da Pessoa<br \/>\ncom Defici\u00eancia no Mercado de Trabalho, que tem conseguido<br \/>\nsensibilizar setores do empresariado para a contrata\u00e7\u00e3o de autistas.<\/p>\n<p>_________________<\/p>\n<p>XV \u2013 Atitude Destaque:<\/p>\n<p>Ana Cristina Rocha Barbosa \u2013 programa Desabafo Autista e Asperger<br \/>\nConsiderado o maior programa brasileiro presencial de troca de id\u00e9ias<br \/>\ne informa\u00e7\u00f5es de pais, terapeutas, professores, m\u00e9dicos, e demais<br \/>\ninteressados na causa autista. \u00c9 realizado uma vez por m\u00eas.<\/p>\n<p>_________________<\/p>\n<p>\u2013<br \/>\nFernandoCotta<br \/>\nPresidente<\/p>\n<p>Conselho Brasileiro do Pr\u00eamio Orgulho Autista<\/p>\n","protected":false},"excerpt":{"rendered":"<p>Na pr\u00f3xima sexta-feira, dia 03dez2010, Dia Internacional da Pessoa com Defici\u00eancia, ser\u00e1 entregue em Bras\u00edlia, nos est\u00fadios da R\u00e1dio Nacional de Bras\u00edlia, com transmiss\u00e3o ao vivo, em tempo real, direto para todo o Brasil, o V Pr\u00eamio Orgulho Autista 2009\/2010.<\/p>\n","protected":false},"author":1,"featured_media":0,"comment_status":"open","ping_status":"open","sticky":false,"template":"","format":"standard","meta":{"site-container-style":"default","site-container-layout":"default","site-sidebar-layout":"default","disable-article-header":"default","disable-site-header":"default","disable-site-footer":"default","disable-content-area-spacing":"default","footnotes":""},"categories":[12,4],"tags":[34],"class_list":["post-18074","post","type-post","status-publish","format-standard","hentry","category-cursos-e-eventos","category-noticias","tag-autismo"],"yoast_head":"<!-- This site is optimized with the Yoast SEO plugin v27.4 - https:\/\/yoast.com\/product\/yoast-seo-wordpress\/ -->\n<title>5\u00ba Pr\u00eamio Orgulho Autista 2009\/2010 -<\/title>\n<meta name=\"robots\" content=\"index, follow, max-snippet:-1, max-image-preview:large, max-video-preview:-1\" \/>\n<link rel=\"canonical\" href=\"https:\/\/inclusivenews.com.br\/?p=18074\" \/>\n<meta property=\"og:locale\" content=\"pt_PT\" \/>\n<meta property=\"og:type\" content=\"article\" \/>\n<meta property=\"og:title\" content=\"5\u00ba Pr\u00eamio Orgulho Autista 2009\/2010 -\" \/>\n<meta property=\"og:description\" content=\"Na pr\u00f3xima sexta-feira, dia 03dez2010, Dia Internacional da Pessoa com Defici\u00eancia, ser\u00e1 entregue em Bras\u00edlia, nos est\u00fadios da R\u00e1dio Nacional de Bras\u00edlia, com transmiss\u00e3o ao vivo, em tempo real, direto para todo o Brasil, o V Pr\u00eamio Orgulho Autista 2009\/2010.\" \/>\n<meta property=\"og:url\" content=\"https:\/\/inclusivenews.com.br\/?p=18074\" \/>\n<meta property=\"article:publisher\" content=\"https:\/\/www.facebook.com\/agenciainclusive\/\" \/>\n<meta property=\"article:published_time\" content=\"2010-12-02T06:06:41+00:00\" \/>\n<meta property=\"og:image\" content=\"http:\/\/inclusivenews.com.br\/wp-content\/uploads\/2010\/01\/autismo.jpg\" \/>\n<meta name=\"author\" content=\"inclusivenews2024\" \/>\n<meta name=\"twitter:card\" content=\"summary_large_image\" \/>\n<meta name=\"twitter:label1\" content=\"Escrito por\" \/>\n\t<meta name=\"twitter:data1\" content=\"inclusivenews2024\" \/>\n\t<meta name=\"twitter:label2\" content=\"Tempo estimado de leitura\" \/>\n\t<meta name=\"twitter:data2\" content=\"4 minutos\" \/>\n<script type=\"application\/ld+json\" class=\"yoast-schema-graph\">{\"@context\":\"https:\\\/\\\/schema.org\",\"@graph\":[{\"@type\":\"Article\",\"@id\":\"https:\\\/\\\/inclusivenews.com.br\\\/?p=18074#article\",\"isPartOf\":{\"@id\":\"https:\\\/\\\/inclusivenews.com.br\\\/?p=18074\"},\"author\":{\"name\":\"inclusivenews2024\",\"@id\":\"https:\\\/\\\/inclusivenews.com.br\\\/#\\\/schema\\\/person\\\/ae4ec7087559b8692fb33b6fffd2273b\"},\"headline\":\"5\u00ba Pr\u00eamio Orgulho Autista 2009\\\/2010\",\"datePublished\":\"2010-12-02T06:06:41+00:00\",\"mainEntityOfPage\":{\"@id\":\"https:\\\/\\\/inclusivenews.com.br\\\/?p=18074\"},\"wordCount\":823,\"commentCount\":2,\"publisher\":{\"@id\":\"https:\\\/\\\/inclusivenews.com.br\\\/#organization\"},\"image\":{\"@id\":\"https:\\\/\\\/inclusivenews.com.br\\\/?p=18074#primaryimage\"},\"thumbnailUrl\":\"http:\\\/\\\/inclusivenews.com.br\\\/wp-content\\\/uploads\\\/2010\\\/01\\\/autismo.jpg\",\"keywords\":[\"Autismo\"],\"articleSection\":[\"Cursos e eventos\",\"NOT\u00cdCIAS\"],\"inLanguage\":\"pt-PT\",\"potentialAction\":[{\"@type\":\"CommentAction\",\"name\":\"Comment\",\"target\":[\"https:\\\/\\\/inclusivenews.com.br\\\/?p=18074#respond\"]}]},{\"@type\":\"WebPage\",\"@id\":\"https:\\\/\\\/inclusivenews.com.br\\\/?p=18074\",\"url\":\"https:\\\/\\\/inclusivenews.com.br\\\/?p=18074\",\"name\":\"5\u00ba Pr\u00eamio Orgulho Autista 2009\\\/2010 -\",\"isPartOf\":{\"@id\":\"https:\\\/\\\/inclusivenews.com.br\\\/#website\"},\"primaryImageOfPage\":{\"@id\":\"https:\\\/\\\/inclusivenews.com.br\\\/?p=18074#primaryimage\"},\"image\":{\"@id\":\"https:\\\/\\\/inclusivenews.com.br\\\/?p=18074#primaryimage\"},\"thumbnailUrl\":\"http:\\\/\\\/inclusivenews.com.br\\\/wp-content\\\/uploads\\\/2010\\\/01\\\/autismo.jpg\",\"datePublished\":\"2010-12-02T06:06:41+00:00\",\"breadcrumb\":{\"@id\":\"https:\\\/\\\/inclusivenews.com.br\\\/?p=18074#breadcrumb\"},\"inLanguage\":\"pt-PT\",\"potentialAction\":[{\"@type\":\"ReadAction\",\"target\":[\"https:\\\/\\\/inclusivenews.com.br\\\/?p=18074\"]}]},{\"@type\":\"ImageObject\",\"inLanguage\":\"pt-PT\",\"@id\":\"https:\\\/\\\/inclusivenews.com.br\\\/?p=18074#primaryimage\",\"url\":\"\",\"contentUrl\":\"\"},{\"@type\":\"BreadcrumbList\",\"@id\":\"https:\\\/\\\/inclusivenews.com.br\\\/?p=18074#breadcrumb\",\"itemListElement\":[{\"@type\":\"ListItem\",\"position\":1,\"name\":\"In\u00edcio\",\"item\":\"https:\\\/\\\/inclusivenews.com.br\\\/\"},{\"@type\":\"ListItem\",\"position\":2,\"name\":\"5\u00ba Pr\u00eamio Orgulho Autista 2009\\\/2010\"}]},{\"@type\":\"WebSite\",\"@id\":\"https:\\\/\\\/inclusivenews.com.br\\\/#website\",\"url\":\"https:\\\/\\\/inclusivenews.com.br\\\/\",\"name\":\"Inclusive News\",\"description\":\"Inclusive News\",\"publisher\":{\"@id\":\"https:\\\/\\\/inclusivenews.com.br\\\/#organization\"},\"potentialAction\":[{\"@type\":\"SearchAction\",\"target\":{\"@type\":\"EntryPoint\",\"urlTemplate\":\"https:\\\/\\\/inclusivenews.com.br\\\/?s={search_term_string}\"},\"query-input\":{\"@type\":\"PropertyValueSpecification\",\"valueRequired\":true,\"valueName\":\"search_term_string\"}}],\"inLanguage\":\"pt-PT\"},{\"@type\":\"Organization\",\"@id\":\"https:\\\/\\\/inclusivenews.com.br\\\/#organization\",\"name\":\"Inclusive - inclus\u00e3o e cidadania\",\"url\":\"https:\\\/\\\/inclusivenews.com.br\\\/\",\"logo\":{\"@type\":\"ImageObject\",\"inLanguage\":\"pt-PT\",\"@id\":\"https:\\\/\\\/inclusivenews.com.br\\\/#\\\/schema\\\/logo\\\/image\\\/\",\"url\":\"https:\\\/\\\/inclusivenews.com.br\\\/wp-content\\\/uploads\\\/2024\\\/03\\\/@grandesite.png\",\"contentUrl\":\"https:\\\/\\\/inclusivenews.com.br\\\/wp-content\\\/uploads\\\/2024\\\/03\\\/@grandesite.png\",\"width\":1080,\"height\":1080,\"caption\":\"Inclusive - inclus\u00e3o e cidadania\"},\"image\":{\"@id\":\"https:\\\/\\\/inclusivenews.com.br\\\/#\\\/schema\\\/logo\\\/image\\\/\"},\"sameAs\":[\"https:\\\/\\\/www.facebook.com\\\/agenciainclusive\\\/\",\"https:\\\/\\\/www.instagram.com\\\/newsinclusive\\\/\"]},{\"@type\":\"Person\",\"@id\":\"https:\\\/\\\/inclusivenews.com.br\\\/#\\\/schema\\\/person\\\/ae4ec7087559b8692fb33b6fffd2273b\",\"name\":\"inclusivenews2024\",\"image\":{\"@type\":\"ImageObject\",\"inLanguage\":\"pt-PT\",\"@id\":\"https:\\\/\\\/secure.gravatar.com\\\/avatar\\\/c5a7ef84c66fa914f55bc4f7ce26cfa275a3b9a1c5568b907bd184fb4dde7b40?s=96&d=mm&r=g\",\"url\":\"https:\\\/\\\/secure.gravatar.com\\\/avatar\\\/c5a7ef84c66fa914f55bc4f7ce26cfa275a3b9a1c5568b907bd184fb4dde7b40?s=96&d=mm&r=g\",\"contentUrl\":\"https:\\\/\\\/secure.gravatar.com\\\/avatar\\\/c5a7ef84c66fa914f55bc4f7ce26cfa275a3b9a1c5568b907bd184fb4dde7b40?s=96&d=mm&r=g\",\"caption\":\"inclusivenews2024\"},\"sameAs\":[\"https:\\\/\\\/inclusivenews.com.br\"],\"url\":\"https:\\\/\\\/inclusivenews.com.br\\\/?author=1\"}]}<\/script>\n<!-- \/ Yoast SEO plugin. -->","yoast_head_json":{"title":"5\u00ba Pr\u00eamio Orgulho Autista 2009\/2010 -","robots":{"index":"index","follow":"follow","max-snippet":"max-snippet:-1","max-image-preview":"max-image-preview:large","max-video-preview":"max-video-preview:-1"},"canonical":"https:\/\/inclusivenews.com.br\/?p=18074","og_locale":"pt_PT","og_type":"article","og_title":"5\u00ba Pr\u00eamio Orgulho Autista 2009\/2010 -","og_description":"Na pr\u00f3xima sexta-feira, dia 03dez2010, Dia Internacional da Pessoa com Defici\u00eancia, ser\u00e1 entregue em Bras\u00edlia, nos est\u00fadios da R\u00e1dio Nacional de Bras\u00edlia, com transmiss\u00e3o ao vivo, em tempo real, direto para todo o Brasil, o V Pr\u00eamio Orgulho Autista 2009\/2010.","og_url":"https:\/\/inclusivenews.com.br\/?p=18074","article_publisher":"https:\/\/www.facebook.com\/agenciainclusive\/","article_published_time":"2010-12-02T06:06:41+00:00","og_image":[{"url":"http:\/\/inclusivenews.com.br\/wp-content\/uploads\/2010\/01\/autismo.jpg","type":"","width":"","height":""}],"author":"inclusivenews2024","twitter_card":"summary_large_image","twitter_misc":{"Escrito por":"inclusivenews2024","Tempo estimado de leitura":"4 minutos"},"schema":{"@context":"https:\/\/schema.org","@graph":[{"@type":"Article","@id":"https:\/\/inclusivenews.com.br\/?p=18074#article","isPartOf":{"@id":"https:\/\/inclusivenews.com.br\/?p=18074"},"author":{"name":"inclusivenews2024","@id":"https:\/\/inclusivenews.com.br\/#\/schema\/person\/ae4ec7087559b8692fb33b6fffd2273b"},"headline":"5\u00ba Pr\u00eamio Orgulho Autista 2009\/2010","datePublished":"2010-12-02T06:06:41+00:00","mainEntityOfPage":{"@id":"https:\/\/inclusivenews.com.br\/?p=18074"},"wordCount":823,"commentCount":2,"publisher":{"@id":"https:\/\/inclusivenews.com.br\/#organization"},"image":{"@id":"https:\/\/inclusivenews.com.br\/?p=18074#primaryimage"},"thumbnailUrl":"http:\/\/inclusivenews.com.br\/wp-content\/uploads\/2010\/01\/autismo.jpg","keywords":["Autismo"],"articleSection":["Cursos e eventos","NOT\u00cdCIAS"],"inLanguage":"pt-PT","potentialAction":[{"@type":"CommentAction","name":"Comment","target":["https:\/\/inclusivenews.com.br\/?p=18074#respond"]}]},{"@type":"WebPage","@id":"https:\/\/inclusivenews.com.br\/?p=18074","url":"https:\/\/inclusivenews.com.br\/?p=18074","name":"5\u00ba Pr\u00eamio Orgulho Autista 2009\/2010 -","isPartOf":{"@id":"https:\/\/inclusivenews.com.br\/#website"},"primaryImageOfPage":{"@id":"https:\/\/inclusivenews.com.br\/?p=18074#primaryimage"},"image":{"@id":"https:\/\/inclusivenews.com.br\/?p=18074#primaryimage"},"thumbnailUrl":"http:\/\/inclusivenews.com.br\/wp-content\/uploads\/2010\/01\/autismo.jpg","datePublished":"2010-12-02T06:06:41+00:00","breadcrumb":{"@id":"https:\/\/inclusivenews.com.br\/?p=18074#breadcrumb"},"inLanguage":"pt-PT","potentialAction":[{"@type":"ReadAction","target":["https:\/\/inclusivenews.com.br\/?p=18074"]}]},{"@type":"ImageObject","inLanguage":"pt-PT","@id":"https:\/\/inclusivenews.com.br\/?p=18074#primaryimage","url":"","contentUrl":""},{"@type":"BreadcrumbList","@id":"https:\/\/inclusivenews.com.br\/?p=18074#breadcrumb","itemListElement":[{"@type":"ListItem","position":1,"name":"In\u00edcio","item":"https:\/\/inclusivenews.com.br\/"},{"@type":"ListItem","position":2,"name":"5\u00ba Pr\u00eamio Orgulho Autista 2009\/2010"}]},{"@type":"WebSite","@id":"https:\/\/inclusivenews.com.br\/#website","url":"https:\/\/inclusivenews.com.br\/","name":"Inclusive News","description":"Inclusive News","publisher":{"@id":"https:\/\/inclusivenews.com.br\/#organization"},"potentialAction":[{"@type":"SearchAction","target":{"@type":"EntryPoint","urlTemplate":"https:\/\/inclusivenews.com.br\/?s={search_term_string}"},"query-input":{"@type":"PropertyValueSpecification","valueRequired":true,"valueName":"search_term_string"}}],"inLanguage":"pt-PT"},{"@type":"Organization","@id":"https:\/\/inclusivenews.com.br\/#organization","name":"Inclusive - inclus\u00e3o e cidadania","url":"https:\/\/inclusivenews.com.br\/","logo":{"@type":"ImageObject","inLanguage":"pt-PT","@id":"https:\/\/inclusivenews.com.br\/#\/schema\/logo\/image\/","url":"https:\/\/inclusivenews.com.br\/wp-content\/uploads\/2024\/03\/@grandesite.png","contentUrl":"https:\/\/inclusivenews.com.br\/wp-content\/uploads\/2024\/03\/@grandesite.png","width":1080,"height":1080,"caption":"Inclusive - inclus\u00e3o e cidadania"},"image":{"@id":"https:\/\/inclusivenews.com.br\/#\/schema\/logo\/image\/"},"sameAs":["https:\/\/www.facebook.com\/agenciainclusive\/","https:\/\/www.instagram.com\/newsinclusive\/"]},{"@type":"Person","@id":"https:\/\/inclusivenews.com.br\/#\/schema\/person\/ae4ec7087559b8692fb33b6fffd2273b","name":"inclusivenews2024","image":{"@type":"ImageObject","inLanguage":"pt-PT","@id":"https:\/\/secure.gravatar.com\/avatar\/c5a7ef84c66fa914f55bc4f7ce26cfa275a3b9a1c5568b907bd184fb4dde7b40?s=96&d=mm&r=g","url":"https:\/\/secure.gravatar.com\/avatar\/c5a7ef84c66fa914f55bc4f7ce26cfa275a3b9a1c5568b907bd184fb4dde7b40?s=96&d=mm&r=g","contentUrl":"https:\/\/secure.gravatar.com\/avatar\/c5a7ef84c66fa914f55bc4f7ce26cfa275a3b9a1c5568b907bd184fb4dde7b40?s=96&d=mm&r=g","caption":"inclusivenews2024"},"sameAs":["https:\/\/inclusivenews.com.br"],"url":"https:\/\/inclusivenews.com.br\/?author=1"}]}},"_links":{"self":[{"href":"https:\/\/inclusivenews.com.br\/index.php?rest_route=\/wp\/v2\/posts\/18074","targetHints":{"allow":["GET"]}}],"collection":[{"href":"https:\/\/inclusivenews.com.br\/index.php?rest_route=\/wp\/v2\/posts"}],"about":[{"href":"https:\/\/inclusivenews.com.br\/index.php?rest_route=\/wp\/v2\/types\/post"}],"author":[{"embeddable":true,"href":"https:\/\/inclusivenews.com.br\/index.php?rest_route=\/wp\/v2\/users\/1"}],"replies":[{"embeddable":true,"href":"https:\/\/inclusivenews.com.br\/index.php?rest_route=%2Fwp%2Fv2%2Fcomments&post=18074"}],"version-history":[{"count":0,"href":"https:\/\/inclusivenews.com.br\/index.php?rest_route=\/wp\/v2\/posts\/18074\/revisions"}],"wp:attachment":[{"href":"https:\/\/inclusivenews.com.br\/index.php?rest_route=%2Fwp%2Fv2%2Fmedia&parent=18074"}],"wp:term":[{"taxonomy":"category","embeddable":true,"href":"https:\/\/inclusivenews.com.br\/index.php?rest_route=%2Fwp%2Fv2%2Fcategories&post=18074"},{"taxonomy":"post_tag","embeddable":true,"href":"https:\/\/inclusivenews.com.br\/index.php?rest_route=%2Fwp%2Fv2%2Ftags&post=18074"}],"curies":[{"name":"wp","href":"https:\/\/api.w.org\/{rel}","templated":true}]}}