{"id":18081,"date":"2010-12-02T03:10:55","date_gmt":"2010-12-02T06:10:55","guid":{"rendered":"http:\/\/www.inclusive.org.br\/?p=18081"},"modified":"2010-12-02T03:10:55","modified_gmt":"2010-12-02T06:10:55","slug":"quanto-apoio-precisa-uma-crianca-para-aprender-a-brincar-2","status":"publish","type":"post","link":"https:\/\/inclusivenews.com.br\/?p=18081","title":{"rendered":"Quanto apoio precisa uma crian\u00e7a para aprender a brincar?"},"content":{"rendered":"<div class=\"mceTemp\">\n<dl class=\"wp-caption alignleft\" style=\"width: 212px;\">\n<dt class=\"wp-caption-dt\"><img loading=\"lazy\" decoding=\"async\" title=\"Crian\u00e7as brincam num arco-\u00edris\" src=\"http:\/\/www.promenino.org.br\/Portals\/0\/chamada_site_causos.jpg\" alt=\"Crian\u00e7as brincam num arco-\u00edris\" width=\"202\" height=\"107\" \/><\/dt>\n<dd class=\"wp-caption-dd\"><\/dd>\n<\/dl>\n<\/div>\n<p>Diogo Francisco da Silva Estevam colocou uma banquinha com <em>notebooks<\/em> no cal\u00e7ad\u00e3o do centro da cidade de Colatina, Esp\u00edrito Santo, para pedir que as pessoas votassem na hist\u00f3ria que escreveu para o 6\u00ba Concurso Causos do Eca. O causo \u00e9 sobre Wesley, um menino de dez anos que perdeu a pai aos tr\u00eas e que n\u00e3o vai \u00e0 escola porque trabalha arduamente, vendendo amendoim, para ajudar a m\u00e3e a criar os cinco irm\u00e3os. &#8220;Quando ia trabalhar eu chegava tarde em casa e, no outro dia de manh\u00e3, eu n\u00e3o conseguia acordar para ir \u00e0 escola, porque estava muito cansado. Fora as outras vezes em que eu acordava e sentava no sof\u00e1 para esperar dar a hora de ir para a escola e acabava dormindo de novo&#8221;, escreveu Diogo. Para poder parar de trabalhar, e estudar, Wesley deixou a fam\u00edlia, em Vit\u00f3ria, e foi morar na casa da tia, em Colatina. Voltou \u00e0 escola e frequenta o Centro de Refer\u00eancia de Assist\u00eancia Social (CRAS) do bairro S\u00e3o Vicente. &#8220;Foi no CRAS que me deram a ideia de escrever a hist\u00f3ria, mas eu n\u00e3o esperava ganhar&#8221;, conta Diogo. Foi o CRAS, tamb\u00e9m, que cedeu os <em>notebooks<\/em> para Diogo fazer sua campanha.<\/p>\n<p>O causo de Wesley, &#8220;<a href=\"http:\/\/www.pro-menino.org\/causos6\/votacao\/textos\/?causo=687\" target=\"_blank\" rel=\"noopener\">O Ex-Vendedor de Amendoim<\/a>&#8220;, recebeu 15 mil votos pela internet e \u00e9, na verdade, a hist\u00f3ria de vida do pr\u00f3prio Diogo. Ela foi eleita como a melhor entre as 21 finalistas, pelo Juri Popular do concurso. Esta foi a primeira vez, desde que o Causos do Eca come\u00e7ou, que houve uma vota\u00e7\u00e3o por juri poplar. Na noite de ontem, o menino, hoje com 13 anos, subiu ao palco para receber seu pr\u00eamio, ao lado de um dos irm\u00e3os e com uma bandeira de Colatina nas m\u00e3os. Diogo chorava, a plateia chorava (vieram 33 pessoas de Colatina para a premia\u00e7\u00e3o), dessa vez por conta de um final feliz.<\/p>\n<p>&#8220;Fiquei feliz em voltar a estudar, conhecer outras pessoas e ganhar material escolar. Tornei-me um menino feliz, porque parei de trabalhar e tive condi\u00e7\u00f5es de frequentar a aula descansado, meu direito \u00e0 educa\u00e7\u00e3o foi garantido. (&#8230;) Hoje muita coisa mudou, acredito mais em mim, o que antes n\u00e3o ocorria porque sempre me diziam que eu fazia tudo errado e que eu n\u00e3o sabia de nada&#8221;, escreveu o menino, comemorando, entre outras coisas, o fato de ter aprendido, finalmente, a brincar.<\/p>\n<p>O Concurso Causos do ECA \u00e9 promovido pelo Portal Pr\u00f3-Menino, da Funda\u00e7\u00e3o Telef\u00f4nica, para divulgar hist\u00f3rias reais de vidas transformadas pela correta utiliza\u00e7\u00e3o do Estatuto da Crian\u00e7a e do Adolescente. Este ano o estatuto completou 20 anos desde sua promulga\u00e7\u00e3o, em 13 de julho de 1990. Ainda est\u00e1 longe de ser praticado em sua plenitude: no pr\u00f3prio livro \u201cCausos do ECA: Muitas hist\u00f3rias, um s\u00f3 enredo\u201d, que divulga os causos finalistas, a\u00a0 soci\u00f3loga Miriam Maria Jos\u00e9 dos Santos pergunta porque, afinal, Diogo precisou se afastar da fam\u00edlia para conseguir frequentar uma escola. &#8220;Onde estava o poder p\u00fablico com os programas Bolsa Fam\u00edlia, programas de gera\u00e7\u00e3o de renda, oferta de creches para os irm\u00e3os pequenos e acompanhamento ao acesso e sucesso escolar de Wesley?&#8221;, escreve Miriam.<\/p>\n<p>Parte da resposta a essa pergunta est\u00e1 no livro dos Causos do Eca. S\u00e3o exemplos do trabalho de professores, conselheiros, promotores e tamb\u00e9m de pais e de crian\u00e7as e adolescentes para aplicar o estatuto. Este ano houve um recorde no n\u00famero de causos inscritos &#8212; foram 1196 hist\u00f3rias &#8211;, o que \u00e9 uma mostra do trabalho de formiga de milhares de pessoas para fortalecer o Sistema de Garantias a crian\u00e7as e adolescentes. De 2009 a 2010, o amento no n\u00famero de inscri\u00e7\u00f5es foi de 53%. A viola\u00e7\u00e3o dos direitos foi o tema mais presente (53,8%) mas, na maioria das hist\u00f3rias, as interven\u00e7\u00f5es para combat\u00ea-la foram bem sucedidas e mostraram que solu\u00e7\u00f5es para problemas como o Diogo envolvem a participa\u00e7\u00e3o de muitos atores. No caso dele, a m\u00e3e que tomou a decis\u00e3o dif\u00edcil de mand\u00e1-lo para outra cidade, a tia que o recebeu, a escola e, fundamentalmente, o CRAS.<\/p>\n<p>Cerca de mil pessoas participaram da cerim\u00f4nia de premia\u00e7\u00e3o, no Memorial da Am\u00e9rica Latina, da qual participaram finalistas de nove Estados, al\u00e9m do Distrito Federal e onde foi lan\u00e7ado o livro. Neste ano, \u00e0s duas tradicionais categorias &#8211; \u201cECA como Instrumento de Transforma\u00e7\u00e3o\u201d e \u201cECA na Escola\u201d \u2013 somaram-se a premia\u00e7\u00e3o por J\u00fari Popular, tr\u00eas men\u00e7\u00f5es honrosas e uma categoria especial, criada \u00e0 parte, para funcion\u00e1rios do Grupo Telef\u00f4nica. Neste ano, \u00e0s duas tradicionais categorias &#8211; \u201cECA como Instrumento de Transforma\u00e7\u00e3o\u201d e \u201cECA na Escola\u201d \u2013 somaram-se a premia\u00e7\u00e3o por J\u00fari Popular, tr\u00eas men\u00e7\u00f5es honrosas e uma categoria especial, criada \u00e0 parte, para funcion\u00e1rios do Grupo Telef\u00f4nica.<\/p>\n<p>A Funda\u00e7\u00e3o Telef\u00f4nica entregou R$ 15 mil a cada um dos primeiros colocados de cada categoria, enquanto os segundos lugares receberam R$ 10 mil e os terceiros, R$ 5 mil, cada. A premia\u00e7\u00e3o por J\u00fari Popular recebeu pr\u00eamio no valor de R$ 10 mil.\u00a0Veja <a href=\"http:\/\/www.promenino.org.br\/Ferramentas\/DireitosdasCriancaseAdolescentes\/tabid\/77\/ConteudoId\/412c51ab-d1e6-437c-8148-8f32e3493077\/Default.aspx\" target=\"_blank\" rel=\"noopener\">aqui<\/a> os finalistas e os causos vencedores. O livro &#8212; assim como os causos dos concursos anteriores &#8212; pode ser visto, na \u00edntegra, no <a href=\"http:\/\/www.promenino.org.br\/\" target=\"_blank\" rel=\"noopener\">Portal Pr\u00f3-Menino<\/a>.<\/p>\n<p><strong>___________<\/strong><\/p>\n<p><strong>Fonte:<\/strong> <a href=\"http:\/\/www.arede.inf.br\/inclusao\/component\/content\/article\/106-acontece\/3604\">A Rede<\/a><\/p>\n","protected":false},"excerpt":{"rendered":"<p>Parte da resposta a essa pergunta est\u00e1 no livro dos Causos do Eca. S\u00e3o exemplos do trabalho de professores, conselheiros, promotores e tamb\u00e9m de pais e de crian\u00e7as e adolescentes para aplicar o estatuto.<\/p>\n","protected":false},"author":1,"featured_media":0,"comment_status":"open","ping_status":"open","sticky":false,"template":"","format":"standard","meta":{"site-container-style":"default","site-container-layout":"default","site-sidebar-layout":"default","disable-article-header":"default","disable-site-header":"default","disable-site-footer":"default","disable-content-area-spacing":"default","footnotes":""},"categories":[4],"tags":[60],"class_list":["post-18081","post","type-post","status-publish","format-standard","hentry","category-noticias","tag-infancia"],"yoast_head":"<!-- This site is optimized with the Yoast SEO plugin v27.4 - https:\/\/yoast.com\/product\/yoast-seo-wordpress\/ -->\n<title>Quanto apoio precisa uma crian\u00e7a para aprender a brincar? -<\/title>\n<meta name=\"robots\" content=\"index, follow, max-snippet:-1, max-image-preview:large, max-video-preview:-1\" \/>\n<link rel=\"canonical\" href=\"https:\/\/inclusivenews.com.br\/?p=18081\" \/>\n<meta property=\"og:locale\" content=\"pt_PT\" \/>\n<meta property=\"og:type\" content=\"article\" \/>\n<meta property=\"og:title\" content=\"Quanto apoio precisa uma crian\u00e7a para aprender a brincar? -\" \/>\n<meta property=\"og:description\" content=\"Parte da resposta a essa pergunta est\u00e1 no livro dos Causos do Eca. S\u00e3o exemplos do trabalho de professores, conselheiros, promotores e tamb\u00e9m de pais e de crian\u00e7as e adolescentes para aplicar o estatuto.\" \/>\n<meta property=\"og:url\" content=\"https:\/\/inclusivenews.com.br\/?p=18081\" \/>\n<meta property=\"article:publisher\" content=\"https:\/\/www.facebook.com\/agenciainclusive\/\" \/>\n<meta property=\"article:published_time\" content=\"2010-12-02T06:10:55+00:00\" \/>\n<meta property=\"og:image\" content=\"http:\/\/www.promenino.org.br\/Portals\/0\/chamada_site_causos.jpg\" \/>\n<meta name=\"author\" content=\"inclusivenews2024\" \/>\n<meta name=\"twitter:card\" content=\"summary_large_image\" \/>\n<meta name=\"twitter:label1\" content=\"Escrito por\" \/>\n\t<meta name=\"twitter:data1\" content=\"inclusivenews2024\" \/>\n\t<meta name=\"twitter:label2\" content=\"Tempo estimado de leitura\" \/>\n\t<meta name=\"twitter:data2\" content=\"5 minutos\" \/>\n<script type=\"application\/ld+json\" class=\"yoast-schema-graph\">{\"@context\":\"https:\\\/\\\/schema.org\",\"@graph\":[{\"@type\":\"Article\",\"@id\":\"https:\\\/\\\/inclusivenews.com.br\\\/?p=18081#article\",\"isPartOf\":{\"@id\":\"https:\\\/\\\/inclusivenews.com.br\\\/?p=18081\"},\"author\":{\"name\":\"inclusivenews2024\",\"@id\":\"https:\\\/\\\/inclusivenews.com.br\\\/#\\\/schema\\\/person\\\/ae4ec7087559b8692fb33b6fffd2273b\"},\"headline\":\"Quanto apoio precisa uma crian\u00e7a para aprender a brincar?\",\"datePublished\":\"2010-12-02T06:10:55+00:00\",\"mainEntityOfPage\":{\"@id\":\"https:\\\/\\\/inclusivenews.com.br\\\/?p=18081\"},\"wordCount\":911,\"commentCount\":0,\"publisher\":{\"@id\":\"https:\\\/\\\/inclusivenews.com.br\\\/#organization\"},\"image\":{\"@id\":\"https:\\\/\\\/inclusivenews.com.br\\\/?p=18081#primaryimage\"},\"thumbnailUrl\":\"http:\\\/\\\/www.promenino.org.br\\\/Portals\\\/0\\\/chamada_site_causos.jpg\",\"keywords\":[\"Inf\u00e2ncia\"],\"articleSection\":[\"NOT\u00cdCIAS\"],\"inLanguage\":\"pt-PT\",\"potentialAction\":[{\"@type\":\"CommentAction\",\"name\":\"Comment\",\"target\":[\"https:\\\/\\\/inclusivenews.com.br\\\/?p=18081#respond\"]}]},{\"@type\":\"WebPage\",\"@id\":\"https:\\\/\\\/inclusivenews.com.br\\\/?p=18081\",\"url\":\"https:\\\/\\\/inclusivenews.com.br\\\/?p=18081\",\"name\":\"Quanto apoio precisa uma crian\u00e7a para aprender a brincar? -\",\"isPartOf\":{\"@id\":\"https:\\\/\\\/inclusivenews.com.br\\\/#website\"},\"primaryImageOfPage\":{\"@id\":\"https:\\\/\\\/inclusivenews.com.br\\\/?p=18081#primaryimage\"},\"image\":{\"@id\":\"https:\\\/\\\/inclusivenews.com.br\\\/?p=18081#primaryimage\"},\"thumbnailUrl\":\"http:\\\/\\\/www.promenino.org.br\\\/Portals\\\/0\\\/chamada_site_causos.jpg\",\"datePublished\":\"2010-12-02T06:10:55+00:00\",\"breadcrumb\":{\"@id\":\"https:\\\/\\\/inclusivenews.com.br\\\/?p=18081#breadcrumb\"},\"inLanguage\":\"pt-PT\",\"potentialAction\":[{\"@type\":\"ReadAction\",\"target\":[\"https:\\\/\\\/inclusivenews.com.br\\\/?p=18081\"]}]},{\"@type\":\"ImageObject\",\"inLanguage\":\"pt-PT\",\"@id\":\"https:\\\/\\\/inclusivenews.com.br\\\/?p=18081#primaryimage\",\"url\":\"http:\\\/\\\/www.promenino.org.br\\\/Portals\\\/0\\\/chamada_site_causos.jpg\",\"contentUrl\":\"http:\\\/\\\/www.promenino.org.br\\\/Portals\\\/0\\\/chamada_site_causos.jpg\"},{\"@type\":\"BreadcrumbList\",\"@id\":\"https:\\\/\\\/inclusivenews.com.br\\\/?p=18081#breadcrumb\",\"itemListElement\":[{\"@type\":\"ListItem\",\"position\":1,\"name\":\"In\u00edcio\",\"item\":\"https:\\\/\\\/inclusivenews.com.br\\\/\"},{\"@type\":\"ListItem\",\"position\":2,\"name\":\"Quanto apoio precisa uma crian\u00e7a para aprender a brincar?\"}]},{\"@type\":\"WebSite\",\"@id\":\"https:\\\/\\\/inclusivenews.com.br\\\/#website\",\"url\":\"https:\\\/\\\/inclusivenews.com.br\\\/\",\"name\":\"Inclusive News\",\"description\":\"Inclusive News\",\"publisher\":{\"@id\":\"https:\\\/\\\/inclusivenews.com.br\\\/#organization\"},\"potentialAction\":[{\"@type\":\"SearchAction\",\"target\":{\"@type\":\"EntryPoint\",\"urlTemplate\":\"https:\\\/\\\/inclusivenews.com.br\\\/?s={search_term_string}\"},\"query-input\":{\"@type\":\"PropertyValueSpecification\",\"valueRequired\":true,\"valueName\":\"search_term_string\"}}],\"inLanguage\":\"pt-PT\"},{\"@type\":\"Organization\",\"@id\":\"https:\\\/\\\/inclusivenews.com.br\\\/#organization\",\"name\":\"Inclusive - inclus\u00e3o e cidadania\",\"url\":\"https:\\\/\\\/inclusivenews.com.br\\\/\",\"logo\":{\"@type\":\"ImageObject\",\"inLanguage\":\"pt-PT\",\"@id\":\"https:\\\/\\\/inclusivenews.com.br\\\/#\\\/schema\\\/logo\\\/image\\\/\",\"url\":\"https:\\\/\\\/inclusivenews.com.br\\\/wp-content\\\/uploads\\\/2024\\\/03\\\/@grandesite.png\",\"contentUrl\":\"https:\\\/\\\/inclusivenews.com.br\\\/wp-content\\\/uploads\\\/2024\\\/03\\\/@grandesite.png\",\"width\":1080,\"height\":1080,\"caption\":\"Inclusive - inclus\u00e3o e cidadania\"},\"image\":{\"@id\":\"https:\\\/\\\/inclusivenews.com.br\\\/#\\\/schema\\\/logo\\\/image\\\/\"},\"sameAs\":[\"https:\\\/\\\/www.facebook.com\\\/agenciainclusive\\\/\",\"https:\\\/\\\/www.instagram.com\\\/newsinclusive\\\/\"]},{\"@type\":\"Person\",\"@id\":\"https:\\\/\\\/inclusivenews.com.br\\\/#\\\/schema\\\/person\\\/ae4ec7087559b8692fb33b6fffd2273b\",\"name\":\"inclusivenews2024\",\"image\":{\"@type\":\"ImageObject\",\"inLanguage\":\"pt-PT\",\"@id\":\"https:\\\/\\\/secure.gravatar.com\\\/avatar\\\/c5a7ef84c66fa914f55bc4f7ce26cfa275a3b9a1c5568b907bd184fb4dde7b40?s=96&d=mm&r=g\",\"url\":\"https:\\\/\\\/secure.gravatar.com\\\/avatar\\\/c5a7ef84c66fa914f55bc4f7ce26cfa275a3b9a1c5568b907bd184fb4dde7b40?s=96&d=mm&r=g\",\"contentUrl\":\"https:\\\/\\\/secure.gravatar.com\\\/avatar\\\/c5a7ef84c66fa914f55bc4f7ce26cfa275a3b9a1c5568b907bd184fb4dde7b40?s=96&d=mm&r=g\",\"caption\":\"inclusivenews2024\"},\"sameAs\":[\"https:\\\/\\\/inclusivenews.com.br\"],\"url\":\"https:\\\/\\\/inclusivenews.com.br\\\/?author=1\"}]}<\/script>\n<!-- \/ Yoast SEO plugin. -->","yoast_head_json":{"title":"Quanto apoio precisa uma crian\u00e7a para aprender a brincar? -","robots":{"index":"index","follow":"follow","max-snippet":"max-snippet:-1","max-image-preview":"max-image-preview:large","max-video-preview":"max-video-preview:-1"},"canonical":"https:\/\/inclusivenews.com.br\/?p=18081","og_locale":"pt_PT","og_type":"article","og_title":"Quanto apoio precisa uma crian\u00e7a para aprender a brincar? -","og_description":"Parte da resposta a essa pergunta est\u00e1 no livro dos Causos do Eca. S\u00e3o exemplos do trabalho de professores, conselheiros, promotores e tamb\u00e9m de pais e de crian\u00e7as e adolescentes para aplicar o estatuto.","og_url":"https:\/\/inclusivenews.com.br\/?p=18081","article_publisher":"https:\/\/www.facebook.com\/agenciainclusive\/","article_published_time":"2010-12-02T06:10:55+00:00","og_image":[{"url":"http:\/\/www.promenino.org.br\/Portals\/0\/chamada_site_causos.jpg","type":"","width":"","height":""}],"author":"inclusivenews2024","twitter_card":"summary_large_image","twitter_misc":{"Escrito por":"inclusivenews2024","Tempo estimado de leitura":"5 minutos"},"schema":{"@context":"https:\/\/schema.org","@graph":[{"@type":"Article","@id":"https:\/\/inclusivenews.com.br\/?p=18081#article","isPartOf":{"@id":"https:\/\/inclusivenews.com.br\/?p=18081"},"author":{"name":"inclusivenews2024","@id":"https:\/\/inclusivenews.com.br\/#\/schema\/person\/ae4ec7087559b8692fb33b6fffd2273b"},"headline":"Quanto apoio precisa uma crian\u00e7a para aprender a brincar?","datePublished":"2010-12-02T06:10:55+00:00","mainEntityOfPage":{"@id":"https:\/\/inclusivenews.com.br\/?p=18081"},"wordCount":911,"commentCount":0,"publisher":{"@id":"https:\/\/inclusivenews.com.br\/#organization"},"image":{"@id":"https:\/\/inclusivenews.com.br\/?p=18081#primaryimage"},"thumbnailUrl":"http:\/\/www.promenino.org.br\/Portals\/0\/chamada_site_causos.jpg","keywords":["Inf\u00e2ncia"],"articleSection":["NOT\u00cdCIAS"],"inLanguage":"pt-PT","potentialAction":[{"@type":"CommentAction","name":"Comment","target":["https:\/\/inclusivenews.com.br\/?p=18081#respond"]}]},{"@type":"WebPage","@id":"https:\/\/inclusivenews.com.br\/?p=18081","url":"https:\/\/inclusivenews.com.br\/?p=18081","name":"Quanto apoio precisa uma crian\u00e7a para aprender a brincar? -","isPartOf":{"@id":"https:\/\/inclusivenews.com.br\/#website"},"primaryImageOfPage":{"@id":"https:\/\/inclusivenews.com.br\/?p=18081#primaryimage"},"image":{"@id":"https:\/\/inclusivenews.com.br\/?p=18081#primaryimage"},"thumbnailUrl":"http:\/\/www.promenino.org.br\/Portals\/0\/chamada_site_causos.jpg","datePublished":"2010-12-02T06:10:55+00:00","breadcrumb":{"@id":"https:\/\/inclusivenews.com.br\/?p=18081#breadcrumb"},"inLanguage":"pt-PT","potentialAction":[{"@type":"ReadAction","target":["https:\/\/inclusivenews.com.br\/?p=18081"]}]},{"@type":"ImageObject","inLanguage":"pt-PT","@id":"https:\/\/inclusivenews.com.br\/?p=18081#primaryimage","url":"http:\/\/www.promenino.org.br\/Portals\/0\/chamada_site_causos.jpg","contentUrl":"http:\/\/www.promenino.org.br\/Portals\/0\/chamada_site_causos.jpg"},{"@type":"BreadcrumbList","@id":"https:\/\/inclusivenews.com.br\/?p=18081#breadcrumb","itemListElement":[{"@type":"ListItem","position":1,"name":"In\u00edcio","item":"https:\/\/inclusivenews.com.br\/"},{"@type":"ListItem","position":2,"name":"Quanto apoio precisa uma crian\u00e7a para aprender a brincar?"}]},{"@type":"WebSite","@id":"https:\/\/inclusivenews.com.br\/#website","url":"https:\/\/inclusivenews.com.br\/","name":"Inclusive News","description":"Inclusive News","publisher":{"@id":"https:\/\/inclusivenews.com.br\/#organization"},"potentialAction":[{"@type":"SearchAction","target":{"@type":"EntryPoint","urlTemplate":"https:\/\/inclusivenews.com.br\/?s={search_term_string}"},"query-input":{"@type":"PropertyValueSpecification","valueRequired":true,"valueName":"search_term_string"}}],"inLanguage":"pt-PT"},{"@type":"Organization","@id":"https:\/\/inclusivenews.com.br\/#organization","name":"Inclusive - inclus\u00e3o e cidadania","url":"https:\/\/inclusivenews.com.br\/","logo":{"@type":"ImageObject","inLanguage":"pt-PT","@id":"https:\/\/inclusivenews.com.br\/#\/schema\/logo\/image\/","url":"https:\/\/inclusivenews.com.br\/wp-content\/uploads\/2024\/03\/@grandesite.png","contentUrl":"https:\/\/inclusivenews.com.br\/wp-content\/uploads\/2024\/03\/@grandesite.png","width":1080,"height":1080,"caption":"Inclusive - inclus\u00e3o e cidadania"},"image":{"@id":"https:\/\/inclusivenews.com.br\/#\/schema\/logo\/image\/"},"sameAs":["https:\/\/www.facebook.com\/agenciainclusive\/","https:\/\/www.instagram.com\/newsinclusive\/"]},{"@type":"Person","@id":"https:\/\/inclusivenews.com.br\/#\/schema\/person\/ae4ec7087559b8692fb33b6fffd2273b","name":"inclusivenews2024","image":{"@type":"ImageObject","inLanguage":"pt-PT","@id":"https:\/\/secure.gravatar.com\/avatar\/c5a7ef84c66fa914f55bc4f7ce26cfa275a3b9a1c5568b907bd184fb4dde7b40?s=96&d=mm&r=g","url":"https:\/\/secure.gravatar.com\/avatar\/c5a7ef84c66fa914f55bc4f7ce26cfa275a3b9a1c5568b907bd184fb4dde7b40?s=96&d=mm&r=g","contentUrl":"https:\/\/secure.gravatar.com\/avatar\/c5a7ef84c66fa914f55bc4f7ce26cfa275a3b9a1c5568b907bd184fb4dde7b40?s=96&d=mm&r=g","caption":"inclusivenews2024"},"sameAs":["https:\/\/inclusivenews.com.br"],"url":"https:\/\/inclusivenews.com.br\/?author=1"}]}},"_links":{"self":[{"href":"https:\/\/inclusivenews.com.br\/index.php?rest_route=\/wp\/v2\/posts\/18081","targetHints":{"allow":["GET"]}}],"collection":[{"href":"https:\/\/inclusivenews.com.br\/index.php?rest_route=\/wp\/v2\/posts"}],"about":[{"href":"https:\/\/inclusivenews.com.br\/index.php?rest_route=\/wp\/v2\/types\/post"}],"author":[{"embeddable":true,"href":"https:\/\/inclusivenews.com.br\/index.php?rest_route=\/wp\/v2\/users\/1"}],"replies":[{"embeddable":true,"href":"https:\/\/inclusivenews.com.br\/index.php?rest_route=%2Fwp%2Fv2%2Fcomments&post=18081"}],"version-history":[{"count":0,"href":"https:\/\/inclusivenews.com.br\/index.php?rest_route=\/wp\/v2\/posts\/18081\/revisions"}],"wp:attachment":[{"href":"https:\/\/inclusivenews.com.br\/index.php?rest_route=%2Fwp%2Fv2%2Fmedia&parent=18081"}],"wp:term":[{"taxonomy":"category","embeddable":true,"href":"https:\/\/inclusivenews.com.br\/index.php?rest_route=%2Fwp%2Fv2%2Fcategories&post=18081"},{"taxonomy":"post_tag","embeddable":true,"href":"https:\/\/inclusivenews.com.br\/index.php?rest_route=%2Fwp%2Fv2%2Ftags&post=18081"}],"curies":[{"name":"wp","href":"https:\/\/api.w.org\/{rel}","templated":true}]}}