{"id":18082,"date":"2010-12-02T03:11:27","date_gmt":"2010-12-02T06:11:27","guid":{"rendered":"http:\/\/www.inclusive.org.br\/?p=18082"},"modified":"2010-12-02T03:11:27","modified_gmt":"2010-12-02T06:11:27","slug":"humaita-avanca-na-educacao-inclusiva","status":"publish","type":"post","link":"https:\/\/inclusivenews.com.br\/?p=18082","title":{"rendered":"Humait\u00e1 avan\u00e7a na Educa\u00e7\u00e3o Inclusiva"},"content":{"rendered":"<figure style=\"width: 225px\" class=\"wp-caption alignleft\"><img loading=\"lazy\" decoding=\"async\" title=\"(Os professores Enicelmo, Din\u00e1via e Dalva Rocha.)\" src=\"http:\/\/www.humaitanoticias.com.br\/Arquivo\/FotosNoticias\/ImgNot_1513.jpg\" alt=\"(Os professores Enicelmo, Din\u00e1via e Dalva Rocha.)\" width=\"225\" height=\"300\" \/><figcaption class=\"wp-caption-text\">(Os professores Enicelmo, Din\u00e1via e Dalva Rocha.)<\/figcaption><\/figure>\n<p>Um dos poucos munic\u00edpios do Amazonas a se comprometer de fato com a chamada Educa\u00e7\u00e3o Inclusiva, Humait\u00e1 d\u00e1 passos importantes para o fortalecimento do Programa, j\u00e1 implantado e em pleno funcionamento.<\/p>\n<p>Sob a responsabilidade dos professores Dn\u00e1via Miranda Neves Lobato e Enicelmo Pereira Pessoa, a Sala de Recurso Multifuncional est\u00e1 instalada no Centro de Excel\u00eancia Irm\u00e3 Carmem Cronenbold e atende atualmente 19 alunos, portadores de necessidades especiais.<\/p>\n<p>Para o ano de 2011, segundo a coordenadora do Programa, Dalva do Nascimento Rocha, mais uma sala ser\u00e1 implantada na Creche \u00c1urea Ferreira Ca\u00e7\u00e3o, ampliando ainda mais a oferta dessa modalidade de educa\u00e7\u00e3o.<\/p>\n<p>Os professores Enicelmo e Dn\u00e1via, que atualmente participam do Programa de P\u00f3s-gradua\u00e7\u00e3o em Educa\u00e7\u00e3o Especial, oferecido pela UNESP\/Mar\u00edlia-SP, estiveram na cidade de Manicor\u00e9 (AM), nos dias 08-12, participando do II Curso de Forma\u00e7\u00e3o de Professores da Educa\u00e7\u00e3o Inclusiva.<\/p>\n<p>Naquele encontro, do qual participaram professores de v\u00e1rios munic\u00edpios da Calha do Madeira, ficou claro o avan\u00e7o obtido pelo munic\u00edpio de Humait\u00e1, que j\u00e1 conta com professores em Programas de P\u00f3s-gradua\u00e7\u00e3o na \u00e1rea.<\/p>\n<p>Segundo Dalva Rocha, os equipamentos espec\u00edficos para as atividades s\u00e3o disponibilizados pelo Governo Federal, enquanto toda a estrutura para o desenvolvimento das atividades, incluindo professores, \u00e9 oferecida pelo munic\u00edpio.<\/p>\n<p>Na \u00faltima sexta-feira (19.11), professores, alunos e familiares, participaram de um encontro de encerramento das atividades de 2010, onde foram apresentados alguns dos aspectos importantes das atividades que s\u00e3o desenvolvidas durante todo o ano.<\/p>\n<p>Ainda segundo a Coordenadora Dalva Rocha, \u00e9 importante destacar que essa op\u00e7\u00e3o de ensino abre uma importante perpectiva para os familiares, j\u00e1 que at\u00e9 bem pouco tempo, crian\u00e7as com necessidades esepciais, eram praticamente alijadas de qualquer processo.<\/p>\n<p>No Brasil, a Educa\u00e7\u00e3o Inclusiva est\u00e1 regulada na Constitui\u00e7\u00e3o Federal, Lei n\u00ba 9394\/96(Lei de Diretrizes e Bases da Educa\u00e7\u00e3o Nacional \u2013 LDBN), Lei n\u00ba 9394\/96 (LDBN &#8211; Educa\u00e7\u00e3o Especial), Lei n\u00ba 8069\/90 (Estatuto da Crian\u00e7a e do Adolescente &#8211; Educa\u00e7\u00e3o Especial), dentre outras.<\/p>\n<p>____________________<\/p>\n<p><strong>Fonte:<\/strong> <a href=\"http:\/\/www.humaitanoticias.com.br\/Noticia.asp?ID=1513\">Humaita Noticias<\/a><\/p>\n","protected":false},"excerpt":{"rendered":"<p>Um dos poucos munic\u00edpios do Amazonas a se comprometer de fato com a chamada Educa\u00e7\u00e3o Inclusiva, Humait\u00e1 d\u00e1 passos importantes para o fortalecimento do Programa, j\u00e1 implantado e em pleno funcionamento. Do Humait\u00e1 Not\u00edcias.<\/p>\n","protected":false},"author":1,"featured_media":0,"comment_status":"open","ping_status":"open","sticky":false,"template":"","format":"standard","meta":{"site-container-style":"default","site-container-layout":"default","site-sidebar-layout":"default","disable-article-header":"default","disable-site-header":"default","disable-site-footer":"default","disable-content-area-spacing":"default","footnotes":""},"categories":[4],"tags":[],"class_list":["post-18082","post","type-post","status-publish","format-standard","hentry","category-noticias"],"yoast_head":"<!-- This site is optimized with the Yoast SEO plugin v27.4 - https:\/\/yoast.com\/product\/yoast-seo-wordpress\/ -->\n<title>Humait\u00e1 avan\u00e7a na Educa\u00e7\u00e3o Inclusiva -<\/title>\n<meta name=\"robots\" content=\"index, follow, max-snippet:-1, max-image-preview:large, max-video-preview:-1\" \/>\n<link rel=\"canonical\" href=\"https:\/\/inclusivenews.com.br\/?p=18082\" \/>\n<meta property=\"og:locale\" content=\"pt_PT\" \/>\n<meta property=\"og:type\" content=\"article\" \/>\n<meta property=\"og:title\" content=\"Humait\u00e1 avan\u00e7a na Educa\u00e7\u00e3o Inclusiva -\" \/>\n<meta property=\"og:description\" content=\"Um dos poucos munic\u00edpios do Amazonas a se comprometer de fato com a chamada Educa\u00e7\u00e3o Inclusiva, Humait\u00e1 d\u00e1 passos importantes para o fortalecimento do Programa, j\u00e1 implantado e em pleno funcionamento. Do Humait\u00e1 Not\u00edcias.\" \/>\n<meta property=\"og:url\" content=\"https:\/\/inclusivenews.com.br\/?p=18082\" \/>\n<meta property=\"article:publisher\" content=\"https:\/\/www.facebook.com\/agenciainclusive\/\" \/>\n<meta property=\"article:published_time\" content=\"2010-12-02T06:11:27+00:00\" \/>\n<meta property=\"og:image\" content=\"http:\/\/www.humaitanoticias.com.br\/Arquivo\/FotosNoticias\/ImgNot_1513.jpg\" \/>\n<meta name=\"author\" content=\"inclusivenews2024\" \/>\n<meta name=\"twitter:card\" content=\"summary_large_image\" \/>\n<meta name=\"twitter:label1\" content=\"Escrito por\" \/>\n\t<meta name=\"twitter:data1\" content=\"inclusivenews2024\" \/>\n\t<meta name=\"twitter:label2\" content=\"Tempo estimado de leitura\" \/>\n\t<meta name=\"twitter:data2\" content=\"2 minutos\" \/>\n<script type=\"application\/ld+json\" class=\"yoast-schema-graph\">{\"@context\":\"https:\\\/\\\/schema.org\",\"@graph\":[{\"@type\":\"Article\",\"@id\":\"https:\\\/\\\/inclusivenews.com.br\\\/?p=18082#article\",\"isPartOf\":{\"@id\":\"https:\\\/\\\/inclusivenews.com.br\\\/?p=18082\"},\"author\":{\"name\":\"inclusivenews2024\",\"@id\":\"https:\\\/\\\/inclusivenews.com.br\\\/#\\\/schema\\\/person\\\/ae4ec7087559b8692fb33b6fffd2273b\"},\"headline\":\"Humait\u00e1 avan\u00e7a na Educa\u00e7\u00e3o Inclusiva\",\"datePublished\":\"2010-12-02T06:11:27+00:00\",\"mainEntityOfPage\":{\"@id\":\"https:\\\/\\\/inclusivenews.com.br\\\/?p=18082\"},\"wordCount\":362,\"commentCount\":1,\"publisher\":{\"@id\":\"https:\\\/\\\/inclusivenews.com.br\\\/#organization\"},\"image\":{\"@id\":\"https:\\\/\\\/inclusivenews.com.br\\\/?p=18082#primaryimage\"},\"thumbnailUrl\":\"http:\\\/\\\/www.humaitanoticias.com.br\\\/Arquivo\\\/FotosNoticias\\\/ImgNot_1513.jpg\",\"articleSection\":[\"NOT\u00cdCIAS\"],\"inLanguage\":\"pt-PT\",\"potentialAction\":[{\"@type\":\"CommentAction\",\"name\":\"Comment\",\"target\":[\"https:\\\/\\\/inclusivenews.com.br\\\/?p=18082#respond\"]}]},{\"@type\":\"WebPage\",\"@id\":\"https:\\\/\\\/inclusivenews.com.br\\\/?p=18082\",\"url\":\"https:\\\/\\\/inclusivenews.com.br\\\/?p=18082\",\"name\":\"Humait\u00e1 avan\u00e7a na Educa\u00e7\u00e3o Inclusiva -\",\"isPartOf\":{\"@id\":\"https:\\\/\\\/inclusivenews.com.br\\\/#website\"},\"primaryImageOfPage\":{\"@id\":\"https:\\\/\\\/inclusivenews.com.br\\\/?p=18082#primaryimage\"},\"image\":{\"@id\":\"https:\\\/\\\/inclusivenews.com.br\\\/?p=18082#primaryimage\"},\"thumbnailUrl\":\"http:\\\/\\\/www.humaitanoticias.com.br\\\/Arquivo\\\/FotosNoticias\\\/ImgNot_1513.jpg\",\"datePublished\":\"2010-12-02T06:11:27+00:00\",\"breadcrumb\":{\"@id\":\"https:\\\/\\\/inclusivenews.com.br\\\/?p=18082#breadcrumb\"},\"inLanguage\":\"pt-PT\",\"potentialAction\":[{\"@type\":\"ReadAction\",\"target\":[\"https:\\\/\\\/inclusivenews.com.br\\\/?p=18082\"]}]},{\"@type\":\"ImageObject\",\"inLanguage\":\"pt-PT\",\"@id\":\"https:\\\/\\\/inclusivenews.com.br\\\/?p=18082#primaryimage\",\"url\":\"http:\\\/\\\/www.humaitanoticias.com.br\\\/Arquivo\\\/FotosNoticias\\\/ImgNot_1513.jpg\",\"contentUrl\":\"http:\\\/\\\/www.humaitanoticias.com.br\\\/Arquivo\\\/FotosNoticias\\\/ImgNot_1513.jpg\"},{\"@type\":\"BreadcrumbList\",\"@id\":\"https:\\\/\\\/inclusivenews.com.br\\\/?p=18082#breadcrumb\",\"itemListElement\":[{\"@type\":\"ListItem\",\"position\":1,\"name\":\"In\u00edcio\",\"item\":\"https:\\\/\\\/inclusivenews.com.br\\\/\"},{\"@type\":\"ListItem\",\"position\":2,\"name\":\"Humait\u00e1 avan\u00e7a na Educa\u00e7\u00e3o Inclusiva\"}]},{\"@type\":\"WebSite\",\"@id\":\"https:\\\/\\\/inclusivenews.com.br\\\/#website\",\"url\":\"https:\\\/\\\/inclusivenews.com.br\\\/\",\"name\":\"Inclusive News\",\"description\":\"Inclusive News\",\"publisher\":{\"@id\":\"https:\\\/\\\/inclusivenews.com.br\\\/#organization\"},\"potentialAction\":[{\"@type\":\"SearchAction\",\"target\":{\"@type\":\"EntryPoint\",\"urlTemplate\":\"https:\\\/\\\/inclusivenews.com.br\\\/?s={search_term_string}\"},\"query-input\":{\"@type\":\"PropertyValueSpecification\",\"valueRequired\":true,\"valueName\":\"search_term_string\"}}],\"inLanguage\":\"pt-PT\"},{\"@type\":\"Organization\",\"@id\":\"https:\\\/\\\/inclusivenews.com.br\\\/#organization\",\"name\":\"Inclusive - inclus\u00e3o e cidadania\",\"url\":\"https:\\\/\\\/inclusivenews.com.br\\\/\",\"logo\":{\"@type\":\"ImageObject\",\"inLanguage\":\"pt-PT\",\"@id\":\"https:\\\/\\\/inclusivenews.com.br\\\/#\\\/schema\\\/logo\\\/image\\\/\",\"url\":\"https:\\\/\\\/inclusivenews.com.br\\\/wp-content\\\/uploads\\\/2024\\\/03\\\/@grandesite.png\",\"contentUrl\":\"https:\\\/\\\/inclusivenews.com.br\\\/wp-content\\\/uploads\\\/2024\\\/03\\\/@grandesite.png\",\"width\":1080,\"height\":1080,\"caption\":\"Inclusive - inclus\u00e3o e cidadania\"},\"image\":{\"@id\":\"https:\\\/\\\/inclusivenews.com.br\\\/#\\\/schema\\\/logo\\\/image\\\/\"},\"sameAs\":[\"https:\\\/\\\/www.facebook.com\\\/agenciainclusive\\\/\",\"https:\\\/\\\/www.instagram.com\\\/newsinclusive\\\/\"]},{\"@type\":\"Person\",\"@id\":\"https:\\\/\\\/inclusivenews.com.br\\\/#\\\/schema\\\/person\\\/ae4ec7087559b8692fb33b6fffd2273b\",\"name\":\"inclusivenews2024\",\"image\":{\"@type\":\"ImageObject\",\"inLanguage\":\"pt-PT\",\"@id\":\"https:\\\/\\\/secure.gravatar.com\\\/avatar\\\/c5a7ef84c66fa914f55bc4f7ce26cfa275a3b9a1c5568b907bd184fb4dde7b40?s=96&d=mm&r=g\",\"url\":\"https:\\\/\\\/secure.gravatar.com\\\/avatar\\\/c5a7ef84c66fa914f55bc4f7ce26cfa275a3b9a1c5568b907bd184fb4dde7b40?s=96&d=mm&r=g\",\"contentUrl\":\"https:\\\/\\\/secure.gravatar.com\\\/avatar\\\/c5a7ef84c66fa914f55bc4f7ce26cfa275a3b9a1c5568b907bd184fb4dde7b40?s=96&d=mm&r=g\",\"caption\":\"inclusivenews2024\"},\"sameAs\":[\"https:\\\/\\\/inclusivenews.com.br\"],\"url\":\"https:\\\/\\\/inclusivenews.com.br\\\/?author=1\"}]}<\/script>\n<!-- \/ Yoast SEO plugin. -->","yoast_head_json":{"title":"Humait\u00e1 avan\u00e7a na Educa\u00e7\u00e3o Inclusiva -","robots":{"index":"index","follow":"follow","max-snippet":"max-snippet:-1","max-image-preview":"max-image-preview:large","max-video-preview":"max-video-preview:-1"},"canonical":"https:\/\/inclusivenews.com.br\/?p=18082","og_locale":"pt_PT","og_type":"article","og_title":"Humait\u00e1 avan\u00e7a na Educa\u00e7\u00e3o Inclusiva -","og_description":"Um dos poucos munic\u00edpios do Amazonas a se comprometer de fato com a chamada Educa\u00e7\u00e3o Inclusiva, Humait\u00e1 d\u00e1 passos importantes para o fortalecimento do Programa, j\u00e1 implantado e em pleno funcionamento. Do Humait\u00e1 Not\u00edcias.","og_url":"https:\/\/inclusivenews.com.br\/?p=18082","article_publisher":"https:\/\/www.facebook.com\/agenciainclusive\/","article_published_time":"2010-12-02T06:11:27+00:00","og_image":[{"url":"http:\/\/www.humaitanoticias.com.br\/Arquivo\/FotosNoticias\/ImgNot_1513.jpg","type":"","width":"","height":""}],"author":"inclusivenews2024","twitter_card":"summary_large_image","twitter_misc":{"Escrito por":"inclusivenews2024","Tempo estimado de leitura":"2 minutos"},"schema":{"@context":"https:\/\/schema.org","@graph":[{"@type":"Article","@id":"https:\/\/inclusivenews.com.br\/?p=18082#article","isPartOf":{"@id":"https:\/\/inclusivenews.com.br\/?p=18082"},"author":{"name":"inclusivenews2024","@id":"https:\/\/inclusivenews.com.br\/#\/schema\/person\/ae4ec7087559b8692fb33b6fffd2273b"},"headline":"Humait\u00e1 avan\u00e7a na Educa\u00e7\u00e3o Inclusiva","datePublished":"2010-12-02T06:11:27+00:00","mainEntityOfPage":{"@id":"https:\/\/inclusivenews.com.br\/?p=18082"},"wordCount":362,"commentCount":1,"publisher":{"@id":"https:\/\/inclusivenews.com.br\/#organization"},"image":{"@id":"https:\/\/inclusivenews.com.br\/?p=18082#primaryimage"},"thumbnailUrl":"http:\/\/www.humaitanoticias.com.br\/Arquivo\/FotosNoticias\/ImgNot_1513.jpg","articleSection":["NOT\u00cdCIAS"],"inLanguage":"pt-PT","potentialAction":[{"@type":"CommentAction","name":"Comment","target":["https:\/\/inclusivenews.com.br\/?p=18082#respond"]}]},{"@type":"WebPage","@id":"https:\/\/inclusivenews.com.br\/?p=18082","url":"https:\/\/inclusivenews.com.br\/?p=18082","name":"Humait\u00e1 avan\u00e7a na Educa\u00e7\u00e3o Inclusiva -","isPartOf":{"@id":"https:\/\/inclusivenews.com.br\/#website"},"primaryImageOfPage":{"@id":"https:\/\/inclusivenews.com.br\/?p=18082#primaryimage"},"image":{"@id":"https:\/\/inclusivenews.com.br\/?p=18082#primaryimage"},"thumbnailUrl":"http:\/\/www.humaitanoticias.com.br\/Arquivo\/FotosNoticias\/ImgNot_1513.jpg","datePublished":"2010-12-02T06:11:27+00:00","breadcrumb":{"@id":"https:\/\/inclusivenews.com.br\/?p=18082#breadcrumb"},"inLanguage":"pt-PT","potentialAction":[{"@type":"ReadAction","target":["https:\/\/inclusivenews.com.br\/?p=18082"]}]},{"@type":"ImageObject","inLanguage":"pt-PT","@id":"https:\/\/inclusivenews.com.br\/?p=18082#primaryimage","url":"http:\/\/www.humaitanoticias.com.br\/Arquivo\/FotosNoticias\/ImgNot_1513.jpg","contentUrl":"http:\/\/www.humaitanoticias.com.br\/Arquivo\/FotosNoticias\/ImgNot_1513.jpg"},{"@type":"BreadcrumbList","@id":"https:\/\/inclusivenews.com.br\/?p=18082#breadcrumb","itemListElement":[{"@type":"ListItem","position":1,"name":"In\u00edcio","item":"https:\/\/inclusivenews.com.br\/"},{"@type":"ListItem","position":2,"name":"Humait\u00e1 avan\u00e7a na Educa\u00e7\u00e3o Inclusiva"}]},{"@type":"WebSite","@id":"https:\/\/inclusivenews.com.br\/#website","url":"https:\/\/inclusivenews.com.br\/","name":"Inclusive News","description":"Inclusive News","publisher":{"@id":"https:\/\/inclusivenews.com.br\/#organization"},"potentialAction":[{"@type":"SearchAction","target":{"@type":"EntryPoint","urlTemplate":"https:\/\/inclusivenews.com.br\/?s={search_term_string}"},"query-input":{"@type":"PropertyValueSpecification","valueRequired":true,"valueName":"search_term_string"}}],"inLanguage":"pt-PT"},{"@type":"Organization","@id":"https:\/\/inclusivenews.com.br\/#organization","name":"Inclusive - inclus\u00e3o e cidadania","url":"https:\/\/inclusivenews.com.br\/","logo":{"@type":"ImageObject","inLanguage":"pt-PT","@id":"https:\/\/inclusivenews.com.br\/#\/schema\/logo\/image\/","url":"https:\/\/inclusivenews.com.br\/wp-content\/uploads\/2024\/03\/@grandesite.png","contentUrl":"https:\/\/inclusivenews.com.br\/wp-content\/uploads\/2024\/03\/@grandesite.png","width":1080,"height":1080,"caption":"Inclusive - inclus\u00e3o e cidadania"},"image":{"@id":"https:\/\/inclusivenews.com.br\/#\/schema\/logo\/image\/"},"sameAs":["https:\/\/www.facebook.com\/agenciainclusive\/","https:\/\/www.instagram.com\/newsinclusive\/"]},{"@type":"Person","@id":"https:\/\/inclusivenews.com.br\/#\/schema\/person\/ae4ec7087559b8692fb33b6fffd2273b","name":"inclusivenews2024","image":{"@type":"ImageObject","inLanguage":"pt-PT","@id":"https:\/\/secure.gravatar.com\/avatar\/c5a7ef84c66fa914f55bc4f7ce26cfa275a3b9a1c5568b907bd184fb4dde7b40?s=96&d=mm&r=g","url":"https:\/\/secure.gravatar.com\/avatar\/c5a7ef84c66fa914f55bc4f7ce26cfa275a3b9a1c5568b907bd184fb4dde7b40?s=96&d=mm&r=g","contentUrl":"https:\/\/secure.gravatar.com\/avatar\/c5a7ef84c66fa914f55bc4f7ce26cfa275a3b9a1c5568b907bd184fb4dde7b40?s=96&d=mm&r=g","caption":"inclusivenews2024"},"sameAs":["https:\/\/inclusivenews.com.br"],"url":"https:\/\/inclusivenews.com.br\/?author=1"}]}},"_links":{"self":[{"href":"https:\/\/inclusivenews.com.br\/index.php?rest_route=\/wp\/v2\/posts\/18082","targetHints":{"allow":["GET"]}}],"collection":[{"href":"https:\/\/inclusivenews.com.br\/index.php?rest_route=\/wp\/v2\/posts"}],"about":[{"href":"https:\/\/inclusivenews.com.br\/index.php?rest_route=\/wp\/v2\/types\/post"}],"author":[{"embeddable":true,"href":"https:\/\/inclusivenews.com.br\/index.php?rest_route=\/wp\/v2\/users\/1"}],"replies":[{"embeddable":true,"href":"https:\/\/inclusivenews.com.br\/index.php?rest_route=%2Fwp%2Fv2%2Fcomments&post=18082"}],"version-history":[{"count":0,"href":"https:\/\/inclusivenews.com.br\/index.php?rest_route=\/wp\/v2\/posts\/18082\/revisions"}],"wp:attachment":[{"href":"https:\/\/inclusivenews.com.br\/index.php?rest_route=%2Fwp%2Fv2%2Fmedia&parent=18082"}],"wp:term":[{"taxonomy":"category","embeddable":true,"href":"https:\/\/inclusivenews.com.br\/index.php?rest_route=%2Fwp%2Fv2%2Fcategories&post=18082"},{"taxonomy":"post_tag","embeddable":true,"href":"https:\/\/inclusivenews.com.br\/index.php?rest_route=%2Fwp%2Fv2%2Ftags&post=18082"}],"curies":[{"name":"wp","href":"https:\/\/api.w.org\/{rel}","templated":true}]}}