{"id":18083,"date":"2010-12-02T03:03:29","date_gmt":"2010-12-02T06:03:29","guid":{"rendered":"http:\/\/www.inclusive.org.br\/?p=18083"},"modified":"2010-12-02T03:03:29","modified_gmt":"2010-12-02T06:03:29","slug":"sofrimento-e-exclusao-sobre-os-impulsos-criticos-da-teoria-do-reconhecimento","status":"publish","type":"post","link":"https:\/\/inclusivenews.com.br\/?p=18083","title":{"rendered":"Sofrimento e exclus\u00e3o: sobre os impulsos cr\u00edticos da teoria do reconhecimento"},"content":{"rendered":"<figure style=\"width: 184px\" class=\"wp-caption alignleft\"><img loading=\"lazy\" decoding=\"async\" class=\"  \" title=\"Um boneco de papel exlcu\u00eddo de um c\u00edrculo de bonecos de papel\" src=\"http:\/\/stc.comuv.com\/wp-content\/uploads\/2009\/04\/exclusao.jpg\" alt=\"Um boneco de papel exlcu\u00eddo de um c\u00edrculo de bonecos de papel\" width=\"184\" height=\"240\" \/><figcaption class=\"wp-caption-text\"> <\/figcaption><\/figure>\n<p>Sofrimento e exclus\u00e3o: sobre os impulsos cr\u00edticos da teoria do reconhecimento, por Michele Salonia. Porto Alegre, Civitas &#8211; Revista de Ci\u00eancias Sociais, vol. 8, no. 1, 2008. p. 125-136<\/p>\n<p><a href=\"http:\/\/revistaseletronicas.pucrs.br\/ojs\/index.php\/civitas\/article\/view\/4325\/3267\">Link para download.<\/a><\/p>\n<p><strong>RESUMO\/ABSTRACT<\/strong><\/p>\n<p>O texto constata a presen\u00e7a continuada de experi\u00eancias negativas como mis\u00e9ria, reifica\u00e7\u00e3o, vidas danificadas, o n\u00e3o-id\u00eanito e desrespeito no centro da teoria cr\u00edtica como formas originais do interesse emancipat\u00f3rio, e coloca a pergunta, se elas s\u00e3o um correlato inevit\u00e1vel da vida social. Se assim fosse, super\u00e1-las significaria romper os la\u00e7os sociais. O argumento do autor no texto \u00e9 que a teoria do reconhecimento de Axel Honneth, ao contr\u00e1rio, n\u00e3o apenas consegue conectar estreitamente a experi\u00eancia pessoal com rela\u00e7\u00f5es sociais, a auto-realiza\u00e7\u00e3o individual com o estreitamento dos la\u00e7os sociais, mas interpretar experi\u00eancias negativas como d\u00e9ficit de inclus\u00e3o social e expor como sentimentos de injusti\u00e7a podem se tornar impulsos para a revitaliza\u00e7\u00e3o da inclus\u00e3o social.<\/p>\n","protected":false},"excerpt":{"rendered":"<p>O argumento do autor no texto \u00e9 que a teoria do reconhecimento de Axel Honneth, ao contr\u00e1rio, n\u00e3o apenas consegue conectar estreitamente a experi\u00eancia pessoal com rela\u00e7\u00f5es sociais, a auto-realiza\u00e7\u00e3o individual com o estreitamento dos la\u00e7os sociais, mas interpretar experi\u00eancias negativas como d\u00e9ficit de inclus\u00e3o social e expor como sentimentos de injusti\u00e7a podem se tornar impulsos para a revitaliza\u00e7\u00e3o da inclus\u00e3o social. (Produ\u00e7\u00e3o acad\u00eamica)<\/p>\n","protected":false},"author":1,"featured_media":0,"comment_status":"open","ping_status":"open","sticky":false,"template":"","format":"standard","meta":{"site-container-style":"default","site-container-layout":"default","site-sidebar-layout":"default","disable-article-header":"default","disable-site-header":"default","disable-site-footer":"default","disable-content-area-spacing":"default","footnotes":""},"categories":[24],"tags":[],"class_list":["post-18083","post","type-post","status-publish","format-standard","hentry","category-producao-academica"],"yoast_head":"<!-- This site is optimized with the Yoast SEO plugin v27.4 - https:\/\/yoast.com\/product\/yoast-seo-wordpress\/ -->\n<title>Sofrimento e exclus\u00e3o: sobre os impulsos cr\u00edticos da teoria do reconhecimento -<\/title>\n<meta name=\"robots\" content=\"index, follow, max-snippet:-1, max-image-preview:large, max-video-preview:-1\" \/>\n<link rel=\"canonical\" href=\"https:\/\/inclusivenews.com.br\/?p=18083\" \/>\n<meta property=\"og:locale\" content=\"pt_PT\" \/>\n<meta property=\"og:type\" content=\"article\" \/>\n<meta property=\"og:title\" content=\"Sofrimento e exclus\u00e3o: sobre os impulsos cr\u00edticos da teoria do reconhecimento -\" \/>\n<meta property=\"og:description\" content=\"O argumento do autor no texto \u00e9 que a teoria do reconhecimento de Axel Honneth, ao contr\u00e1rio, n\u00e3o apenas consegue conectar estreitamente a experi\u00eancia pessoal com rela\u00e7\u00f5es sociais, a auto-realiza\u00e7\u00e3o individual com o estreitamento dos la\u00e7os sociais, mas interpretar experi\u00eancias negativas como d\u00e9ficit de inclus\u00e3o social e expor como sentimentos de injusti\u00e7a podem se tornar impulsos para a revitaliza\u00e7\u00e3o da inclus\u00e3o social. (Produ\u00e7\u00e3o acad\u00eamica)\" \/>\n<meta property=\"og:url\" content=\"https:\/\/inclusivenews.com.br\/?p=18083\" \/>\n<meta property=\"article:publisher\" content=\"https:\/\/www.facebook.com\/agenciainclusive\/\" \/>\n<meta property=\"article:published_time\" content=\"2010-12-02T06:03:29+00:00\" \/>\n<meta property=\"og:image\" content=\"http:\/\/stc.comuv.com\/wp-content\/uploads\/2009\/04\/exclusao.jpg\" \/>\n<meta name=\"author\" content=\"inclusivenews2024\" \/>\n<meta name=\"twitter:card\" content=\"summary_large_image\" \/>\n<meta name=\"twitter:label1\" content=\"Escrito por\" \/>\n\t<meta name=\"twitter:data1\" content=\"inclusivenews2024\" \/>\n\t<meta name=\"twitter:label2\" content=\"Tempo estimado de leitura\" \/>\n\t<meta name=\"twitter:data2\" content=\"1 minuto\" \/>\n<script type=\"application\/ld+json\" class=\"yoast-schema-graph\">{\"@context\":\"https:\\\/\\\/schema.org\",\"@graph\":[{\"@type\":\"Article\",\"@id\":\"https:\\\/\\\/inclusivenews.com.br\\\/?p=18083#article\",\"isPartOf\":{\"@id\":\"https:\\\/\\\/inclusivenews.com.br\\\/?p=18083\"},\"author\":{\"name\":\"inclusivenews2024\",\"@id\":\"https:\\\/\\\/inclusivenews.com.br\\\/#\\\/schema\\\/person\\\/ae4ec7087559b8692fb33b6fffd2273b\"},\"headline\":\"Sofrimento e exclus\u00e3o: sobre os impulsos cr\u00edticos da teoria do reconhecimento\",\"datePublished\":\"2010-12-02T06:03:29+00:00\",\"mainEntityOfPage\":{\"@id\":\"https:\\\/\\\/inclusivenews.com.br\\\/?p=18083\"},\"wordCount\":190,\"commentCount\":0,\"publisher\":{\"@id\":\"https:\\\/\\\/inclusivenews.com.br\\\/#organization\"},\"image\":{\"@id\":\"https:\\\/\\\/inclusivenews.com.br\\\/?p=18083#primaryimage\"},\"thumbnailUrl\":\"http:\\\/\\\/stc.comuv.com\\\/wp-content\\\/uploads\\\/2009\\\/04\\\/exclusao.jpg\",\"articleSection\":[\"Produ\u00e7\u00e3o acad\u00eamica\"],\"inLanguage\":\"pt-PT\",\"potentialAction\":[{\"@type\":\"CommentAction\",\"name\":\"Comment\",\"target\":[\"https:\\\/\\\/inclusivenews.com.br\\\/?p=18083#respond\"]}]},{\"@type\":\"WebPage\",\"@id\":\"https:\\\/\\\/inclusivenews.com.br\\\/?p=18083\",\"url\":\"https:\\\/\\\/inclusivenews.com.br\\\/?p=18083\",\"name\":\"Sofrimento e exclus\u00e3o: sobre os impulsos cr\u00edticos da teoria do reconhecimento -\",\"isPartOf\":{\"@id\":\"https:\\\/\\\/inclusivenews.com.br\\\/#website\"},\"primaryImageOfPage\":{\"@id\":\"https:\\\/\\\/inclusivenews.com.br\\\/?p=18083#primaryimage\"},\"image\":{\"@id\":\"https:\\\/\\\/inclusivenews.com.br\\\/?p=18083#primaryimage\"},\"thumbnailUrl\":\"http:\\\/\\\/stc.comuv.com\\\/wp-content\\\/uploads\\\/2009\\\/04\\\/exclusao.jpg\",\"datePublished\":\"2010-12-02T06:03:29+00:00\",\"breadcrumb\":{\"@id\":\"https:\\\/\\\/inclusivenews.com.br\\\/?p=18083#breadcrumb\"},\"inLanguage\":\"pt-PT\",\"potentialAction\":[{\"@type\":\"ReadAction\",\"target\":[\"https:\\\/\\\/inclusivenews.com.br\\\/?p=18083\"]}]},{\"@type\":\"ImageObject\",\"inLanguage\":\"pt-PT\",\"@id\":\"https:\\\/\\\/inclusivenews.com.br\\\/?p=18083#primaryimage\",\"url\":\"http:\\\/\\\/stc.comuv.com\\\/wp-content\\\/uploads\\\/2009\\\/04\\\/exclusao.jpg\",\"contentUrl\":\"http:\\\/\\\/stc.comuv.com\\\/wp-content\\\/uploads\\\/2009\\\/04\\\/exclusao.jpg\"},{\"@type\":\"BreadcrumbList\",\"@id\":\"https:\\\/\\\/inclusivenews.com.br\\\/?p=18083#breadcrumb\",\"itemListElement\":[{\"@type\":\"ListItem\",\"position\":1,\"name\":\"In\u00edcio\",\"item\":\"https:\\\/\\\/inclusivenews.com.br\\\/\"},{\"@type\":\"ListItem\",\"position\":2,\"name\":\"Sofrimento e exclus\u00e3o: sobre os impulsos cr\u00edticos da teoria do reconhecimento\"}]},{\"@type\":\"WebSite\",\"@id\":\"https:\\\/\\\/inclusivenews.com.br\\\/#website\",\"url\":\"https:\\\/\\\/inclusivenews.com.br\\\/\",\"name\":\"Inclusive News\",\"description\":\"Inclusive News\",\"publisher\":{\"@id\":\"https:\\\/\\\/inclusivenews.com.br\\\/#organization\"},\"potentialAction\":[{\"@type\":\"SearchAction\",\"target\":{\"@type\":\"EntryPoint\",\"urlTemplate\":\"https:\\\/\\\/inclusivenews.com.br\\\/?s={search_term_string}\"},\"query-input\":{\"@type\":\"PropertyValueSpecification\",\"valueRequired\":true,\"valueName\":\"search_term_string\"}}],\"inLanguage\":\"pt-PT\"},{\"@type\":\"Organization\",\"@id\":\"https:\\\/\\\/inclusivenews.com.br\\\/#organization\",\"name\":\"Inclusive - inclus\u00e3o e cidadania\",\"url\":\"https:\\\/\\\/inclusivenews.com.br\\\/\",\"logo\":{\"@type\":\"ImageObject\",\"inLanguage\":\"pt-PT\",\"@id\":\"https:\\\/\\\/inclusivenews.com.br\\\/#\\\/schema\\\/logo\\\/image\\\/\",\"url\":\"https:\\\/\\\/inclusivenews.com.br\\\/wp-content\\\/uploads\\\/2024\\\/03\\\/@grandesite.png\",\"contentUrl\":\"https:\\\/\\\/inclusivenews.com.br\\\/wp-content\\\/uploads\\\/2024\\\/03\\\/@grandesite.png\",\"width\":1080,\"height\":1080,\"caption\":\"Inclusive - inclus\u00e3o e cidadania\"},\"image\":{\"@id\":\"https:\\\/\\\/inclusivenews.com.br\\\/#\\\/schema\\\/logo\\\/image\\\/\"},\"sameAs\":[\"https:\\\/\\\/www.facebook.com\\\/agenciainclusive\\\/\",\"https:\\\/\\\/www.instagram.com\\\/newsinclusive\\\/\"]},{\"@type\":\"Person\",\"@id\":\"https:\\\/\\\/inclusivenews.com.br\\\/#\\\/schema\\\/person\\\/ae4ec7087559b8692fb33b6fffd2273b\",\"name\":\"inclusivenews2024\",\"image\":{\"@type\":\"ImageObject\",\"inLanguage\":\"pt-PT\",\"@id\":\"https:\\\/\\\/secure.gravatar.com\\\/avatar\\\/c5a7ef84c66fa914f55bc4f7ce26cfa275a3b9a1c5568b907bd184fb4dde7b40?s=96&d=mm&r=g\",\"url\":\"https:\\\/\\\/secure.gravatar.com\\\/avatar\\\/c5a7ef84c66fa914f55bc4f7ce26cfa275a3b9a1c5568b907bd184fb4dde7b40?s=96&d=mm&r=g\",\"contentUrl\":\"https:\\\/\\\/secure.gravatar.com\\\/avatar\\\/c5a7ef84c66fa914f55bc4f7ce26cfa275a3b9a1c5568b907bd184fb4dde7b40?s=96&d=mm&r=g\",\"caption\":\"inclusivenews2024\"},\"sameAs\":[\"https:\\\/\\\/inclusivenews.com.br\"],\"url\":\"https:\\\/\\\/inclusivenews.com.br\\\/?author=1\"}]}<\/script>\n<!-- \/ Yoast SEO plugin. -->","yoast_head_json":{"title":"Sofrimento e exclus\u00e3o: sobre os impulsos cr\u00edticos da teoria do reconhecimento -","robots":{"index":"index","follow":"follow","max-snippet":"max-snippet:-1","max-image-preview":"max-image-preview:large","max-video-preview":"max-video-preview:-1"},"canonical":"https:\/\/inclusivenews.com.br\/?p=18083","og_locale":"pt_PT","og_type":"article","og_title":"Sofrimento e exclus\u00e3o: sobre os impulsos cr\u00edticos da teoria do reconhecimento -","og_description":"O argumento do autor no texto \u00e9 que a teoria do reconhecimento de Axel Honneth, ao contr\u00e1rio, n\u00e3o apenas consegue conectar estreitamente a experi\u00eancia pessoal com rela\u00e7\u00f5es sociais, a auto-realiza\u00e7\u00e3o individual com o estreitamento dos la\u00e7os sociais, mas interpretar experi\u00eancias negativas como d\u00e9ficit de inclus\u00e3o social e expor como sentimentos de injusti\u00e7a podem se tornar impulsos para a revitaliza\u00e7\u00e3o da inclus\u00e3o social. (Produ\u00e7\u00e3o acad\u00eamica)","og_url":"https:\/\/inclusivenews.com.br\/?p=18083","article_publisher":"https:\/\/www.facebook.com\/agenciainclusive\/","article_published_time":"2010-12-02T06:03:29+00:00","og_image":[{"url":"http:\/\/stc.comuv.com\/wp-content\/uploads\/2009\/04\/exclusao.jpg","type":"","width":"","height":""}],"author":"inclusivenews2024","twitter_card":"summary_large_image","twitter_misc":{"Escrito por":"inclusivenews2024","Tempo estimado de leitura":"1 minuto"},"schema":{"@context":"https:\/\/schema.org","@graph":[{"@type":"Article","@id":"https:\/\/inclusivenews.com.br\/?p=18083#article","isPartOf":{"@id":"https:\/\/inclusivenews.com.br\/?p=18083"},"author":{"name":"inclusivenews2024","@id":"https:\/\/inclusivenews.com.br\/#\/schema\/person\/ae4ec7087559b8692fb33b6fffd2273b"},"headline":"Sofrimento e exclus\u00e3o: sobre os impulsos cr\u00edticos da teoria do reconhecimento","datePublished":"2010-12-02T06:03:29+00:00","mainEntityOfPage":{"@id":"https:\/\/inclusivenews.com.br\/?p=18083"},"wordCount":190,"commentCount":0,"publisher":{"@id":"https:\/\/inclusivenews.com.br\/#organization"},"image":{"@id":"https:\/\/inclusivenews.com.br\/?p=18083#primaryimage"},"thumbnailUrl":"http:\/\/stc.comuv.com\/wp-content\/uploads\/2009\/04\/exclusao.jpg","articleSection":["Produ\u00e7\u00e3o acad\u00eamica"],"inLanguage":"pt-PT","potentialAction":[{"@type":"CommentAction","name":"Comment","target":["https:\/\/inclusivenews.com.br\/?p=18083#respond"]}]},{"@type":"WebPage","@id":"https:\/\/inclusivenews.com.br\/?p=18083","url":"https:\/\/inclusivenews.com.br\/?p=18083","name":"Sofrimento e exclus\u00e3o: sobre os impulsos cr\u00edticos da teoria do reconhecimento -","isPartOf":{"@id":"https:\/\/inclusivenews.com.br\/#website"},"primaryImageOfPage":{"@id":"https:\/\/inclusivenews.com.br\/?p=18083#primaryimage"},"image":{"@id":"https:\/\/inclusivenews.com.br\/?p=18083#primaryimage"},"thumbnailUrl":"http:\/\/stc.comuv.com\/wp-content\/uploads\/2009\/04\/exclusao.jpg","datePublished":"2010-12-02T06:03:29+00:00","breadcrumb":{"@id":"https:\/\/inclusivenews.com.br\/?p=18083#breadcrumb"},"inLanguage":"pt-PT","potentialAction":[{"@type":"ReadAction","target":["https:\/\/inclusivenews.com.br\/?p=18083"]}]},{"@type":"ImageObject","inLanguage":"pt-PT","@id":"https:\/\/inclusivenews.com.br\/?p=18083#primaryimage","url":"http:\/\/stc.comuv.com\/wp-content\/uploads\/2009\/04\/exclusao.jpg","contentUrl":"http:\/\/stc.comuv.com\/wp-content\/uploads\/2009\/04\/exclusao.jpg"},{"@type":"BreadcrumbList","@id":"https:\/\/inclusivenews.com.br\/?p=18083#breadcrumb","itemListElement":[{"@type":"ListItem","position":1,"name":"In\u00edcio","item":"https:\/\/inclusivenews.com.br\/"},{"@type":"ListItem","position":2,"name":"Sofrimento e exclus\u00e3o: sobre os impulsos cr\u00edticos da teoria do reconhecimento"}]},{"@type":"WebSite","@id":"https:\/\/inclusivenews.com.br\/#website","url":"https:\/\/inclusivenews.com.br\/","name":"Inclusive News","description":"Inclusive News","publisher":{"@id":"https:\/\/inclusivenews.com.br\/#organization"},"potentialAction":[{"@type":"SearchAction","target":{"@type":"EntryPoint","urlTemplate":"https:\/\/inclusivenews.com.br\/?s={search_term_string}"},"query-input":{"@type":"PropertyValueSpecification","valueRequired":true,"valueName":"search_term_string"}}],"inLanguage":"pt-PT"},{"@type":"Organization","@id":"https:\/\/inclusivenews.com.br\/#organization","name":"Inclusive - inclus\u00e3o e cidadania","url":"https:\/\/inclusivenews.com.br\/","logo":{"@type":"ImageObject","inLanguage":"pt-PT","@id":"https:\/\/inclusivenews.com.br\/#\/schema\/logo\/image\/","url":"https:\/\/inclusivenews.com.br\/wp-content\/uploads\/2024\/03\/@grandesite.png","contentUrl":"https:\/\/inclusivenews.com.br\/wp-content\/uploads\/2024\/03\/@grandesite.png","width":1080,"height":1080,"caption":"Inclusive - inclus\u00e3o e cidadania"},"image":{"@id":"https:\/\/inclusivenews.com.br\/#\/schema\/logo\/image\/"},"sameAs":["https:\/\/www.facebook.com\/agenciainclusive\/","https:\/\/www.instagram.com\/newsinclusive\/"]},{"@type":"Person","@id":"https:\/\/inclusivenews.com.br\/#\/schema\/person\/ae4ec7087559b8692fb33b6fffd2273b","name":"inclusivenews2024","image":{"@type":"ImageObject","inLanguage":"pt-PT","@id":"https:\/\/secure.gravatar.com\/avatar\/c5a7ef84c66fa914f55bc4f7ce26cfa275a3b9a1c5568b907bd184fb4dde7b40?s=96&d=mm&r=g","url":"https:\/\/secure.gravatar.com\/avatar\/c5a7ef84c66fa914f55bc4f7ce26cfa275a3b9a1c5568b907bd184fb4dde7b40?s=96&d=mm&r=g","contentUrl":"https:\/\/secure.gravatar.com\/avatar\/c5a7ef84c66fa914f55bc4f7ce26cfa275a3b9a1c5568b907bd184fb4dde7b40?s=96&d=mm&r=g","caption":"inclusivenews2024"},"sameAs":["https:\/\/inclusivenews.com.br"],"url":"https:\/\/inclusivenews.com.br\/?author=1"}]}},"_links":{"self":[{"href":"https:\/\/inclusivenews.com.br\/index.php?rest_route=\/wp\/v2\/posts\/18083","targetHints":{"allow":["GET"]}}],"collection":[{"href":"https:\/\/inclusivenews.com.br\/index.php?rest_route=\/wp\/v2\/posts"}],"about":[{"href":"https:\/\/inclusivenews.com.br\/index.php?rest_route=\/wp\/v2\/types\/post"}],"author":[{"embeddable":true,"href":"https:\/\/inclusivenews.com.br\/index.php?rest_route=\/wp\/v2\/users\/1"}],"replies":[{"embeddable":true,"href":"https:\/\/inclusivenews.com.br\/index.php?rest_route=%2Fwp%2Fv2%2Fcomments&post=18083"}],"version-history":[{"count":0,"href":"https:\/\/inclusivenews.com.br\/index.php?rest_route=\/wp\/v2\/posts\/18083\/revisions"}],"wp:attachment":[{"href":"https:\/\/inclusivenews.com.br\/index.php?rest_route=%2Fwp%2Fv2%2Fmedia&parent=18083"}],"wp:term":[{"taxonomy":"category","embeddable":true,"href":"https:\/\/inclusivenews.com.br\/index.php?rest_route=%2Fwp%2Fv2%2Fcategories&post=18083"},{"taxonomy":"post_tag","embeddable":true,"href":"https:\/\/inclusivenews.com.br\/index.php?rest_route=%2Fwp%2Fv2%2Ftags&post=18083"}],"curies":[{"name":"wp","href":"https:\/\/api.w.org\/{rel}","templated":true}]}}