{"id":18084,"date":"2010-12-02T03:04:05","date_gmt":"2010-12-02T06:04:05","guid":{"rendered":"http:\/\/www.inclusive.org.br\/?p=18084"},"modified":"2010-12-02T03:04:05","modified_gmt":"2010-12-02T06:04:05","slug":"duas-perguntas-para-axel-honneth","status":"publish","type":"post","link":"https:\/\/inclusivenews.com.br\/?p=18084","title":{"rendered":"Duas perguntas para Axel Honneth"},"content":{"rendered":"<figure style=\"width: 240px\" class=\"wp-caption alignleft\"><img loading=\"lazy\" decoding=\"async\" title=\"Capa do livro &quot;Luta por reconhecimento&quot;, onde aparece o t\u00edtulo em grafismo em preto e branco\" src=\"http:\/\/img.fnac.com.br\/Imagens\/Produtos\/68\/107689_0_5.jpg\" alt=\"Capa do livro &quot;Luta por reconhecimento&quot;, onde aparece o t\u00edtulo em grafismo em preto e branco\" width=\"240\" height=\"240\" \/><figcaption class=\"wp-caption-text\"> <\/figcaption><\/figure>\n<p>Professor da Universidade de Frankfurt, o fil\u00f3sofo e soci\u00f3logo alem\u00e3o Axel Honneth \u00e9 o atual diretor do <em>Instituto de Pesquisa Social <\/em>(instituto a partir do qual se originou a express\u00e3o \u201cEscola de Frankfurt\u201d). No in\u00edcio de sua carreira universit\u00e1ria, trabalhou como assistente de Habermas (1984 a 1990). Al\u00e9m de ser um dos principais especialistas sobre Teoria Cr\u00edtica, Honneth \u00e9 um dos pensadores mais citados no mundo no \u00e2mbito da filosofia moral contempor\u00e2nea, em particular, nas rela\u00e7\u00f5es entre poder, reconhecimento social e respeito. Pelo car\u00e1ter inovador de suas reflex\u00f5es, \u00e9 considerado atualmente o pensador mais influente da terceira gera\u00e7\u00e3o da \u201cEscola de Frankfurt\u201d. No Brasil, publicou <em>Luta por reconhecimento <\/em>(Ed. 34, 2004) e <em>Sofrimento de indetermina\u00e7\u00e3o <\/em>(Ed. Singular, 2007). Nesta pequena entrevista, Honneth avalia a contribui\u00e7\u00e3o de Habermas para a Teoria Cr\u00edtica e situa sua pr\u00f3pria obra em rela\u00e7\u00e3o ao eixo da teoria habermasiana.<\/p>\n<p><a href=\"http:\/\/revistacult.uol.com.br\/home\/2010\/03\/duas-perguntas-para-axel-honneth\/\" target=\"_blank\" rel=\"noopener\">Leia a entrevista completa na Revista Cult.<\/a><\/p>\n<p><a href=\"http:\/\/www.unisinos.br\/publicacoes_cientificas\/images\/stories\/Publicacoes\/ciencias_sociais_v42n1\/res_carlos_gadea.pdf\" target=\"_blank\" rel=\"noopener\">Leia tamb\u00e9m uma resenha do livro &#8220;Luta por reconhecimento. A gram\u00e1tica moral dos conflitos sociais&#8221;, por Carlos Gadea, da UNISINOS.<\/a><\/p>\n<p><a href=\"http:\/\/compare.buscape.com.br\/luta-por-reconhecimento-a-gramatica-moral-dos-conflitos-sociais-honneth-axel-8573262818.html\" target=\"_blank\" rel=\"noopener\">Cote os pre\u00e7os de &#8220;Luta por reconhecimento. A gram\u00e1tica moral dos conflitos sociais.&#8221; no Buscap\u00e9.<\/a><\/p>\n","protected":false},"excerpt":{"rendered":"<p>Al\u00e9m de ser um dos principais especialistas sobre Teoria Cr\u00edtica, Honneth \u00e9 um dos pensadores mais citados no mundo no \u00e2mbito da filosofia moral contempor\u00e2nea, em particular, nas rela\u00e7\u00f5es entre poder, reconhecimento social e respeito. A entrevista est\u00e1 na Revista Cult.<\/p>\n","protected":false},"author":1,"featured_media":0,"comment_status":"open","ping_status":"open","sticky":false,"template":"","format":"standard","meta":{"site-container-style":"default","site-container-layout":"default","site-sidebar-layout":"default","disable-article-header":"default","disable-site-header":"default","disable-site-footer":"default","disable-content-area-spacing":"default","footnotes":""},"categories":[42],"tags":[157],"class_list":["post-18084","post","type-post","status-publish","format-standard","hentry","category-entrevista","tag-sociedade-reconhecimento"],"yoast_head":"<!-- This site is optimized with the Yoast SEO plugin v27.5 - https:\/\/yoast.com\/product\/yoast-seo-wordpress\/ -->\n<title>Duas perguntas para Axel Honneth -<\/title>\n<meta name=\"robots\" content=\"index, follow, max-snippet:-1, max-image-preview:large, max-video-preview:-1\" \/>\n<link rel=\"canonical\" href=\"https:\/\/inclusivenews.com.br\/?p=18084\" \/>\n<meta property=\"og:locale\" content=\"pt_PT\" \/>\n<meta property=\"og:type\" content=\"article\" \/>\n<meta property=\"og:title\" content=\"Duas perguntas para Axel Honneth -\" \/>\n<meta property=\"og:description\" content=\"Al\u00e9m de ser um dos principais especialistas sobre Teoria Cr\u00edtica, Honneth \u00e9 um dos pensadores mais citados no mundo no \u00e2mbito da filosofia moral contempor\u00e2nea, em particular, nas rela\u00e7\u00f5es entre poder, reconhecimento social e respeito. A entrevista est\u00e1 na Revista Cult.\" \/>\n<meta property=\"og:url\" content=\"https:\/\/inclusivenews.com.br\/?p=18084\" \/>\n<meta property=\"article:publisher\" content=\"https:\/\/www.facebook.com\/agenciainclusive\/\" \/>\n<meta property=\"article:published_time\" content=\"2010-12-02T06:04:05+00:00\" \/>\n<meta property=\"og:image\" content=\"http:\/\/img.fnac.com.br\/Imagens\/Produtos\/68\/107689_0_5.jpg\" \/>\n<meta name=\"author\" content=\"inclusivenews2024\" \/>\n<meta name=\"twitter:card\" content=\"summary_large_image\" \/>\n<meta name=\"twitter:label1\" content=\"Escrito por\" \/>\n\t<meta name=\"twitter:data1\" content=\"inclusivenews2024\" \/>\n\t<meta name=\"twitter:label2\" content=\"Tempo estimado de leitura\" \/>\n\t<meta name=\"twitter:data2\" content=\"1 minuto\" \/>\n<script type=\"application\/ld+json\" class=\"yoast-schema-graph\">{\"@context\":\"https:\\\/\\\/schema.org\",\"@graph\":[{\"@type\":\"Article\",\"@id\":\"https:\\\/\\\/inclusivenews.com.br\\\/?p=18084#article\",\"isPartOf\":{\"@id\":\"https:\\\/\\\/inclusivenews.com.br\\\/?p=18084\"},\"author\":{\"name\":\"inclusivenews2024\",\"@id\":\"https:\\\/\\\/inclusivenews.com.br\\\/#\\\/schema\\\/person\\\/ae4ec7087559b8692fb33b6fffd2273b\"},\"headline\":\"Duas perguntas para Axel Honneth\",\"datePublished\":\"2010-12-02T06:04:05+00:00\",\"mainEntityOfPage\":{\"@id\":\"https:\\\/\\\/inclusivenews.com.br\\\/?p=18084\"},\"wordCount\":211,\"commentCount\":0,\"publisher\":{\"@id\":\"https:\\\/\\\/inclusivenews.com.br\\\/#organization\"},\"image\":{\"@id\":\"https:\\\/\\\/inclusivenews.com.br\\\/?p=18084#primaryimage\"},\"thumbnailUrl\":\"http:\\\/\\\/img.fnac.com.br\\\/Imagens\\\/Produtos\\\/68\\\/107689_0_5.jpg\",\"keywords\":[\"Sociedade; Reconhecimento\"],\"articleSection\":[\"ENTREVISTAS\"],\"inLanguage\":\"pt-PT\",\"potentialAction\":[{\"@type\":\"CommentAction\",\"name\":\"Comment\",\"target\":[\"https:\\\/\\\/inclusivenews.com.br\\\/?p=18084#respond\"]}]},{\"@type\":\"WebPage\",\"@id\":\"https:\\\/\\\/inclusivenews.com.br\\\/?p=18084\",\"url\":\"https:\\\/\\\/inclusivenews.com.br\\\/?p=18084\",\"name\":\"Duas perguntas para Axel Honneth -\",\"isPartOf\":{\"@id\":\"https:\\\/\\\/inclusivenews.com.br\\\/#website\"},\"primaryImageOfPage\":{\"@id\":\"https:\\\/\\\/inclusivenews.com.br\\\/?p=18084#primaryimage\"},\"image\":{\"@id\":\"https:\\\/\\\/inclusivenews.com.br\\\/?p=18084#primaryimage\"},\"thumbnailUrl\":\"http:\\\/\\\/img.fnac.com.br\\\/Imagens\\\/Produtos\\\/68\\\/107689_0_5.jpg\",\"datePublished\":\"2010-12-02T06:04:05+00:00\",\"breadcrumb\":{\"@id\":\"https:\\\/\\\/inclusivenews.com.br\\\/?p=18084#breadcrumb\"},\"inLanguage\":\"pt-PT\",\"potentialAction\":[{\"@type\":\"ReadAction\",\"target\":[\"https:\\\/\\\/inclusivenews.com.br\\\/?p=18084\"]}]},{\"@type\":\"ImageObject\",\"inLanguage\":\"pt-PT\",\"@id\":\"https:\\\/\\\/inclusivenews.com.br\\\/?p=18084#primaryimage\",\"url\":\"http:\\\/\\\/img.fnac.com.br\\\/Imagens\\\/Produtos\\\/68\\\/107689_0_5.jpg\",\"contentUrl\":\"http:\\\/\\\/img.fnac.com.br\\\/Imagens\\\/Produtos\\\/68\\\/107689_0_5.jpg\"},{\"@type\":\"BreadcrumbList\",\"@id\":\"https:\\\/\\\/inclusivenews.com.br\\\/?p=18084#breadcrumb\",\"itemListElement\":[{\"@type\":\"ListItem\",\"position\":1,\"name\":\"In\u00edcio\",\"item\":\"https:\\\/\\\/inclusivenews.com.br\\\/\"},{\"@type\":\"ListItem\",\"position\":2,\"name\":\"Duas perguntas para Axel Honneth\"}]},{\"@type\":\"WebSite\",\"@id\":\"https:\\\/\\\/inclusivenews.com.br\\\/#website\",\"url\":\"https:\\\/\\\/inclusivenews.com.br\\\/\",\"name\":\"Inclusive News\",\"description\":\"Inclusive News\",\"publisher\":{\"@id\":\"https:\\\/\\\/inclusivenews.com.br\\\/#organization\"},\"potentialAction\":[{\"@type\":\"SearchAction\",\"target\":{\"@type\":\"EntryPoint\",\"urlTemplate\":\"https:\\\/\\\/inclusivenews.com.br\\\/?s={search_term_string}\"},\"query-input\":{\"@type\":\"PropertyValueSpecification\",\"valueRequired\":true,\"valueName\":\"search_term_string\"}}],\"inLanguage\":\"pt-PT\"},{\"@type\":\"Organization\",\"@id\":\"https:\\\/\\\/inclusivenews.com.br\\\/#organization\",\"name\":\"Inclusive - inclus\u00e3o e cidadania\",\"url\":\"https:\\\/\\\/inclusivenews.com.br\\\/\",\"logo\":{\"@type\":\"ImageObject\",\"inLanguage\":\"pt-PT\",\"@id\":\"https:\\\/\\\/inclusivenews.com.br\\\/#\\\/schema\\\/logo\\\/image\\\/\",\"url\":\"https:\\\/\\\/inclusivenews.com.br\\\/wp-content\\\/uploads\\\/2024\\\/03\\\/@grandesite.png\",\"contentUrl\":\"https:\\\/\\\/inclusivenews.com.br\\\/wp-content\\\/uploads\\\/2024\\\/03\\\/@grandesite.png\",\"width\":1080,\"height\":1080,\"caption\":\"Inclusive - inclus\u00e3o e cidadania\"},\"image\":{\"@id\":\"https:\\\/\\\/inclusivenews.com.br\\\/#\\\/schema\\\/logo\\\/image\\\/\"},\"sameAs\":[\"https:\\\/\\\/www.facebook.com\\\/agenciainclusive\\\/\",\"https:\\\/\\\/www.instagram.com\\\/newsinclusive\\\/\"]},{\"@type\":\"Person\",\"@id\":\"https:\\\/\\\/inclusivenews.com.br\\\/#\\\/schema\\\/person\\\/ae4ec7087559b8692fb33b6fffd2273b\",\"name\":\"inclusivenews2024\",\"image\":{\"@type\":\"ImageObject\",\"inLanguage\":\"pt-PT\",\"@id\":\"https:\\\/\\\/secure.gravatar.com\\\/avatar\\\/c5a7ef84c66fa914f55bc4f7ce26cfa275a3b9a1c5568b907bd184fb4dde7b40?s=96&d=mm&r=g\",\"url\":\"https:\\\/\\\/secure.gravatar.com\\\/avatar\\\/c5a7ef84c66fa914f55bc4f7ce26cfa275a3b9a1c5568b907bd184fb4dde7b40?s=96&d=mm&r=g\",\"contentUrl\":\"https:\\\/\\\/secure.gravatar.com\\\/avatar\\\/c5a7ef84c66fa914f55bc4f7ce26cfa275a3b9a1c5568b907bd184fb4dde7b40?s=96&d=mm&r=g\",\"caption\":\"inclusivenews2024\"},\"sameAs\":[\"https:\\\/\\\/inclusivenews.com.br\"],\"url\":\"https:\\\/\\\/inclusivenews.com.br\\\/?author=1\"}]}<\/script>\n<!-- \/ Yoast SEO plugin. -->","yoast_head_json":{"title":"Duas perguntas para Axel Honneth -","robots":{"index":"index","follow":"follow","max-snippet":"max-snippet:-1","max-image-preview":"max-image-preview:large","max-video-preview":"max-video-preview:-1"},"canonical":"https:\/\/inclusivenews.com.br\/?p=18084","og_locale":"pt_PT","og_type":"article","og_title":"Duas perguntas para Axel Honneth -","og_description":"Al\u00e9m de ser um dos principais especialistas sobre Teoria Cr\u00edtica, Honneth \u00e9 um dos pensadores mais citados no mundo no \u00e2mbito da filosofia moral contempor\u00e2nea, em particular, nas rela\u00e7\u00f5es entre poder, reconhecimento social e respeito. A entrevista est\u00e1 na Revista Cult.","og_url":"https:\/\/inclusivenews.com.br\/?p=18084","article_publisher":"https:\/\/www.facebook.com\/agenciainclusive\/","article_published_time":"2010-12-02T06:04:05+00:00","og_image":[{"url":"http:\/\/img.fnac.com.br\/Imagens\/Produtos\/68\/107689_0_5.jpg","type":"","width":"","height":""}],"author":"inclusivenews2024","twitter_card":"summary_large_image","twitter_misc":{"Escrito por":"inclusivenews2024","Tempo estimado de leitura":"1 minuto"},"schema":{"@context":"https:\/\/schema.org","@graph":[{"@type":"Article","@id":"https:\/\/inclusivenews.com.br\/?p=18084#article","isPartOf":{"@id":"https:\/\/inclusivenews.com.br\/?p=18084"},"author":{"name":"inclusivenews2024","@id":"https:\/\/inclusivenews.com.br\/#\/schema\/person\/ae4ec7087559b8692fb33b6fffd2273b"},"headline":"Duas perguntas para Axel Honneth","datePublished":"2010-12-02T06:04:05+00:00","mainEntityOfPage":{"@id":"https:\/\/inclusivenews.com.br\/?p=18084"},"wordCount":211,"commentCount":0,"publisher":{"@id":"https:\/\/inclusivenews.com.br\/#organization"},"image":{"@id":"https:\/\/inclusivenews.com.br\/?p=18084#primaryimage"},"thumbnailUrl":"http:\/\/img.fnac.com.br\/Imagens\/Produtos\/68\/107689_0_5.jpg","keywords":["Sociedade; Reconhecimento"],"articleSection":["ENTREVISTAS"],"inLanguage":"pt-PT","potentialAction":[{"@type":"CommentAction","name":"Comment","target":["https:\/\/inclusivenews.com.br\/?p=18084#respond"]}]},{"@type":"WebPage","@id":"https:\/\/inclusivenews.com.br\/?p=18084","url":"https:\/\/inclusivenews.com.br\/?p=18084","name":"Duas perguntas para Axel Honneth -","isPartOf":{"@id":"https:\/\/inclusivenews.com.br\/#website"},"primaryImageOfPage":{"@id":"https:\/\/inclusivenews.com.br\/?p=18084#primaryimage"},"image":{"@id":"https:\/\/inclusivenews.com.br\/?p=18084#primaryimage"},"thumbnailUrl":"http:\/\/img.fnac.com.br\/Imagens\/Produtos\/68\/107689_0_5.jpg","datePublished":"2010-12-02T06:04:05+00:00","breadcrumb":{"@id":"https:\/\/inclusivenews.com.br\/?p=18084#breadcrumb"},"inLanguage":"pt-PT","potentialAction":[{"@type":"ReadAction","target":["https:\/\/inclusivenews.com.br\/?p=18084"]}]},{"@type":"ImageObject","inLanguage":"pt-PT","@id":"https:\/\/inclusivenews.com.br\/?p=18084#primaryimage","url":"http:\/\/img.fnac.com.br\/Imagens\/Produtos\/68\/107689_0_5.jpg","contentUrl":"http:\/\/img.fnac.com.br\/Imagens\/Produtos\/68\/107689_0_5.jpg"},{"@type":"BreadcrumbList","@id":"https:\/\/inclusivenews.com.br\/?p=18084#breadcrumb","itemListElement":[{"@type":"ListItem","position":1,"name":"In\u00edcio","item":"https:\/\/inclusivenews.com.br\/"},{"@type":"ListItem","position":2,"name":"Duas perguntas para Axel Honneth"}]},{"@type":"WebSite","@id":"https:\/\/inclusivenews.com.br\/#website","url":"https:\/\/inclusivenews.com.br\/","name":"Inclusive News","description":"Inclusive News","publisher":{"@id":"https:\/\/inclusivenews.com.br\/#organization"},"potentialAction":[{"@type":"SearchAction","target":{"@type":"EntryPoint","urlTemplate":"https:\/\/inclusivenews.com.br\/?s={search_term_string}"},"query-input":{"@type":"PropertyValueSpecification","valueRequired":true,"valueName":"search_term_string"}}],"inLanguage":"pt-PT"},{"@type":"Organization","@id":"https:\/\/inclusivenews.com.br\/#organization","name":"Inclusive - inclus\u00e3o e cidadania","url":"https:\/\/inclusivenews.com.br\/","logo":{"@type":"ImageObject","inLanguage":"pt-PT","@id":"https:\/\/inclusivenews.com.br\/#\/schema\/logo\/image\/","url":"https:\/\/inclusivenews.com.br\/wp-content\/uploads\/2024\/03\/@grandesite.png","contentUrl":"https:\/\/inclusivenews.com.br\/wp-content\/uploads\/2024\/03\/@grandesite.png","width":1080,"height":1080,"caption":"Inclusive - inclus\u00e3o e cidadania"},"image":{"@id":"https:\/\/inclusivenews.com.br\/#\/schema\/logo\/image\/"},"sameAs":["https:\/\/www.facebook.com\/agenciainclusive\/","https:\/\/www.instagram.com\/newsinclusive\/"]},{"@type":"Person","@id":"https:\/\/inclusivenews.com.br\/#\/schema\/person\/ae4ec7087559b8692fb33b6fffd2273b","name":"inclusivenews2024","image":{"@type":"ImageObject","inLanguage":"pt-PT","@id":"https:\/\/secure.gravatar.com\/avatar\/c5a7ef84c66fa914f55bc4f7ce26cfa275a3b9a1c5568b907bd184fb4dde7b40?s=96&d=mm&r=g","url":"https:\/\/secure.gravatar.com\/avatar\/c5a7ef84c66fa914f55bc4f7ce26cfa275a3b9a1c5568b907bd184fb4dde7b40?s=96&d=mm&r=g","contentUrl":"https:\/\/secure.gravatar.com\/avatar\/c5a7ef84c66fa914f55bc4f7ce26cfa275a3b9a1c5568b907bd184fb4dde7b40?s=96&d=mm&r=g","caption":"inclusivenews2024"},"sameAs":["https:\/\/inclusivenews.com.br"],"url":"https:\/\/inclusivenews.com.br\/?author=1"}]}},"_links":{"self":[{"href":"https:\/\/inclusivenews.com.br\/index.php?rest_route=\/wp\/v2\/posts\/18084","targetHints":{"allow":["GET"]}}],"collection":[{"href":"https:\/\/inclusivenews.com.br\/index.php?rest_route=\/wp\/v2\/posts"}],"about":[{"href":"https:\/\/inclusivenews.com.br\/index.php?rest_route=\/wp\/v2\/types\/post"}],"author":[{"embeddable":true,"href":"https:\/\/inclusivenews.com.br\/index.php?rest_route=\/wp\/v2\/users\/1"}],"replies":[{"embeddable":true,"href":"https:\/\/inclusivenews.com.br\/index.php?rest_route=%2Fwp%2Fv2%2Fcomments&post=18084"}],"version-history":[{"count":0,"href":"https:\/\/inclusivenews.com.br\/index.php?rest_route=\/wp\/v2\/posts\/18084\/revisions"}],"wp:attachment":[{"href":"https:\/\/inclusivenews.com.br\/index.php?rest_route=%2Fwp%2Fv2%2Fmedia&parent=18084"}],"wp:term":[{"taxonomy":"category","embeddable":true,"href":"https:\/\/inclusivenews.com.br\/index.php?rest_route=%2Fwp%2Fv2%2Fcategories&post=18084"},{"taxonomy":"post_tag","embeddable":true,"href":"https:\/\/inclusivenews.com.br\/index.php?rest_route=%2Fwp%2Fv2%2Ftags&post=18084"}],"curies":[{"name":"wp","href":"https:\/\/api.w.org\/{rel}","templated":true}]}}