{"id":18087,"date":"2010-12-02T03:10:31","date_gmt":"2010-12-02T06:10:31","guid":{"rendered":"http:\/\/www.inclusive.org.br\/?p=18087"},"modified":"2010-12-02T03:10:31","modified_gmt":"2010-12-02T06:10:31","slug":"professor-habilidade-contra-preconceito","status":"publish","type":"post","link":"https:\/\/inclusivenews.com.br\/?p=18087","title":{"rendered":"Professor: habilidade contra preconceito"},"content":{"rendered":"<p><em><a href=\"http:\/\/www.inclusivenews.com.br\/wp-content\/uploads\/2009\/11\/saladeaulavazia1.jpg\"><img loading=\"lazy\" decoding=\"async\" class=\"alignleft size-full wp-image-12707\" title=\"Inclusive - sala de aula vazia.\" src=\"http:\/\/inclusivenews.com.br\/wp-content\/uploads\/2009\/11\/saladeaulavazia1.jpg\" alt=\"Inclusive - sala de aula vazia.\" width=\"218\" height=\"157\" \/><\/a>Discrimina\u00e7\u00e3o merece aten\u00e7\u00e3o das institui\u00e7\u00f5es escolares; ontem, orienta\u00e7\u00f5es sobre o tema foram discutidas com docentes<\/em><\/p>\n<p><strong>Mariana Cerigatto<\/strong><\/p>\n<p>Capacitar professores para combater o preconceito em sala de aula foi um dos temas que fomentou o debate da mesa-redonda sobre educa\u00e7\u00e3o, direitos humanos e cultura afro-brasileira na manh\u00e3 de ontem, no N\u00facleo de Aperfei\u00e7oamento Profissional da Educa\u00e7\u00e3o Municipal de Bauru (Napem). O evento integra a Jornada Bauruense pelos Direitos Humanos, que acontece desde dia 16 na cidade e termina no domingo.<\/p>\n<p>\u201cH\u00e1 dificuldade em lidar com preconceitos porque n\u00e3o temos professores habilidosos para trabalhar com as discrimina\u00e7\u00f5es que ocorrem no dia a dia da escola. Elas passam despercebidas e a entidade acaba deixando o preconceito se alastrar\u201d, alerta a docente Maria Val\u00e9ria Barbosa, da Faculdade de Filosofia e Ci\u00eancias (FCC) da Unesp de Mar\u00edlia, convidada a discutir o tema do preconceito junto ao p\u00fablico.<\/p>\n<p>\u201cCom a omiss\u00e3o, permitimos que se propague os sentimentos de inferioridade e superioridade. N\u00e3o se estabelece que os seres s\u00e3o diferentes pelas caracter\u00edsticas biol\u00f3gicas ou pelas caracter\u00edsticas de ra\u00e7a. O preconceituoso j\u00e1 estabelece quem \u00e9 melhor ou pior, sem considerar as capacidades de cada indiv\u00edduo\u201d, acrescenta.<\/p>\n<p>J\u00e1 o professor Clodoaldo Meneguello Cardoso, coordenador do Observat\u00f3rio de Educa\u00e7\u00e3o em Direitos Humanos da Unesp, destaca que o combate \u00e0s discrimina\u00e7\u00f5es depende de uma postura que contemple mudan\u00e7as na mentalidade e nos valores. Essa mudan\u00e7a acontece atrav\u00e9s da educa\u00e7\u00e3o, mas a longo prazo.<\/p>\n<p>\u201c\u00c9 preciso tomar consci\u00eancia de que o ser humano \u00e9 um animal que tem como marca a individualidade. Mas precisamos conceber o princ\u00edpio de diversidade, que respeita as individualidades e combate desigualdades, as quais ferem a dignidade.\u201d<\/p>\n<p>E o papel da escola \u00e9 primordial, pois \u00e9 ela que deve formar os alunos, que ser\u00e3o futuros multiplicadores dos ensinamentos na sociedade, pontua a Secret\u00e1ria Municipal de Educa\u00e7\u00e3o, Vera Caserio. Ela, que aprovou o evento, diz que o preconceito de todo tipo deve ser trabalhado nas escolas, na fam\u00edlia e na comunidade.<\/p>\n<p>Na mesa-redonda estiveram presentes professores de escolas p\u00fablicas e particulares de Bauru, al\u00e9m de autoridades e demais interessados. Na ocasi\u00e3o foram entregues edi\u00e7\u00f5es do JC Crian\u00e7a aos docentes, que trazem conte\u00fado educativo e informativo sobre direitos humanos voltado ao p\u00fablico infantil.<\/p>\n<p>O coordenador operacional do projeto JC na Escola, S\u00e9rgio Purini, salienta a import\u00e2ncia em se trabalhar os direitos humanos desde a inf\u00e2ncia. \u201cNa edi\u00e7\u00e3o do JC Crian\u00e7a do \u00faltimo domingo, apresentamos o tema de direitos humanos ao p\u00fablico infantil por meio de uma linguagem l\u00fadica e atrativa\u201d, ressaltou.<\/p>\n<p>A professora Rosa Maria Ara\u00fajo Sim\u00f5es, da Faculdade de Arquitetura, Artes e Comunica\u00e7\u00e3o (Faac) da Unesp de Bauru, trouxe \u00e0 tona a discuss\u00e3o de manifesta\u00e7\u00f5es culturais que remetem \u00e0 cultura afro-brasileira. O foco do debate foi levantar os diversos tipos de preconceito. Segundo Meneguello, na cultura brasileira h\u00e1 tr\u00eas tipos de preconceito muito fortes: o social, \u00e9tnico-racial e o de g\u00eanero.<\/p>\n<p>___________________________<\/p>\n<p><strong>Fonte: <\/strong><a href=\"http:\/\/www.jcnet.com.br\/detalhe_geral.php?codigo=196623\">Jornal da Cidade de Bauru<\/a><\/p>\n","protected":false},"excerpt":{"rendered":"<p>Capacitar professores para combater o preconceito em sala de aula foi um dos temas que fomentou o debate da mesa-redonda sobre educa\u00e7\u00e3o, direitos humanos e cultura afro-brasileira na manh\u00e3 de ontem, no N\u00facleo de Aperfei\u00e7oamento Profissional da Educa\u00e7\u00e3o Municipal de Bauru (Napem).<\/p>\n","protected":false},"author":1,"featured_media":0,"comment_status":"open","ping_status":"open","sticky":false,"template":"","format":"standard","meta":{"site-container-style":"default","site-container-layout":"default","site-sidebar-layout":"default","disable-article-header":"default","disable-site-header":"default","disable-site-footer":"default","disable-content-area-spacing":"default","footnotes":""},"categories":[6,48,4],"tags":[],"class_list":["post-18087","post","type-post","status-publish","format-standard","hentry","category-educacao","category-inclusao","category-noticias"],"yoast_head":"<!-- This site is optimized with the Yoast SEO plugin v27.4 - https:\/\/yoast.com\/product\/yoast-seo-wordpress\/ -->\n<title>Professor: habilidade contra preconceito -<\/title>\n<meta name=\"robots\" content=\"index, follow, max-snippet:-1, max-image-preview:large, max-video-preview:-1\" \/>\n<link rel=\"canonical\" href=\"https:\/\/inclusivenews.com.br\/?p=18087\" \/>\n<meta property=\"og:locale\" content=\"pt_PT\" \/>\n<meta property=\"og:type\" content=\"article\" \/>\n<meta property=\"og:title\" content=\"Professor: habilidade contra preconceito -\" \/>\n<meta property=\"og:description\" content=\"Capacitar professores para combater o preconceito em sala de aula foi um dos temas que fomentou o debate da mesa-redonda sobre educa\u00e7\u00e3o, direitos humanos e cultura afro-brasileira na manh\u00e3 de ontem, no N\u00facleo de Aperfei\u00e7oamento Profissional da Educa\u00e7\u00e3o Municipal de Bauru (Napem).\" \/>\n<meta property=\"og:url\" content=\"https:\/\/inclusivenews.com.br\/?p=18087\" \/>\n<meta property=\"article:publisher\" content=\"https:\/\/www.facebook.com\/agenciainclusive\/\" \/>\n<meta property=\"article:published_time\" content=\"2010-12-02T06:10:31+00:00\" \/>\n<meta property=\"og:image\" content=\"http:\/\/inclusivenews.com.br\/wp-content\/uploads\/2009\/11\/saladeaulavazia1.jpg\" \/>\n<meta name=\"author\" content=\"inclusivenews2024\" \/>\n<meta name=\"twitter:card\" content=\"summary_large_image\" \/>\n<meta name=\"twitter:label1\" content=\"Escrito por\" \/>\n\t<meta name=\"twitter:data1\" content=\"inclusivenews2024\" \/>\n\t<meta name=\"twitter:label2\" content=\"Tempo estimado de leitura\" \/>\n\t<meta name=\"twitter:data2\" content=\"3 minutos\" \/>\n<script type=\"application\/ld+json\" class=\"yoast-schema-graph\">{\"@context\":\"https:\\\/\\\/schema.org\",\"@graph\":[{\"@type\":\"Article\",\"@id\":\"https:\\\/\\\/inclusivenews.com.br\\\/?p=18087#article\",\"isPartOf\":{\"@id\":\"https:\\\/\\\/inclusivenews.com.br\\\/?p=18087\"},\"author\":{\"name\":\"inclusivenews2024\",\"@id\":\"https:\\\/\\\/inclusivenews.com.br\\\/#\\\/schema\\\/person\\\/ae4ec7087559b8692fb33b6fffd2273b\"},\"headline\":\"Professor: habilidade contra preconceito\",\"datePublished\":\"2010-12-02T06:10:31+00:00\",\"mainEntityOfPage\":{\"@id\":\"https:\\\/\\\/inclusivenews.com.br\\\/?p=18087\"},\"wordCount\":530,\"commentCount\":1,\"publisher\":{\"@id\":\"https:\\\/\\\/inclusivenews.com.br\\\/#organization\"},\"image\":{\"@id\":\"https:\\\/\\\/inclusivenews.com.br\\\/?p=18087#primaryimage\"},\"thumbnailUrl\":\"http:\\\/\\\/inclusivenews.com.br\\\/wp-content\\\/uploads\\\/2009\\\/11\\\/saladeaulavazia1.jpg\",\"articleSection\":[\"EDUCA\u00c7\u00c3O\",\"INCLUS\u00c3O SOCIAL\",\"NOT\u00cdCIAS\"],\"inLanguage\":\"pt-PT\",\"potentialAction\":[{\"@type\":\"CommentAction\",\"name\":\"Comment\",\"target\":[\"https:\\\/\\\/inclusivenews.com.br\\\/?p=18087#respond\"]}]},{\"@type\":\"WebPage\",\"@id\":\"https:\\\/\\\/inclusivenews.com.br\\\/?p=18087\",\"url\":\"https:\\\/\\\/inclusivenews.com.br\\\/?p=18087\",\"name\":\"Professor: habilidade contra preconceito -\",\"isPartOf\":{\"@id\":\"https:\\\/\\\/inclusivenews.com.br\\\/#website\"},\"primaryImageOfPage\":{\"@id\":\"https:\\\/\\\/inclusivenews.com.br\\\/?p=18087#primaryimage\"},\"image\":{\"@id\":\"https:\\\/\\\/inclusivenews.com.br\\\/?p=18087#primaryimage\"},\"thumbnailUrl\":\"http:\\\/\\\/inclusivenews.com.br\\\/wp-content\\\/uploads\\\/2009\\\/11\\\/saladeaulavazia1.jpg\",\"datePublished\":\"2010-12-02T06:10:31+00:00\",\"breadcrumb\":{\"@id\":\"https:\\\/\\\/inclusivenews.com.br\\\/?p=18087#breadcrumb\"},\"inLanguage\":\"pt-PT\",\"potentialAction\":[{\"@type\":\"ReadAction\",\"target\":[\"https:\\\/\\\/inclusivenews.com.br\\\/?p=18087\"]}]},{\"@type\":\"ImageObject\",\"inLanguage\":\"pt-PT\",\"@id\":\"https:\\\/\\\/inclusivenews.com.br\\\/?p=18087#primaryimage\",\"url\":\"https:\\\/\\\/inclusivenews.com.br\\\/wp-content\\\/uploads\\\/2009\\\/11\\\/saladeaulavazia1.jpg\",\"contentUrl\":\"https:\\\/\\\/inclusivenews.com.br\\\/wp-content\\\/uploads\\\/2009\\\/11\\\/saladeaulavazia1.jpg\",\"width\":273,\"height\":196,\"caption\":\"Inclusive - sala de aula vazia.\"},{\"@type\":\"BreadcrumbList\",\"@id\":\"https:\\\/\\\/inclusivenews.com.br\\\/?p=18087#breadcrumb\",\"itemListElement\":[{\"@type\":\"ListItem\",\"position\":1,\"name\":\"In\u00edcio\",\"item\":\"https:\\\/\\\/inclusivenews.com.br\\\/\"},{\"@type\":\"ListItem\",\"position\":2,\"name\":\"Professor: habilidade contra preconceito\"}]},{\"@type\":\"WebSite\",\"@id\":\"https:\\\/\\\/inclusivenews.com.br\\\/#website\",\"url\":\"https:\\\/\\\/inclusivenews.com.br\\\/\",\"name\":\"Inclusive News\",\"description\":\"Inclusive News\",\"publisher\":{\"@id\":\"https:\\\/\\\/inclusivenews.com.br\\\/#organization\"},\"potentialAction\":[{\"@type\":\"SearchAction\",\"target\":{\"@type\":\"EntryPoint\",\"urlTemplate\":\"https:\\\/\\\/inclusivenews.com.br\\\/?s={search_term_string}\"},\"query-input\":{\"@type\":\"PropertyValueSpecification\",\"valueRequired\":true,\"valueName\":\"search_term_string\"}}],\"inLanguage\":\"pt-PT\"},{\"@type\":\"Organization\",\"@id\":\"https:\\\/\\\/inclusivenews.com.br\\\/#organization\",\"name\":\"Inclusive - inclus\u00e3o e cidadania\",\"url\":\"https:\\\/\\\/inclusivenews.com.br\\\/\",\"logo\":{\"@type\":\"ImageObject\",\"inLanguage\":\"pt-PT\",\"@id\":\"https:\\\/\\\/inclusivenews.com.br\\\/#\\\/schema\\\/logo\\\/image\\\/\",\"url\":\"https:\\\/\\\/inclusivenews.com.br\\\/wp-content\\\/uploads\\\/2024\\\/03\\\/@grandesite.png\",\"contentUrl\":\"https:\\\/\\\/inclusivenews.com.br\\\/wp-content\\\/uploads\\\/2024\\\/03\\\/@grandesite.png\",\"width\":1080,\"height\":1080,\"caption\":\"Inclusive - inclus\u00e3o e cidadania\"},\"image\":{\"@id\":\"https:\\\/\\\/inclusivenews.com.br\\\/#\\\/schema\\\/logo\\\/image\\\/\"},\"sameAs\":[\"https:\\\/\\\/www.facebook.com\\\/agenciainclusive\\\/\",\"https:\\\/\\\/www.instagram.com\\\/newsinclusive\\\/\"]},{\"@type\":\"Person\",\"@id\":\"https:\\\/\\\/inclusivenews.com.br\\\/#\\\/schema\\\/person\\\/ae4ec7087559b8692fb33b6fffd2273b\",\"name\":\"inclusivenews2024\",\"image\":{\"@type\":\"ImageObject\",\"inLanguage\":\"pt-PT\",\"@id\":\"https:\\\/\\\/secure.gravatar.com\\\/avatar\\\/c5a7ef84c66fa914f55bc4f7ce26cfa275a3b9a1c5568b907bd184fb4dde7b40?s=96&d=mm&r=g\",\"url\":\"https:\\\/\\\/secure.gravatar.com\\\/avatar\\\/c5a7ef84c66fa914f55bc4f7ce26cfa275a3b9a1c5568b907bd184fb4dde7b40?s=96&d=mm&r=g\",\"contentUrl\":\"https:\\\/\\\/secure.gravatar.com\\\/avatar\\\/c5a7ef84c66fa914f55bc4f7ce26cfa275a3b9a1c5568b907bd184fb4dde7b40?s=96&d=mm&r=g\",\"caption\":\"inclusivenews2024\"},\"sameAs\":[\"https:\\\/\\\/inclusivenews.com.br\"],\"url\":\"https:\\\/\\\/inclusivenews.com.br\\\/?author=1\"}]}<\/script>\n<!-- \/ Yoast SEO plugin. -->","yoast_head_json":{"title":"Professor: habilidade contra preconceito -","robots":{"index":"index","follow":"follow","max-snippet":"max-snippet:-1","max-image-preview":"max-image-preview:large","max-video-preview":"max-video-preview:-1"},"canonical":"https:\/\/inclusivenews.com.br\/?p=18087","og_locale":"pt_PT","og_type":"article","og_title":"Professor: habilidade contra preconceito -","og_description":"Capacitar professores para combater o preconceito em sala de aula foi um dos temas que fomentou o debate da mesa-redonda sobre educa\u00e7\u00e3o, direitos humanos e cultura afro-brasileira na manh\u00e3 de ontem, no N\u00facleo de Aperfei\u00e7oamento Profissional da Educa\u00e7\u00e3o Municipal de Bauru (Napem).","og_url":"https:\/\/inclusivenews.com.br\/?p=18087","article_publisher":"https:\/\/www.facebook.com\/agenciainclusive\/","article_published_time":"2010-12-02T06:10:31+00:00","og_image":[{"url":"http:\/\/inclusivenews.com.br\/wp-content\/uploads\/2009\/11\/saladeaulavazia1.jpg","type":"","width":"","height":""}],"author":"inclusivenews2024","twitter_card":"summary_large_image","twitter_misc":{"Escrito por":"inclusivenews2024","Tempo estimado de leitura":"3 minutos"},"schema":{"@context":"https:\/\/schema.org","@graph":[{"@type":"Article","@id":"https:\/\/inclusivenews.com.br\/?p=18087#article","isPartOf":{"@id":"https:\/\/inclusivenews.com.br\/?p=18087"},"author":{"name":"inclusivenews2024","@id":"https:\/\/inclusivenews.com.br\/#\/schema\/person\/ae4ec7087559b8692fb33b6fffd2273b"},"headline":"Professor: habilidade contra preconceito","datePublished":"2010-12-02T06:10:31+00:00","mainEntityOfPage":{"@id":"https:\/\/inclusivenews.com.br\/?p=18087"},"wordCount":530,"commentCount":1,"publisher":{"@id":"https:\/\/inclusivenews.com.br\/#organization"},"image":{"@id":"https:\/\/inclusivenews.com.br\/?p=18087#primaryimage"},"thumbnailUrl":"http:\/\/inclusivenews.com.br\/wp-content\/uploads\/2009\/11\/saladeaulavazia1.jpg","articleSection":["EDUCA\u00c7\u00c3O","INCLUS\u00c3O SOCIAL","NOT\u00cdCIAS"],"inLanguage":"pt-PT","potentialAction":[{"@type":"CommentAction","name":"Comment","target":["https:\/\/inclusivenews.com.br\/?p=18087#respond"]}]},{"@type":"WebPage","@id":"https:\/\/inclusivenews.com.br\/?p=18087","url":"https:\/\/inclusivenews.com.br\/?p=18087","name":"Professor: habilidade contra preconceito -","isPartOf":{"@id":"https:\/\/inclusivenews.com.br\/#website"},"primaryImageOfPage":{"@id":"https:\/\/inclusivenews.com.br\/?p=18087#primaryimage"},"image":{"@id":"https:\/\/inclusivenews.com.br\/?p=18087#primaryimage"},"thumbnailUrl":"http:\/\/inclusivenews.com.br\/wp-content\/uploads\/2009\/11\/saladeaulavazia1.jpg","datePublished":"2010-12-02T06:10:31+00:00","breadcrumb":{"@id":"https:\/\/inclusivenews.com.br\/?p=18087#breadcrumb"},"inLanguage":"pt-PT","potentialAction":[{"@type":"ReadAction","target":["https:\/\/inclusivenews.com.br\/?p=18087"]}]},{"@type":"ImageObject","inLanguage":"pt-PT","@id":"https:\/\/inclusivenews.com.br\/?p=18087#primaryimage","url":"https:\/\/inclusivenews.com.br\/wp-content\/uploads\/2009\/11\/saladeaulavazia1.jpg","contentUrl":"https:\/\/inclusivenews.com.br\/wp-content\/uploads\/2009\/11\/saladeaulavazia1.jpg","width":273,"height":196,"caption":"Inclusive - sala de aula vazia."},{"@type":"BreadcrumbList","@id":"https:\/\/inclusivenews.com.br\/?p=18087#breadcrumb","itemListElement":[{"@type":"ListItem","position":1,"name":"In\u00edcio","item":"https:\/\/inclusivenews.com.br\/"},{"@type":"ListItem","position":2,"name":"Professor: habilidade contra preconceito"}]},{"@type":"WebSite","@id":"https:\/\/inclusivenews.com.br\/#website","url":"https:\/\/inclusivenews.com.br\/","name":"Inclusive News","description":"Inclusive News","publisher":{"@id":"https:\/\/inclusivenews.com.br\/#organization"},"potentialAction":[{"@type":"SearchAction","target":{"@type":"EntryPoint","urlTemplate":"https:\/\/inclusivenews.com.br\/?s={search_term_string}"},"query-input":{"@type":"PropertyValueSpecification","valueRequired":true,"valueName":"search_term_string"}}],"inLanguage":"pt-PT"},{"@type":"Organization","@id":"https:\/\/inclusivenews.com.br\/#organization","name":"Inclusive - inclus\u00e3o e cidadania","url":"https:\/\/inclusivenews.com.br\/","logo":{"@type":"ImageObject","inLanguage":"pt-PT","@id":"https:\/\/inclusivenews.com.br\/#\/schema\/logo\/image\/","url":"https:\/\/inclusivenews.com.br\/wp-content\/uploads\/2024\/03\/@grandesite.png","contentUrl":"https:\/\/inclusivenews.com.br\/wp-content\/uploads\/2024\/03\/@grandesite.png","width":1080,"height":1080,"caption":"Inclusive - inclus\u00e3o e cidadania"},"image":{"@id":"https:\/\/inclusivenews.com.br\/#\/schema\/logo\/image\/"},"sameAs":["https:\/\/www.facebook.com\/agenciainclusive\/","https:\/\/www.instagram.com\/newsinclusive\/"]},{"@type":"Person","@id":"https:\/\/inclusivenews.com.br\/#\/schema\/person\/ae4ec7087559b8692fb33b6fffd2273b","name":"inclusivenews2024","image":{"@type":"ImageObject","inLanguage":"pt-PT","@id":"https:\/\/secure.gravatar.com\/avatar\/c5a7ef84c66fa914f55bc4f7ce26cfa275a3b9a1c5568b907bd184fb4dde7b40?s=96&d=mm&r=g","url":"https:\/\/secure.gravatar.com\/avatar\/c5a7ef84c66fa914f55bc4f7ce26cfa275a3b9a1c5568b907bd184fb4dde7b40?s=96&d=mm&r=g","contentUrl":"https:\/\/secure.gravatar.com\/avatar\/c5a7ef84c66fa914f55bc4f7ce26cfa275a3b9a1c5568b907bd184fb4dde7b40?s=96&d=mm&r=g","caption":"inclusivenews2024"},"sameAs":["https:\/\/inclusivenews.com.br"],"url":"https:\/\/inclusivenews.com.br\/?author=1"}]}},"_links":{"self":[{"href":"https:\/\/inclusivenews.com.br\/index.php?rest_route=\/wp\/v2\/posts\/18087","targetHints":{"allow":["GET"]}}],"collection":[{"href":"https:\/\/inclusivenews.com.br\/index.php?rest_route=\/wp\/v2\/posts"}],"about":[{"href":"https:\/\/inclusivenews.com.br\/index.php?rest_route=\/wp\/v2\/types\/post"}],"author":[{"embeddable":true,"href":"https:\/\/inclusivenews.com.br\/index.php?rest_route=\/wp\/v2\/users\/1"}],"replies":[{"embeddable":true,"href":"https:\/\/inclusivenews.com.br\/index.php?rest_route=%2Fwp%2Fv2%2Fcomments&post=18087"}],"version-history":[{"count":0,"href":"https:\/\/inclusivenews.com.br\/index.php?rest_route=\/wp\/v2\/posts\/18087\/revisions"}],"wp:attachment":[{"href":"https:\/\/inclusivenews.com.br\/index.php?rest_route=%2Fwp%2Fv2%2Fmedia&parent=18087"}],"wp:term":[{"taxonomy":"category","embeddable":true,"href":"https:\/\/inclusivenews.com.br\/index.php?rest_route=%2Fwp%2Fv2%2Fcategories&post=18087"},{"taxonomy":"post_tag","embeddable":true,"href":"https:\/\/inclusivenews.com.br\/index.php?rest_route=%2Fwp%2Fv2%2Ftags&post=18087"}],"curies":[{"name":"wp","href":"https:\/\/api.w.org\/{rel}","templated":true}]}}