{"id":18088,"date":"2010-12-02T03:04:23","date_gmt":"2010-12-02T06:04:23","guid":{"rendered":"http:\/\/www.inclusive.org.br\/?p=18088"},"modified":"2010-12-02T03:04:23","modified_gmt":"2010-12-02T06:04:23","slug":"hanseniase-e-tuberculose-estigma-e-preconceito-ainda-sao-problemas","status":"publish","type":"post","link":"https:\/\/inclusivenews.com.br\/?p=18088","title":{"rendered":"Hansen\u00edase e tuberculose: estigma e preconceito ainda s\u00e3o problemas"},"content":{"rendered":"<figure id=\"attachment_18099\" aria-describedby=\"caption-attachment-18099\" style=\"width: 266px\" class=\"wp-caption alignleft\"><a href=\"http:\/\/www.inclusivenews.com.br\/wp-content\/uploads\/2010\/12\/estigma-carimbo.jpg\"><img loading=\"lazy\" decoding=\"async\" class=\"size-full wp-image-18099\" title=\"Estigma - Imagem de papel carimbado com o termo &quot;carimbo&quot; em  vermelho\" src=\"http:\/\/inclusivenews.com.br\/wp-content\/uploads\/2010\/12\/estigma-carimbo.jpg\" alt=\"Estigma - Imagem de papel carimbado com o termo &quot;carimbo&quot; em vermelho\" width=\"266\" height=\"124\" \/><\/a><figcaption id=\"caption-attachment-18099\" class=\"wp-caption-text\"> <\/figcaption><\/figure>\n<p>A visita do representante da Dahw &#8211; Associa\u00e7\u00e3o Alem\u00e3 de Assist\u00eancia a Hansenianos e Tuberculosos no Brasil, Manfred G\u00f6bel, revelou uma situa\u00e7\u00e3o ainda preocupante sobre a quest\u00e3o dos n\u00fameros da hansen\u00edase no Brasil e no estado de Mato Grosso, considerado o l\u00edder no ranking de casos da doen\u00e7a no pa\u00eds.<\/p>\n<p>Outro fator preocupante revelado pelo fundador da Dahw no Estado, mais precisamente na cidade de Rondon\u00f3polis, diz respeito ao preconceito e ao estigma da doen\u00e7a, considerada uma das mais antigas do mundo, com registros de casos, inclusive, na B\u00edblia Sagrada. Manfred revelou que um estudo realizado por uma institui\u00e7\u00e3o n\u00e3o governamental (ONG), do Mato Grosso do Sul, identificou que ainda nos dias de hoje, pelo menos cerca de 30% das pessoas que contra\u00edram ou contraem a doen\u00e7a ainda sofrem com o preconceito e com a discrimina\u00e7\u00e3o, em raz\u00e3o do estigma inerente \u00e0 doen\u00e7a.<\/p>\n<p>A boa not\u00edcia \u00e9 que os constantes avan\u00e7os da medicina t\u00eam garantido um tratamento e cura completos das pessoas que contraem o bacilo de hansen e que conseguem identificar a doen\u00e7a precocemente, e n\u00e3o ficam com sequelas  ou incapacitadas para o trabalho. Nesses casos, seguindo o tratamento adequadamente, o paciente poder conseguir a cura completa em no m\u00e1ximo um ano e seis meses. Outra informa\u00e7\u00e3o alvissareira, \u00e9 que seguindo corretamente o tratamento, ap\u00f3s 15 dias, o paciente j\u00e1 n\u00e3o transmite mais a doen\u00e7a. Isso diminui a preocupa\u00e7\u00e3o das pessoas quanto a uma eventual contamina\u00e7\u00e3o e diminui o estigma da doen\u00e7a.<\/p>\n<p>Mas \u00e9 preciso que se invista mais em divulga\u00e7\u00e3o dos sintomas da Hansen\u00edase, desmistifique o preconceito e o estigma que ainda persegue os portadores do bacilo de Hansen. Como o tratamento \u00e9 feito gratuitamente pelo sistema \u00fanico de sa\u00fade (SUS), \u00e9 preciso<br \/>\napenas que as pessoas se interessem em realizar o tratamento corretamente, sem interrup\u00e7\u00f5es, e dentro de pouco tempo poderemos deixar esta inc\u00f4moda lideran\u00e7a no ranking da hansen\u00edase brasileira.<\/p>\n<p>Os 30 anos de trabalho da Dahw em Rondon\u00f3polis, j\u00e1 contribu\u00edram muito para a melhoria da qualidade de vida dos pacientes. Todavia, como se trata de uma regi\u00e3o end\u00eamica, somente com a participa\u00e7\u00e3o das pessoas esse quadro poder\u00e1 ser mudado.<\/p>\n<p>___________________________<\/p>\n<p><strong>Fonte:<\/strong> <a href=\"http:\/\/www.atribunamt.com.br\/2010\/11\/estigma-e-preconceito-ainda-sao-problemas\/\">A Tribuna do Mato Grosso<\/a><\/p>\n","protected":false},"excerpt":{"rendered":"<p>Manfred revelou que um estudo realizado por uma institui\u00e7\u00e3o n\u00e3o governamental (ONG), do Mato Grosso do Sul, identificou que ainda nos dias de hoje, pelo menos cerca de 30% das pessoas que contra\u00edram ou contraem a doen\u00e7a ainda sofrem com o preconceito e com a discrimina\u00e7\u00e3o, em raz\u00e3o do estigma inerente \u00e0 doen\u00e7a. Da Tribuna de Mato Grosso.<\/p>\n","protected":false},"author":1,"featured_media":0,"comment_status":"open","ping_status":"open","sticky":false,"template":"","format":"standard","meta":{"site-container-style":"default","site-container-layout":"default","site-sidebar-layout":"default","disable-article-header":"default","disable-site-header":"default","disable-site-footer":"default","disable-content-area-spacing":"default","footnotes":""},"categories":[4,41],"tags":[],"class_list":["post-18088","post","type-post","status-publish","format-standard","hentry","category-noticias","category-preconceito"],"yoast_head":"<!-- This site is optimized with the Yoast SEO plugin v27.5 - https:\/\/yoast.com\/product\/yoast-seo-wordpress\/ -->\n<title>Hansen\u00edase e tuberculose: estigma e preconceito ainda s\u00e3o problemas -<\/title>\n<meta name=\"robots\" content=\"index, follow, max-snippet:-1, max-image-preview:large, max-video-preview:-1\" \/>\n<link rel=\"canonical\" href=\"https:\/\/inclusivenews.com.br\/?p=18088\" \/>\n<meta property=\"og:locale\" content=\"pt_PT\" \/>\n<meta property=\"og:type\" content=\"article\" \/>\n<meta property=\"og:title\" content=\"Hansen\u00edase e tuberculose: estigma e preconceito ainda s\u00e3o problemas -\" \/>\n<meta property=\"og:description\" content=\"Manfred revelou que um estudo realizado por uma institui\u00e7\u00e3o n\u00e3o governamental (ONG), do Mato Grosso do Sul, identificou que ainda nos dias de hoje, pelo menos cerca de 30% das pessoas que contra\u00edram ou contraem a doen\u00e7a ainda sofrem com o preconceito e com a discrimina\u00e7\u00e3o, em raz\u00e3o do estigma inerente \u00e0 doen\u00e7a. Da Tribuna de Mato Grosso.\" \/>\n<meta property=\"og:url\" content=\"https:\/\/inclusivenews.com.br\/?p=18088\" \/>\n<meta property=\"article:publisher\" content=\"https:\/\/www.facebook.com\/agenciainclusive\/\" \/>\n<meta property=\"article:published_time\" content=\"2010-12-02T06:04:23+00:00\" \/>\n<meta property=\"og:image\" content=\"http:\/\/inclusivenews.com.br\/wp-content\/uploads\/2010\/12\/estigma-carimbo.jpg\" \/>\n<meta name=\"author\" content=\"inclusivenews2024\" \/>\n<meta name=\"twitter:card\" content=\"summary_large_image\" \/>\n<meta name=\"twitter:label1\" content=\"Escrito por\" \/>\n\t<meta name=\"twitter:data1\" content=\"inclusivenews2024\" \/>\n\t<meta name=\"twitter:label2\" content=\"Tempo estimado de leitura\" \/>\n\t<meta name=\"twitter:data2\" content=\"2 minutos\" \/>\n<script type=\"application\/ld+json\" class=\"yoast-schema-graph\">{\"@context\":\"https:\\\/\\\/schema.org\",\"@graph\":[{\"@type\":\"Article\",\"@id\":\"https:\\\/\\\/inclusivenews.com.br\\\/?p=18088#article\",\"isPartOf\":{\"@id\":\"https:\\\/\\\/inclusivenews.com.br\\\/?p=18088\"},\"author\":{\"name\":\"inclusivenews2024\",\"@id\":\"https:\\\/\\\/inclusivenews.com.br\\\/#\\\/schema\\\/person\\\/ae4ec7087559b8692fb33b6fffd2273b\"},\"headline\":\"Hansen\u00edase e tuberculose: estigma e preconceito ainda s\u00e3o problemas\",\"datePublished\":\"2010-12-02T06:04:23+00:00\",\"mainEntityOfPage\":{\"@id\":\"https:\\\/\\\/inclusivenews.com.br\\\/?p=18088\"},\"wordCount\":414,\"commentCount\":1,\"publisher\":{\"@id\":\"https:\\\/\\\/inclusivenews.com.br\\\/#organization\"},\"image\":{\"@id\":\"https:\\\/\\\/inclusivenews.com.br\\\/?p=18088#primaryimage\"},\"thumbnailUrl\":\"http:\\\/\\\/inclusivenews.com.br\\\/wp-content\\\/uploads\\\/2010\\\/12\\\/estigma-carimbo.jpg\",\"articleSection\":[\"NOT\u00cdCIAS\",\"Preconceito\"],\"inLanguage\":\"pt-PT\",\"potentialAction\":[{\"@type\":\"CommentAction\",\"name\":\"Comment\",\"target\":[\"https:\\\/\\\/inclusivenews.com.br\\\/?p=18088#respond\"]}]},{\"@type\":\"WebPage\",\"@id\":\"https:\\\/\\\/inclusivenews.com.br\\\/?p=18088\",\"url\":\"https:\\\/\\\/inclusivenews.com.br\\\/?p=18088\",\"name\":\"Hansen\u00edase e tuberculose: estigma e preconceito ainda s\u00e3o problemas -\",\"isPartOf\":{\"@id\":\"https:\\\/\\\/inclusivenews.com.br\\\/#website\"},\"primaryImageOfPage\":{\"@id\":\"https:\\\/\\\/inclusivenews.com.br\\\/?p=18088#primaryimage\"},\"image\":{\"@id\":\"https:\\\/\\\/inclusivenews.com.br\\\/?p=18088#primaryimage\"},\"thumbnailUrl\":\"http:\\\/\\\/inclusivenews.com.br\\\/wp-content\\\/uploads\\\/2010\\\/12\\\/estigma-carimbo.jpg\",\"datePublished\":\"2010-12-02T06:04:23+00:00\",\"breadcrumb\":{\"@id\":\"https:\\\/\\\/inclusivenews.com.br\\\/?p=18088#breadcrumb\"},\"inLanguage\":\"pt-PT\",\"potentialAction\":[{\"@type\":\"ReadAction\",\"target\":[\"https:\\\/\\\/inclusivenews.com.br\\\/?p=18088\"]}]},{\"@type\":\"ImageObject\",\"inLanguage\":\"pt-PT\",\"@id\":\"https:\\\/\\\/inclusivenews.com.br\\\/?p=18088#primaryimage\",\"url\":\"\",\"contentUrl\":\"\"},{\"@type\":\"BreadcrumbList\",\"@id\":\"https:\\\/\\\/inclusivenews.com.br\\\/?p=18088#breadcrumb\",\"itemListElement\":[{\"@type\":\"ListItem\",\"position\":1,\"name\":\"In\u00edcio\",\"item\":\"https:\\\/\\\/inclusivenews.com.br\\\/\"},{\"@type\":\"ListItem\",\"position\":2,\"name\":\"Hansen\u00edase e tuberculose: estigma e preconceito ainda s\u00e3o problemas\"}]},{\"@type\":\"WebSite\",\"@id\":\"https:\\\/\\\/inclusivenews.com.br\\\/#website\",\"url\":\"https:\\\/\\\/inclusivenews.com.br\\\/\",\"name\":\"Inclusive News\",\"description\":\"Inclusive News\",\"publisher\":{\"@id\":\"https:\\\/\\\/inclusivenews.com.br\\\/#organization\"},\"potentialAction\":[{\"@type\":\"SearchAction\",\"target\":{\"@type\":\"EntryPoint\",\"urlTemplate\":\"https:\\\/\\\/inclusivenews.com.br\\\/?s={search_term_string}\"},\"query-input\":{\"@type\":\"PropertyValueSpecification\",\"valueRequired\":true,\"valueName\":\"search_term_string\"}}],\"inLanguage\":\"pt-PT\"},{\"@type\":\"Organization\",\"@id\":\"https:\\\/\\\/inclusivenews.com.br\\\/#organization\",\"name\":\"Inclusive - inclus\u00e3o e cidadania\",\"url\":\"https:\\\/\\\/inclusivenews.com.br\\\/\",\"logo\":{\"@type\":\"ImageObject\",\"inLanguage\":\"pt-PT\",\"@id\":\"https:\\\/\\\/inclusivenews.com.br\\\/#\\\/schema\\\/logo\\\/image\\\/\",\"url\":\"https:\\\/\\\/inclusivenews.com.br\\\/wp-content\\\/uploads\\\/2024\\\/03\\\/@grandesite.png\",\"contentUrl\":\"https:\\\/\\\/inclusivenews.com.br\\\/wp-content\\\/uploads\\\/2024\\\/03\\\/@grandesite.png\",\"width\":1080,\"height\":1080,\"caption\":\"Inclusive - inclus\u00e3o e cidadania\"},\"image\":{\"@id\":\"https:\\\/\\\/inclusivenews.com.br\\\/#\\\/schema\\\/logo\\\/image\\\/\"},\"sameAs\":[\"https:\\\/\\\/www.facebook.com\\\/agenciainclusive\\\/\",\"https:\\\/\\\/www.instagram.com\\\/newsinclusive\\\/\"]},{\"@type\":\"Person\",\"@id\":\"https:\\\/\\\/inclusivenews.com.br\\\/#\\\/schema\\\/person\\\/ae4ec7087559b8692fb33b6fffd2273b\",\"name\":\"inclusivenews2024\",\"image\":{\"@type\":\"ImageObject\",\"inLanguage\":\"pt-PT\",\"@id\":\"https:\\\/\\\/secure.gravatar.com\\\/avatar\\\/c5a7ef84c66fa914f55bc4f7ce26cfa275a3b9a1c5568b907bd184fb4dde7b40?s=96&d=mm&r=g\",\"url\":\"https:\\\/\\\/secure.gravatar.com\\\/avatar\\\/c5a7ef84c66fa914f55bc4f7ce26cfa275a3b9a1c5568b907bd184fb4dde7b40?s=96&d=mm&r=g\",\"contentUrl\":\"https:\\\/\\\/secure.gravatar.com\\\/avatar\\\/c5a7ef84c66fa914f55bc4f7ce26cfa275a3b9a1c5568b907bd184fb4dde7b40?s=96&d=mm&r=g\",\"caption\":\"inclusivenews2024\"},\"sameAs\":[\"https:\\\/\\\/inclusivenews.com.br\"],\"url\":\"https:\\\/\\\/inclusivenews.com.br\\\/?author=1\"}]}<\/script>\n<!-- \/ Yoast SEO plugin. -->","yoast_head_json":{"title":"Hansen\u00edase e tuberculose: estigma e preconceito ainda s\u00e3o problemas -","robots":{"index":"index","follow":"follow","max-snippet":"max-snippet:-1","max-image-preview":"max-image-preview:large","max-video-preview":"max-video-preview:-1"},"canonical":"https:\/\/inclusivenews.com.br\/?p=18088","og_locale":"pt_PT","og_type":"article","og_title":"Hansen\u00edase e tuberculose: estigma e preconceito ainda s\u00e3o problemas -","og_description":"Manfred revelou que um estudo realizado por uma institui\u00e7\u00e3o n\u00e3o governamental (ONG), do Mato Grosso do Sul, identificou que ainda nos dias de hoje, pelo menos cerca de 30% das pessoas que contra\u00edram ou contraem a doen\u00e7a ainda sofrem com o preconceito e com a discrimina\u00e7\u00e3o, em raz\u00e3o do estigma inerente \u00e0 doen\u00e7a. Da Tribuna de Mato Grosso.","og_url":"https:\/\/inclusivenews.com.br\/?p=18088","article_publisher":"https:\/\/www.facebook.com\/agenciainclusive\/","article_published_time":"2010-12-02T06:04:23+00:00","og_image":[{"url":"http:\/\/inclusivenews.com.br\/wp-content\/uploads\/2010\/12\/estigma-carimbo.jpg","type":"","width":"","height":""}],"author":"inclusivenews2024","twitter_card":"summary_large_image","twitter_misc":{"Escrito por":"inclusivenews2024","Tempo estimado de leitura":"2 minutos"},"schema":{"@context":"https:\/\/schema.org","@graph":[{"@type":"Article","@id":"https:\/\/inclusivenews.com.br\/?p=18088#article","isPartOf":{"@id":"https:\/\/inclusivenews.com.br\/?p=18088"},"author":{"name":"inclusivenews2024","@id":"https:\/\/inclusivenews.com.br\/#\/schema\/person\/ae4ec7087559b8692fb33b6fffd2273b"},"headline":"Hansen\u00edase e tuberculose: estigma e preconceito ainda s\u00e3o problemas","datePublished":"2010-12-02T06:04:23+00:00","mainEntityOfPage":{"@id":"https:\/\/inclusivenews.com.br\/?p=18088"},"wordCount":414,"commentCount":1,"publisher":{"@id":"https:\/\/inclusivenews.com.br\/#organization"},"image":{"@id":"https:\/\/inclusivenews.com.br\/?p=18088#primaryimage"},"thumbnailUrl":"http:\/\/inclusivenews.com.br\/wp-content\/uploads\/2010\/12\/estigma-carimbo.jpg","articleSection":["NOT\u00cdCIAS","Preconceito"],"inLanguage":"pt-PT","potentialAction":[{"@type":"CommentAction","name":"Comment","target":["https:\/\/inclusivenews.com.br\/?p=18088#respond"]}]},{"@type":"WebPage","@id":"https:\/\/inclusivenews.com.br\/?p=18088","url":"https:\/\/inclusivenews.com.br\/?p=18088","name":"Hansen\u00edase e tuberculose: estigma e preconceito ainda s\u00e3o problemas -","isPartOf":{"@id":"https:\/\/inclusivenews.com.br\/#website"},"primaryImageOfPage":{"@id":"https:\/\/inclusivenews.com.br\/?p=18088#primaryimage"},"image":{"@id":"https:\/\/inclusivenews.com.br\/?p=18088#primaryimage"},"thumbnailUrl":"http:\/\/inclusivenews.com.br\/wp-content\/uploads\/2010\/12\/estigma-carimbo.jpg","datePublished":"2010-12-02T06:04:23+00:00","breadcrumb":{"@id":"https:\/\/inclusivenews.com.br\/?p=18088#breadcrumb"},"inLanguage":"pt-PT","potentialAction":[{"@type":"ReadAction","target":["https:\/\/inclusivenews.com.br\/?p=18088"]}]},{"@type":"ImageObject","inLanguage":"pt-PT","@id":"https:\/\/inclusivenews.com.br\/?p=18088#primaryimage","url":"","contentUrl":""},{"@type":"BreadcrumbList","@id":"https:\/\/inclusivenews.com.br\/?p=18088#breadcrumb","itemListElement":[{"@type":"ListItem","position":1,"name":"In\u00edcio","item":"https:\/\/inclusivenews.com.br\/"},{"@type":"ListItem","position":2,"name":"Hansen\u00edase e tuberculose: estigma e preconceito ainda s\u00e3o problemas"}]},{"@type":"WebSite","@id":"https:\/\/inclusivenews.com.br\/#website","url":"https:\/\/inclusivenews.com.br\/","name":"Inclusive News","description":"Inclusive News","publisher":{"@id":"https:\/\/inclusivenews.com.br\/#organization"},"potentialAction":[{"@type":"SearchAction","target":{"@type":"EntryPoint","urlTemplate":"https:\/\/inclusivenews.com.br\/?s={search_term_string}"},"query-input":{"@type":"PropertyValueSpecification","valueRequired":true,"valueName":"search_term_string"}}],"inLanguage":"pt-PT"},{"@type":"Organization","@id":"https:\/\/inclusivenews.com.br\/#organization","name":"Inclusive - inclus\u00e3o e cidadania","url":"https:\/\/inclusivenews.com.br\/","logo":{"@type":"ImageObject","inLanguage":"pt-PT","@id":"https:\/\/inclusivenews.com.br\/#\/schema\/logo\/image\/","url":"https:\/\/inclusivenews.com.br\/wp-content\/uploads\/2024\/03\/@grandesite.png","contentUrl":"https:\/\/inclusivenews.com.br\/wp-content\/uploads\/2024\/03\/@grandesite.png","width":1080,"height":1080,"caption":"Inclusive - inclus\u00e3o e cidadania"},"image":{"@id":"https:\/\/inclusivenews.com.br\/#\/schema\/logo\/image\/"},"sameAs":["https:\/\/www.facebook.com\/agenciainclusive\/","https:\/\/www.instagram.com\/newsinclusive\/"]},{"@type":"Person","@id":"https:\/\/inclusivenews.com.br\/#\/schema\/person\/ae4ec7087559b8692fb33b6fffd2273b","name":"inclusivenews2024","image":{"@type":"ImageObject","inLanguage":"pt-PT","@id":"https:\/\/secure.gravatar.com\/avatar\/c5a7ef84c66fa914f55bc4f7ce26cfa275a3b9a1c5568b907bd184fb4dde7b40?s=96&d=mm&r=g","url":"https:\/\/secure.gravatar.com\/avatar\/c5a7ef84c66fa914f55bc4f7ce26cfa275a3b9a1c5568b907bd184fb4dde7b40?s=96&d=mm&r=g","contentUrl":"https:\/\/secure.gravatar.com\/avatar\/c5a7ef84c66fa914f55bc4f7ce26cfa275a3b9a1c5568b907bd184fb4dde7b40?s=96&d=mm&r=g","caption":"inclusivenews2024"},"sameAs":["https:\/\/inclusivenews.com.br"],"url":"https:\/\/inclusivenews.com.br\/?author=1"}]}},"_links":{"self":[{"href":"https:\/\/inclusivenews.com.br\/index.php?rest_route=\/wp\/v2\/posts\/18088","targetHints":{"allow":["GET"]}}],"collection":[{"href":"https:\/\/inclusivenews.com.br\/index.php?rest_route=\/wp\/v2\/posts"}],"about":[{"href":"https:\/\/inclusivenews.com.br\/index.php?rest_route=\/wp\/v2\/types\/post"}],"author":[{"embeddable":true,"href":"https:\/\/inclusivenews.com.br\/index.php?rest_route=\/wp\/v2\/users\/1"}],"replies":[{"embeddable":true,"href":"https:\/\/inclusivenews.com.br\/index.php?rest_route=%2Fwp%2Fv2%2Fcomments&post=18088"}],"version-history":[{"count":0,"href":"https:\/\/inclusivenews.com.br\/index.php?rest_route=\/wp\/v2\/posts\/18088\/revisions"}],"wp:attachment":[{"href":"https:\/\/inclusivenews.com.br\/index.php?rest_route=%2Fwp%2Fv2%2Fmedia&parent=18088"}],"wp:term":[{"taxonomy":"category","embeddable":true,"href":"https:\/\/inclusivenews.com.br\/index.php?rest_route=%2Fwp%2Fv2%2Fcategories&post=18088"},{"taxonomy":"post_tag","embeddable":true,"href":"https:\/\/inclusivenews.com.br\/index.php?rest_route=%2Fwp%2Fv2%2Ftags&post=18088"}],"curies":[{"name":"wp","href":"https:\/\/api.w.org\/{rel}","templated":true}]}}