{"id":18090,"date":"2010-12-02T03:00:33","date_gmt":"2010-12-02T06:00:33","guid":{"rendered":"http:\/\/www.inclusive.org.br\/?p=18090"},"modified":"2010-12-02T03:00:33","modified_gmt":"2010-12-02T06:00:33","slug":"mais-de-40-entidades-assinam-carta-em-defesa-a-anvisa","status":"publish","type":"post","link":"https:\/\/inclusivenews.com.br\/?p=18090","title":{"rendered":"Mais de 40 entidades assinam carta em defesa \u00e0 Anvisa"},"content":{"rendered":"<p><a href=\"http:\/\/www.inclusivenews.com.br\/wp-content\/uploads\/2010\/01\/Instituto-Alana.jpg\"><img loading=\"lazy\" decoding=\"async\" class=\"alignleft size-full wp-image-13505\" title=\"Instituto Alana\" src=\"http:\/\/inclusivenews.com.br\/wp-content\/uploads\/2010\/01\/Instituto-Alana.jpg\" alt=\"Instituto Alana\" width=\"114\" height=\"108\" \/><\/a><\/p>\n<p>Suspensa desde setembro por liminar da Justi\u00e7a Federal de Bras\u00edlia, a Resolu\u00e7\u00e3o n\u00ba 24 da Anvisa  foi publicada no fim de junho deste ano e regulamenta a publicidade de alimentos com alto teor de a\u00e7\u00facar, gorduras e s\u00f3dio e de bebidas com baixo teor nutricional. Regula\u00e7\u00e3o considerada leg\u00edtima e fundamental por mais de 40 entidades e organiza\u00e7\u00f5es que trabalham quest\u00f5es relacionadas a sa\u00fade, nutri\u00e7\u00e3o e defesa dos direitos do consumidor e da crian\u00e7a.<\/p>\n<p>No \u00faltimo dia 19 de novembro, essas organiza\u00e7\u00f5es enviaram uma carta em defesa da resolu\u00e7\u00e3o da Anvisa para que a Justi\u00e7a Federal reveja sua decis\u00e3o. O documento tamb\u00e9m foi encaminhado para diversos \u00f3rg\u00e3os, entre eles os minist\u00e9rios da Justi\u00e7a e da Sa\u00fade.<\/p>\n<p>No dia 17 de dezembro, algumas destas 40 entidades promovem uma mesa redonda na Faculdade de Sa\u00fade P\u00fablica da Universidade de S\u00e3o Paulo para debater a necessidade de regula\u00e7\u00e3o da publicidade de alimentos n\u00e3o saud\u00e1veis.<\/p>\n<p>Entre outros pontos, a Resolu\u00e7\u00e3o n\u00ba 24 obriga que a publicidade desses tipos de produto seja acompanhada de alertas para poss\u00edveis riscos \u00e0 sa\u00fade no caso de consumo excessivo e entraria em vigor a partir de 28 de dezembro. A regra foi suspensa por liminar a pedido da Associa\u00e7\u00e3o Brasileira das Ind\u00fastrias da Alimenta\u00e7\u00e3o (Abia), que questionou a compet\u00eancia da Anvisa para regular a quest\u00e3o.<\/p>\n<p>Al\u00e9m de reconhecida por juristas como Dalmo Dallari e Fabio Konder Comparato, a compet\u00eancia da Anvisa tamb\u00e9m foi defendida pela carta das 40 entidades:  \u201cA  Resolu\u00e7\u00e3o  n\u00ba  24  \u00e9  a  oportunidade  de  difundir  de  forma  eficaz informa\u00e7\u00f5es  sobre  os  riscos  associados  ao  consumo  desses  alimentos  na  mesma escala em que \u00e9 estimulado o consumo irrestrito dos mesmos por meio da publicidade\u201d, afirma o documento.<\/p>\n<p>Cerca de 95% das publicidades de alimentos veiculadas no Brasil, inclusive daquelas dirigidas ao p\u00fablico infantil s\u00e3o de produtos  altamente cal\u00f3ricos,  ricos  em  a\u00e7\u00facar,  gorduras  n\u00e3o  saud\u00e1veis  e  s\u00f3dio.<\/p>\n<p>Carta na \u00edntegra: <a href=\"http:\/\/www.alana.org.br\/banco_arquivos\/arquivos\/docs\/acoes\/consulta-public-anvisa\/docs\/apoio_publicidade_alimentos_final_nov.pdf\" target=\"_blank\" rel=\"noopener\">http:\/\/www.alana.org.br\/banco_arquivos\/arquivos\/docs\/acoes\/consulta-public-anvisa\/docs\/apoio_publicidade_alimentos_final_nov.pdf<\/a><\/p>\n<p>__________________<\/p>\n<p><strong>Fonte:<\/strong> <a href=\"http:\/\/www.alana.org.br\/CriancaConsumo\/NoticiaIntegra.aspx?id=7784&amp;origem=23\">Instituto Alana<\/a><\/p>\n","protected":false},"excerpt":{"rendered":"<p>Cerca de 95% das publicidades de alimentos veiculadas no Brasil, inclusive daquelas dirigidas ao p\u00fablico infantil s\u00e3o de produtos altamente cal\u00f3ricos, ricos em a\u00e7\u00facar, gorduras n\u00e3o saud\u00e1veis e s\u00f3dio.<\/p>\n","protected":false},"author":1,"featured_media":0,"comment_status":"open","ping_status":"open","sticky":false,"template":"","format":"standard","meta":{"site-container-style":"default","site-container-layout":"default","site-sidebar-layout":"default","disable-article-header":"default","disable-site-header":"default","disable-site-footer":"default","disable-content-area-spacing":"default","footnotes":""},"categories":[4],"tags":[60],"class_list":["post-18090","post","type-post","status-publish","format-standard","hentry","category-noticias","tag-infancia"],"yoast_head":"<!-- This site is optimized with the Yoast SEO plugin v27.4 - https:\/\/yoast.com\/product\/yoast-seo-wordpress\/ -->\n<title>Mais de 40 entidades assinam carta em defesa \u00e0 Anvisa -<\/title>\n<meta name=\"robots\" content=\"index, follow, max-snippet:-1, max-image-preview:large, max-video-preview:-1\" \/>\n<link rel=\"canonical\" href=\"https:\/\/inclusivenews.com.br\/?p=18090\" \/>\n<meta property=\"og:locale\" content=\"pt_PT\" \/>\n<meta property=\"og:type\" content=\"article\" \/>\n<meta property=\"og:title\" content=\"Mais de 40 entidades assinam carta em defesa \u00e0 Anvisa -\" \/>\n<meta property=\"og:description\" content=\"Cerca de 95% das publicidades de alimentos veiculadas no Brasil, inclusive daquelas dirigidas ao p\u00fablico infantil s\u00e3o de produtos altamente cal\u00f3ricos, ricos em a\u00e7\u00facar, gorduras n\u00e3o saud\u00e1veis e s\u00f3dio.\" \/>\n<meta property=\"og:url\" content=\"https:\/\/inclusivenews.com.br\/?p=18090\" \/>\n<meta property=\"article:publisher\" content=\"https:\/\/www.facebook.com\/agenciainclusive\/\" \/>\n<meta property=\"article:published_time\" content=\"2010-12-02T06:00:33+00:00\" \/>\n<meta property=\"og:image\" content=\"http:\/\/inclusivenews.com.br\/wp-content\/uploads\/2010\/01\/Instituto-Alana.jpg\" \/>\n<meta name=\"author\" content=\"inclusivenews2024\" \/>\n<meta name=\"twitter:card\" content=\"summary_large_image\" \/>\n<meta name=\"twitter:label1\" content=\"Escrito por\" \/>\n\t<meta name=\"twitter:data1\" content=\"inclusivenews2024\" \/>\n\t<meta name=\"twitter:label2\" content=\"Tempo estimado de leitura\" \/>\n\t<meta name=\"twitter:data2\" content=\"2 minutos\" \/>\n<script type=\"application\/ld+json\" class=\"yoast-schema-graph\">{\"@context\":\"https:\\\/\\\/schema.org\",\"@graph\":[{\"@type\":\"Article\",\"@id\":\"https:\\\/\\\/inclusivenews.com.br\\\/?p=18090#article\",\"isPartOf\":{\"@id\":\"https:\\\/\\\/inclusivenews.com.br\\\/?p=18090\"},\"author\":{\"name\":\"inclusivenews2024\",\"@id\":\"https:\\\/\\\/inclusivenews.com.br\\\/#\\\/schema\\\/person\\\/ae4ec7087559b8692fb33b6fffd2273b\"},\"headline\":\"Mais de 40 entidades assinam carta em defesa \u00e0 Anvisa\",\"datePublished\":\"2010-12-02T06:00:33+00:00\",\"mainEntityOfPage\":{\"@id\":\"https:\\\/\\\/inclusivenews.com.br\\\/?p=18090\"},\"wordCount\":374,\"commentCount\":0,\"publisher\":{\"@id\":\"https:\\\/\\\/inclusivenews.com.br\\\/#organization\"},\"image\":{\"@id\":\"https:\\\/\\\/inclusivenews.com.br\\\/?p=18090#primaryimage\"},\"thumbnailUrl\":\"http:\\\/\\\/inclusivenews.com.br\\\/wp-content\\\/uploads\\\/2010\\\/01\\\/Instituto-Alana.jpg\",\"keywords\":[\"Inf\u00e2ncia\"],\"articleSection\":[\"NOT\u00cdCIAS\"],\"inLanguage\":\"pt-PT\",\"potentialAction\":[{\"@type\":\"CommentAction\",\"name\":\"Comment\",\"target\":[\"https:\\\/\\\/inclusivenews.com.br\\\/?p=18090#respond\"]}]},{\"@type\":\"WebPage\",\"@id\":\"https:\\\/\\\/inclusivenews.com.br\\\/?p=18090\",\"url\":\"https:\\\/\\\/inclusivenews.com.br\\\/?p=18090\",\"name\":\"Mais de 40 entidades assinam carta em defesa \u00e0 Anvisa -\",\"isPartOf\":{\"@id\":\"https:\\\/\\\/inclusivenews.com.br\\\/#website\"},\"primaryImageOfPage\":{\"@id\":\"https:\\\/\\\/inclusivenews.com.br\\\/?p=18090#primaryimage\"},\"image\":{\"@id\":\"https:\\\/\\\/inclusivenews.com.br\\\/?p=18090#primaryimage\"},\"thumbnailUrl\":\"http:\\\/\\\/inclusivenews.com.br\\\/wp-content\\\/uploads\\\/2010\\\/01\\\/Instituto-Alana.jpg\",\"datePublished\":\"2010-12-02T06:00:33+00:00\",\"breadcrumb\":{\"@id\":\"https:\\\/\\\/inclusivenews.com.br\\\/?p=18090#breadcrumb\"},\"inLanguage\":\"pt-PT\",\"potentialAction\":[{\"@type\":\"ReadAction\",\"target\":[\"https:\\\/\\\/inclusivenews.com.br\\\/?p=18090\"]}]},{\"@type\":\"ImageObject\",\"inLanguage\":\"pt-PT\",\"@id\":\"https:\\\/\\\/inclusivenews.com.br\\\/?p=18090#primaryimage\",\"url\":\"\",\"contentUrl\":\"\"},{\"@type\":\"BreadcrumbList\",\"@id\":\"https:\\\/\\\/inclusivenews.com.br\\\/?p=18090#breadcrumb\",\"itemListElement\":[{\"@type\":\"ListItem\",\"position\":1,\"name\":\"In\u00edcio\",\"item\":\"https:\\\/\\\/inclusivenews.com.br\\\/\"},{\"@type\":\"ListItem\",\"position\":2,\"name\":\"Mais de 40 entidades assinam carta em defesa \u00e0 Anvisa\"}]},{\"@type\":\"WebSite\",\"@id\":\"https:\\\/\\\/inclusivenews.com.br\\\/#website\",\"url\":\"https:\\\/\\\/inclusivenews.com.br\\\/\",\"name\":\"Inclusive News\",\"description\":\"Inclusive News\",\"publisher\":{\"@id\":\"https:\\\/\\\/inclusivenews.com.br\\\/#organization\"},\"potentialAction\":[{\"@type\":\"SearchAction\",\"target\":{\"@type\":\"EntryPoint\",\"urlTemplate\":\"https:\\\/\\\/inclusivenews.com.br\\\/?s={search_term_string}\"},\"query-input\":{\"@type\":\"PropertyValueSpecification\",\"valueRequired\":true,\"valueName\":\"search_term_string\"}}],\"inLanguage\":\"pt-PT\"},{\"@type\":\"Organization\",\"@id\":\"https:\\\/\\\/inclusivenews.com.br\\\/#organization\",\"name\":\"Inclusive - inclus\u00e3o e cidadania\",\"url\":\"https:\\\/\\\/inclusivenews.com.br\\\/\",\"logo\":{\"@type\":\"ImageObject\",\"inLanguage\":\"pt-PT\",\"@id\":\"https:\\\/\\\/inclusivenews.com.br\\\/#\\\/schema\\\/logo\\\/image\\\/\",\"url\":\"https:\\\/\\\/inclusivenews.com.br\\\/wp-content\\\/uploads\\\/2024\\\/03\\\/@grandesite.png\",\"contentUrl\":\"https:\\\/\\\/inclusivenews.com.br\\\/wp-content\\\/uploads\\\/2024\\\/03\\\/@grandesite.png\",\"width\":1080,\"height\":1080,\"caption\":\"Inclusive - inclus\u00e3o e cidadania\"},\"image\":{\"@id\":\"https:\\\/\\\/inclusivenews.com.br\\\/#\\\/schema\\\/logo\\\/image\\\/\"},\"sameAs\":[\"https:\\\/\\\/www.facebook.com\\\/agenciainclusive\\\/\",\"https:\\\/\\\/www.instagram.com\\\/newsinclusive\\\/\"]},{\"@type\":\"Person\",\"@id\":\"https:\\\/\\\/inclusivenews.com.br\\\/#\\\/schema\\\/person\\\/ae4ec7087559b8692fb33b6fffd2273b\",\"name\":\"inclusivenews2024\",\"image\":{\"@type\":\"ImageObject\",\"inLanguage\":\"pt-PT\",\"@id\":\"https:\\\/\\\/secure.gravatar.com\\\/avatar\\\/c5a7ef84c66fa914f55bc4f7ce26cfa275a3b9a1c5568b907bd184fb4dde7b40?s=96&d=mm&r=g\",\"url\":\"https:\\\/\\\/secure.gravatar.com\\\/avatar\\\/c5a7ef84c66fa914f55bc4f7ce26cfa275a3b9a1c5568b907bd184fb4dde7b40?s=96&d=mm&r=g\",\"contentUrl\":\"https:\\\/\\\/secure.gravatar.com\\\/avatar\\\/c5a7ef84c66fa914f55bc4f7ce26cfa275a3b9a1c5568b907bd184fb4dde7b40?s=96&d=mm&r=g\",\"caption\":\"inclusivenews2024\"},\"sameAs\":[\"https:\\\/\\\/inclusivenews.com.br\"],\"url\":\"https:\\\/\\\/inclusivenews.com.br\\\/?author=1\"}]}<\/script>\n<!-- \/ Yoast SEO plugin. -->","yoast_head_json":{"title":"Mais de 40 entidades assinam carta em defesa \u00e0 Anvisa -","robots":{"index":"index","follow":"follow","max-snippet":"max-snippet:-1","max-image-preview":"max-image-preview:large","max-video-preview":"max-video-preview:-1"},"canonical":"https:\/\/inclusivenews.com.br\/?p=18090","og_locale":"pt_PT","og_type":"article","og_title":"Mais de 40 entidades assinam carta em defesa \u00e0 Anvisa -","og_description":"Cerca de 95% das publicidades de alimentos veiculadas no Brasil, inclusive daquelas dirigidas ao p\u00fablico infantil s\u00e3o de produtos altamente cal\u00f3ricos, ricos em a\u00e7\u00facar, gorduras n\u00e3o saud\u00e1veis e s\u00f3dio.","og_url":"https:\/\/inclusivenews.com.br\/?p=18090","article_publisher":"https:\/\/www.facebook.com\/agenciainclusive\/","article_published_time":"2010-12-02T06:00:33+00:00","og_image":[{"url":"http:\/\/inclusivenews.com.br\/wp-content\/uploads\/2010\/01\/Instituto-Alana.jpg","type":"","width":"","height":""}],"author":"inclusivenews2024","twitter_card":"summary_large_image","twitter_misc":{"Escrito por":"inclusivenews2024","Tempo estimado de leitura":"2 minutos"},"schema":{"@context":"https:\/\/schema.org","@graph":[{"@type":"Article","@id":"https:\/\/inclusivenews.com.br\/?p=18090#article","isPartOf":{"@id":"https:\/\/inclusivenews.com.br\/?p=18090"},"author":{"name":"inclusivenews2024","@id":"https:\/\/inclusivenews.com.br\/#\/schema\/person\/ae4ec7087559b8692fb33b6fffd2273b"},"headline":"Mais de 40 entidades assinam carta em defesa \u00e0 Anvisa","datePublished":"2010-12-02T06:00:33+00:00","mainEntityOfPage":{"@id":"https:\/\/inclusivenews.com.br\/?p=18090"},"wordCount":374,"commentCount":0,"publisher":{"@id":"https:\/\/inclusivenews.com.br\/#organization"},"image":{"@id":"https:\/\/inclusivenews.com.br\/?p=18090#primaryimage"},"thumbnailUrl":"http:\/\/inclusivenews.com.br\/wp-content\/uploads\/2010\/01\/Instituto-Alana.jpg","keywords":["Inf\u00e2ncia"],"articleSection":["NOT\u00cdCIAS"],"inLanguage":"pt-PT","potentialAction":[{"@type":"CommentAction","name":"Comment","target":["https:\/\/inclusivenews.com.br\/?p=18090#respond"]}]},{"@type":"WebPage","@id":"https:\/\/inclusivenews.com.br\/?p=18090","url":"https:\/\/inclusivenews.com.br\/?p=18090","name":"Mais de 40 entidades assinam carta em defesa \u00e0 Anvisa -","isPartOf":{"@id":"https:\/\/inclusivenews.com.br\/#website"},"primaryImageOfPage":{"@id":"https:\/\/inclusivenews.com.br\/?p=18090#primaryimage"},"image":{"@id":"https:\/\/inclusivenews.com.br\/?p=18090#primaryimage"},"thumbnailUrl":"http:\/\/inclusivenews.com.br\/wp-content\/uploads\/2010\/01\/Instituto-Alana.jpg","datePublished":"2010-12-02T06:00:33+00:00","breadcrumb":{"@id":"https:\/\/inclusivenews.com.br\/?p=18090#breadcrumb"},"inLanguage":"pt-PT","potentialAction":[{"@type":"ReadAction","target":["https:\/\/inclusivenews.com.br\/?p=18090"]}]},{"@type":"ImageObject","inLanguage":"pt-PT","@id":"https:\/\/inclusivenews.com.br\/?p=18090#primaryimage","url":"","contentUrl":""},{"@type":"BreadcrumbList","@id":"https:\/\/inclusivenews.com.br\/?p=18090#breadcrumb","itemListElement":[{"@type":"ListItem","position":1,"name":"In\u00edcio","item":"https:\/\/inclusivenews.com.br\/"},{"@type":"ListItem","position":2,"name":"Mais de 40 entidades assinam carta em defesa \u00e0 Anvisa"}]},{"@type":"WebSite","@id":"https:\/\/inclusivenews.com.br\/#website","url":"https:\/\/inclusivenews.com.br\/","name":"Inclusive News","description":"Inclusive News","publisher":{"@id":"https:\/\/inclusivenews.com.br\/#organization"},"potentialAction":[{"@type":"SearchAction","target":{"@type":"EntryPoint","urlTemplate":"https:\/\/inclusivenews.com.br\/?s={search_term_string}"},"query-input":{"@type":"PropertyValueSpecification","valueRequired":true,"valueName":"search_term_string"}}],"inLanguage":"pt-PT"},{"@type":"Organization","@id":"https:\/\/inclusivenews.com.br\/#organization","name":"Inclusive - inclus\u00e3o e cidadania","url":"https:\/\/inclusivenews.com.br\/","logo":{"@type":"ImageObject","inLanguage":"pt-PT","@id":"https:\/\/inclusivenews.com.br\/#\/schema\/logo\/image\/","url":"https:\/\/inclusivenews.com.br\/wp-content\/uploads\/2024\/03\/@grandesite.png","contentUrl":"https:\/\/inclusivenews.com.br\/wp-content\/uploads\/2024\/03\/@grandesite.png","width":1080,"height":1080,"caption":"Inclusive - inclus\u00e3o e cidadania"},"image":{"@id":"https:\/\/inclusivenews.com.br\/#\/schema\/logo\/image\/"},"sameAs":["https:\/\/www.facebook.com\/agenciainclusive\/","https:\/\/www.instagram.com\/newsinclusive\/"]},{"@type":"Person","@id":"https:\/\/inclusivenews.com.br\/#\/schema\/person\/ae4ec7087559b8692fb33b6fffd2273b","name":"inclusivenews2024","image":{"@type":"ImageObject","inLanguage":"pt-PT","@id":"https:\/\/secure.gravatar.com\/avatar\/c5a7ef84c66fa914f55bc4f7ce26cfa275a3b9a1c5568b907bd184fb4dde7b40?s=96&d=mm&r=g","url":"https:\/\/secure.gravatar.com\/avatar\/c5a7ef84c66fa914f55bc4f7ce26cfa275a3b9a1c5568b907bd184fb4dde7b40?s=96&d=mm&r=g","contentUrl":"https:\/\/secure.gravatar.com\/avatar\/c5a7ef84c66fa914f55bc4f7ce26cfa275a3b9a1c5568b907bd184fb4dde7b40?s=96&d=mm&r=g","caption":"inclusivenews2024"},"sameAs":["https:\/\/inclusivenews.com.br"],"url":"https:\/\/inclusivenews.com.br\/?author=1"}]}},"_links":{"self":[{"href":"https:\/\/inclusivenews.com.br\/index.php?rest_route=\/wp\/v2\/posts\/18090","targetHints":{"allow":["GET"]}}],"collection":[{"href":"https:\/\/inclusivenews.com.br\/index.php?rest_route=\/wp\/v2\/posts"}],"about":[{"href":"https:\/\/inclusivenews.com.br\/index.php?rest_route=\/wp\/v2\/types\/post"}],"author":[{"embeddable":true,"href":"https:\/\/inclusivenews.com.br\/index.php?rest_route=\/wp\/v2\/users\/1"}],"replies":[{"embeddable":true,"href":"https:\/\/inclusivenews.com.br\/index.php?rest_route=%2Fwp%2Fv2%2Fcomments&post=18090"}],"version-history":[{"count":0,"href":"https:\/\/inclusivenews.com.br\/index.php?rest_route=\/wp\/v2\/posts\/18090\/revisions"}],"wp:attachment":[{"href":"https:\/\/inclusivenews.com.br\/index.php?rest_route=%2Fwp%2Fv2%2Fmedia&parent=18090"}],"wp:term":[{"taxonomy":"category","embeddable":true,"href":"https:\/\/inclusivenews.com.br\/index.php?rest_route=%2Fwp%2Fv2%2Fcategories&post=18090"},{"taxonomy":"post_tag","embeddable":true,"href":"https:\/\/inclusivenews.com.br\/index.php?rest_route=%2Fwp%2Fv2%2Ftags&post=18090"}],"curies":[{"name":"wp","href":"https:\/\/api.w.org\/{rel}","templated":true}]}}