{"id":18091,"date":"2010-12-02T03:01:08","date_gmt":"2010-12-02T06:01:08","guid":{"rendered":"http:\/\/www.inclusive.org.br\/?p=18091"},"modified":"2010-12-02T03:01:08","modified_gmt":"2010-12-02T06:01:08","slug":"situacao-de-inseguranca-alimentar-e-mais-grave-para-negros","status":"publish","type":"post","link":"https:\/\/inclusivenews.com.br\/?p=18091","title":{"rendered":"Situa\u00e7\u00e3o de inseguran\u00e7a alimentar \u00e9 mais grave para negros"},"content":{"rendered":"<figure id=\"attachment_12403\" aria-describedby=\"caption-attachment-12403\" style=\"width: 214px\" class=\"wp-caption alignleft\"><a href=\"http:\/\/www.inclusivenews.com.br\/wp-content\/uploads\/2009\/11\/diferente.jpg\"><img loading=\"lazy\" decoding=\"async\" class=\"size-full wp-image-12403\" title=\"Inclusive - Diferente - s\u00edmbolo matem\u00e1tico da diferen\u00e7a. Dois tra\u00e7os paralelos cortados na diagonal por outro tra\u00e7o.\" src=\"http:\/\/inclusivenews.com.br\/wp-content\/uploads\/2009\/11\/diferente.jpg\" alt=\"Inclusive - Diferente - s\u00edmbolo matem\u00e1tico da diferen\u00e7a. Dois tra\u00e7os paralelos cortados na diagonal por outro tra\u00e7o.\" width=\"214\" height=\"149\" srcset=\"https:\/\/inclusivenews.com.br\/wp-content\/uploads\/2009\/11\/diferente.jpg 356w, https:\/\/inclusivenews.com.br\/wp-content\/uploads\/2009\/11\/diferente-300x210.jpg 300w\" sizes=\"auto, (max-width: 214px) 100vw, 214px\" \/><\/a><figcaption id=\"caption-attachment-12403\" class=\"wp-caption-text\"> <\/figcaption><\/figure>\n<p><strong>Isabela Vieira<\/strong><br \/>\nRep\u00f3rter da Ag\u00eancia Brasil<\/p>\n<p>Pesquisa do Instituto Brasileiro de Geografia e Estat\u00edstica (IBGE) divulgada hoje (25) mostra que os negros (pretos e pardos) t\u00eam mais dificuldade de acesso a alimentos de qualidade e em quantidades suficientes do que os brancos. O percentual de inseguran\u00e7a alimentar entre eles \u00e9 quase o dobro em rela\u00e7\u00e3o ao da popula\u00e7\u00e3o branca.<\/p>\n<p>Do total de 97,8 milh\u00f5es de negros no pa\u00eds, 43,4%, convivem com algum grau de inseguran\u00e7a alimentar em 2009, sendo que 18,6% vivenciam a situa\u00e7\u00e3o mais grave, de priva\u00e7\u00e3o de comida. O percentual \u00e9 seis vezes maior do que o de brancos na mesma situa\u00e7\u00e3o: 3%. Entre esses, 24,6% est\u00e3o em algum n\u00edvel de inseguran\u00e7a alimentar.<\/p>\n<p>Segundo a pesquisa, o fato de os negros estarem em maior n\u00famero entre a popula\u00e7\u00e3o com restri\u00e7\u00f5es alimentares pode estar relacionado ao rendimento, pois pertencem \u00e0 parcela mais pobre da popula\u00e7\u00e3o. O documento mostra que 55% dos domic\u00edlios com renda de at\u00e9 meio sal\u00e1rio m\u00ednimo n\u00e3o dispunham de alimentos de qualidade e em quantidade suficientes.<\/p>\n<p>Para a presidente da A\u00e7\u00e3o Brasileira pela Nutri\u00e7\u00e3o e Direitos Humanos (Abrandh), Mar\u00edlia Le\u00e3o, outras &#8220;desigualdades hist\u00f3ricas&#8221; tamb\u00e9m podem explicar a diferen\u00e7a entre brancos e negros. &#8220;Observamos que entre povos ind\u00edgenas e comunidades tradicionais h\u00e1 muita desigualdade se comparada com os brancos. Em rela\u00e7\u00e3o aos negros \u00e9 a mesma coisa. Por isso, as a\u00e7\u00f5es afirmativas s\u00e3o t\u00e3o importantes no sentido de essas desigualdade n\u00e3o existirem mais.&#8221;<\/p>\n<p>A preval\u00eancia de situa\u00e7\u00e3o de inseguran\u00e7a alimentar moderada (restri\u00e7\u00e3o de alimento nos tr\u00eas meses anteriores a pesquisa) tamb\u00e9m \u00e9 maior entre as fam\u00edlias chefiadas por mulheres (10,2%). No caso de domic\u00edlios com a pessoa de refer\u00eancia do sexo masculino era de 14,2%. A diferen\u00e7a se acentua no caso de fam\u00edlias com jovens at\u00e9 18 anos.<\/p>\n<p>Feito com base na Pesquisa Nacional por Amostra de Domic\u00edlios (Pnad), o suplemento do IBGE ainda mostra que em 2009, 8,1% das pessoas at\u00e9 17 anos n\u00e3o t\u00eam alimenta\u00e7\u00e3o de qualidade e entre a popula\u00e7\u00e3o com mais de 65 anos, a propor\u00e7\u00e3o \u00e9 de 3,6%.<\/p>\n<p>Edi\u00e7\u00e3o: Talita Cavalcante<\/p>\n<p>_________________<\/p>\n<p><strong>Fonte:<\/strong> <a href=\"http:\/\/agenciabrasil.ebc.com.br\/home\/-\/journal_content\/56\/19523\/1109880\">Ag\u00eancia Brasil<\/a><\/p>\n","protected":false},"excerpt":{"rendered":"<p>Do total de 97,8 milh\u00f5es de negros no pa\u00eds, 43,4%, convivem com algum grau de inseguran\u00e7a alimentar em 2009, sendo que 18,6% vivenciam a situa\u00e7\u00e3o mais grave, de priva\u00e7\u00e3o de comida. O percentual \u00e9 seis vezes maior do que o de brancos na mesma situa\u00e7\u00e3o: 3%. Entre esses, 24,6% est\u00e3o em algum n\u00edvel de inseguran\u00e7a alimentar. Da Ag\u00eancia Brasil.<\/p>\n","protected":false},"author":1,"featured_media":0,"comment_status":"open","ping_status":"open","sticky":false,"template":"","format":"standard","meta":{"site-container-style":"default","site-container-layout":"default","site-sidebar-layout":"default","disable-article-header":"default","disable-site-header":"default","disable-site-footer":"default","disable-content-area-spacing":"default","footnotes":""},"categories":[4],"tags":[],"class_list":["post-18091","post","type-post","status-publish","format-standard","hentry","category-noticias"],"yoast_head":"<!-- This site is optimized with the Yoast SEO plugin v27.4 - https:\/\/yoast.com\/product\/yoast-seo-wordpress\/ -->\n<title>Situa\u00e7\u00e3o de inseguran\u00e7a alimentar \u00e9 mais grave para negros -<\/title>\n<meta name=\"robots\" content=\"index, follow, max-snippet:-1, max-image-preview:large, max-video-preview:-1\" \/>\n<link rel=\"canonical\" href=\"https:\/\/inclusivenews.com.br\/?p=18091\" \/>\n<meta property=\"og:locale\" content=\"pt_PT\" \/>\n<meta property=\"og:type\" content=\"article\" \/>\n<meta property=\"og:title\" content=\"Situa\u00e7\u00e3o de inseguran\u00e7a alimentar \u00e9 mais grave para negros -\" \/>\n<meta property=\"og:description\" content=\"Do total de 97,8 milh\u00f5es de negros no pa\u00eds, 43,4%, convivem com algum grau de inseguran\u00e7a alimentar em 2009, sendo que 18,6% vivenciam a situa\u00e7\u00e3o mais grave, de priva\u00e7\u00e3o de comida. O percentual \u00e9 seis vezes maior do que o de brancos na mesma situa\u00e7\u00e3o: 3%. Entre esses, 24,6% est\u00e3o em algum n\u00edvel de inseguran\u00e7a alimentar. Da Ag\u00eancia Brasil.\" \/>\n<meta property=\"og:url\" content=\"https:\/\/inclusivenews.com.br\/?p=18091\" \/>\n<meta property=\"article:publisher\" content=\"https:\/\/www.facebook.com\/agenciainclusive\/\" \/>\n<meta property=\"article:published_time\" content=\"2010-12-02T06:01:08+00:00\" \/>\n<meta property=\"og:image\" content=\"http:\/\/inclusivenews.com.br\/wp-content\/uploads\/2009\/11\/diferente.jpg\" \/>\n<meta name=\"author\" content=\"inclusivenews2024\" \/>\n<meta name=\"twitter:card\" content=\"summary_large_image\" \/>\n<meta name=\"twitter:label1\" content=\"Escrito por\" \/>\n\t<meta name=\"twitter:data1\" content=\"inclusivenews2024\" \/>\n\t<meta name=\"twitter:label2\" content=\"Tempo estimado de leitura\" \/>\n\t<meta name=\"twitter:data2\" content=\"2 minutos\" \/>\n<script type=\"application\/ld+json\" class=\"yoast-schema-graph\">{\"@context\":\"https:\\\/\\\/schema.org\",\"@graph\":[{\"@type\":\"Article\",\"@id\":\"https:\\\/\\\/inclusivenews.com.br\\\/?p=18091#article\",\"isPartOf\":{\"@id\":\"https:\\\/\\\/inclusivenews.com.br\\\/?p=18091\"},\"author\":{\"name\":\"inclusivenews2024\",\"@id\":\"https:\\\/\\\/inclusivenews.com.br\\\/#\\\/schema\\\/person\\\/ae4ec7087559b8692fb33b6fffd2273b\"},\"headline\":\"Situa\u00e7\u00e3o de inseguran\u00e7a alimentar \u00e9 mais grave para negros\",\"datePublished\":\"2010-12-02T06:01:08+00:00\",\"mainEntityOfPage\":{\"@id\":\"https:\\\/\\\/inclusivenews.com.br\\\/?p=18091\"},\"wordCount\":394,\"commentCount\":1,\"publisher\":{\"@id\":\"https:\\\/\\\/inclusivenews.com.br\\\/#organization\"},\"image\":{\"@id\":\"https:\\\/\\\/inclusivenews.com.br\\\/?p=18091#primaryimage\"},\"thumbnailUrl\":\"http:\\\/\\\/inclusivenews.com.br\\\/wp-content\\\/uploads\\\/2009\\\/11\\\/diferente.jpg\",\"articleSection\":[\"NOT\u00cdCIAS\"],\"inLanguage\":\"pt-PT\",\"potentialAction\":[{\"@type\":\"CommentAction\",\"name\":\"Comment\",\"target\":[\"https:\\\/\\\/inclusivenews.com.br\\\/?p=18091#respond\"]}]},{\"@type\":\"WebPage\",\"@id\":\"https:\\\/\\\/inclusivenews.com.br\\\/?p=18091\",\"url\":\"https:\\\/\\\/inclusivenews.com.br\\\/?p=18091\",\"name\":\"Situa\u00e7\u00e3o de inseguran\u00e7a alimentar \u00e9 mais grave para negros -\",\"isPartOf\":{\"@id\":\"https:\\\/\\\/inclusivenews.com.br\\\/#website\"},\"primaryImageOfPage\":{\"@id\":\"https:\\\/\\\/inclusivenews.com.br\\\/?p=18091#primaryimage\"},\"image\":{\"@id\":\"https:\\\/\\\/inclusivenews.com.br\\\/?p=18091#primaryimage\"},\"thumbnailUrl\":\"http:\\\/\\\/inclusivenews.com.br\\\/wp-content\\\/uploads\\\/2009\\\/11\\\/diferente.jpg\",\"datePublished\":\"2010-12-02T06:01:08+00:00\",\"breadcrumb\":{\"@id\":\"https:\\\/\\\/inclusivenews.com.br\\\/?p=18091#breadcrumb\"},\"inLanguage\":\"pt-PT\",\"potentialAction\":[{\"@type\":\"ReadAction\",\"target\":[\"https:\\\/\\\/inclusivenews.com.br\\\/?p=18091\"]}]},{\"@type\":\"ImageObject\",\"inLanguage\":\"pt-PT\",\"@id\":\"https:\\\/\\\/inclusivenews.com.br\\\/?p=18091#primaryimage\",\"url\":\"https:\\\/\\\/inclusivenews.com.br\\\/wp-content\\\/uploads\\\/2009\\\/11\\\/diferente.jpg\",\"contentUrl\":\"https:\\\/\\\/inclusivenews.com.br\\\/wp-content\\\/uploads\\\/2009\\\/11\\\/diferente.jpg\",\"width\":356,\"height\":249,\"caption\":\"Inclusive - Diferente - s\u00edmbolo matem\u00e1tico da diferen\u00e7a. Dois tra\u00e7os paralelos cortados na diagonal por outro tra\u00e7o.\"},{\"@type\":\"BreadcrumbList\",\"@id\":\"https:\\\/\\\/inclusivenews.com.br\\\/?p=18091#breadcrumb\",\"itemListElement\":[{\"@type\":\"ListItem\",\"position\":1,\"name\":\"In\u00edcio\",\"item\":\"https:\\\/\\\/inclusivenews.com.br\\\/\"},{\"@type\":\"ListItem\",\"position\":2,\"name\":\"Situa\u00e7\u00e3o de inseguran\u00e7a alimentar \u00e9 mais grave para negros\"}]},{\"@type\":\"WebSite\",\"@id\":\"https:\\\/\\\/inclusivenews.com.br\\\/#website\",\"url\":\"https:\\\/\\\/inclusivenews.com.br\\\/\",\"name\":\"Inclusive News\",\"description\":\"Inclusive News\",\"publisher\":{\"@id\":\"https:\\\/\\\/inclusivenews.com.br\\\/#organization\"},\"potentialAction\":[{\"@type\":\"SearchAction\",\"target\":{\"@type\":\"EntryPoint\",\"urlTemplate\":\"https:\\\/\\\/inclusivenews.com.br\\\/?s={search_term_string}\"},\"query-input\":{\"@type\":\"PropertyValueSpecification\",\"valueRequired\":true,\"valueName\":\"search_term_string\"}}],\"inLanguage\":\"pt-PT\"},{\"@type\":\"Organization\",\"@id\":\"https:\\\/\\\/inclusivenews.com.br\\\/#organization\",\"name\":\"Inclusive - inclus\u00e3o e cidadania\",\"url\":\"https:\\\/\\\/inclusivenews.com.br\\\/\",\"logo\":{\"@type\":\"ImageObject\",\"inLanguage\":\"pt-PT\",\"@id\":\"https:\\\/\\\/inclusivenews.com.br\\\/#\\\/schema\\\/logo\\\/image\\\/\",\"url\":\"https:\\\/\\\/inclusivenews.com.br\\\/wp-content\\\/uploads\\\/2024\\\/03\\\/@grandesite.png\",\"contentUrl\":\"https:\\\/\\\/inclusivenews.com.br\\\/wp-content\\\/uploads\\\/2024\\\/03\\\/@grandesite.png\",\"width\":1080,\"height\":1080,\"caption\":\"Inclusive - inclus\u00e3o e cidadania\"},\"image\":{\"@id\":\"https:\\\/\\\/inclusivenews.com.br\\\/#\\\/schema\\\/logo\\\/image\\\/\"},\"sameAs\":[\"https:\\\/\\\/www.facebook.com\\\/agenciainclusive\\\/\",\"https:\\\/\\\/www.instagram.com\\\/newsinclusive\\\/\"]},{\"@type\":\"Person\",\"@id\":\"https:\\\/\\\/inclusivenews.com.br\\\/#\\\/schema\\\/person\\\/ae4ec7087559b8692fb33b6fffd2273b\",\"name\":\"inclusivenews2024\",\"image\":{\"@type\":\"ImageObject\",\"inLanguage\":\"pt-PT\",\"@id\":\"https:\\\/\\\/secure.gravatar.com\\\/avatar\\\/c5a7ef84c66fa914f55bc4f7ce26cfa275a3b9a1c5568b907bd184fb4dde7b40?s=96&d=mm&r=g\",\"url\":\"https:\\\/\\\/secure.gravatar.com\\\/avatar\\\/c5a7ef84c66fa914f55bc4f7ce26cfa275a3b9a1c5568b907bd184fb4dde7b40?s=96&d=mm&r=g\",\"contentUrl\":\"https:\\\/\\\/secure.gravatar.com\\\/avatar\\\/c5a7ef84c66fa914f55bc4f7ce26cfa275a3b9a1c5568b907bd184fb4dde7b40?s=96&d=mm&r=g\",\"caption\":\"inclusivenews2024\"},\"sameAs\":[\"https:\\\/\\\/inclusivenews.com.br\"],\"url\":\"https:\\\/\\\/inclusivenews.com.br\\\/?author=1\"}]}<\/script>\n<!-- \/ Yoast SEO plugin. -->","yoast_head_json":{"title":"Situa\u00e7\u00e3o de inseguran\u00e7a alimentar \u00e9 mais grave para negros -","robots":{"index":"index","follow":"follow","max-snippet":"max-snippet:-1","max-image-preview":"max-image-preview:large","max-video-preview":"max-video-preview:-1"},"canonical":"https:\/\/inclusivenews.com.br\/?p=18091","og_locale":"pt_PT","og_type":"article","og_title":"Situa\u00e7\u00e3o de inseguran\u00e7a alimentar \u00e9 mais grave para negros -","og_description":"Do total de 97,8 milh\u00f5es de negros no pa\u00eds, 43,4%, convivem com algum grau de inseguran\u00e7a alimentar em 2009, sendo que 18,6% vivenciam a situa\u00e7\u00e3o mais grave, de priva\u00e7\u00e3o de comida. O percentual \u00e9 seis vezes maior do que o de brancos na mesma situa\u00e7\u00e3o: 3%. Entre esses, 24,6% est\u00e3o em algum n\u00edvel de inseguran\u00e7a alimentar. Da Ag\u00eancia Brasil.","og_url":"https:\/\/inclusivenews.com.br\/?p=18091","article_publisher":"https:\/\/www.facebook.com\/agenciainclusive\/","article_published_time":"2010-12-02T06:01:08+00:00","og_image":[{"url":"http:\/\/inclusivenews.com.br\/wp-content\/uploads\/2009\/11\/diferente.jpg","type":"","width":"","height":""}],"author":"inclusivenews2024","twitter_card":"summary_large_image","twitter_misc":{"Escrito por":"inclusivenews2024","Tempo estimado de leitura":"2 minutos"},"schema":{"@context":"https:\/\/schema.org","@graph":[{"@type":"Article","@id":"https:\/\/inclusivenews.com.br\/?p=18091#article","isPartOf":{"@id":"https:\/\/inclusivenews.com.br\/?p=18091"},"author":{"name":"inclusivenews2024","@id":"https:\/\/inclusivenews.com.br\/#\/schema\/person\/ae4ec7087559b8692fb33b6fffd2273b"},"headline":"Situa\u00e7\u00e3o de inseguran\u00e7a alimentar \u00e9 mais grave para negros","datePublished":"2010-12-02T06:01:08+00:00","mainEntityOfPage":{"@id":"https:\/\/inclusivenews.com.br\/?p=18091"},"wordCount":394,"commentCount":1,"publisher":{"@id":"https:\/\/inclusivenews.com.br\/#organization"},"image":{"@id":"https:\/\/inclusivenews.com.br\/?p=18091#primaryimage"},"thumbnailUrl":"http:\/\/inclusivenews.com.br\/wp-content\/uploads\/2009\/11\/diferente.jpg","articleSection":["NOT\u00cdCIAS"],"inLanguage":"pt-PT","potentialAction":[{"@type":"CommentAction","name":"Comment","target":["https:\/\/inclusivenews.com.br\/?p=18091#respond"]}]},{"@type":"WebPage","@id":"https:\/\/inclusivenews.com.br\/?p=18091","url":"https:\/\/inclusivenews.com.br\/?p=18091","name":"Situa\u00e7\u00e3o de inseguran\u00e7a alimentar \u00e9 mais grave para negros -","isPartOf":{"@id":"https:\/\/inclusivenews.com.br\/#website"},"primaryImageOfPage":{"@id":"https:\/\/inclusivenews.com.br\/?p=18091#primaryimage"},"image":{"@id":"https:\/\/inclusivenews.com.br\/?p=18091#primaryimage"},"thumbnailUrl":"http:\/\/inclusivenews.com.br\/wp-content\/uploads\/2009\/11\/diferente.jpg","datePublished":"2010-12-02T06:01:08+00:00","breadcrumb":{"@id":"https:\/\/inclusivenews.com.br\/?p=18091#breadcrumb"},"inLanguage":"pt-PT","potentialAction":[{"@type":"ReadAction","target":["https:\/\/inclusivenews.com.br\/?p=18091"]}]},{"@type":"ImageObject","inLanguage":"pt-PT","@id":"https:\/\/inclusivenews.com.br\/?p=18091#primaryimage","url":"https:\/\/inclusivenews.com.br\/wp-content\/uploads\/2009\/11\/diferente.jpg","contentUrl":"https:\/\/inclusivenews.com.br\/wp-content\/uploads\/2009\/11\/diferente.jpg","width":356,"height":249,"caption":"Inclusive - Diferente - s\u00edmbolo matem\u00e1tico da diferen\u00e7a. Dois tra\u00e7os paralelos cortados na diagonal por outro tra\u00e7o."},{"@type":"BreadcrumbList","@id":"https:\/\/inclusivenews.com.br\/?p=18091#breadcrumb","itemListElement":[{"@type":"ListItem","position":1,"name":"In\u00edcio","item":"https:\/\/inclusivenews.com.br\/"},{"@type":"ListItem","position":2,"name":"Situa\u00e7\u00e3o de inseguran\u00e7a alimentar \u00e9 mais grave para negros"}]},{"@type":"WebSite","@id":"https:\/\/inclusivenews.com.br\/#website","url":"https:\/\/inclusivenews.com.br\/","name":"Inclusive News","description":"Inclusive News","publisher":{"@id":"https:\/\/inclusivenews.com.br\/#organization"},"potentialAction":[{"@type":"SearchAction","target":{"@type":"EntryPoint","urlTemplate":"https:\/\/inclusivenews.com.br\/?s={search_term_string}"},"query-input":{"@type":"PropertyValueSpecification","valueRequired":true,"valueName":"search_term_string"}}],"inLanguage":"pt-PT"},{"@type":"Organization","@id":"https:\/\/inclusivenews.com.br\/#organization","name":"Inclusive - inclus\u00e3o e cidadania","url":"https:\/\/inclusivenews.com.br\/","logo":{"@type":"ImageObject","inLanguage":"pt-PT","@id":"https:\/\/inclusivenews.com.br\/#\/schema\/logo\/image\/","url":"https:\/\/inclusivenews.com.br\/wp-content\/uploads\/2024\/03\/@grandesite.png","contentUrl":"https:\/\/inclusivenews.com.br\/wp-content\/uploads\/2024\/03\/@grandesite.png","width":1080,"height":1080,"caption":"Inclusive - inclus\u00e3o e cidadania"},"image":{"@id":"https:\/\/inclusivenews.com.br\/#\/schema\/logo\/image\/"},"sameAs":["https:\/\/www.facebook.com\/agenciainclusive\/","https:\/\/www.instagram.com\/newsinclusive\/"]},{"@type":"Person","@id":"https:\/\/inclusivenews.com.br\/#\/schema\/person\/ae4ec7087559b8692fb33b6fffd2273b","name":"inclusivenews2024","image":{"@type":"ImageObject","inLanguage":"pt-PT","@id":"https:\/\/secure.gravatar.com\/avatar\/c5a7ef84c66fa914f55bc4f7ce26cfa275a3b9a1c5568b907bd184fb4dde7b40?s=96&d=mm&r=g","url":"https:\/\/secure.gravatar.com\/avatar\/c5a7ef84c66fa914f55bc4f7ce26cfa275a3b9a1c5568b907bd184fb4dde7b40?s=96&d=mm&r=g","contentUrl":"https:\/\/secure.gravatar.com\/avatar\/c5a7ef84c66fa914f55bc4f7ce26cfa275a3b9a1c5568b907bd184fb4dde7b40?s=96&d=mm&r=g","caption":"inclusivenews2024"},"sameAs":["https:\/\/inclusivenews.com.br"],"url":"https:\/\/inclusivenews.com.br\/?author=1"}]}},"_links":{"self":[{"href":"https:\/\/inclusivenews.com.br\/index.php?rest_route=\/wp\/v2\/posts\/18091","targetHints":{"allow":["GET"]}}],"collection":[{"href":"https:\/\/inclusivenews.com.br\/index.php?rest_route=\/wp\/v2\/posts"}],"about":[{"href":"https:\/\/inclusivenews.com.br\/index.php?rest_route=\/wp\/v2\/types\/post"}],"author":[{"embeddable":true,"href":"https:\/\/inclusivenews.com.br\/index.php?rest_route=\/wp\/v2\/users\/1"}],"replies":[{"embeddable":true,"href":"https:\/\/inclusivenews.com.br\/index.php?rest_route=%2Fwp%2Fv2%2Fcomments&post=18091"}],"version-history":[{"count":0,"href":"https:\/\/inclusivenews.com.br\/index.php?rest_route=\/wp\/v2\/posts\/18091\/revisions"}],"wp:attachment":[{"href":"https:\/\/inclusivenews.com.br\/index.php?rest_route=%2Fwp%2Fv2%2Fmedia&parent=18091"}],"wp:term":[{"taxonomy":"category","embeddable":true,"href":"https:\/\/inclusivenews.com.br\/index.php?rest_route=%2Fwp%2Fv2%2Fcategories&post=18091"},{"taxonomy":"post_tag","embeddable":true,"href":"https:\/\/inclusivenews.com.br\/index.php?rest_route=%2Fwp%2Fv2%2Ftags&post=18091"}],"curies":[{"name":"wp","href":"https:\/\/api.w.org\/{rel}","templated":true}]}}