{"id":18092,"date":"2010-12-02T03:02:13","date_gmt":"2010-12-02T06:02:13","guid":{"rendered":"http:\/\/www.inclusive.org.br\/?p=18092"},"modified":"2010-12-02T03:02:13","modified_gmt":"2010-12-02T06:02:13","slug":"campanha-presidencial-colocou-direitos-sexuais-e-reprodutivos-no-lixo-diz-representante-de-homossexuais","status":"publish","type":"post","link":"https:\/\/inclusivenews.com.br\/?p=18092","title":{"rendered":"Campanha presidencial colocou direitos sexuais e reprodutivos no lixo, diz representante de homossexuais"},"content":{"rendered":"<figure style=\"width: 315px\" class=\"wp-caption alignleft\"><img loading=\"lazy\" decoding=\"async\" title=\"Integrantes da mesa de trabalho no Senado\" src=\"http:\/\/www.senado.gov.br\/noticias\/inc\/multimidia\/verImagem.aspx?codImagem=290273\" alt=\"Integrantes da mesa de trabalho no Senado\" width=\"315\" height=\"204\" \/><figcaption class=\"wp-caption-text\">Foto: Cristina Gallo, Senado Federal<\/figcaption><\/figure>\n<p>Ao comentar, na \u00faltima quarta-feira (24), a campanha eleitoral \u00e0 Presid\u00eancia da Rep\u00fablica, Beto de Jesus, secret\u00e1rio da Associa\u00e7\u00e3o Brasileira de L\u00e9sbicas, Gays, Bissexuais, Travestis e Transexuais (ABGLT) para a Regi\u00e3o Sudeste, declarou que os &#8220;avan\u00e7os na luta dos direitos sexuais e reprodutivos foram praticamente colocados no lixo&#8221; durante os debates do segundo turno entre Dilma Rousseff, eleita, e Jos\u00e9 Serra. Ele disse que &#8220;o direito dos homossexuais, o direito da mulher ao seu corpo e das l\u00e9sbicas de terem leis que lhes garantam n\u00e3o foram considerados&#8221;.<\/p>\n<p>&#8211; Os dois presidenci\u00e1veis foram obrigados a dizer \u00e0 sociedade que n\u00e3o v\u00e3o impulsionar direitos para essas popula\u00e7\u00f5es &#8211; afirmou ele.<\/p>\n<p>Beto de Jesus avalia que &#8220;isso \u00e9 mau para a democracia, porque colocaram os direitos individuais para ser o fiel de balan\u00e7a [na campanha]&#8221;.<\/p>\n<p>O secret\u00e1rio da ABGLT fez essas declara\u00e7\u00f5es durante audi\u00eancia p\u00fablica promovida pela Comiss\u00e3o de Educa\u00e7\u00e3o, Cultura e Esporte do Senado (CE). A reuni\u00e3o foi solicitada pela senadora F\u00e1tima Cleide (PT-RO), relatora do projeto de lei que, entre outras medidas, transforma em crime a discrimina\u00e7\u00e3o contra homossexuais.<\/p>\n<p>O deputado federal rec\u00e9m-eleito Jean Wyllys (PSOL-RJ), em conson\u00e2ncia com Beto de Jesus, disse que houve &#8220;um rebaixamento do debate durante o segundo turno da campanha eleitoral&#8221;. Jean Wyllys disse ainda que &#8220;a onda homof\u00f3bica que vemos agora \u00e9 uma resposta \u00e0 visibilidade gay, na medida em que determinados movimentos sociais conquistam seu espa\u00e7o de representa\u00e7\u00e3o&#8221;.<\/p>\n<p>&#8211; Isso incomoda os mais conservadores, que reagem dessa maneira &#8211; concluiu ele.<\/p>\n<p>Ricardo Koiti Koshimizu \/ Ag\u00eancia Senado<\/p>\n<p>___________________<\/p>\n<p><strong>Fonte:<\/strong> <a href=\"http:\/\/www.senado.gov.br\/noticias\/verNoticia.aspx?codNoticia=105652&amp;codAplicativo=2&amp;codEditoria=3\">Ag\u00eancia Senado<\/a><\/p>\n","protected":false},"excerpt":{"rendered":"<p>O secret\u00e1rio da ABGLT fez essas declara\u00e7\u00f5es durante audi\u00eancia p\u00fablica promovida pela Comiss\u00e3o de Educa\u00e7\u00e3o, Cultura e Esporte do Senado (CE). A reuni\u00e3o foi solicitada pela senadora F\u00e1tima Cleide (PT-RO), relatora do projeto de lei que, entre outras medidas, transforma em crime a discrimina\u00e7\u00e3o contra homossexuais. Da Ag\u00eancia Senado.<\/p>\n","protected":false},"author":1,"featured_media":0,"comment_status":"open","ping_status":"open","sticky":false,"template":"","format":"standard","meta":{"site-container-style":"default","site-container-layout":"default","site-sidebar-layout":"default","disable-article-header":"default","disable-site-header":"default","disable-site-footer":"default","disable-content-area-spacing":"default","footnotes":""},"categories":[4],"tags":[95],"class_list":["post-18092","post","type-post","status-publish","format-standard","hentry","category-noticias","tag-homofobia"],"yoast_head":"<!-- This site is optimized with the Yoast SEO plugin v27.4 - https:\/\/yoast.com\/product\/yoast-seo-wordpress\/ -->\n<title>Campanha presidencial colocou direitos sexuais e reprodutivos no lixo, diz representante de homossexuais -<\/title>\n<meta name=\"robots\" content=\"index, follow, max-snippet:-1, max-image-preview:large, max-video-preview:-1\" \/>\n<link rel=\"canonical\" href=\"https:\/\/inclusivenews.com.br\/?p=18092\" \/>\n<meta property=\"og:locale\" content=\"pt_PT\" \/>\n<meta property=\"og:type\" content=\"article\" \/>\n<meta property=\"og:title\" content=\"Campanha presidencial colocou direitos sexuais e reprodutivos no lixo, diz representante de homossexuais -\" \/>\n<meta property=\"og:description\" content=\"O secret\u00e1rio da ABGLT fez essas declara\u00e7\u00f5es durante audi\u00eancia p\u00fablica promovida pela Comiss\u00e3o de Educa\u00e7\u00e3o, Cultura e Esporte do Senado (CE). A reuni\u00e3o foi solicitada pela senadora F\u00e1tima Cleide (PT-RO), relatora do projeto de lei que, entre outras medidas, transforma em crime a discrimina\u00e7\u00e3o contra homossexuais. Da Ag\u00eancia Senado.\" \/>\n<meta property=\"og:url\" content=\"https:\/\/inclusivenews.com.br\/?p=18092\" \/>\n<meta property=\"article:publisher\" content=\"https:\/\/www.facebook.com\/agenciainclusive\/\" \/>\n<meta property=\"article:published_time\" content=\"2010-12-02T06:02:13+00:00\" \/>\n<meta property=\"og:image\" content=\"http:\/\/www.senado.gov.br\/noticias\/inc\/multimidia\/verImagem.aspx?codImagem=290273\" \/>\n<meta name=\"author\" content=\"inclusivenews2024\" \/>\n<meta name=\"twitter:card\" content=\"summary_large_image\" \/>\n<meta name=\"twitter:label1\" content=\"Escrito por\" \/>\n\t<meta name=\"twitter:data1\" content=\"inclusivenews2024\" \/>\n\t<meta name=\"twitter:label2\" content=\"Tempo estimado de leitura\" \/>\n\t<meta name=\"twitter:data2\" content=\"1 minuto\" \/>\n<script type=\"application\/ld+json\" class=\"yoast-schema-graph\">{\"@context\":\"https:\\\/\\\/schema.org\",\"@graph\":[{\"@type\":\"Article\",\"@id\":\"https:\\\/\\\/inclusivenews.com.br\\\/?p=18092#article\",\"isPartOf\":{\"@id\":\"https:\\\/\\\/inclusivenews.com.br\\\/?p=18092\"},\"author\":{\"name\":\"inclusivenews2024\",\"@id\":\"https:\\\/\\\/inclusivenews.com.br\\\/#\\\/schema\\\/person\\\/ae4ec7087559b8692fb33b6fffd2273b\"},\"headline\":\"Campanha presidencial colocou direitos sexuais e reprodutivos no lixo, diz representante de homossexuais\",\"datePublished\":\"2010-12-02T06:02:13+00:00\",\"mainEntityOfPage\":{\"@id\":\"https:\\\/\\\/inclusivenews.com.br\\\/?p=18092\"},\"wordCount\":304,\"commentCount\":0,\"publisher\":{\"@id\":\"https:\\\/\\\/inclusivenews.com.br\\\/#organization\"},\"image\":{\"@id\":\"https:\\\/\\\/inclusivenews.com.br\\\/?p=18092#primaryimage\"},\"thumbnailUrl\":\"http:\\\/\\\/www.senado.gov.br\\\/noticias\\\/inc\\\/multimidia\\\/verImagem.aspx?codImagem=290273\",\"keywords\":[\"homofobia\"],\"articleSection\":[\"NOT\u00cdCIAS\"],\"inLanguage\":\"pt-PT\",\"potentialAction\":[{\"@type\":\"CommentAction\",\"name\":\"Comment\",\"target\":[\"https:\\\/\\\/inclusivenews.com.br\\\/?p=18092#respond\"]}]},{\"@type\":\"WebPage\",\"@id\":\"https:\\\/\\\/inclusivenews.com.br\\\/?p=18092\",\"url\":\"https:\\\/\\\/inclusivenews.com.br\\\/?p=18092\",\"name\":\"Campanha presidencial colocou direitos sexuais e reprodutivos no lixo, diz representante de homossexuais -\",\"isPartOf\":{\"@id\":\"https:\\\/\\\/inclusivenews.com.br\\\/#website\"},\"primaryImageOfPage\":{\"@id\":\"https:\\\/\\\/inclusivenews.com.br\\\/?p=18092#primaryimage\"},\"image\":{\"@id\":\"https:\\\/\\\/inclusivenews.com.br\\\/?p=18092#primaryimage\"},\"thumbnailUrl\":\"http:\\\/\\\/www.senado.gov.br\\\/noticias\\\/inc\\\/multimidia\\\/verImagem.aspx?codImagem=290273\",\"datePublished\":\"2010-12-02T06:02:13+00:00\",\"breadcrumb\":{\"@id\":\"https:\\\/\\\/inclusivenews.com.br\\\/?p=18092#breadcrumb\"},\"inLanguage\":\"pt-PT\",\"potentialAction\":[{\"@type\":\"ReadAction\",\"target\":[\"https:\\\/\\\/inclusivenews.com.br\\\/?p=18092\"]}]},{\"@type\":\"ImageObject\",\"inLanguage\":\"pt-PT\",\"@id\":\"https:\\\/\\\/inclusivenews.com.br\\\/?p=18092#primaryimage\",\"url\":\"http:\\\/\\\/www.senado.gov.br\\\/noticias\\\/inc\\\/multimidia\\\/verImagem.aspx?codImagem=290273\",\"contentUrl\":\"http:\\\/\\\/www.senado.gov.br\\\/noticias\\\/inc\\\/multimidia\\\/verImagem.aspx?codImagem=290273\"},{\"@type\":\"BreadcrumbList\",\"@id\":\"https:\\\/\\\/inclusivenews.com.br\\\/?p=18092#breadcrumb\",\"itemListElement\":[{\"@type\":\"ListItem\",\"position\":1,\"name\":\"In\u00edcio\",\"item\":\"https:\\\/\\\/inclusivenews.com.br\\\/\"},{\"@type\":\"ListItem\",\"position\":2,\"name\":\"Campanha presidencial colocou direitos sexuais e reprodutivos no lixo, diz representante de homossexuais\"}]},{\"@type\":\"WebSite\",\"@id\":\"https:\\\/\\\/inclusivenews.com.br\\\/#website\",\"url\":\"https:\\\/\\\/inclusivenews.com.br\\\/\",\"name\":\"Inclusive News\",\"description\":\"Inclusive News\",\"publisher\":{\"@id\":\"https:\\\/\\\/inclusivenews.com.br\\\/#organization\"},\"potentialAction\":[{\"@type\":\"SearchAction\",\"target\":{\"@type\":\"EntryPoint\",\"urlTemplate\":\"https:\\\/\\\/inclusivenews.com.br\\\/?s={search_term_string}\"},\"query-input\":{\"@type\":\"PropertyValueSpecification\",\"valueRequired\":true,\"valueName\":\"search_term_string\"}}],\"inLanguage\":\"pt-PT\"},{\"@type\":\"Organization\",\"@id\":\"https:\\\/\\\/inclusivenews.com.br\\\/#organization\",\"name\":\"Inclusive - inclus\u00e3o e cidadania\",\"url\":\"https:\\\/\\\/inclusivenews.com.br\\\/\",\"logo\":{\"@type\":\"ImageObject\",\"inLanguage\":\"pt-PT\",\"@id\":\"https:\\\/\\\/inclusivenews.com.br\\\/#\\\/schema\\\/logo\\\/image\\\/\",\"url\":\"https:\\\/\\\/inclusivenews.com.br\\\/wp-content\\\/uploads\\\/2024\\\/03\\\/@grandesite.png\",\"contentUrl\":\"https:\\\/\\\/inclusivenews.com.br\\\/wp-content\\\/uploads\\\/2024\\\/03\\\/@grandesite.png\",\"width\":1080,\"height\":1080,\"caption\":\"Inclusive - inclus\u00e3o e cidadania\"},\"image\":{\"@id\":\"https:\\\/\\\/inclusivenews.com.br\\\/#\\\/schema\\\/logo\\\/image\\\/\"},\"sameAs\":[\"https:\\\/\\\/www.facebook.com\\\/agenciainclusive\\\/\",\"https:\\\/\\\/www.instagram.com\\\/newsinclusive\\\/\"]},{\"@type\":\"Person\",\"@id\":\"https:\\\/\\\/inclusivenews.com.br\\\/#\\\/schema\\\/person\\\/ae4ec7087559b8692fb33b6fffd2273b\",\"name\":\"inclusivenews2024\",\"image\":{\"@type\":\"ImageObject\",\"inLanguage\":\"pt-PT\",\"@id\":\"https:\\\/\\\/secure.gravatar.com\\\/avatar\\\/c5a7ef84c66fa914f55bc4f7ce26cfa275a3b9a1c5568b907bd184fb4dde7b40?s=96&d=mm&r=g\",\"url\":\"https:\\\/\\\/secure.gravatar.com\\\/avatar\\\/c5a7ef84c66fa914f55bc4f7ce26cfa275a3b9a1c5568b907bd184fb4dde7b40?s=96&d=mm&r=g\",\"contentUrl\":\"https:\\\/\\\/secure.gravatar.com\\\/avatar\\\/c5a7ef84c66fa914f55bc4f7ce26cfa275a3b9a1c5568b907bd184fb4dde7b40?s=96&d=mm&r=g\",\"caption\":\"inclusivenews2024\"},\"sameAs\":[\"https:\\\/\\\/inclusivenews.com.br\"],\"url\":\"https:\\\/\\\/inclusivenews.com.br\\\/?author=1\"}]}<\/script>\n<!-- \/ Yoast SEO plugin. -->","yoast_head_json":{"title":"Campanha presidencial colocou direitos sexuais e reprodutivos no lixo, diz representante de homossexuais -","robots":{"index":"index","follow":"follow","max-snippet":"max-snippet:-1","max-image-preview":"max-image-preview:large","max-video-preview":"max-video-preview:-1"},"canonical":"https:\/\/inclusivenews.com.br\/?p=18092","og_locale":"pt_PT","og_type":"article","og_title":"Campanha presidencial colocou direitos sexuais e reprodutivos no lixo, diz representante de homossexuais -","og_description":"O secret\u00e1rio da ABGLT fez essas declara\u00e7\u00f5es durante audi\u00eancia p\u00fablica promovida pela Comiss\u00e3o de Educa\u00e7\u00e3o, Cultura e Esporte do Senado (CE). A reuni\u00e3o foi solicitada pela senadora F\u00e1tima Cleide (PT-RO), relatora do projeto de lei que, entre outras medidas, transforma em crime a discrimina\u00e7\u00e3o contra homossexuais. Da Ag\u00eancia Senado.","og_url":"https:\/\/inclusivenews.com.br\/?p=18092","article_publisher":"https:\/\/www.facebook.com\/agenciainclusive\/","article_published_time":"2010-12-02T06:02:13+00:00","og_image":[{"url":"http:\/\/www.senado.gov.br\/noticias\/inc\/multimidia\/verImagem.aspx?codImagem=290273","type":"","width":"","height":""}],"author":"inclusivenews2024","twitter_card":"summary_large_image","twitter_misc":{"Escrito por":"inclusivenews2024","Tempo estimado de leitura":"1 minuto"},"schema":{"@context":"https:\/\/schema.org","@graph":[{"@type":"Article","@id":"https:\/\/inclusivenews.com.br\/?p=18092#article","isPartOf":{"@id":"https:\/\/inclusivenews.com.br\/?p=18092"},"author":{"name":"inclusivenews2024","@id":"https:\/\/inclusivenews.com.br\/#\/schema\/person\/ae4ec7087559b8692fb33b6fffd2273b"},"headline":"Campanha presidencial colocou direitos sexuais e reprodutivos no lixo, diz representante de homossexuais","datePublished":"2010-12-02T06:02:13+00:00","mainEntityOfPage":{"@id":"https:\/\/inclusivenews.com.br\/?p=18092"},"wordCount":304,"commentCount":0,"publisher":{"@id":"https:\/\/inclusivenews.com.br\/#organization"},"image":{"@id":"https:\/\/inclusivenews.com.br\/?p=18092#primaryimage"},"thumbnailUrl":"http:\/\/www.senado.gov.br\/noticias\/inc\/multimidia\/verImagem.aspx?codImagem=290273","keywords":["homofobia"],"articleSection":["NOT\u00cdCIAS"],"inLanguage":"pt-PT","potentialAction":[{"@type":"CommentAction","name":"Comment","target":["https:\/\/inclusivenews.com.br\/?p=18092#respond"]}]},{"@type":"WebPage","@id":"https:\/\/inclusivenews.com.br\/?p=18092","url":"https:\/\/inclusivenews.com.br\/?p=18092","name":"Campanha presidencial colocou direitos sexuais e reprodutivos no lixo, diz representante de homossexuais -","isPartOf":{"@id":"https:\/\/inclusivenews.com.br\/#website"},"primaryImageOfPage":{"@id":"https:\/\/inclusivenews.com.br\/?p=18092#primaryimage"},"image":{"@id":"https:\/\/inclusivenews.com.br\/?p=18092#primaryimage"},"thumbnailUrl":"http:\/\/www.senado.gov.br\/noticias\/inc\/multimidia\/verImagem.aspx?codImagem=290273","datePublished":"2010-12-02T06:02:13+00:00","breadcrumb":{"@id":"https:\/\/inclusivenews.com.br\/?p=18092#breadcrumb"},"inLanguage":"pt-PT","potentialAction":[{"@type":"ReadAction","target":["https:\/\/inclusivenews.com.br\/?p=18092"]}]},{"@type":"ImageObject","inLanguage":"pt-PT","@id":"https:\/\/inclusivenews.com.br\/?p=18092#primaryimage","url":"http:\/\/www.senado.gov.br\/noticias\/inc\/multimidia\/verImagem.aspx?codImagem=290273","contentUrl":"http:\/\/www.senado.gov.br\/noticias\/inc\/multimidia\/verImagem.aspx?codImagem=290273"},{"@type":"BreadcrumbList","@id":"https:\/\/inclusivenews.com.br\/?p=18092#breadcrumb","itemListElement":[{"@type":"ListItem","position":1,"name":"In\u00edcio","item":"https:\/\/inclusivenews.com.br\/"},{"@type":"ListItem","position":2,"name":"Campanha presidencial colocou direitos sexuais e reprodutivos no lixo, diz representante de homossexuais"}]},{"@type":"WebSite","@id":"https:\/\/inclusivenews.com.br\/#website","url":"https:\/\/inclusivenews.com.br\/","name":"Inclusive News","description":"Inclusive News","publisher":{"@id":"https:\/\/inclusivenews.com.br\/#organization"},"potentialAction":[{"@type":"SearchAction","target":{"@type":"EntryPoint","urlTemplate":"https:\/\/inclusivenews.com.br\/?s={search_term_string}"},"query-input":{"@type":"PropertyValueSpecification","valueRequired":true,"valueName":"search_term_string"}}],"inLanguage":"pt-PT"},{"@type":"Organization","@id":"https:\/\/inclusivenews.com.br\/#organization","name":"Inclusive - inclus\u00e3o e cidadania","url":"https:\/\/inclusivenews.com.br\/","logo":{"@type":"ImageObject","inLanguage":"pt-PT","@id":"https:\/\/inclusivenews.com.br\/#\/schema\/logo\/image\/","url":"https:\/\/inclusivenews.com.br\/wp-content\/uploads\/2024\/03\/@grandesite.png","contentUrl":"https:\/\/inclusivenews.com.br\/wp-content\/uploads\/2024\/03\/@grandesite.png","width":1080,"height":1080,"caption":"Inclusive - inclus\u00e3o e cidadania"},"image":{"@id":"https:\/\/inclusivenews.com.br\/#\/schema\/logo\/image\/"},"sameAs":["https:\/\/www.facebook.com\/agenciainclusive\/","https:\/\/www.instagram.com\/newsinclusive\/"]},{"@type":"Person","@id":"https:\/\/inclusivenews.com.br\/#\/schema\/person\/ae4ec7087559b8692fb33b6fffd2273b","name":"inclusivenews2024","image":{"@type":"ImageObject","inLanguage":"pt-PT","@id":"https:\/\/secure.gravatar.com\/avatar\/c5a7ef84c66fa914f55bc4f7ce26cfa275a3b9a1c5568b907bd184fb4dde7b40?s=96&d=mm&r=g","url":"https:\/\/secure.gravatar.com\/avatar\/c5a7ef84c66fa914f55bc4f7ce26cfa275a3b9a1c5568b907bd184fb4dde7b40?s=96&d=mm&r=g","contentUrl":"https:\/\/secure.gravatar.com\/avatar\/c5a7ef84c66fa914f55bc4f7ce26cfa275a3b9a1c5568b907bd184fb4dde7b40?s=96&d=mm&r=g","caption":"inclusivenews2024"},"sameAs":["https:\/\/inclusivenews.com.br"],"url":"https:\/\/inclusivenews.com.br\/?author=1"}]}},"_links":{"self":[{"href":"https:\/\/inclusivenews.com.br\/index.php?rest_route=\/wp\/v2\/posts\/18092","targetHints":{"allow":["GET"]}}],"collection":[{"href":"https:\/\/inclusivenews.com.br\/index.php?rest_route=\/wp\/v2\/posts"}],"about":[{"href":"https:\/\/inclusivenews.com.br\/index.php?rest_route=\/wp\/v2\/types\/post"}],"author":[{"embeddable":true,"href":"https:\/\/inclusivenews.com.br\/index.php?rest_route=\/wp\/v2\/users\/1"}],"replies":[{"embeddable":true,"href":"https:\/\/inclusivenews.com.br\/index.php?rest_route=%2Fwp%2Fv2%2Fcomments&post=18092"}],"version-history":[{"count":0,"href":"https:\/\/inclusivenews.com.br\/index.php?rest_route=\/wp\/v2\/posts\/18092\/revisions"}],"wp:attachment":[{"href":"https:\/\/inclusivenews.com.br\/index.php?rest_route=%2Fwp%2Fv2%2Fmedia&parent=18092"}],"wp:term":[{"taxonomy":"category","embeddable":true,"href":"https:\/\/inclusivenews.com.br\/index.php?rest_route=%2Fwp%2Fv2%2Fcategories&post=18092"},{"taxonomy":"post_tag","embeddable":true,"href":"https:\/\/inclusivenews.com.br\/index.php?rest_route=%2Fwp%2Fv2%2Ftags&post=18092"}],"curies":[{"name":"wp","href":"https:\/\/api.w.org\/{rel}","templated":true}]}}