{"id":18095,"date":"2010-12-02T03:01:42","date_gmt":"2010-12-02T06:01:42","guid":{"rendered":"http:\/\/www.inclusive.org.br\/?p=18095"},"modified":"2010-12-02T03:01:42","modified_gmt":"2010-12-02T06:01:42","slug":"moradores-de-rua-querem-protecao-contra-violacao-de-direitos-pelos-estados-e-municipios","status":"publish","type":"post","link":"https:\/\/inclusivenews.com.br\/?p=18095","title":{"rendered":"Moradores de rua querem prote\u00e7\u00e3o contra viola\u00e7\u00e3o de direitos pelos estados e munic\u00edpios"},"content":{"rendered":"<figure id=\"attachment_14101\" aria-describedby=\"caption-attachment-14101\" style=\"width: 280px\" class=\"wp-caption alignleft\"><a href=\"http:\/\/www.inclusivenews.com.br\/wp-content\/uploads\/2010\/02\/indigencia.jpg\"><img loading=\"lazy\" decoding=\"async\" class=\"size-full wp-image-14101\" title=\"Inclusive - imagem de morador de rua em pra\u00e7a urbana.\" src=\"http:\/\/inclusivenews.com.br\/wp-content\/uploads\/2010\/02\/indigencia.jpg\" alt=\"Inclusive - imagem de morador de rua em pra\u00e7a urbana.\" width=\"280\" height=\"163\" \/><\/a><figcaption id=\"caption-attachment-14101\" class=\"wp-caption-text\"> <\/figcaption><\/figure>\n<p><strong>Gilberto Costa<\/strong><br \/>\nRep\u00f3rter da Ag\u00eancia Brasil<\/p>\n<p>O Movimento Nacional dos Moradores de Rua (MNMR) quer ampliar os or\u00e7amentos da Uni\u00e3o, dos estados e dos munic\u00edpios para atendimento da popula\u00e7\u00e3o que vive nessa situa\u00e7\u00e3o. O movimento reclama da viol\u00eancia cometida pelas pol\u00edcias militares e civis e pelas guardas municipais. \u201cN\u00e3o adianta falar da esfera federal se n\u00e3o convencer os munic\u00edpios e os estados, que s\u00e3o os maiores violadores de direitos dessa popula\u00e7\u00e3o\u201d, disse Anderson Lopes Miranda, da coordena\u00e7\u00e3o nacional do MNMR.<\/p>\n<p>Segundo ele, \u201cos prefeitos ainda pagam passagens para expulsar moradores de rua da sua cidade, as pol\u00edcias dos estados violam direitos e guardas municipais agridem\u201d, critica ao reclamar dos \u201cchoques de ordem\u201d no Rio de Janeiro; de \u201ca\u00e7\u00f5es higienistas\u201d em S\u00e3o Paulo; e dos guardas municipais de Belo Horizonte, \u201cque ainda tomam documento dos moradores de rua\u201d.<\/p>\n<p>O coordenador do MNMR assinala que, al\u00e9m da viol\u00eancia, os estados e munic\u00edpios erram ao destinar recursos da assist\u00eancia social apenas para atendimento dos moradores de rua e n\u00e3o para pol\u00edticas de moradia, sa\u00fade, educa\u00e7\u00e3o, trabalho, lazer e cultura.<\/p>\n<p>\u201cAlgumas pol\u00edticas tentam construir direitos e outras tentam desconstruir esses direitos\u201d, reconheceu Val\u00e9ria Ganelli, secret\u00e1ria nacional adjunta de Assist\u00eancia Social do Minist\u00e9rio do Desenvolvimento Social na abertura do Semin\u00e1rio Nacional sobre Direitos e Garantias da Popula\u00e7\u00e3o promovido hoje (29) e amanh\u00e3, em Bras\u00edlia, pela Secretaria de Direitos Humanos (SDH) da Presid\u00eancia da Rep\u00fablica para articular as pol\u00edticas sociais e aproximar \u00f3rg\u00e3os de prote\u00e7\u00e3o como as defensorias p\u00fablicas e o Minist\u00e9rio P\u00fablico (MP).<\/p>\n<p>O representante do MNMR defendeu a exist\u00eancia da Defensoria P\u00fablica alegando que grande parte da popula\u00e7\u00e3o de rua n\u00e3o tem acesso ao Minist\u00e9rio P\u00fablico. &#8220;Pedimos que o MP seja sensibilizado. As pessoas de bermuda e camiseta n\u00e3o podem entrar no Minist\u00e9rio P\u00fablico\u201d, relatou Miranda. Para Tereza Cristina Ferreira, presidenta do Conselho Nacional de Defensores P\u00fablicos Gerais (Condege), os defensores cumprem uma \u201cresponsabilidade jur\u00eddica e pol\u00edtica\u201d. \u201cQuem n\u00e3o tem endere\u00e7o n\u00e3o tem benef\u00edcio\u201d, lembrou.<\/p>\n<p>De acordo com Anderson Miranda, os moradores de rua sofrem descrimina\u00e7\u00e3o porque s\u00e3o pobres. \u201cA gente incomoda. \u00c9 uma situa\u00e7\u00e3o que ningu\u00e9m quer ver, ningu\u00e9m quer participar. A sociedade come\u00e7a a criticar: &#8216;tem gente dormindo na minha rua, tem gente dormindo na minha porta&#8217;\u201d. Para ele, a falta de pol\u00edticas p\u00fablicas mant\u00e9m \u201ca viola\u00e7\u00e3o de direitos dos pobres que querem se incluir na sociedade\u201d.<\/p>\n<p>No dia 23 de dezembro a presidenta eleita, Dilma Rousseff, se encontrar\u00e1 em S\u00e3o Paulo com os moradores e catadores de rua no encerramento da Expocatadores. Segundo Anderson Miranda, os catadores tiveram contato com Dilma na \u00e9poca da campanha. \u201cHoje n\u00e3o somos mais pauta, somos agenda da presidenta\u201d, garantiu.<\/p>\n<p>No pr\u00f3ximo m\u00eas, o servi\u00e7o Disque 100, da SDH, ser\u00e1 ampliado e, al\u00e9m de den\u00fancias de maus tratos, viol\u00eancia e abuso sexual contra crian\u00e7as e adolescentes, tamb\u00e9m atender\u00e1 outras popula\u00e7\u00f5es como moradores de rua, pessoas com defici\u00eancia, idosos, l\u00e9sbicas, gays, bissexuais, travestis e transexuais e transg\u00eaneros.<\/p>\n<p>Edi\u00e7\u00e3o: L\u00edlian Beraldo<\/p>\n<p>_________________<\/p>\n<p><strong>Fonte:<\/strong> <a href=\"http:\/\/agenciabrasil.ebc.com.br\/cidadania?p_p_id=56&amp;p_p_lifecycle=0&amp;p_p_state=maximized&amp;p_p_mode=view&amp;p_p_col_id=column-1&amp;p_p_col_count=1&amp;_56_groupId=19523&amp;_56_articleId=1111311\">Ag\u00eancia Brasil<\/a><\/p>\n","protected":false},"excerpt":{"rendered":"<p>O coordenador do MNMR assinala que, al\u00e9m da viol\u00eancia, os estados e munic\u00edpios erram ao destinar recursos da assist\u00eancia social apenas para atendimento dos moradores de rua e n\u00e3o para pol\u00edticas de moradia, sa\u00fade, educa\u00e7\u00e3o, trabalho, lazer e cultura. Da Ag\u00eancia Brasil.<\/p>\n","protected":false},"author":1,"featured_media":0,"comment_status":"open","ping_status":"open","sticky":false,"template":"","format":"standard","meta":{"site-container-style":"default","site-container-layout":"default","site-sidebar-layout":"default","disable-article-header":"default","disable-site-header":"default","disable-site-footer":"default","disable-content-area-spacing":"default","footnotes":""},"categories":[4],"tags":[],"class_list":["post-18095","post","type-post","status-publish","format-standard","hentry","category-noticias"],"yoast_head":"<!-- This site is optimized with the Yoast SEO plugin v27.4 - https:\/\/yoast.com\/product\/yoast-seo-wordpress\/ -->\n<title>Moradores de rua querem prote\u00e7\u00e3o contra viola\u00e7\u00e3o de direitos pelos estados e munic\u00edpios -<\/title>\n<meta name=\"robots\" content=\"index, follow, max-snippet:-1, max-image-preview:large, max-video-preview:-1\" \/>\n<link rel=\"canonical\" href=\"https:\/\/inclusivenews.com.br\/?p=18095\" \/>\n<meta property=\"og:locale\" content=\"pt_PT\" \/>\n<meta property=\"og:type\" content=\"article\" \/>\n<meta property=\"og:title\" content=\"Moradores de rua querem prote\u00e7\u00e3o contra viola\u00e7\u00e3o de direitos pelos estados e munic\u00edpios -\" \/>\n<meta property=\"og:description\" content=\"O coordenador do MNMR assinala que, al\u00e9m da viol\u00eancia, os estados e munic\u00edpios erram ao destinar recursos da assist\u00eancia social apenas para atendimento dos moradores de rua e n\u00e3o para pol\u00edticas de moradia, sa\u00fade, educa\u00e7\u00e3o, trabalho, lazer e cultura. Da Ag\u00eancia Brasil.\" \/>\n<meta property=\"og:url\" content=\"https:\/\/inclusivenews.com.br\/?p=18095\" \/>\n<meta property=\"article:publisher\" content=\"https:\/\/www.facebook.com\/agenciainclusive\/\" \/>\n<meta property=\"article:published_time\" content=\"2010-12-02T06:01:42+00:00\" \/>\n<meta property=\"og:image\" content=\"http:\/\/inclusivenews.com.br\/wp-content\/uploads\/2010\/02\/indigencia.jpg\" \/>\n<meta name=\"author\" content=\"inclusivenews2024\" \/>\n<meta name=\"twitter:card\" content=\"summary_large_image\" \/>\n<meta name=\"twitter:label1\" content=\"Escrito por\" \/>\n\t<meta name=\"twitter:data1\" content=\"inclusivenews2024\" \/>\n\t<meta name=\"twitter:label2\" content=\"Tempo estimado de leitura\" \/>\n\t<meta name=\"twitter:data2\" content=\"3 minutos\" \/>\n<script type=\"application\/ld+json\" class=\"yoast-schema-graph\">{\"@context\":\"https:\\\/\\\/schema.org\",\"@graph\":[{\"@type\":\"Article\",\"@id\":\"https:\\\/\\\/inclusivenews.com.br\\\/?p=18095#article\",\"isPartOf\":{\"@id\":\"https:\\\/\\\/inclusivenews.com.br\\\/?p=18095\"},\"author\":{\"name\":\"inclusivenews2024\",\"@id\":\"https:\\\/\\\/inclusivenews.com.br\\\/#\\\/schema\\\/person\\\/ae4ec7087559b8692fb33b6fffd2273b\"},\"headline\":\"Moradores de rua querem prote\u00e7\u00e3o contra viola\u00e7\u00e3o de direitos pelos estados e munic\u00edpios\",\"datePublished\":\"2010-12-02T06:01:42+00:00\",\"mainEntityOfPage\":{\"@id\":\"https:\\\/\\\/inclusivenews.com.br\\\/?p=18095\"},\"wordCount\":591,\"commentCount\":0,\"publisher\":{\"@id\":\"https:\\\/\\\/inclusivenews.com.br\\\/#organization\"},\"image\":{\"@id\":\"https:\\\/\\\/inclusivenews.com.br\\\/?p=18095#primaryimage\"},\"thumbnailUrl\":\"http:\\\/\\\/inclusivenews.com.br\\\/wp-content\\\/uploads\\\/2010\\\/02\\\/indigencia.jpg\",\"articleSection\":[\"NOT\u00cdCIAS\"],\"inLanguage\":\"pt-PT\",\"potentialAction\":[{\"@type\":\"CommentAction\",\"name\":\"Comment\",\"target\":[\"https:\\\/\\\/inclusivenews.com.br\\\/?p=18095#respond\"]}]},{\"@type\":\"WebPage\",\"@id\":\"https:\\\/\\\/inclusivenews.com.br\\\/?p=18095\",\"url\":\"https:\\\/\\\/inclusivenews.com.br\\\/?p=18095\",\"name\":\"Moradores de rua querem prote\u00e7\u00e3o contra viola\u00e7\u00e3o de direitos pelos estados e munic\u00edpios -\",\"isPartOf\":{\"@id\":\"https:\\\/\\\/inclusivenews.com.br\\\/#website\"},\"primaryImageOfPage\":{\"@id\":\"https:\\\/\\\/inclusivenews.com.br\\\/?p=18095#primaryimage\"},\"image\":{\"@id\":\"https:\\\/\\\/inclusivenews.com.br\\\/?p=18095#primaryimage\"},\"thumbnailUrl\":\"http:\\\/\\\/inclusivenews.com.br\\\/wp-content\\\/uploads\\\/2010\\\/02\\\/indigencia.jpg\",\"datePublished\":\"2010-12-02T06:01:42+00:00\",\"breadcrumb\":{\"@id\":\"https:\\\/\\\/inclusivenews.com.br\\\/?p=18095#breadcrumb\"},\"inLanguage\":\"pt-PT\",\"potentialAction\":[{\"@type\":\"ReadAction\",\"target\":[\"https:\\\/\\\/inclusivenews.com.br\\\/?p=18095\"]}]},{\"@type\":\"ImageObject\",\"inLanguage\":\"pt-PT\",\"@id\":\"https:\\\/\\\/inclusivenews.com.br\\\/?p=18095#primaryimage\",\"url\":\"\",\"contentUrl\":\"\"},{\"@type\":\"BreadcrumbList\",\"@id\":\"https:\\\/\\\/inclusivenews.com.br\\\/?p=18095#breadcrumb\",\"itemListElement\":[{\"@type\":\"ListItem\",\"position\":1,\"name\":\"In\u00edcio\",\"item\":\"https:\\\/\\\/inclusivenews.com.br\\\/\"},{\"@type\":\"ListItem\",\"position\":2,\"name\":\"Moradores de rua querem prote\u00e7\u00e3o contra viola\u00e7\u00e3o de direitos pelos estados e munic\u00edpios\"}]},{\"@type\":\"WebSite\",\"@id\":\"https:\\\/\\\/inclusivenews.com.br\\\/#website\",\"url\":\"https:\\\/\\\/inclusivenews.com.br\\\/\",\"name\":\"Inclusive News\",\"description\":\"Inclusive News\",\"publisher\":{\"@id\":\"https:\\\/\\\/inclusivenews.com.br\\\/#organization\"},\"potentialAction\":[{\"@type\":\"SearchAction\",\"target\":{\"@type\":\"EntryPoint\",\"urlTemplate\":\"https:\\\/\\\/inclusivenews.com.br\\\/?s={search_term_string}\"},\"query-input\":{\"@type\":\"PropertyValueSpecification\",\"valueRequired\":true,\"valueName\":\"search_term_string\"}}],\"inLanguage\":\"pt-PT\"},{\"@type\":\"Organization\",\"@id\":\"https:\\\/\\\/inclusivenews.com.br\\\/#organization\",\"name\":\"Inclusive - inclus\u00e3o e cidadania\",\"url\":\"https:\\\/\\\/inclusivenews.com.br\\\/\",\"logo\":{\"@type\":\"ImageObject\",\"inLanguage\":\"pt-PT\",\"@id\":\"https:\\\/\\\/inclusivenews.com.br\\\/#\\\/schema\\\/logo\\\/image\\\/\",\"url\":\"https:\\\/\\\/inclusivenews.com.br\\\/wp-content\\\/uploads\\\/2024\\\/03\\\/@grandesite.png\",\"contentUrl\":\"https:\\\/\\\/inclusivenews.com.br\\\/wp-content\\\/uploads\\\/2024\\\/03\\\/@grandesite.png\",\"width\":1080,\"height\":1080,\"caption\":\"Inclusive - inclus\u00e3o e cidadania\"},\"image\":{\"@id\":\"https:\\\/\\\/inclusivenews.com.br\\\/#\\\/schema\\\/logo\\\/image\\\/\"},\"sameAs\":[\"https:\\\/\\\/www.facebook.com\\\/agenciainclusive\\\/\",\"https:\\\/\\\/www.instagram.com\\\/newsinclusive\\\/\"]},{\"@type\":\"Person\",\"@id\":\"https:\\\/\\\/inclusivenews.com.br\\\/#\\\/schema\\\/person\\\/ae4ec7087559b8692fb33b6fffd2273b\",\"name\":\"inclusivenews2024\",\"image\":{\"@type\":\"ImageObject\",\"inLanguage\":\"pt-PT\",\"@id\":\"https:\\\/\\\/secure.gravatar.com\\\/avatar\\\/c5a7ef84c66fa914f55bc4f7ce26cfa275a3b9a1c5568b907bd184fb4dde7b40?s=96&d=mm&r=g\",\"url\":\"https:\\\/\\\/secure.gravatar.com\\\/avatar\\\/c5a7ef84c66fa914f55bc4f7ce26cfa275a3b9a1c5568b907bd184fb4dde7b40?s=96&d=mm&r=g\",\"contentUrl\":\"https:\\\/\\\/secure.gravatar.com\\\/avatar\\\/c5a7ef84c66fa914f55bc4f7ce26cfa275a3b9a1c5568b907bd184fb4dde7b40?s=96&d=mm&r=g\",\"caption\":\"inclusivenews2024\"},\"sameAs\":[\"https:\\\/\\\/inclusivenews.com.br\"],\"url\":\"https:\\\/\\\/inclusivenews.com.br\\\/?author=1\"}]}<\/script>\n<!-- \/ Yoast SEO plugin. -->","yoast_head_json":{"title":"Moradores de rua querem prote\u00e7\u00e3o contra viola\u00e7\u00e3o de direitos pelos estados e munic\u00edpios -","robots":{"index":"index","follow":"follow","max-snippet":"max-snippet:-1","max-image-preview":"max-image-preview:large","max-video-preview":"max-video-preview:-1"},"canonical":"https:\/\/inclusivenews.com.br\/?p=18095","og_locale":"pt_PT","og_type":"article","og_title":"Moradores de rua querem prote\u00e7\u00e3o contra viola\u00e7\u00e3o de direitos pelos estados e munic\u00edpios -","og_description":"O coordenador do MNMR assinala que, al\u00e9m da viol\u00eancia, os estados e munic\u00edpios erram ao destinar recursos da assist\u00eancia social apenas para atendimento dos moradores de rua e n\u00e3o para pol\u00edticas de moradia, sa\u00fade, educa\u00e7\u00e3o, trabalho, lazer e cultura. Da Ag\u00eancia Brasil.","og_url":"https:\/\/inclusivenews.com.br\/?p=18095","article_publisher":"https:\/\/www.facebook.com\/agenciainclusive\/","article_published_time":"2010-12-02T06:01:42+00:00","og_image":[{"url":"http:\/\/inclusivenews.com.br\/wp-content\/uploads\/2010\/02\/indigencia.jpg","type":"","width":"","height":""}],"author":"inclusivenews2024","twitter_card":"summary_large_image","twitter_misc":{"Escrito por":"inclusivenews2024","Tempo estimado de leitura":"3 minutos"},"schema":{"@context":"https:\/\/schema.org","@graph":[{"@type":"Article","@id":"https:\/\/inclusivenews.com.br\/?p=18095#article","isPartOf":{"@id":"https:\/\/inclusivenews.com.br\/?p=18095"},"author":{"name":"inclusivenews2024","@id":"https:\/\/inclusivenews.com.br\/#\/schema\/person\/ae4ec7087559b8692fb33b6fffd2273b"},"headline":"Moradores de rua querem prote\u00e7\u00e3o contra viola\u00e7\u00e3o de direitos pelos estados e munic\u00edpios","datePublished":"2010-12-02T06:01:42+00:00","mainEntityOfPage":{"@id":"https:\/\/inclusivenews.com.br\/?p=18095"},"wordCount":591,"commentCount":0,"publisher":{"@id":"https:\/\/inclusivenews.com.br\/#organization"},"image":{"@id":"https:\/\/inclusivenews.com.br\/?p=18095#primaryimage"},"thumbnailUrl":"http:\/\/inclusivenews.com.br\/wp-content\/uploads\/2010\/02\/indigencia.jpg","articleSection":["NOT\u00cdCIAS"],"inLanguage":"pt-PT","potentialAction":[{"@type":"CommentAction","name":"Comment","target":["https:\/\/inclusivenews.com.br\/?p=18095#respond"]}]},{"@type":"WebPage","@id":"https:\/\/inclusivenews.com.br\/?p=18095","url":"https:\/\/inclusivenews.com.br\/?p=18095","name":"Moradores de rua querem prote\u00e7\u00e3o contra viola\u00e7\u00e3o de direitos pelos estados e munic\u00edpios -","isPartOf":{"@id":"https:\/\/inclusivenews.com.br\/#website"},"primaryImageOfPage":{"@id":"https:\/\/inclusivenews.com.br\/?p=18095#primaryimage"},"image":{"@id":"https:\/\/inclusivenews.com.br\/?p=18095#primaryimage"},"thumbnailUrl":"http:\/\/inclusivenews.com.br\/wp-content\/uploads\/2010\/02\/indigencia.jpg","datePublished":"2010-12-02T06:01:42+00:00","breadcrumb":{"@id":"https:\/\/inclusivenews.com.br\/?p=18095#breadcrumb"},"inLanguage":"pt-PT","potentialAction":[{"@type":"ReadAction","target":["https:\/\/inclusivenews.com.br\/?p=18095"]}]},{"@type":"ImageObject","inLanguage":"pt-PT","@id":"https:\/\/inclusivenews.com.br\/?p=18095#primaryimage","url":"","contentUrl":""},{"@type":"BreadcrumbList","@id":"https:\/\/inclusivenews.com.br\/?p=18095#breadcrumb","itemListElement":[{"@type":"ListItem","position":1,"name":"In\u00edcio","item":"https:\/\/inclusivenews.com.br\/"},{"@type":"ListItem","position":2,"name":"Moradores de rua querem prote\u00e7\u00e3o contra viola\u00e7\u00e3o de direitos pelos estados e munic\u00edpios"}]},{"@type":"WebSite","@id":"https:\/\/inclusivenews.com.br\/#website","url":"https:\/\/inclusivenews.com.br\/","name":"Inclusive News","description":"Inclusive News","publisher":{"@id":"https:\/\/inclusivenews.com.br\/#organization"},"potentialAction":[{"@type":"SearchAction","target":{"@type":"EntryPoint","urlTemplate":"https:\/\/inclusivenews.com.br\/?s={search_term_string}"},"query-input":{"@type":"PropertyValueSpecification","valueRequired":true,"valueName":"search_term_string"}}],"inLanguage":"pt-PT"},{"@type":"Organization","@id":"https:\/\/inclusivenews.com.br\/#organization","name":"Inclusive - inclus\u00e3o e cidadania","url":"https:\/\/inclusivenews.com.br\/","logo":{"@type":"ImageObject","inLanguage":"pt-PT","@id":"https:\/\/inclusivenews.com.br\/#\/schema\/logo\/image\/","url":"https:\/\/inclusivenews.com.br\/wp-content\/uploads\/2024\/03\/@grandesite.png","contentUrl":"https:\/\/inclusivenews.com.br\/wp-content\/uploads\/2024\/03\/@grandesite.png","width":1080,"height":1080,"caption":"Inclusive - inclus\u00e3o e cidadania"},"image":{"@id":"https:\/\/inclusivenews.com.br\/#\/schema\/logo\/image\/"},"sameAs":["https:\/\/www.facebook.com\/agenciainclusive\/","https:\/\/www.instagram.com\/newsinclusive\/"]},{"@type":"Person","@id":"https:\/\/inclusivenews.com.br\/#\/schema\/person\/ae4ec7087559b8692fb33b6fffd2273b","name":"inclusivenews2024","image":{"@type":"ImageObject","inLanguage":"pt-PT","@id":"https:\/\/secure.gravatar.com\/avatar\/c5a7ef84c66fa914f55bc4f7ce26cfa275a3b9a1c5568b907bd184fb4dde7b40?s=96&d=mm&r=g","url":"https:\/\/secure.gravatar.com\/avatar\/c5a7ef84c66fa914f55bc4f7ce26cfa275a3b9a1c5568b907bd184fb4dde7b40?s=96&d=mm&r=g","contentUrl":"https:\/\/secure.gravatar.com\/avatar\/c5a7ef84c66fa914f55bc4f7ce26cfa275a3b9a1c5568b907bd184fb4dde7b40?s=96&d=mm&r=g","caption":"inclusivenews2024"},"sameAs":["https:\/\/inclusivenews.com.br"],"url":"https:\/\/inclusivenews.com.br\/?author=1"}]}},"_links":{"self":[{"href":"https:\/\/inclusivenews.com.br\/index.php?rest_route=\/wp\/v2\/posts\/18095","targetHints":{"allow":["GET"]}}],"collection":[{"href":"https:\/\/inclusivenews.com.br\/index.php?rest_route=\/wp\/v2\/posts"}],"about":[{"href":"https:\/\/inclusivenews.com.br\/index.php?rest_route=\/wp\/v2\/types\/post"}],"author":[{"embeddable":true,"href":"https:\/\/inclusivenews.com.br\/index.php?rest_route=\/wp\/v2\/users\/1"}],"replies":[{"embeddable":true,"href":"https:\/\/inclusivenews.com.br\/index.php?rest_route=%2Fwp%2Fv2%2Fcomments&post=18095"}],"version-history":[{"count":0,"href":"https:\/\/inclusivenews.com.br\/index.php?rest_route=\/wp\/v2\/posts\/18095\/revisions"}],"wp:attachment":[{"href":"https:\/\/inclusivenews.com.br\/index.php?rest_route=%2Fwp%2Fv2%2Fmedia&parent=18095"}],"wp:term":[{"taxonomy":"category","embeddable":true,"href":"https:\/\/inclusivenews.com.br\/index.php?rest_route=%2Fwp%2Fv2%2Fcategories&post=18095"},{"taxonomy":"post_tag","embeddable":true,"href":"https:\/\/inclusivenews.com.br\/index.php?rest_route=%2Fwp%2Fv2%2Ftags&post=18095"}],"curies":[{"name":"wp","href":"https:\/\/api.w.org\/{rel}","templated":true}]}}