{"id":18097,"date":"2010-12-09T07:11:05","date_gmt":"2010-12-09T10:11:05","guid":{"rendered":"http:\/\/www.inclusive.org.br\/?p=18097"},"modified":"2010-12-09T07:11:05","modified_gmt":"2010-12-09T10:11:05","slug":"os-limites-entre-liberdade-de-expressao-censura-e-homofobia","status":"publish","type":"post","link":"https:\/\/inclusivenews.com.br\/?p=18097","title":{"rendered":"&quot;Os Limites entre Liberdade de Express\u00e3o, Censura e Homofobia&quot;"},"content":{"rendered":"<figure id=\"attachment_12758\" aria-describedby=\"caption-attachment-12758\" style=\"width: 161px\" class=\"wp-caption alignleft\"><a href=\"http:\/\/www.inclusivenews.com.br\/wp-content\/uploads\/2009\/11\/bandeira.jpg\"><img loading=\"lazy\" decoding=\"async\" class=\"size-full wp-image-12758\" title=\"Bandeira s\u00edmbolo do movimento GLBT contra a homofobia. A cor vermelha imita um sangramento.\" src=\"http:\/\/inclusivenews.com.br\/wp-content\/uploads\/2009\/11\/bandeira.jpg\" alt=\"Bandeira s\u00edmbolo do movimento GLBT contra a homofobia. A cor vermelha imita um sangramento.\" width=\"161\" height=\"122\" \/><\/a><figcaption id=\"caption-attachment-12758\" class=\"wp-caption-text\"> <\/figcaption><\/figure>\n<p>A Comiss\u00e3o de Legisla\u00e7\u00e3o Participativa vai promover semin\u00e1rio em 15 de dezembro para discutir &#8220;Os Limites entre Liberdade de Express\u00e3o, Censura e Homofobia&#8221;. Presidente da comiss\u00e3o e autor do requerimento para realiza\u00e7\u00e3o da audi\u00eancia, o deputado Paulo Pimenta (PT-RS) destacou que as rela\u00e7\u00f5es homoafetivas e a defesa dos direitos e garantias da popula\u00e7\u00e3o LGBT (l\u00e9sbicas, gays, TRAVESTIS e TRANSEXUAIS) s\u00e3o objetos de diversas proposi\u00e7\u00f5es na C\u00e2mara.<\/p>\n<p>Programas humor\u00edsticos &#8211; Pimenta lembrou que, em novembro, as comiss\u00f5es de Legisla\u00e7\u00e3o Participativa e de Direitos Humanos e Minorias discutiram a garantia do respeito e a valoriza\u00e7\u00e3o das diferen\u00e7as e aos direitos humanos, em dois semin\u00e1rios &#8220;Escola sem Homofobia&#8221; e &#8220;Assassinatos LGBT&#8221;. &#8220;Nesses semin\u00e1rios, uma quest\u00e3o posta foi se a m\u00eddia, em especial a televis\u00e3o, contribui em seus programas humor\u00edsticos para a propaga\u00e7\u00e3o de atitudes discriminat\u00f3rias por orienta\u00e7\u00e3o sexual, ou se as piadas feitas com a comunidade LGBT s\u00e3o inofensivas e n\u00e3o causam nenhum tipo de preju\u00edzo social a essas pessoas&#8221;, disse o deputado.<\/p>\n<p>Paulo Pimenta enfatizou ainda que, na tentativa de diminuir as manifesta\u00e7\u00f5es discriminat\u00f3rias contra a comunidade LGBT e acabar com a impunidade, o Congresso j\u00e1 se debru\u00e7a sobre o Projeto de Lei 122\/06, que pretende criminalizar a homofobia. A mat\u00e9ria foi aprovada pela C\u00e2mara em 2006 e est\u00e1 em an\u00e1lise no Senado.<\/p>\n<p>O parlamentar ressalva, entretanto, que setores da m\u00eddia brasileira j\u00e1 est\u00e3o supondo que a aprova\u00e7\u00e3o dessa lei pode ser um dispositivo em conflito com a liberdade de express\u00e3o. &#8220;Portanto, debater os limites entre a liberdade de express\u00e3o, censura e homofobia na m\u00eddia faz-se necess\u00e1rio na medida em que, por outro lado, a reprodu\u00e7\u00e3o exaustiva de um sistema de diferencia\u00e7\u00e3o conduz e colabora para a discrimina\u00e7\u00e3o, segrega\u00e7\u00e3o e exclus\u00e3o&#8221;, explica.<br \/>\nA comiss\u00e3o vai convidar para a audi\u00eancia representantes da Associa\u00e7\u00e3o Brasileira de Emissoras de R\u00e1dio e Televis\u00e3o (Abert), da Rede Globo, da TV Bandeirantes, da Rede TV, da TV Record, do Minist\u00e9rio P\u00fablico Federal, da Ordem dos Advogados do Brasil (OAB), da Secretaria de Direitos Humanos da Presid\u00eancia da Rep\u00fablica, da Federa\u00e7\u00e3o Nacional dos Jornalistas (Fenaj), do Conselho Federal de Psicologia e da Associa\u00e7\u00e3o Brasileira de L\u00e9sbicas, Gays, TRAVESTIS e TRANSEXUAIS (ABLGT). O desembargador do Tribunal de Justi\u00e7a do Rio Grande do Sul (TJRS) Rui Portanova e a desembargadora aposentada do TJRS Maria Berenice Dias far\u00e3o palestra sobre o tema do semin\u00e1rio.<\/p>\n<p>___________________<\/p>\n<p><strong>Fonte:<\/strong> <a href=\"http:\/\/www.google.com.br\/url?sa=t&amp;source=web&amp;cd=2&amp;ved=0CCIQFjAB&amp;url=http%3A%2F%2Fwww2.camara.gov.br%2Fagencia%2Fnoticias%2FDIREITOS-HUMANOS%2F151737-COMISSAO-FARA-SEMINARIO-SOBRE-HOMOFOBIA-E-LIBERDADE-DE-EXPRESSAO.html&amp;ei=6mj7TNzZNoP88Abuw8HBCw&amp;usg=AFQjCNG1-6PsW4TKMxNvSvHR3aARukztBQ&amp;sig2=tgahUVyed6-0Cbdx--_nBQ\">Ag\u00eancia C\u00e2mara<\/a><\/p>\n","protected":false},"excerpt":{"rendered":"<p>A Comiss\u00e3o de Legisla\u00e7\u00e3o Participativa vai promover semin\u00e1rio em 15 de dezembro para discutir &#8220;Os Limites entre Liberdade de Express\u00e3o, Censura e Homofobia&#8221;. Presidente da comiss\u00e3o e autor do requerimento para realiza\u00e7\u00e3o da audi\u00eancia, o deputado Paulo Pimenta (PT-RS) destacou que as rela\u00e7\u00f5es homoafetivas e a defesa dos direitos e garantias da popula\u00e7\u00e3o LGBT (l\u00e9sbicas, gays, TRAVESTIS e TRANSEXUAIS) s\u00e3o objetos de diversas proposi\u00e7\u00f5es na C\u00e2mara.<\/p>\n","protected":false},"author":1,"featured_media":0,"comment_status":"open","ping_status":"open","sticky":false,"template":"","format":"standard","meta":{"site-container-style":"default","site-container-layout":"default","site-sidebar-layout":"default","disable-article-header":"default","disable-site-header":"default","disable-site-footer":"default","disable-content-area-spacing":"default","footnotes":""},"categories":[11,4],"tags":[95],"class_list":["post-18097","post","type-post","status-publish","format-standard","hentry","category-direitos-humanos","category-noticias","tag-homofobia"],"yoast_head":"<!-- This site is optimized with the Yoast SEO plugin v27.4 - https:\/\/yoast.com\/product\/yoast-seo-wordpress\/ -->\n<title>&quot;Os Limites entre Liberdade de Express\u00e3o, Censura e Homofobia&quot; -<\/title>\n<meta name=\"robots\" content=\"index, follow, max-snippet:-1, max-image-preview:large, max-video-preview:-1\" \/>\n<link rel=\"canonical\" href=\"https:\/\/inclusivenews.com.br\/?p=18097\" \/>\n<meta property=\"og:locale\" content=\"pt_PT\" \/>\n<meta property=\"og:type\" content=\"article\" \/>\n<meta property=\"og:title\" content=\"&quot;Os Limites entre Liberdade de Express\u00e3o, Censura e Homofobia&quot; -\" \/>\n<meta property=\"og:description\" content=\"A Comiss\u00e3o de Legisla\u00e7\u00e3o Participativa vai promover semin\u00e1rio em 15 de dezembro para discutir &quot;Os Limites entre Liberdade de Express\u00e3o, Censura e Homofobia&quot;. Presidente da comiss\u00e3o e autor do requerimento para realiza\u00e7\u00e3o da audi\u00eancia, o deputado Paulo Pimenta (PT-RS) destacou que as rela\u00e7\u00f5es homoafetivas e a defesa dos direitos e garantias da popula\u00e7\u00e3o LGBT (l\u00e9sbicas, gays, TRAVESTIS e TRANSEXUAIS) s\u00e3o objetos de diversas proposi\u00e7\u00f5es na C\u00e2mara.\" \/>\n<meta property=\"og:url\" content=\"https:\/\/inclusivenews.com.br\/?p=18097\" \/>\n<meta property=\"article:publisher\" content=\"https:\/\/www.facebook.com\/agenciainclusive\/\" \/>\n<meta property=\"article:published_time\" content=\"2010-12-09T10:11:05+00:00\" \/>\n<meta property=\"og:image\" content=\"http:\/\/inclusivenews.com.br\/wp-content\/uploads\/2009\/11\/bandeira.jpg\" \/>\n<meta name=\"author\" content=\"inclusivenews2024\" \/>\n<meta name=\"twitter:card\" content=\"summary_large_image\" \/>\n<meta name=\"twitter:label1\" content=\"Escrito por\" \/>\n\t<meta name=\"twitter:data1\" content=\"inclusivenews2024\" \/>\n\t<meta name=\"twitter:label2\" content=\"Tempo estimado de leitura\" \/>\n\t<meta name=\"twitter:data2\" content=\"2 minutos\" \/>\n<script type=\"application\/ld+json\" class=\"yoast-schema-graph\">{\"@context\":\"https:\\\/\\\/schema.org\",\"@graph\":[{\"@type\":\"Article\",\"@id\":\"https:\\\/\\\/inclusivenews.com.br\\\/?p=18097#article\",\"isPartOf\":{\"@id\":\"https:\\\/\\\/inclusivenews.com.br\\\/?p=18097\"},\"author\":{\"name\":\"inclusivenews2024\",\"@id\":\"https:\\\/\\\/inclusivenews.com.br\\\/#\\\/schema\\\/person\\\/ae4ec7087559b8692fb33b6fffd2273b\"},\"headline\":\"&quot;Os Limites entre Liberdade de Express\u00e3o, Censura e Homofobia&quot;\",\"datePublished\":\"2010-12-09T10:11:05+00:00\",\"mainEntityOfPage\":{\"@id\":\"https:\\\/\\\/inclusivenews.com.br\\\/?p=18097\"},\"wordCount\":467,\"commentCount\":1,\"publisher\":{\"@id\":\"https:\\\/\\\/inclusivenews.com.br\\\/#organization\"},\"image\":{\"@id\":\"https:\\\/\\\/inclusivenews.com.br\\\/?p=18097#primaryimage\"},\"thumbnailUrl\":\"http:\\\/\\\/inclusivenews.com.br\\\/wp-content\\\/uploads\\\/2009\\\/11\\\/bandeira.jpg\",\"keywords\":[\"homofobia\"],\"articleSection\":[\"DIREITOS HUMANOS\",\"NOT\u00cdCIAS\"],\"inLanguage\":\"pt-PT\",\"potentialAction\":[{\"@type\":\"CommentAction\",\"name\":\"Comment\",\"target\":[\"https:\\\/\\\/inclusivenews.com.br\\\/?p=18097#respond\"]}]},{\"@type\":\"WebPage\",\"@id\":\"https:\\\/\\\/inclusivenews.com.br\\\/?p=18097\",\"url\":\"https:\\\/\\\/inclusivenews.com.br\\\/?p=18097\",\"name\":\"&quot;Os Limites entre Liberdade de Express\u00e3o, Censura e Homofobia&quot; -\",\"isPartOf\":{\"@id\":\"https:\\\/\\\/inclusivenews.com.br\\\/#website\"},\"primaryImageOfPage\":{\"@id\":\"https:\\\/\\\/inclusivenews.com.br\\\/?p=18097#primaryimage\"},\"image\":{\"@id\":\"https:\\\/\\\/inclusivenews.com.br\\\/?p=18097#primaryimage\"},\"thumbnailUrl\":\"http:\\\/\\\/inclusivenews.com.br\\\/wp-content\\\/uploads\\\/2009\\\/11\\\/bandeira.jpg\",\"datePublished\":\"2010-12-09T10:11:05+00:00\",\"breadcrumb\":{\"@id\":\"https:\\\/\\\/inclusivenews.com.br\\\/?p=18097#breadcrumb\"},\"inLanguage\":\"pt-PT\",\"potentialAction\":[{\"@type\":\"ReadAction\",\"target\":[\"https:\\\/\\\/inclusivenews.com.br\\\/?p=18097\"]}]},{\"@type\":\"ImageObject\",\"inLanguage\":\"pt-PT\",\"@id\":\"https:\\\/\\\/inclusivenews.com.br\\\/?p=18097#primaryimage\",\"url\":\"https:\\\/\\\/inclusivenews.com.br\\\/wp-content\\\/uploads\\\/2009\\\/11\\\/bandeira.jpg\",\"contentUrl\":\"https:\\\/\\\/inclusivenews.com.br\\\/wp-content\\\/uploads\\\/2009\\\/11\\\/bandeira.jpg\",\"width\":161,\"height\":122,\"caption\":\"Bandeira s\u00edmbolo do movimento GLBT contra a homofobia. A cor vermelha imita um sangramento.\"},{\"@type\":\"BreadcrumbList\",\"@id\":\"https:\\\/\\\/inclusivenews.com.br\\\/?p=18097#breadcrumb\",\"itemListElement\":[{\"@type\":\"ListItem\",\"position\":1,\"name\":\"In\u00edcio\",\"item\":\"https:\\\/\\\/inclusivenews.com.br\\\/\"},{\"@type\":\"ListItem\",\"position\":2,\"name\":\"&quot;Os Limites entre Liberdade de Express\u00e3o, Censura e Homofobia&quot;\"}]},{\"@type\":\"WebSite\",\"@id\":\"https:\\\/\\\/inclusivenews.com.br\\\/#website\",\"url\":\"https:\\\/\\\/inclusivenews.com.br\\\/\",\"name\":\"Inclusive News\",\"description\":\"Inclusive News\",\"publisher\":{\"@id\":\"https:\\\/\\\/inclusivenews.com.br\\\/#organization\"},\"potentialAction\":[{\"@type\":\"SearchAction\",\"target\":{\"@type\":\"EntryPoint\",\"urlTemplate\":\"https:\\\/\\\/inclusivenews.com.br\\\/?s={search_term_string}\"},\"query-input\":{\"@type\":\"PropertyValueSpecification\",\"valueRequired\":true,\"valueName\":\"search_term_string\"}}],\"inLanguage\":\"pt-PT\"},{\"@type\":\"Organization\",\"@id\":\"https:\\\/\\\/inclusivenews.com.br\\\/#organization\",\"name\":\"Inclusive - inclus\u00e3o e cidadania\",\"url\":\"https:\\\/\\\/inclusivenews.com.br\\\/\",\"logo\":{\"@type\":\"ImageObject\",\"inLanguage\":\"pt-PT\",\"@id\":\"https:\\\/\\\/inclusivenews.com.br\\\/#\\\/schema\\\/logo\\\/image\\\/\",\"url\":\"https:\\\/\\\/inclusivenews.com.br\\\/wp-content\\\/uploads\\\/2024\\\/03\\\/@grandesite.png\",\"contentUrl\":\"https:\\\/\\\/inclusivenews.com.br\\\/wp-content\\\/uploads\\\/2024\\\/03\\\/@grandesite.png\",\"width\":1080,\"height\":1080,\"caption\":\"Inclusive - inclus\u00e3o e cidadania\"},\"image\":{\"@id\":\"https:\\\/\\\/inclusivenews.com.br\\\/#\\\/schema\\\/logo\\\/image\\\/\"},\"sameAs\":[\"https:\\\/\\\/www.facebook.com\\\/agenciainclusive\\\/\",\"https:\\\/\\\/www.instagram.com\\\/newsinclusive\\\/\"]},{\"@type\":\"Person\",\"@id\":\"https:\\\/\\\/inclusivenews.com.br\\\/#\\\/schema\\\/person\\\/ae4ec7087559b8692fb33b6fffd2273b\",\"name\":\"inclusivenews2024\",\"image\":{\"@type\":\"ImageObject\",\"inLanguage\":\"pt-PT\",\"@id\":\"https:\\\/\\\/secure.gravatar.com\\\/avatar\\\/c5a7ef84c66fa914f55bc4f7ce26cfa275a3b9a1c5568b907bd184fb4dde7b40?s=96&d=mm&r=g\",\"url\":\"https:\\\/\\\/secure.gravatar.com\\\/avatar\\\/c5a7ef84c66fa914f55bc4f7ce26cfa275a3b9a1c5568b907bd184fb4dde7b40?s=96&d=mm&r=g\",\"contentUrl\":\"https:\\\/\\\/secure.gravatar.com\\\/avatar\\\/c5a7ef84c66fa914f55bc4f7ce26cfa275a3b9a1c5568b907bd184fb4dde7b40?s=96&d=mm&r=g\",\"caption\":\"inclusivenews2024\"},\"sameAs\":[\"https:\\\/\\\/inclusivenews.com.br\"],\"url\":\"https:\\\/\\\/inclusivenews.com.br\\\/?author=1\"}]}<\/script>\n<!-- \/ Yoast SEO plugin. -->","yoast_head_json":{"title":"&quot;Os Limites entre Liberdade de Express\u00e3o, Censura e Homofobia&quot; -","robots":{"index":"index","follow":"follow","max-snippet":"max-snippet:-1","max-image-preview":"max-image-preview:large","max-video-preview":"max-video-preview:-1"},"canonical":"https:\/\/inclusivenews.com.br\/?p=18097","og_locale":"pt_PT","og_type":"article","og_title":"&quot;Os Limites entre Liberdade de Express\u00e3o, Censura e Homofobia&quot; -","og_description":"A Comiss\u00e3o de Legisla\u00e7\u00e3o Participativa vai promover semin\u00e1rio em 15 de dezembro para discutir \"Os Limites entre Liberdade de Express\u00e3o, Censura e Homofobia\". Presidente da comiss\u00e3o e autor do requerimento para realiza\u00e7\u00e3o da audi\u00eancia, o deputado Paulo Pimenta (PT-RS) destacou que as rela\u00e7\u00f5es homoafetivas e a defesa dos direitos e garantias da popula\u00e7\u00e3o LGBT (l\u00e9sbicas, gays, TRAVESTIS e TRANSEXUAIS) s\u00e3o objetos de diversas proposi\u00e7\u00f5es na C\u00e2mara.","og_url":"https:\/\/inclusivenews.com.br\/?p=18097","article_publisher":"https:\/\/www.facebook.com\/agenciainclusive\/","article_published_time":"2010-12-09T10:11:05+00:00","og_image":[{"url":"http:\/\/inclusivenews.com.br\/wp-content\/uploads\/2009\/11\/bandeira.jpg","type":"","width":"","height":""}],"author":"inclusivenews2024","twitter_card":"summary_large_image","twitter_misc":{"Escrito por":"inclusivenews2024","Tempo estimado de leitura":"2 minutos"},"schema":{"@context":"https:\/\/schema.org","@graph":[{"@type":"Article","@id":"https:\/\/inclusivenews.com.br\/?p=18097#article","isPartOf":{"@id":"https:\/\/inclusivenews.com.br\/?p=18097"},"author":{"name":"inclusivenews2024","@id":"https:\/\/inclusivenews.com.br\/#\/schema\/person\/ae4ec7087559b8692fb33b6fffd2273b"},"headline":"&quot;Os Limites entre Liberdade de Express\u00e3o, Censura e Homofobia&quot;","datePublished":"2010-12-09T10:11:05+00:00","mainEntityOfPage":{"@id":"https:\/\/inclusivenews.com.br\/?p=18097"},"wordCount":467,"commentCount":1,"publisher":{"@id":"https:\/\/inclusivenews.com.br\/#organization"},"image":{"@id":"https:\/\/inclusivenews.com.br\/?p=18097#primaryimage"},"thumbnailUrl":"http:\/\/inclusivenews.com.br\/wp-content\/uploads\/2009\/11\/bandeira.jpg","keywords":["homofobia"],"articleSection":["DIREITOS HUMANOS","NOT\u00cdCIAS"],"inLanguage":"pt-PT","potentialAction":[{"@type":"CommentAction","name":"Comment","target":["https:\/\/inclusivenews.com.br\/?p=18097#respond"]}]},{"@type":"WebPage","@id":"https:\/\/inclusivenews.com.br\/?p=18097","url":"https:\/\/inclusivenews.com.br\/?p=18097","name":"&quot;Os Limites entre Liberdade de Express\u00e3o, Censura e Homofobia&quot; -","isPartOf":{"@id":"https:\/\/inclusivenews.com.br\/#website"},"primaryImageOfPage":{"@id":"https:\/\/inclusivenews.com.br\/?p=18097#primaryimage"},"image":{"@id":"https:\/\/inclusivenews.com.br\/?p=18097#primaryimage"},"thumbnailUrl":"http:\/\/inclusivenews.com.br\/wp-content\/uploads\/2009\/11\/bandeira.jpg","datePublished":"2010-12-09T10:11:05+00:00","breadcrumb":{"@id":"https:\/\/inclusivenews.com.br\/?p=18097#breadcrumb"},"inLanguage":"pt-PT","potentialAction":[{"@type":"ReadAction","target":["https:\/\/inclusivenews.com.br\/?p=18097"]}]},{"@type":"ImageObject","inLanguage":"pt-PT","@id":"https:\/\/inclusivenews.com.br\/?p=18097#primaryimage","url":"https:\/\/inclusivenews.com.br\/wp-content\/uploads\/2009\/11\/bandeira.jpg","contentUrl":"https:\/\/inclusivenews.com.br\/wp-content\/uploads\/2009\/11\/bandeira.jpg","width":161,"height":122,"caption":"Bandeira s\u00edmbolo do movimento GLBT contra a homofobia. A cor vermelha imita um sangramento."},{"@type":"BreadcrumbList","@id":"https:\/\/inclusivenews.com.br\/?p=18097#breadcrumb","itemListElement":[{"@type":"ListItem","position":1,"name":"In\u00edcio","item":"https:\/\/inclusivenews.com.br\/"},{"@type":"ListItem","position":2,"name":"&quot;Os Limites entre Liberdade de Express\u00e3o, Censura e Homofobia&quot;"}]},{"@type":"WebSite","@id":"https:\/\/inclusivenews.com.br\/#website","url":"https:\/\/inclusivenews.com.br\/","name":"Inclusive News","description":"Inclusive News","publisher":{"@id":"https:\/\/inclusivenews.com.br\/#organization"},"potentialAction":[{"@type":"SearchAction","target":{"@type":"EntryPoint","urlTemplate":"https:\/\/inclusivenews.com.br\/?s={search_term_string}"},"query-input":{"@type":"PropertyValueSpecification","valueRequired":true,"valueName":"search_term_string"}}],"inLanguage":"pt-PT"},{"@type":"Organization","@id":"https:\/\/inclusivenews.com.br\/#organization","name":"Inclusive - inclus\u00e3o e cidadania","url":"https:\/\/inclusivenews.com.br\/","logo":{"@type":"ImageObject","inLanguage":"pt-PT","@id":"https:\/\/inclusivenews.com.br\/#\/schema\/logo\/image\/","url":"https:\/\/inclusivenews.com.br\/wp-content\/uploads\/2024\/03\/@grandesite.png","contentUrl":"https:\/\/inclusivenews.com.br\/wp-content\/uploads\/2024\/03\/@grandesite.png","width":1080,"height":1080,"caption":"Inclusive - inclus\u00e3o e cidadania"},"image":{"@id":"https:\/\/inclusivenews.com.br\/#\/schema\/logo\/image\/"},"sameAs":["https:\/\/www.facebook.com\/agenciainclusive\/","https:\/\/www.instagram.com\/newsinclusive\/"]},{"@type":"Person","@id":"https:\/\/inclusivenews.com.br\/#\/schema\/person\/ae4ec7087559b8692fb33b6fffd2273b","name":"inclusivenews2024","image":{"@type":"ImageObject","inLanguage":"pt-PT","@id":"https:\/\/secure.gravatar.com\/avatar\/c5a7ef84c66fa914f55bc4f7ce26cfa275a3b9a1c5568b907bd184fb4dde7b40?s=96&d=mm&r=g","url":"https:\/\/secure.gravatar.com\/avatar\/c5a7ef84c66fa914f55bc4f7ce26cfa275a3b9a1c5568b907bd184fb4dde7b40?s=96&d=mm&r=g","contentUrl":"https:\/\/secure.gravatar.com\/avatar\/c5a7ef84c66fa914f55bc4f7ce26cfa275a3b9a1c5568b907bd184fb4dde7b40?s=96&d=mm&r=g","caption":"inclusivenews2024"},"sameAs":["https:\/\/inclusivenews.com.br"],"url":"https:\/\/inclusivenews.com.br\/?author=1"}]}},"_links":{"self":[{"href":"https:\/\/inclusivenews.com.br\/index.php?rest_route=\/wp\/v2\/posts\/18097","targetHints":{"allow":["GET"]}}],"collection":[{"href":"https:\/\/inclusivenews.com.br\/index.php?rest_route=\/wp\/v2\/posts"}],"about":[{"href":"https:\/\/inclusivenews.com.br\/index.php?rest_route=\/wp\/v2\/types\/post"}],"author":[{"embeddable":true,"href":"https:\/\/inclusivenews.com.br\/index.php?rest_route=\/wp\/v2\/users\/1"}],"replies":[{"embeddable":true,"href":"https:\/\/inclusivenews.com.br\/index.php?rest_route=%2Fwp%2Fv2%2Fcomments&post=18097"}],"version-history":[{"count":0,"href":"https:\/\/inclusivenews.com.br\/index.php?rest_route=\/wp\/v2\/posts\/18097\/revisions"}],"wp:attachment":[{"href":"https:\/\/inclusivenews.com.br\/index.php?rest_route=%2Fwp%2Fv2%2Fmedia&parent=18097"}],"wp:term":[{"taxonomy":"category","embeddable":true,"href":"https:\/\/inclusivenews.com.br\/index.php?rest_route=%2Fwp%2Fv2%2Fcategories&post=18097"},{"taxonomy":"post_tag","embeddable":true,"href":"https:\/\/inclusivenews.com.br\/index.php?rest_route=%2Fwp%2Fv2%2Ftags&post=18097"}],"curies":[{"name":"wp","href":"https:\/\/api.w.org\/{rel}","templated":true}]}}