{"id":18100,"date":"2010-12-02T03:07:14","date_gmt":"2010-12-02T06:07:14","guid":{"rendered":"http:\/\/www.inclusive.org.br\/?p=18100"},"modified":"2010-12-02T03:07:14","modified_gmt":"2010-12-02T06:07:14","slug":"1%c2%ba-seminario-do-dia-internacional-das-pessoas-com-deficiencia-312","status":"publish","type":"post","link":"https:\/\/inclusivenews.com.br\/?p=18100","title":{"rendered":"1\u00ba Semin\u00e1rio do Dia Internacional das Pessoas com Defici\u00eancia (3\/12)"},"content":{"rendered":"<figure style=\"width: 330px\" class=\"wp-caption alignleft\"><img loading=\"lazy\" decoding=\"async\" class=\" \" title=\"Porto Alegre vista do Gua\u00edba\" src=\"http:\/\/www.falaturista.com.br\/blog\/wp-content\/uploads\/2010\/07\/porto-alegre.jpg\" alt=\"Porto Alegre vista do Gua\u00edba\" width=\"330\" height=\"247\" \/><figcaption class=\"wp-caption-text\"> <\/figcaption><\/figure>\n<p>O Conselho Municipal dos Direitos da Pessoa com Defici\u00eancia de Porto Alegre convida para o<\/p>\n<p><strong>1\u00ba Semin\u00e1rio do Dia Internacional das Pessoas com Defici\u00eancia:<br \/>\nDefici\u00eancia, Direitos Humanos e Pol\u00edticas P\u00fablicas para as PcDs de Porto Alegre\/RS<\/strong><\/p>\n<p>que ser\u00e1 realizado no dias 03 de dezembro, das 14 \u00e0s 17 horas, no Audit\u00f3rio da Escola de Gest\u00e3o P\u00fablica da SMA Rua Siqueira Campos, 1.300, 14\u00b0 andar.<\/p>\n<p>Entrada Gratuita.<\/p>\n<p>Informa\u00e7\u00f5es pelo telefone (51) 3289-1626 ou pelo e-mail comdepa@seacis.prefpoa.com.br.<\/p>\n","protected":false},"excerpt":{"rendered":"<p>Ser\u00e1 realizado no dias 03 de dezembro, das 14 \u00e0s 17 horas, no Audit\u00f3rio da Escola de Gest\u00e3o P\u00fablica da SMA Rua Siqueira Campos, 1.300, 14\u00b0 andar.<\/p>\n","protected":false},"author":1,"featured_media":0,"comment_status":"open","ping_status":"open","sticky":false,"template":"","format":"standard","meta":{"site-container-style":"default","site-container-layout":"default","site-sidebar-layout":"default","disable-article-header":"default","disable-site-header":"default","disable-site-footer":"default","disable-content-area-spacing":"default","footnotes":""},"categories":[12,38,4],"tags":[],"class_list":["post-18100","post","type-post","status-publish","format-standard","hentry","category-cursos-e-eventos","category-deficiencia","category-noticias"],"yoast_head":"<!-- This site is optimized with the Yoast SEO plugin v27.4 - https:\/\/yoast.com\/product\/yoast-seo-wordpress\/ -->\n<title>1\u00ba Semin\u00e1rio do Dia Internacional das Pessoas com Defici\u00eancia (3\/12) -<\/title>\n<meta name=\"robots\" content=\"index, follow, max-snippet:-1, max-image-preview:large, max-video-preview:-1\" \/>\n<link rel=\"canonical\" href=\"https:\/\/inclusivenews.com.br\/?p=18100\" \/>\n<meta property=\"og:locale\" content=\"pt_PT\" \/>\n<meta property=\"og:type\" content=\"article\" \/>\n<meta property=\"og:title\" content=\"1\u00ba Semin\u00e1rio do Dia Internacional das Pessoas com Defici\u00eancia (3\/12) -\" \/>\n<meta property=\"og:description\" content=\"Ser\u00e1 realizado no dias 03 de dezembro, das 14 \u00e0s 17 horas, no Audit\u00f3rio da Escola de Gest\u00e3o P\u00fablica da SMA Rua Siqueira Campos, 1.300, 14\u00b0 andar.\" \/>\n<meta property=\"og:url\" content=\"https:\/\/inclusivenews.com.br\/?p=18100\" \/>\n<meta property=\"article:publisher\" content=\"https:\/\/www.facebook.com\/agenciainclusive\/\" \/>\n<meta property=\"article:published_time\" content=\"2010-12-02T06:07:14+00:00\" \/>\n<meta property=\"og:image\" content=\"http:\/\/www.falaturista.com.br\/blog\/wp-content\/uploads\/2010\/07\/porto-alegre.jpg\" \/>\n<meta name=\"author\" content=\"inclusivenews2024\" \/>\n<meta name=\"twitter:card\" content=\"summary_large_image\" \/>\n<meta name=\"twitter:label1\" content=\"Escrito por\" \/>\n\t<meta name=\"twitter:data1\" content=\"inclusivenews2024\" \/>\n<script type=\"application\/ld+json\" class=\"yoast-schema-graph\">{\"@context\":\"https:\\\/\\\/schema.org\",\"@graph\":[{\"@type\":\"Article\",\"@id\":\"https:\\\/\\\/inclusivenews.com.br\\\/?p=18100#article\",\"isPartOf\":{\"@id\":\"https:\\\/\\\/inclusivenews.com.br\\\/?p=18100\"},\"author\":{\"name\":\"inclusivenews2024\",\"@id\":\"https:\\\/\\\/inclusivenews.com.br\\\/#\\\/schema\\\/person\\\/ae4ec7087559b8692fb33b6fffd2273b\"},\"headline\":\"1\u00ba Semin\u00e1rio do Dia Internacional das Pessoas com Defici\u00eancia (3\\\/12)\",\"datePublished\":\"2010-12-02T06:07:14+00:00\",\"mainEntityOfPage\":{\"@id\":\"https:\\\/\\\/inclusivenews.com.br\\\/?p=18100\"},\"wordCount\":100,\"commentCount\":0,\"publisher\":{\"@id\":\"https:\\\/\\\/inclusivenews.com.br\\\/#organization\"},\"image\":{\"@id\":\"https:\\\/\\\/inclusivenews.com.br\\\/?p=18100#primaryimage\"},\"thumbnailUrl\":\"http:\\\/\\\/www.falaturista.com.br\\\/blog\\\/wp-content\\\/uploads\\\/2010\\\/07\\\/porto-alegre.jpg\",\"articleSection\":[\"Cursos e eventos\",\"Defici\u00eancia\",\"NOT\u00cdCIAS\"],\"inLanguage\":\"pt-PT\",\"potentialAction\":[{\"@type\":\"CommentAction\",\"name\":\"Comment\",\"target\":[\"https:\\\/\\\/inclusivenews.com.br\\\/?p=18100#respond\"]}]},{\"@type\":\"WebPage\",\"@id\":\"https:\\\/\\\/inclusivenews.com.br\\\/?p=18100\",\"url\":\"https:\\\/\\\/inclusivenews.com.br\\\/?p=18100\",\"name\":\"1\u00ba Semin\u00e1rio do Dia Internacional das Pessoas com Defici\u00eancia (3\\\/12) -\",\"isPartOf\":{\"@id\":\"https:\\\/\\\/inclusivenews.com.br\\\/#website\"},\"primaryImageOfPage\":{\"@id\":\"https:\\\/\\\/inclusivenews.com.br\\\/?p=18100#primaryimage\"},\"image\":{\"@id\":\"https:\\\/\\\/inclusivenews.com.br\\\/?p=18100#primaryimage\"},\"thumbnailUrl\":\"http:\\\/\\\/www.falaturista.com.br\\\/blog\\\/wp-content\\\/uploads\\\/2010\\\/07\\\/porto-alegre.jpg\",\"datePublished\":\"2010-12-02T06:07:14+00:00\",\"breadcrumb\":{\"@id\":\"https:\\\/\\\/inclusivenews.com.br\\\/?p=18100#breadcrumb\"},\"inLanguage\":\"pt-PT\",\"potentialAction\":[{\"@type\":\"ReadAction\",\"target\":[\"https:\\\/\\\/inclusivenews.com.br\\\/?p=18100\"]}]},{\"@type\":\"ImageObject\",\"inLanguage\":\"pt-PT\",\"@id\":\"https:\\\/\\\/inclusivenews.com.br\\\/?p=18100#primaryimage\",\"url\":\"http:\\\/\\\/www.falaturista.com.br\\\/blog\\\/wp-content\\\/uploads\\\/2010\\\/07\\\/porto-alegre.jpg\",\"contentUrl\":\"http:\\\/\\\/www.falaturista.com.br\\\/blog\\\/wp-content\\\/uploads\\\/2010\\\/07\\\/porto-alegre.jpg\"},{\"@type\":\"BreadcrumbList\",\"@id\":\"https:\\\/\\\/inclusivenews.com.br\\\/?p=18100#breadcrumb\",\"itemListElement\":[{\"@type\":\"ListItem\",\"position\":1,\"name\":\"In\u00edcio\",\"item\":\"https:\\\/\\\/inclusivenews.com.br\\\/\"},{\"@type\":\"ListItem\",\"position\":2,\"name\":\"1\u00ba Semin\u00e1rio do Dia Internacional das Pessoas com Defici\u00eancia (3\\\/12)\"}]},{\"@type\":\"WebSite\",\"@id\":\"https:\\\/\\\/inclusivenews.com.br\\\/#website\",\"url\":\"https:\\\/\\\/inclusivenews.com.br\\\/\",\"name\":\"Inclusive News\",\"description\":\"Inclusive News\",\"publisher\":{\"@id\":\"https:\\\/\\\/inclusivenews.com.br\\\/#organization\"},\"potentialAction\":[{\"@type\":\"SearchAction\",\"target\":{\"@type\":\"EntryPoint\",\"urlTemplate\":\"https:\\\/\\\/inclusivenews.com.br\\\/?s={search_term_string}\"},\"query-input\":{\"@type\":\"PropertyValueSpecification\",\"valueRequired\":true,\"valueName\":\"search_term_string\"}}],\"inLanguage\":\"pt-PT\"},{\"@type\":\"Organization\",\"@id\":\"https:\\\/\\\/inclusivenews.com.br\\\/#organization\",\"name\":\"Inclusive - inclus\u00e3o e cidadania\",\"url\":\"https:\\\/\\\/inclusivenews.com.br\\\/\",\"logo\":{\"@type\":\"ImageObject\",\"inLanguage\":\"pt-PT\",\"@id\":\"https:\\\/\\\/inclusivenews.com.br\\\/#\\\/schema\\\/logo\\\/image\\\/\",\"url\":\"https:\\\/\\\/inclusivenews.com.br\\\/wp-content\\\/uploads\\\/2024\\\/03\\\/@grandesite.png\",\"contentUrl\":\"https:\\\/\\\/inclusivenews.com.br\\\/wp-content\\\/uploads\\\/2024\\\/03\\\/@grandesite.png\",\"width\":1080,\"height\":1080,\"caption\":\"Inclusive - inclus\u00e3o e cidadania\"},\"image\":{\"@id\":\"https:\\\/\\\/inclusivenews.com.br\\\/#\\\/schema\\\/logo\\\/image\\\/\"},\"sameAs\":[\"https:\\\/\\\/www.facebook.com\\\/agenciainclusive\\\/\",\"https:\\\/\\\/www.instagram.com\\\/newsinclusive\\\/\"]},{\"@type\":\"Person\",\"@id\":\"https:\\\/\\\/inclusivenews.com.br\\\/#\\\/schema\\\/person\\\/ae4ec7087559b8692fb33b6fffd2273b\",\"name\":\"inclusivenews2024\",\"image\":{\"@type\":\"ImageObject\",\"inLanguage\":\"pt-PT\",\"@id\":\"https:\\\/\\\/secure.gravatar.com\\\/avatar\\\/c5a7ef84c66fa914f55bc4f7ce26cfa275a3b9a1c5568b907bd184fb4dde7b40?s=96&d=mm&r=g\",\"url\":\"https:\\\/\\\/secure.gravatar.com\\\/avatar\\\/c5a7ef84c66fa914f55bc4f7ce26cfa275a3b9a1c5568b907bd184fb4dde7b40?s=96&d=mm&r=g\",\"contentUrl\":\"https:\\\/\\\/secure.gravatar.com\\\/avatar\\\/c5a7ef84c66fa914f55bc4f7ce26cfa275a3b9a1c5568b907bd184fb4dde7b40?s=96&d=mm&r=g\",\"caption\":\"inclusivenews2024\"},\"sameAs\":[\"https:\\\/\\\/inclusivenews.com.br\"],\"url\":\"https:\\\/\\\/inclusivenews.com.br\\\/?author=1\"}]}<\/script>\n<!-- \/ Yoast SEO plugin. -->","yoast_head_json":{"title":"1\u00ba Semin\u00e1rio do Dia Internacional das Pessoas com Defici\u00eancia (3\/12) -","robots":{"index":"index","follow":"follow","max-snippet":"max-snippet:-1","max-image-preview":"max-image-preview:large","max-video-preview":"max-video-preview:-1"},"canonical":"https:\/\/inclusivenews.com.br\/?p=18100","og_locale":"pt_PT","og_type":"article","og_title":"1\u00ba Semin\u00e1rio do Dia Internacional das Pessoas com Defici\u00eancia (3\/12) -","og_description":"Ser\u00e1 realizado no dias 03 de dezembro, das 14 \u00e0s 17 horas, no Audit\u00f3rio da Escola de Gest\u00e3o P\u00fablica da SMA Rua Siqueira Campos, 1.300, 14\u00b0 andar.","og_url":"https:\/\/inclusivenews.com.br\/?p=18100","article_publisher":"https:\/\/www.facebook.com\/agenciainclusive\/","article_published_time":"2010-12-02T06:07:14+00:00","og_image":[{"url":"http:\/\/www.falaturista.com.br\/blog\/wp-content\/uploads\/2010\/07\/porto-alegre.jpg","type":"","width":"","height":""}],"author":"inclusivenews2024","twitter_card":"summary_large_image","twitter_misc":{"Escrito por":"inclusivenews2024"},"schema":{"@context":"https:\/\/schema.org","@graph":[{"@type":"Article","@id":"https:\/\/inclusivenews.com.br\/?p=18100#article","isPartOf":{"@id":"https:\/\/inclusivenews.com.br\/?p=18100"},"author":{"name":"inclusivenews2024","@id":"https:\/\/inclusivenews.com.br\/#\/schema\/person\/ae4ec7087559b8692fb33b6fffd2273b"},"headline":"1\u00ba Semin\u00e1rio do Dia Internacional das Pessoas com Defici\u00eancia (3\/12)","datePublished":"2010-12-02T06:07:14+00:00","mainEntityOfPage":{"@id":"https:\/\/inclusivenews.com.br\/?p=18100"},"wordCount":100,"commentCount":0,"publisher":{"@id":"https:\/\/inclusivenews.com.br\/#organization"},"image":{"@id":"https:\/\/inclusivenews.com.br\/?p=18100#primaryimage"},"thumbnailUrl":"http:\/\/www.falaturista.com.br\/blog\/wp-content\/uploads\/2010\/07\/porto-alegre.jpg","articleSection":["Cursos e eventos","Defici\u00eancia","NOT\u00cdCIAS"],"inLanguage":"pt-PT","potentialAction":[{"@type":"CommentAction","name":"Comment","target":["https:\/\/inclusivenews.com.br\/?p=18100#respond"]}]},{"@type":"WebPage","@id":"https:\/\/inclusivenews.com.br\/?p=18100","url":"https:\/\/inclusivenews.com.br\/?p=18100","name":"1\u00ba Semin\u00e1rio do Dia Internacional das Pessoas com Defici\u00eancia (3\/12) -","isPartOf":{"@id":"https:\/\/inclusivenews.com.br\/#website"},"primaryImageOfPage":{"@id":"https:\/\/inclusivenews.com.br\/?p=18100#primaryimage"},"image":{"@id":"https:\/\/inclusivenews.com.br\/?p=18100#primaryimage"},"thumbnailUrl":"http:\/\/www.falaturista.com.br\/blog\/wp-content\/uploads\/2010\/07\/porto-alegre.jpg","datePublished":"2010-12-02T06:07:14+00:00","breadcrumb":{"@id":"https:\/\/inclusivenews.com.br\/?p=18100#breadcrumb"},"inLanguage":"pt-PT","potentialAction":[{"@type":"ReadAction","target":["https:\/\/inclusivenews.com.br\/?p=18100"]}]},{"@type":"ImageObject","inLanguage":"pt-PT","@id":"https:\/\/inclusivenews.com.br\/?p=18100#primaryimage","url":"http:\/\/www.falaturista.com.br\/blog\/wp-content\/uploads\/2010\/07\/porto-alegre.jpg","contentUrl":"http:\/\/www.falaturista.com.br\/blog\/wp-content\/uploads\/2010\/07\/porto-alegre.jpg"},{"@type":"BreadcrumbList","@id":"https:\/\/inclusivenews.com.br\/?p=18100#breadcrumb","itemListElement":[{"@type":"ListItem","position":1,"name":"In\u00edcio","item":"https:\/\/inclusivenews.com.br\/"},{"@type":"ListItem","position":2,"name":"1\u00ba Semin\u00e1rio do Dia Internacional das Pessoas com Defici\u00eancia (3\/12)"}]},{"@type":"WebSite","@id":"https:\/\/inclusivenews.com.br\/#website","url":"https:\/\/inclusivenews.com.br\/","name":"Inclusive News","description":"Inclusive News","publisher":{"@id":"https:\/\/inclusivenews.com.br\/#organization"},"potentialAction":[{"@type":"SearchAction","target":{"@type":"EntryPoint","urlTemplate":"https:\/\/inclusivenews.com.br\/?s={search_term_string}"},"query-input":{"@type":"PropertyValueSpecification","valueRequired":true,"valueName":"search_term_string"}}],"inLanguage":"pt-PT"},{"@type":"Organization","@id":"https:\/\/inclusivenews.com.br\/#organization","name":"Inclusive - inclus\u00e3o e cidadania","url":"https:\/\/inclusivenews.com.br\/","logo":{"@type":"ImageObject","inLanguage":"pt-PT","@id":"https:\/\/inclusivenews.com.br\/#\/schema\/logo\/image\/","url":"https:\/\/inclusivenews.com.br\/wp-content\/uploads\/2024\/03\/@grandesite.png","contentUrl":"https:\/\/inclusivenews.com.br\/wp-content\/uploads\/2024\/03\/@grandesite.png","width":1080,"height":1080,"caption":"Inclusive - inclus\u00e3o e cidadania"},"image":{"@id":"https:\/\/inclusivenews.com.br\/#\/schema\/logo\/image\/"},"sameAs":["https:\/\/www.facebook.com\/agenciainclusive\/","https:\/\/www.instagram.com\/newsinclusive\/"]},{"@type":"Person","@id":"https:\/\/inclusivenews.com.br\/#\/schema\/person\/ae4ec7087559b8692fb33b6fffd2273b","name":"inclusivenews2024","image":{"@type":"ImageObject","inLanguage":"pt-PT","@id":"https:\/\/secure.gravatar.com\/avatar\/c5a7ef84c66fa914f55bc4f7ce26cfa275a3b9a1c5568b907bd184fb4dde7b40?s=96&d=mm&r=g","url":"https:\/\/secure.gravatar.com\/avatar\/c5a7ef84c66fa914f55bc4f7ce26cfa275a3b9a1c5568b907bd184fb4dde7b40?s=96&d=mm&r=g","contentUrl":"https:\/\/secure.gravatar.com\/avatar\/c5a7ef84c66fa914f55bc4f7ce26cfa275a3b9a1c5568b907bd184fb4dde7b40?s=96&d=mm&r=g","caption":"inclusivenews2024"},"sameAs":["https:\/\/inclusivenews.com.br"],"url":"https:\/\/inclusivenews.com.br\/?author=1"}]}},"_links":{"self":[{"href":"https:\/\/inclusivenews.com.br\/index.php?rest_route=\/wp\/v2\/posts\/18100","targetHints":{"allow":["GET"]}}],"collection":[{"href":"https:\/\/inclusivenews.com.br\/index.php?rest_route=\/wp\/v2\/posts"}],"about":[{"href":"https:\/\/inclusivenews.com.br\/index.php?rest_route=\/wp\/v2\/types\/post"}],"author":[{"embeddable":true,"href":"https:\/\/inclusivenews.com.br\/index.php?rest_route=\/wp\/v2\/users\/1"}],"replies":[{"embeddable":true,"href":"https:\/\/inclusivenews.com.br\/index.php?rest_route=%2Fwp%2Fv2%2Fcomments&post=18100"}],"version-history":[{"count":0,"href":"https:\/\/inclusivenews.com.br\/index.php?rest_route=\/wp\/v2\/posts\/18100\/revisions"}],"wp:attachment":[{"href":"https:\/\/inclusivenews.com.br\/index.php?rest_route=%2Fwp%2Fv2%2Fmedia&parent=18100"}],"wp:term":[{"taxonomy":"category","embeddable":true,"href":"https:\/\/inclusivenews.com.br\/index.php?rest_route=%2Fwp%2Fv2%2Fcategories&post=18100"},{"taxonomy":"post_tag","embeddable":true,"href":"https:\/\/inclusivenews.com.br\/index.php?rest_route=%2Fwp%2Fv2%2Ftags&post=18100"}],"curies":[{"name":"wp","href":"https:\/\/api.w.org\/{rel}","templated":true}]}}