{"id":18101,"date":"2010-12-02T03:07:35","date_gmt":"2010-12-02T06:07:35","guid":{"rendered":"http:\/\/www.inclusive.org.br\/?p=18101"},"modified":"2010-12-02T03:07:35","modified_gmt":"2010-12-02T06:07:35","slug":"passeata-movimento-superacao-412","status":"publish","type":"post","link":"https:\/\/inclusivenews.com.br\/?p=18101","title":{"rendered":"Passeata Movimento SuperA\u00e7\u00e3o (4\/12)"},"content":{"rendered":"<figure style=\"width: 229px\" class=\"wp-caption alignleft\"><img loading=\"lazy\" decoding=\"async\" title=\"Dra\u00e7\u00e3o cadeirante - s\u00edmbolo do Movimento SuperA\u00e7\u00e3o\" src=\"http:\/\/2.bp.blogspot.com\/_EpAz1gceOWU\/SAwuU-1gHCI\/AAAAAAAAAGM\/WgsatzZ_hLw\/s320\/dragao_entrada.jpg\" alt=\"Dra\u00e7\u00e3o cadeirante - s\u00edmbolo do Movimento SuperA\u00e7\u00e3o\" width=\"229\" height=\"219\" \/><figcaption class=\"wp-caption-text\"> <\/figcaption><\/figure>\n<p>O encontro \u00e9 promovido pelo Movimento SuperA\u00e7\u00e3o, que surgiu da uni\u00e3o de jovens com e sem defici\u00eancia que sentiram a necessidade de alertar a sociedade sobre a import\u00e2ncia da inclus\u00e3o das pessoas com defici\u00eancia em seu mecanismo social. Apesar do Brasil ter um amplo leque de leis que asseguram os direitos dessa parcela da popula\u00e7\u00e3o, essas leis n\u00e3o s\u00e3o cumpridas, segregando as pessoas com defici\u00eancia do contexto social do Pa\u00eds. Ent\u00e3o a miss\u00e3o do Movimento Supera\u00e7\u00e3o \u00e9 promover a defensa dos direitos e o exerc\u00edcio da cidadania das pessoas com defici\u00eancia, atrav\u00e9s de eventos s\u00f3cio-culturais.<\/p>\n<p>A Passeata Movimento SuperA\u00e7\u00e3o \u00e9 a a\u00e7\u00e3o mais conhecida do grupo e celebra o \u201cDia Internacional da Pessoa com Defici\u00eancia\u201d,  que ocorre dia 03 de dezembro e tamb\u00e9m outras datas importantes para o movimento das pessoas com defici\u00eancia. Em S\u00e3o Paulo , ocorre h\u00e1 sete anos. O Rio de Janeiro teve tr\u00eas edi\u00e7\u00f5es na praia de Copacabana. Em agosto deste ano tamb\u00e9m aconteceu a primeira vez em Porto Alegre. J\u00e1 ultrapassou as fronteiras brasileiras e tamb\u00e9m foi realizada na Argentina, em Santa F\u00e9.<\/p>\n<p>Na Brasil e na Argentina, o movimento tem a participa\u00e7\u00e3o de institui\u00e7\u00f5es e organiza\u00e7\u00f5es que trabalham e apoiam pessoas com mobilidade reduzida, defici\u00eancias sensoriais e intelectuais, simpatizantes e adeptos do movimento. Todos tem em comum o intuito de alertar para a necessidade do reconhecimento da diversidade humana. Haver\u00e1 apresenta\u00e7\u00e3o musicais de DJ\u2019s Unidos, Banda Carrera, Juliana Caldas, Projeto Tup\u00e3, Rincon Sapi\u00eancia, Manu Gavassi e NXZero.<\/p>\n<p><strong>Passeata Movimento SuperA\u00e7\u00e3o<br \/>\nData: 04 de dezembro de 2010<br \/>\n11h00 \u2013 Concentra\u00e7\u00e3o na Pra\u00e7a da Rep\u00fablica<br \/>\n12h00 \u2013 Sa\u00edda da Passeata rumo ao Vale do Anhangaba\u00fa<br \/>\n13h00 \u2013 Abertura oficial no Vale do Anhangaba\u00fa e in\u00edcio dos shows<\/strong><\/p>\n<p><a href=\"http:\/\/www.movimentosuperacao.org.br\/\">http:\/\/www.movimentosuperacao.org.br\/<\/a><\/p>\n","protected":false},"excerpt":{"rendered":"<p>O encontro \u00e9 promovido pelo Movimento SuperA\u00e7\u00e3o, que surgiu da uni\u00e3o de jovens com e sem defici\u00eancia que sentiram a necessidade de alertar a sociedade sobre a import\u00e2ncia da inclus\u00e3o das pessoas com defici\u00eancia em seu mecanismo social. <\/p>\n","protected":false},"author":1,"featured_media":0,"comment_status":"open","ping_status":"open","sticky":false,"template":"","format":"standard","meta":{"site-container-style":"default","site-container-layout":"default","site-sidebar-layout":"default","disable-article-header":"default","disable-site-header":"default","disable-site-footer":"default","disable-content-area-spacing":"default","footnotes":""},"categories":[12,4],"tags":[],"class_list":["post-18101","post","type-post","status-publish","format-standard","hentry","category-cursos-e-eventos","category-noticias"],"yoast_head":"<!-- This site is optimized with the Yoast SEO plugin v27.4 - https:\/\/yoast.com\/product\/yoast-seo-wordpress\/ -->\n<title>Passeata Movimento SuperA\u00e7\u00e3o (4\/12) -<\/title>\n<meta name=\"robots\" content=\"index, follow, max-snippet:-1, max-image-preview:large, max-video-preview:-1\" \/>\n<link rel=\"canonical\" href=\"https:\/\/inclusivenews.com.br\/?p=18101\" \/>\n<meta property=\"og:locale\" content=\"pt_PT\" \/>\n<meta property=\"og:type\" content=\"article\" \/>\n<meta property=\"og:title\" content=\"Passeata Movimento SuperA\u00e7\u00e3o (4\/12) -\" \/>\n<meta property=\"og:description\" content=\"O encontro \u00e9 promovido pelo Movimento SuperA\u00e7\u00e3o, que surgiu da uni\u00e3o de jovens com e sem defici\u00eancia que sentiram a necessidade de alertar a sociedade sobre a import\u00e2ncia da inclus\u00e3o das pessoas com defici\u00eancia em seu mecanismo social.\" \/>\n<meta property=\"og:url\" content=\"https:\/\/inclusivenews.com.br\/?p=18101\" \/>\n<meta property=\"article:publisher\" content=\"https:\/\/www.facebook.com\/agenciainclusive\/\" \/>\n<meta property=\"article:published_time\" content=\"2010-12-02T06:07:35+00:00\" \/>\n<meta property=\"og:image\" content=\"http:\/\/2.bp.blogspot.com\/_EpAz1gceOWU\/SAwuU-1gHCI\/AAAAAAAAAGM\/WgsatzZ_hLw\/s320\/dragao_entrada.jpg\" \/>\n<meta name=\"author\" content=\"inclusivenews2024\" \/>\n<meta name=\"twitter:card\" content=\"summary_large_image\" \/>\n<meta name=\"twitter:label1\" content=\"Escrito por\" \/>\n\t<meta name=\"twitter:data1\" content=\"inclusivenews2024\" \/>\n\t<meta name=\"twitter:label2\" content=\"Tempo estimado de leitura\" \/>\n\t<meta name=\"twitter:data2\" content=\"2 minutos\" \/>\n<script type=\"application\/ld+json\" class=\"yoast-schema-graph\">{\"@context\":\"https:\\\/\\\/schema.org\",\"@graph\":[{\"@type\":\"Article\",\"@id\":\"https:\\\/\\\/inclusivenews.com.br\\\/?p=18101#article\",\"isPartOf\":{\"@id\":\"https:\\\/\\\/inclusivenews.com.br\\\/?p=18101\"},\"author\":{\"name\":\"inclusivenews2024\",\"@id\":\"https:\\\/\\\/inclusivenews.com.br\\\/#\\\/schema\\\/person\\\/ae4ec7087559b8692fb33b6fffd2273b\"},\"headline\":\"Passeata Movimento SuperA\u00e7\u00e3o (4\\\/12)\",\"datePublished\":\"2010-12-02T06:07:35+00:00\",\"mainEntityOfPage\":{\"@id\":\"https:\\\/\\\/inclusivenews.com.br\\\/?p=18101\"},\"wordCount\":328,\"commentCount\":1,\"publisher\":{\"@id\":\"https:\\\/\\\/inclusivenews.com.br\\\/#organization\"},\"image\":{\"@id\":\"https:\\\/\\\/inclusivenews.com.br\\\/?p=18101#primaryimage\"},\"thumbnailUrl\":\"http:\\\/\\\/2.bp.blogspot.com\\\/_EpAz1gceOWU\\\/SAwuU-1gHCI\\\/AAAAAAAAAGM\\\/WgsatzZ_hLw\\\/s320\\\/dragao_entrada.jpg\",\"articleSection\":[\"Cursos e eventos\",\"NOT\u00cdCIAS\"],\"inLanguage\":\"pt-PT\",\"potentialAction\":[{\"@type\":\"CommentAction\",\"name\":\"Comment\",\"target\":[\"https:\\\/\\\/inclusivenews.com.br\\\/?p=18101#respond\"]}]},{\"@type\":\"WebPage\",\"@id\":\"https:\\\/\\\/inclusivenews.com.br\\\/?p=18101\",\"url\":\"https:\\\/\\\/inclusivenews.com.br\\\/?p=18101\",\"name\":\"Passeata Movimento SuperA\u00e7\u00e3o (4\\\/12) -\",\"isPartOf\":{\"@id\":\"https:\\\/\\\/inclusivenews.com.br\\\/#website\"},\"primaryImageOfPage\":{\"@id\":\"https:\\\/\\\/inclusivenews.com.br\\\/?p=18101#primaryimage\"},\"image\":{\"@id\":\"https:\\\/\\\/inclusivenews.com.br\\\/?p=18101#primaryimage\"},\"thumbnailUrl\":\"http:\\\/\\\/2.bp.blogspot.com\\\/_EpAz1gceOWU\\\/SAwuU-1gHCI\\\/AAAAAAAAAGM\\\/WgsatzZ_hLw\\\/s320\\\/dragao_entrada.jpg\",\"datePublished\":\"2010-12-02T06:07:35+00:00\",\"breadcrumb\":{\"@id\":\"https:\\\/\\\/inclusivenews.com.br\\\/?p=18101#breadcrumb\"},\"inLanguage\":\"pt-PT\",\"potentialAction\":[{\"@type\":\"ReadAction\",\"target\":[\"https:\\\/\\\/inclusivenews.com.br\\\/?p=18101\"]}]},{\"@type\":\"ImageObject\",\"inLanguage\":\"pt-PT\",\"@id\":\"https:\\\/\\\/inclusivenews.com.br\\\/?p=18101#primaryimage\",\"url\":\"http:\\\/\\\/2.bp.blogspot.com\\\/_EpAz1gceOWU\\\/SAwuU-1gHCI\\\/AAAAAAAAAGM\\\/WgsatzZ_hLw\\\/s320\\\/dragao_entrada.jpg\",\"contentUrl\":\"http:\\\/\\\/2.bp.blogspot.com\\\/_EpAz1gceOWU\\\/SAwuU-1gHCI\\\/AAAAAAAAAGM\\\/WgsatzZ_hLw\\\/s320\\\/dragao_entrada.jpg\"},{\"@type\":\"BreadcrumbList\",\"@id\":\"https:\\\/\\\/inclusivenews.com.br\\\/?p=18101#breadcrumb\",\"itemListElement\":[{\"@type\":\"ListItem\",\"position\":1,\"name\":\"In\u00edcio\",\"item\":\"https:\\\/\\\/inclusivenews.com.br\\\/\"},{\"@type\":\"ListItem\",\"position\":2,\"name\":\"Passeata Movimento SuperA\u00e7\u00e3o (4\\\/12)\"}]},{\"@type\":\"WebSite\",\"@id\":\"https:\\\/\\\/inclusivenews.com.br\\\/#website\",\"url\":\"https:\\\/\\\/inclusivenews.com.br\\\/\",\"name\":\"Inclusive News\",\"description\":\"Inclusive News\",\"publisher\":{\"@id\":\"https:\\\/\\\/inclusivenews.com.br\\\/#organization\"},\"potentialAction\":[{\"@type\":\"SearchAction\",\"target\":{\"@type\":\"EntryPoint\",\"urlTemplate\":\"https:\\\/\\\/inclusivenews.com.br\\\/?s={search_term_string}\"},\"query-input\":{\"@type\":\"PropertyValueSpecification\",\"valueRequired\":true,\"valueName\":\"search_term_string\"}}],\"inLanguage\":\"pt-PT\"},{\"@type\":\"Organization\",\"@id\":\"https:\\\/\\\/inclusivenews.com.br\\\/#organization\",\"name\":\"Inclusive - inclus\u00e3o e cidadania\",\"url\":\"https:\\\/\\\/inclusivenews.com.br\\\/\",\"logo\":{\"@type\":\"ImageObject\",\"inLanguage\":\"pt-PT\",\"@id\":\"https:\\\/\\\/inclusivenews.com.br\\\/#\\\/schema\\\/logo\\\/image\\\/\",\"url\":\"https:\\\/\\\/inclusivenews.com.br\\\/wp-content\\\/uploads\\\/2024\\\/03\\\/@grandesite.png\",\"contentUrl\":\"https:\\\/\\\/inclusivenews.com.br\\\/wp-content\\\/uploads\\\/2024\\\/03\\\/@grandesite.png\",\"width\":1080,\"height\":1080,\"caption\":\"Inclusive - inclus\u00e3o e cidadania\"},\"image\":{\"@id\":\"https:\\\/\\\/inclusivenews.com.br\\\/#\\\/schema\\\/logo\\\/image\\\/\"},\"sameAs\":[\"https:\\\/\\\/www.facebook.com\\\/agenciainclusive\\\/\",\"https:\\\/\\\/www.instagram.com\\\/newsinclusive\\\/\"]},{\"@type\":\"Person\",\"@id\":\"https:\\\/\\\/inclusivenews.com.br\\\/#\\\/schema\\\/person\\\/ae4ec7087559b8692fb33b6fffd2273b\",\"name\":\"inclusivenews2024\",\"image\":{\"@type\":\"ImageObject\",\"inLanguage\":\"pt-PT\",\"@id\":\"https:\\\/\\\/secure.gravatar.com\\\/avatar\\\/c5a7ef84c66fa914f55bc4f7ce26cfa275a3b9a1c5568b907bd184fb4dde7b40?s=96&d=mm&r=g\",\"url\":\"https:\\\/\\\/secure.gravatar.com\\\/avatar\\\/c5a7ef84c66fa914f55bc4f7ce26cfa275a3b9a1c5568b907bd184fb4dde7b40?s=96&d=mm&r=g\",\"contentUrl\":\"https:\\\/\\\/secure.gravatar.com\\\/avatar\\\/c5a7ef84c66fa914f55bc4f7ce26cfa275a3b9a1c5568b907bd184fb4dde7b40?s=96&d=mm&r=g\",\"caption\":\"inclusivenews2024\"},\"sameAs\":[\"https:\\\/\\\/inclusivenews.com.br\"],\"url\":\"https:\\\/\\\/inclusivenews.com.br\\\/?author=1\"}]}<\/script>\n<!-- \/ Yoast SEO plugin. -->","yoast_head_json":{"title":"Passeata Movimento SuperA\u00e7\u00e3o (4\/12) -","robots":{"index":"index","follow":"follow","max-snippet":"max-snippet:-1","max-image-preview":"max-image-preview:large","max-video-preview":"max-video-preview:-1"},"canonical":"https:\/\/inclusivenews.com.br\/?p=18101","og_locale":"pt_PT","og_type":"article","og_title":"Passeata Movimento SuperA\u00e7\u00e3o (4\/12) -","og_description":"O encontro \u00e9 promovido pelo Movimento SuperA\u00e7\u00e3o, que surgiu da uni\u00e3o de jovens com e sem defici\u00eancia que sentiram a necessidade de alertar a sociedade sobre a import\u00e2ncia da inclus\u00e3o das pessoas com defici\u00eancia em seu mecanismo social.","og_url":"https:\/\/inclusivenews.com.br\/?p=18101","article_publisher":"https:\/\/www.facebook.com\/agenciainclusive\/","article_published_time":"2010-12-02T06:07:35+00:00","og_image":[{"url":"http:\/\/2.bp.blogspot.com\/_EpAz1gceOWU\/SAwuU-1gHCI\/AAAAAAAAAGM\/WgsatzZ_hLw\/s320\/dragao_entrada.jpg","type":"","width":"","height":""}],"author":"inclusivenews2024","twitter_card":"summary_large_image","twitter_misc":{"Escrito por":"inclusivenews2024","Tempo estimado de leitura":"2 minutos"},"schema":{"@context":"https:\/\/schema.org","@graph":[{"@type":"Article","@id":"https:\/\/inclusivenews.com.br\/?p=18101#article","isPartOf":{"@id":"https:\/\/inclusivenews.com.br\/?p=18101"},"author":{"name":"inclusivenews2024","@id":"https:\/\/inclusivenews.com.br\/#\/schema\/person\/ae4ec7087559b8692fb33b6fffd2273b"},"headline":"Passeata Movimento SuperA\u00e7\u00e3o (4\/12)","datePublished":"2010-12-02T06:07:35+00:00","mainEntityOfPage":{"@id":"https:\/\/inclusivenews.com.br\/?p=18101"},"wordCount":328,"commentCount":1,"publisher":{"@id":"https:\/\/inclusivenews.com.br\/#organization"},"image":{"@id":"https:\/\/inclusivenews.com.br\/?p=18101#primaryimage"},"thumbnailUrl":"http:\/\/2.bp.blogspot.com\/_EpAz1gceOWU\/SAwuU-1gHCI\/AAAAAAAAAGM\/WgsatzZ_hLw\/s320\/dragao_entrada.jpg","articleSection":["Cursos e eventos","NOT\u00cdCIAS"],"inLanguage":"pt-PT","potentialAction":[{"@type":"CommentAction","name":"Comment","target":["https:\/\/inclusivenews.com.br\/?p=18101#respond"]}]},{"@type":"WebPage","@id":"https:\/\/inclusivenews.com.br\/?p=18101","url":"https:\/\/inclusivenews.com.br\/?p=18101","name":"Passeata Movimento SuperA\u00e7\u00e3o (4\/12) -","isPartOf":{"@id":"https:\/\/inclusivenews.com.br\/#website"},"primaryImageOfPage":{"@id":"https:\/\/inclusivenews.com.br\/?p=18101#primaryimage"},"image":{"@id":"https:\/\/inclusivenews.com.br\/?p=18101#primaryimage"},"thumbnailUrl":"http:\/\/2.bp.blogspot.com\/_EpAz1gceOWU\/SAwuU-1gHCI\/AAAAAAAAAGM\/WgsatzZ_hLw\/s320\/dragao_entrada.jpg","datePublished":"2010-12-02T06:07:35+00:00","breadcrumb":{"@id":"https:\/\/inclusivenews.com.br\/?p=18101#breadcrumb"},"inLanguage":"pt-PT","potentialAction":[{"@type":"ReadAction","target":["https:\/\/inclusivenews.com.br\/?p=18101"]}]},{"@type":"ImageObject","inLanguage":"pt-PT","@id":"https:\/\/inclusivenews.com.br\/?p=18101#primaryimage","url":"http:\/\/2.bp.blogspot.com\/_EpAz1gceOWU\/SAwuU-1gHCI\/AAAAAAAAAGM\/WgsatzZ_hLw\/s320\/dragao_entrada.jpg","contentUrl":"http:\/\/2.bp.blogspot.com\/_EpAz1gceOWU\/SAwuU-1gHCI\/AAAAAAAAAGM\/WgsatzZ_hLw\/s320\/dragao_entrada.jpg"},{"@type":"BreadcrumbList","@id":"https:\/\/inclusivenews.com.br\/?p=18101#breadcrumb","itemListElement":[{"@type":"ListItem","position":1,"name":"In\u00edcio","item":"https:\/\/inclusivenews.com.br\/"},{"@type":"ListItem","position":2,"name":"Passeata Movimento SuperA\u00e7\u00e3o (4\/12)"}]},{"@type":"WebSite","@id":"https:\/\/inclusivenews.com.br\/#website","url":"https:\/\/inclusivenews.com.br\/","name":"Inclusive News","description":"Inclusive News","publisher":{"@id":"https:\/\/inclusivenews.com.br\/#organization"},"potentialAction":[{"@type":"SearchAction","target":{"@type":"EntryPoint","urlTemplate":"https:\/\/inclusivenews.com.br\/?s={search_term_string}"},"query-input":{"@type":"PropertyValueSpecification","valueRequired":true,"valueName":"search_term_string"}}],"inLanguage":"pt-PT"},{"@type":"Organization","@id":"https:\/\/inclusivenews.com.br\/#organization","name":"Inclusive - inclus\u00e3o e cidadania","url":"https:\/\/inclusivenews.com.br\/","logo":{"@type":"ImageObject","inLanguage":"pt-PT","@id":"https:\/\/inclusivenews.com.br\/#\/schema\/logo\/image\/","url":"https:\/\/inclusivenews.com.br\/wp-content\/uploads\/2024\/03\/@grandesite.png","contentUrl":"https:\/\/inclusivenews.com.br\/wp-content\/uploads\/2024\/03\/@grandesite.png","width":1080,"height":1080,"caption":"Inclusive - inclus\u00e3o e cidadania"},"image":{"@id":"https:\/\/inclusivenews.com.br\/#\/schema\/logo\/image\/"},"sameAs":["https:\/\/www.facebook.com\/agenciainclusive\/","https:\/\/www.instagram.com\/newsinclusive\/"]},{"@type":"Person","@id":"https:\/\/inclusivenews.com.br\/#\/schema\/person\/ae4ec7087559b8692fb33b6fffd2273b","name":"inclusivenews2024","image":{"@type":"ImageObject","inLanguage":"pt-PT","@id":"https:\/\/secure.gravatar.com\/avatar\/c5a7ef84c66fa914f55bc4f7ce26cfa275a3b9a1c5568b907bd184fb4dde7b40?s=96&d=mm&r=g","url":"https:\/\/secure.gravatar.com\/avatar\/c5a7ef84c66fa914f55bc4f7ce26cfa275a3b9a1c5568b907bd184fb4dde7b40?s=96&d=mm&r=g","contentUrl":"https:\/\/secure.gravatar.com\/avatar\/c5a7ef84c66fa914f55bc4f7ce26cfa275a3b9a1c5568b907bd184fb4dde7b40?s=96&d=mm&r=g","caption":"inclusivenews2024"},"sameAs":["https:\/\/inclusivenews.com.br"],"url":"https:\/\/inclusivenews.com.br\/?author=1"}]}},"_links":{"self":[{"href":"https:\/\/inclusivenews.com.br\/index.php?rest_route=\/wp\/v2\/posts\/18101","targetHints":{"allow":["GET"]}}],"collection":[{"href":"https:\/\/inclusivenews.com.br\/index.php?rest_route=\/wp\/v2\/posts"}],"about":[{"href":"https:\/\/inclusivenews.com.br\/index.php?rest_route=\/wp\/v2\/types\/post"}],"author":[{"embeddable":true,"href":"https:\/\/inclusivenews.com.br\/index.php?rest_route=\/wp\/v2\/users\/1"}],"replies":[{"embeddable":true,"href":"https:\/\/inclusivenews.com.br\/index.php?rest_route=%2Fwp%2Fv2%2Fcomments&post=18101"}],"version-history":[{"count":0,"href":"https:\/\/inclusivenews.com.br\/index.php?rest_route=\/wp\/v2\/posts\/18101\/revisions"}],"wp:attachment":[{"href":"https:\/\/inclusivenews.com.br\/index.php?rest_route=%2Fwp%2Fv2%2Fmedia&parent=18101"}],"wp:term":[{"taxonomy":"category","embeddable":true,"href":"https:\/\/inclusivenews.com.br\/index.php?rest_route=%2Fwp%2Fv2%2Fcategories&post=18101"},{"taxonomy":"post_tag","embeddable":true,"href":"https:\/\/inclusivenews.com.br\/index.php?rest_route=%2Fwp%2Fv2%2Ftags&post=18101"}],"curies":[{"name":"wp","href":"https:\/\/api.w.org\/{rel}","templated":true}]}}