{"id":18103,"date":"2010-12-02T03:15:15","date_gmt":"2010-12-02T06:15:15","guid":{"rendered":"http:\/\/www.inclusive.org.br\/?p=18103"},"modified":"2010-12-02T03:15:15","modified_gmt":"2010-12-02T06:15:15","slug":"da-teoria-para-a-pratica-2","status":"publish","type":"post","link":"https:\/\/inclusivenews.com.br\/?p=18103","title":{"rendered":"Da teoria para a pr\u00e1tica"},"content":{"rendered":"<figure id=\"attachment_18065\" aria-describedby=\"caption-attachment-18065\" style=\"width: 320px\" class=\"wp-caption alignleft\"><a href=\"http:\/\/www.inclusivenews.com.br\/wp-content\/uploads\/2010\/11\/fotogrupo.jpg\"><img loading=\"lazy\" decoding=\"async\" class=\"size-full wp-image-18065 \" title=\"Participantes da reuni\u00e3o estrat\u00e9gica sobre a Conven\u00e7\u00e3o, reunidos em um hotel em S\u00e3o Paulo. Est\u00e3o na foto: Regina Atalla, Jorge M\u00e1rcio, Leandra Migotto Certeza, Katia Fonseca, S\u00e9rgio Santos, Anahi Guedes, Claudia Grabois, Lais Lopes, Tina Minkowitz, Solange Carvalho, Waldir Macieira, Suely Viola e Cleide Ramos Reis.\" src=\"http:\/\/inclusivenews.com.br\/wp-content\/uploads\/2010\/11\/fotogrupo.jpg\" alt=\"Participantes da reuni\u00e3o estrat\u00e9gica sobre a Conven\u00e7\u00e3o, reunidos em um hotel em S\u00e3o Paulo. Est\u00e3o na foto: Regina Atalla, Jorge M\u00e1rcio, Leandra Migotto Certeza, Katia Fonseca, S\u00e9rgio Santos, Anahi Guedes, Claudia Grabois, Lais Lopes, Tina Minkowitz, Solange Carvalho, Waldir Macieira, Suely Viola e Cleide Ramos Reis.\" width=\"320\" height=\"240\" \/><\/a><figcaption id=\"caption-attachment-18065\" class=\"wp-caption-text\">Foto: Regina Atalla - participantes da reuni\u00e3o estrat\u00e9gica sobre a Conven\u00e7\u00e3o reunidos no hotel em S\u00e3o Paulo. Est\u00e3o na foto: Regina Atalla, Jorge M\u00e1rcio, Leandra Migotto Certeza, Katia Fonseca, S\u00e9rgio Santos, Anahi Guedes, Claudia Grabois, Lais Lopes, Tina Minkowitz, Solange Carvalho, Waldir Macieira, Suely Viola e Cleide Ramos Reis.<\/figcaption><\/figure>\n<p><strong>Por Leandra Migotto Certeza<\/strong><\/p>\n<p><strong>&#8220;Nada sobre n\u00f3s, sem n\u00f3s&#8221;.<\/strong><\/p>\n<p>Ativistas em Direitos Humanos afirmaram em encontro que a Conven\u00e7\u00e3o da Organiza\u00e7\u00e3o Internacional das Na\u00e7\u00f5es Unidas sobre os Direitos das Pessoas com Defici\u00eancia deve ser implementada com efic\u00e1cia e efici\u00eancia, e monitorada ativamente pela sociedade civil com total autonomia e independ\u00eancia.<\/p>\n<p>Mais de 40 pessoas se reuniram na cidade de S\u00e3o Paulo, de 17 a 19 de novembro, para discutir as melhores formas de implementa\u00e7\u00e3o, fiscaliza\u00e7\u00e3o e monitoramento do documento mais importante em rela\u00e7\u00e3o aos Direitos Humanos das Pessoas com Defici\u00eancia.<\/p>\n<p>Para debater sobre o tema: &#8220;Avan\u00e7os, Desafios e Participa\u00e7\u00e3o da Sociedade Civil&#8221;, representantes de v\u00e1rias Organiza\u00e7\u00f5es N\u00e3o-Governamentais; l\u00edderes de movimentos sociais; juristas, promotores, procuradores, e advogados; al\u00e9m de comunicadores e representantes dos governos municipais, estaduais e federais conviveram em um espa\u00e7o democr\u00e1tico e muito participativo. Juntos e juntas, pessoas sem e com defici\u00eancia f\u00edsica, auditiva, visual e intelectual apresentaram suas ideias e propostas, discutiram seus pontos de vista, e comentaram suas experi\u00eancias, de forma clara e bem pr\u00f3xima da realidade cotidiana.<\/p>\n<p>Todos e todas tiveram direito a voz ativamente e suas potencialidades e especificidades foram respeitadas. Int\u00e9rpretes da LIBRAS &#8211; L\u00edngua Brasileira de Sinais garantiram a participa\u00e7\u00e3o de pessoas com surdez, e uma equipe de volunt\u00e1rios (muito bem qualificada) auxiliou quem precisou de apoio para se comunicar, e se locomover dentro e fora do hotel acess\u00edvel fisicamente, apropriadamente escolhido pela RIADIS &#8211; Rede Latino Americana de Organiza\u00e7\u00f5es N\u00e3o-Governamentais de Pessoas com Defici\u00eancias e Suas Fam\u00edlias &#8211; <a href=\"http:\/\/www.riadis.net\/\">http:\/\/www.riadis.net\/<\/a> e pela ONG Conectas &#8211; Direitos Humanos <a href=\"http:\/\/www.conectas.org\/\">http:\/\/www.conectas.org<\/a>, respons\u00e1veis pela realiza\u00e7\u00e3o do encontro.<\/p>\n<p>Brasileiros e brasileiras de S\u00e3o Paulo, Salvador, Florian\u00f3polis, Rio de Janeiro, Bras\u00edlia, Chapec\u00f3, Campinas, Campo Grande, Curitiba, se uniram aos ativistas da Costa Rica, Argentina, Guin\u00e9-Bissau, M\u00e9xico, Guatemala, e Nova York, para apresentar as principais a\u00e7\u00f5es de seus pa\u00edses, sobre o documento ratificado ou n\u00e3o por seus governos e que, segundo eles e elas, precisa ser seguido \u00e0 risca, por meio de pol\u00edticas p\u00fablicas ou movimentos sociais que exijam o seu total cumprimento.<\/p>\n<p>&#8220;Nada sobre n\u00f3s, sem n\u00f3s&#8221; e &#8220;Da teoria \u00e0 pr\u00e1tica&#8221; foram os principais lemas. A grande maioria dos participantes acredita que as pessoas com defici\u00eancia precisam ser protagonistas de suas hist\u00f3rias com autonomia e independ\u00eancia, e que a Conven\u00e7\u00e3o deve sair do papel e passar para a pr\u00e1tica das a\u00e7\u00f5es e, principalmente, por meio de pol\u00edticas p\u00fablicas eficazes e eficientes. &#8220;A Conven\u00e7\u00e3o foi feita em equipe e com uni\u00e3o. O trabalho mais dif\u00edcil come\u00e7a agora: pass\u00e1-la do papel para se transformar em a\u00e7\u00f5es pr\u00e1ticas e objetivas. Por isso, esperamos que o Brasil seja um exemplo de promo\u00e7\u00e3o dos Direitos Humanos da Pessoa com Defici\u00eancia&#8221;, afirmou Regina Atalla, presidente da RIADIS no Brasil.<\/p>\n<p>Para Malak Poppovic, diretora da Conectas, &#8220;a Conven\u00e7\u00e3o sobre os Direitos das Pessoas com Defici\u00eancia precisa ser traduzida em fatos e efetividade. A sociedade civil est\u00e1 fazendo o seu monitoramento e apropria\u00e7\u00e3o do documento com o objetivo de efetivar seus direitos&#8221;. Para Luis Fernando Astorga Gatjens, do IIDI &#8211; Instituto Interamericano de Discapacidad y Desarrollo Inclusivo, a mudan\u00e7a mais importante que a Conven\u00e7\u00e3o traz \u00e9 que todas as pessoas com defici\u00eancia do mundo, deixam de ser vistas pela sociedade como objetos de caridade e assistencialismo, para ser apropriarem integralmente de seus direitos com autonomia e, principalmente, protagonismo.<\/p>\n<p><strong>O que \u00e9 a Conven\u00e7\u00e3o?<\/strong><\/p>\n<p>A Conven\u00e7\u00e3o sobre os Direitos das Pessoas com Defici\u00eancia: <a href=\"http:\/\/portal.mj.gov.br\/corde\/\">http:\/\/portal.mj.gov.br\/corde\/<\/a>, foi criada pela Organiza\u00e7\u00e3o das Na\u00e7\u00f5es Unidas e ratificada pelo Brasil, dia 12\/08\/2008, junto com seu Protocolo Facultativo, assinado em 01\/08\/2008. \u00c9 o primeiro tratado internacional com status constitucional da hist\u00f3ria do Brasil. Portanto, \u00e9 uma Emenda Constitucional! No total, 128 pa\u00edses a assinaram. O Brasil \u00e9 o 34\u00ba pa\u00eds no mundo a ratific\u00e1-la e o 20\u00ba a assinar o Protocolo Facultativo junto com os pa\u00edses efetivamente comprometidos com os direitos das pessoas com defici\u00eancia.<\/p>\n<p>O principal objetivo do documento, segundo o primeiro artigo, \u00e9 \u201cpromover, proteger e assegurar o exerc\u00edcio pleno e eq\u00fcitativo de todos os direitos humanos e liberdades fundamentais por todas as pessoas com defici\u00eancia e promover o respeito pela sua dignidade inerente\u201d. Al\u00e9m do respeito por dignidade, s\u00e3o princ\u00edpios do documento a n\u00e3o-discrimina\u00e7\u00e3o, a plena e efetiva participa\u00e7\u00e3o e inclus\u00e3o na sociedade, o respeito pela diferen\u00e7a, a igualdade de oportunidades e a acessibilidade.<\/p>\n<p>Um dos principais pontos da Conven\u00e7\u00e3o \u00e9 o fato de o descumprimento de qualquer item que favore\u00e7a a inclus\u00e3o das pessoas com defici\u00eancia passa a ser considerado discrimina\u00e7\u00e3o. Isso inclui, por exemplo, a acessibilidade, seja por meio de \u00f4nibus adaptados ou legendas e \u00e1udio-descri\u00e7\u00e3o nos programas de televis\u00e3o. Al\u00e9m disso, a partir da ratifica\u00e7\u00e3o da Conven\u00e7\u00e3o as pessoas com defici\u00eancia n\u00e3o podem ter sua capacidade legal retirada. Em outras palavras, fica garantido o seu direito de votar, de assinar os pr\u00f3prios documentos e de administrar seus bens e recursos financeiros, por exemplo.<\/p>\n<p><strong>Urg\u00eancia na efetiva\u00e7\u00e3o dos direitos humanos.<\/strong><\/p>\n<p>Segundo os ativistas e as ativistas presentes no encontro, muitas conquistas foram alcan\u00e7adas em rela\u00e7\u00e3o aos direitos das pessoas com defici\u00eancia, por\u00e9m, os desafios s\u00e3o cada vez maiores, devido a urg\u00eancia de se atender \u00e0s necessidades b\u00e1sicas de sobreviv\u00eancia, principalmente nas regi\u00f5es mais perif\u00e9ricas das cidades e nas zonas ruais. De acordo com o Censo de 2000, dos mais 24,5 milh\u00f5es de brasileiros com alguma defici\u00eancia (seja f\u00edsica, auditiva, visual, m\u00faltipla, intelectual ou surdocegueira), quase 30% \u00e9 miser\u00e1vel e t\u00eam escolaridade inferior a um ano. Infelizmente, no Brasil, defici\u00eancia e desigualdade caminham juntos.<\/p>\n<p>Por isso, o objetivo foi multiplicar e disseminar as informa\u00e7\u00f5es sobre a realidade de quem ainda nunca consegue ser visto e ouvido. Como o caso de uma jovem de 20 anos, com incapacidade motora cerebral (defici\u00eancia f\u00edsica que compromete, principalmente, os movimentos e a fala), relatado por Regina Atalla. Ela foi encontrada, na Bahia, em estado grave, e completamente abandonada, devido a falta de assist\u00eancia social do governo. Nunca foi atendida por um m\u00e9dico, e muito menos frequentou uma escola. Viveu isolada, assim como v\u00e1rias pessoas com defici\u00eancia no Brasil e no mundo.<\/p>\n<p>A institucionaliza\u00e7\u00e3o e o descaso dos governos e da sociedade foram um dos principais temas debatidos no primeiro dia. Tuca Munhoz, representante da Pastoral das Pessoas com Defici\u00eancia da Arquediocese de S\u00e3o Paulo afirmou que ainda existem mais de mil pessoas com defici\u00eancia na cidade vivendo completamente segregadas em institui\u00e7\u00f5es assistencialistas, e muitas vezes corruptas. Domingos Jo\u00e3o Montagna, representante da Fraternidade Brasileira de Pessoas com Defici\u00eancia, de Chapec\u00f3, lembrou que existe in\u00fameras pessoas abandonadas nas \u00e1reas rurais, sem qualquer acesso aos servi\u00e7os de sa\u00fade, entre outros.<\/p>\n<p>Cleide Ramos Reis, representante do Centro de Vida Independente da Bahia, afirmou que 8,5% da popula\u00e7\u00e3o com defici\u00eancia de 14,5% existente, est\u00e3o em situa\u00e7\u00e3o de pobreza multi-dimensional. Para ela \u00e9 preciso haver pol\u00edticas p\u00fablicas eficazes que promova a inclus\u00e3o, e para isso, as pessoas com defici\u00eancia devem ter acesso gratuito \u00e0s ajudas t\u00e9cnicas b\u00e1sicas, como pr\u00f3teses, cadeiras de rodas, aparelhos auditivos, entre outras, al\u00e9m das tecnologias assistivas como legendas ocultas na TV, \u00e1udio-descri\u00e7\u00e3o e int\u00e9rpretes de LIBRAS nas escolas, por exemplo.<\/p>\n<p>Eu, jornalista com defici\u00eancia f\u00edsica, estive documentando em v\u00eddeo e texto os relatos do encontro. Acompanhem a continuidade desta reportagem na pr\u00f3xima semana!<\/p>\n<p><strong>*Leandra Migotto Certeza \u00e9 Jornalista<\/strong> (MTb 40546) e colunista da Caleidosc\u00f3pio Comunica\u00e7\u00f5es, Rep\u00f3rter Volunt\u00e1ria da Rede SACI &#8211; <a href=\"http:\/\/www.saci.org.br\/\">www.saci.org.br<\/a>, Ativista em Direitos Humanos das Pessoas com Defici\u00eancia da ONG Conectas Direitos Humanos &#8211; <a href=\"http:\/\/www.conectas.org\/\">www.conectas.org<\/a>, e Volunt\u00e1ria da Associa\u00e7\u00e3o Brasileira de S\u00edndrome de Williams &#8211; <a href=\"http:\/\/www.swbrasil.org.br\/\">www.swbrasil.org.br<\/a> &#8211; Tels: 55 (11) 3453-5370 &#8211; Cel: 55 (11) 8697-9067 &#8211; BLOGs: Pessoal: <a href=\"http:\/\/leandramigottocerteza.blogspot.com\/\">http:\/\/leandramigottocerteza.blogspot.com\/<\/a> &#8211; Institucional: <a href=\"http:\/\/fantasiascaleidoscopicas.blogspot.com\/\">http:\/\/fantasiascaleidoscopicas.blogspot.com\/<\/a> &#8211; Twitter: @LeCaleidoscopio<\/p>\n<p><strong>________________<\/strong><\/p>\n<p><strong>Fonte: <\/strong><a href=\"http:\/\/leandramigottocerteza.blogspot.com\/2010\/11\/da-teoria-para-pratica.html?zx=f54024a6f34b5eb2\">Caleidosc\u00f3pio<\/a><\/p>\n","protected":false},"excerpt":{"rendered":"<p>Por Leandra Migotto Certeza &#8211; Ativistas em Direitos Humanos afirmaram em encontro que a Conven\u00e7\u00e3o da Organiza\u00e7\u00e3o Internacional das Na\u00e7\u00f5es Unidas sobre os Direitos das Pessoas com Defici\u00eancia deve ser implementada com efic\u00e1cia e efici\u00eancia, e monitorada ativamente pela sociedade civil com total autonomia e independ\u00eancia.<\/p>\n","protected":false},"author":1,"featured_media":0,"comment_status":"open","ping_status":"open","sticky":false,"template":"","format":"standard","meta":{"site-container-style":"default","site-container-layout":"default","site-sidebar-layout":"default","disable-article-header":"default","disable-site-header":"default","disable-site-footer":"default","disable-content-area-spacing":"default","footnotes":""},"categories":[36,11],"tags":[45],"class_list":["post-18103","post","type-post","status-publish","format-standard","hentry","category-colunas-especiais","category-direitos-humanos","tag-caleidoscopio"],"yoast_head":"<!-- This site is optimized with the Yoast SEO plugin v27.4 - https:\/\/yoast.com\/product\/yoast-seo-wordpress\/ -->\n<title>Da teoria para a pr\u00e1tica -<\/title>\n<meta name=\"robots\" content=\"index, follow, max-snippet:-1, max-image-preview:large, max-video-preview:-1\" \/>\n<link rel=\"canonical\" href=\"https:\/\/inclusivenews.com.br\/?p=18103\" \/>\n<meta property=\"og:locale\" content=\"pt_PT\" \/>\n<meta property=\"og:type\" content=\"article\" \/>\n<meta property=\"og:title\" content=\"Da teoria para a pr\u00e1tica -\" \/>\n<meta property=\"og:description\" content=\"Por Leandra Migotto Certeza - Ativistas em Direitos Humanos afirmaram em encontro que a Conven\u00e7\u00e3o da Organiza\u00e7\u00e3o Internacional das Na\u00e7\u00f5es Unidas sobre os Direitos das Pessoas com Defici\u00eancia deve ser implementada com efic\u00e1cia e efici\u00eancia, e monitorada ativamente pela sociedade civil com total autonomia e independ\u00eancia.\" \/>\n<meta property=\"og:url\" content=\"https:\/\/inclusivenews.com.br\/?p=18103\" \/>\n<meta property=\"article:publisher\" content=\"https:\/\/www.facebook.com\/agenciainclusive\/\" \/>\n<meta property=\"article:published_time\" content=\"2010-12-02T06:15:15+00:00\" \/>\n<meta property=\"og:image\" content=\"http:\/\/inclusivenews.com.br\/wp-content\/uploads\/2010\/11\/fotogrupo.jpg\" \/>\n<meta name=\"author\" content=\"inclusivenews2024\" \/>\n<meta name=\"twitter:card\" content=\"summary_large_image\" \/>\n<meta name=\"twitter:label1\" content=\"Escrito por\" \/>\n\t<meta name=\"twitter:data1\" content=\"inclusivenews2024\" \/>\n\t<meta name=\"twitter:label2\" content=\"Tempo estimado de leitura\" \/>\n\t<meta name=\"twitter:data2\" content=\"7 minutos\" \/>\n<script type=\"application\/ld+json\" class=\"yoast-schema-graph\">{\"@context\":\"https:\\\/\\\/schema.org\",\"@graph\":[{\"@type\":\"Article\",\"@id\":\"https:\\\/\\\/inclusivenews.com.br\\\/?p=18103#article\",\"isPartOf\":{\"@id\":\"https:\\\/\\\/inclusivenews.com.br\\\/?p=18103\"},\"author\":{\"name\":\"inclusivenews2024\",\"@id\":\"https:\\\/\\\/inclusivenews.com.br\\\/#\\\/schema\\\/person\\\/ae4ec7087559b8692fb33b6fffd2273b\"},\"headline\":\"Da teoria para a pr\u00e1tica\",\"datePublished\":\"2010-12-02T06:15:15+00:00\",\"mainEntityOfPage\":{\"@id\":\"https:\\\/\\\/inclusivenews.com.br\\\/?p=18103\"},\"wordCount\":1481,\"commentCount\":1,\"publisher\":{\"@id\":\"https:\\\/\\\/inclusivenews.com.br\\\/#organization\"},\"image\":{\"@id\":\"https:\\\/\\\/inclusivenews.com.br\\\/?p=18103#primaryimage\"},\"thumbnailUrl\":\"http:\\\/\\\/inclusivenews.com.br\\\/wp-content\\\/uploads\\\/2010\\\/11\\\/fotogrupo.jpg\",\"keywords\":[\"Caleidosc\u00f3pio\"],\"articleSection\":[\"Colunas especiais\",\"DIREITOS HUMANOS\"],\"inLanguage\":\"pt-PT\",\"potentialAction\":[{\"@type\":\"CommentAction\",\"name\":\"Comment\",\"target\":[\"https:\\\/\\\/inclusivenews.com.br\\\/?p=18103#respond\"]}]},{\"@type\":\"WebPage\",\"@id\":\"https:\\\/\\\/inclusivenews.com.br\\\/?p=18103\",\"url\":\"https:\\\/\\\/inclusivenews.com.br\\\/?p=18103\",\"name\":\"Da teoria para a pr\u00e1tica -\",\"isPartOf\":{\"@id\":\"https:\\\/\\\/inclusivenews.com.br\\\/#website\"},\"primaryImageOfPage\":{\"@id\":\"https:\\\/\\\/inclusivenews.com.br\\\/?p=18103#primaryimage\"},\"image\":{\"@id\":\"https:\\\/\\\/inclusivenews.com.br\\\/?p=18103#primaryimage\"},\"thumbnailUrl\":\"http:\\\/\\\/inclusivenews.com.br\\\/wp-content\\\/uploads\\\/2010\\\/11\\\/fotogrupo.jpg\",\"datePublished\":\"2010-12-02T06:15:15+00:00\",\"breadcrumb\":{\"@id\":\"https:\\\/\\\/inclusivenews.com.br\\\/?p=18103#breadcrumb\"},\"inLanguage\":\"pt-PT\",\"potentialAction\":[{\"@type\":\"ReadAction\",\"target\":[\"https:\\\/\\\/inclusivenews.com.br\\\/?p=18103\"]}]},{\"@type\":\"ImageObject\",\"inLanguage\":\"pt-PT\",\"@id\":\"https:\\\/\\\/inclusivenews.com.br\\\/?p=18103#primaryimage\",\"url\":\"\",\"contentUrl\":\"\"},{\"@type\":\"BreadcrumbList\",\"@id\":\"https:\\\/\\\/inclusivenews.com.br\\\/?p=18103#breadcrumb\",\"itemListElement\":[{\"@type\":\"ListItem\",\"position\":1,\"name\":\"In\u00edcio\",\"item\":\"https:\\\/\\\/inclusivenews.com.br\\\/\"},{\"@type\":\"ListItem\",\"position\":2,\"name\":\"Da teoria para a pr\u00e1tica\"}]},{\"@type\":\"WebSite\",\"@id\":\"https:\\\/\\\/inclusivenews.com.br\\\/#website\",\"url\":\"https:\\\/\\\/inclusivenews.com.br\\\/\",\"name\":\"Inclusive News\",\"description\":\"Inclusive News\",\"publisher\":{\"@id\":\"https:\\\/\\\/inclusivenews.com.br\\\/#organization\"},\"potentialAction\":[{\"@type\":\"SearchAction\",\"target\":{\"@type\":\"EntryPoint\",\"urlTemplate\":\"https:\\\/\\\/inclusivenews.com.br\\\/?s={search_term_string}\"},\"query-input\":{\"@type\":\"PropertyValueSpecification\",\"valueRequired\":true,\"valueName\":\"search_term_string\"}}],\"inLanguage\":\"pt-PT\"},{\"@type\":\"Organization\",\"@id\":\"https:\\\/\\\/inclusivenews.com.br\\\/#organization\",\"name\":\"Inclusive - inclus\u00e3o e cidadania\",\"url\":\"https:\\\/\\\/inclusivenews.com.br\\\/\",\"logo\":{\"@type\":\"ImageObject\",\"inLanguage\":\"pt-PT\",\"@id\":\"https:\\\/\\\/inclusivenews.com.br\\\/#\\\/schema\\\/logo\\\/image\\\/\",\"url\":\"https:\\\/\\\/inclusivenews.com.br\\\/wp-content\\\/uploads\\\/2024\\\/03\\\/@grandesite.png\",\"contentUrl\":\"https:\\\/\\\/inclusivenews.com.br\\\/wp-content\\\/uploads\\\/2024\\\/03\\\/@grandesite.png\",\"width\":1080,\"height\":1080,\"caption\":\"Inclusive - inclus\u00e3o e cidadania\"},\"image\":{\"@id\":\"https:\\\/\\\/inclusivenews.com.br\\\/#\\\/schema\\\/logo\\\/image\\\/\"},\"sameAs\":[\"https:\\\/\\\/www.facebook.com\\\/agenciainclusive\\\/\",\"https:\\\/\\\/www.instagram.com\\\/newsinclusive\\\/\"]},{\"@type\":\"Person\",\"@id\":\"https:\\\/\\\/inclusivenews.com.br\\\/#\\\/schema\\\/person\\\/ae4ec7087559b8692fb33b6fffd2273b\",\"name\":\"inclusivenews2024\",\"image\":{\"@type\":\"ImageObject\",\"inLanguage\":\"pt-PT\",\"@id\":\"https:\\\/\\\/secure.gravatar.com\\\/avatar\\\/c5a7ef84c66fa914f55bc4f7ce26cfa275a3b9a1c5568b907bd184fb4dde7b40?s=96&d=mm&r=g\",\"url\":\"https:\\\/\\\/secure.gravatar.com\\\/avatar\\\/c5a7ef84c66fa914f55bc4f7ce26cfa275a3b9a1c5568b907bd184fb4dde7b40?s=96&d=mm&r=g\",\"contentUrl\":\"https:\\\/\\\/secure.gravatar.com\\\/avatar\\\/c5a7ef84c66fa914f55bc4f7ce26cfa275a3b9a1c5568b907bd184fb4dde7b40?s=96&d=mm&r=g\",\"caption\":\"inclusivenews2024\"},\"sameAs\":[\"https:\\\/\\\/inclusivenews.com.br\"],\"url\":\"https:\\\/\\\/inclusivenews.com.br\\\/?author=1\"}]}<\/script>\n<!-- \/ Yoast SEO plugin. -->","yoast_head_json":{"title":"Da teoria para a pr\u00e1tica -","robots":{"index":"index","follow":"follow","max-snippet":"max-snippet:-1","max-image-preview":"max-image-preview:large","max-video-preview":"max-video-preview:-1"},"canonical":"https:\/\/inclusivenews.com.br\/?p=18103","og_locale":"pt_PT","og_type":"article","og_title":"Da teoria para a pr\u00e1tica -","og_description":"Por Leandra Migotto Certeza - Ativistas em Direitos Humanos afirmaram em encontro que a Conven\u00e7\u00e3o da Organiza\u00e7\u00e3o Internacional das Na\u00e7\u00f5es Unidas sobre os Direitos das Pessoas com Defici\u00eancia deve ser implementada com efic\u00e1cia e efici\u00eancia, e monitorada ativamente pela sociedade civil com total autonomia e independ\u00eancia.","og_url":"https:\/\/inclusivenews.com.br\/?p=18103","article_publisher":"https:\/\/www.facebook.com\/agenciainclusive\/","article_published_time":"2010-12-02T06:15:15+00:00","og_image":[{"url":"http:\/\/inclusivenews.com.br\/wp-content\/uploads\/2010\/11\/fotogrupo.jpg","type":"","width":"","height":""}],"author":"inclusivenews2024","twitter_card":"summary_large_image","twitter_misc":{"Escrito por":"inclusivenews2024","Tempo estimado de leitura":"7 minutos"},"schema":{"@context":"https:\/\/schema.org","@graph":[{"@type":"Article","@id":"https:\/\/inclusivenews.com.br\/?p=18103#article","isPartOf":{"@id":"https:\/\/inclusivenews.com.br\/?p=18103"},"author":{"name":"inclusivenews2024","@id":"https:\/\/inclusivenews.com.br\/#\/schema\/person\/ae4ec7087559b8692fb33b6fffd2273b"},"headline":"Da teoria para a pr\u00e1tica","datePublished":"2010-12-02T06:15:15+00:00","mainEntityOfPage":{"@id":"https:\/\/inclusivenews.com.br\/?p=18103"},"wordCount":1481,"commentCount":1,"publisher":{"@id":"https:\/\/inclusivenews.com.br\/#organization"},"image":{"@id":"https:\/\/inclusivenews.com.br\/?p=18103#primaryimage"},"thumbnailUrl":"http:\/\/inclusivenews.com.br\/wp-content\/uploads\/2010\/11\/fotogrupo.jpg","keywords":["Caleidosc\u00f3pio"],"articleSection":["Colunas especiais","DIREITOS HUMANOS"],"inLanguage":"pt-PT","potentialAction":[{"@type":"CommentAction","name":"Comment","target":["https:\/\/inclusivenews.com.br\/?p=18103#respond"]}]},{"@type":"WebPage","@id":"https:\/\/inclusivenews.com.br\/?p=18103","url":"https:\/\/inclusivenews.com.br\/?p=18103","name":"Da teoria para a pr\u00e1tica -","isPartOf":{"@id":"https:\/\/inclusivenews.com.br\/#website"},"primaryImageOfPage":{"@id":"https:\/\/inclusivenews.com.br\/?p=18103#primaryimage"},"image":{"@id":"https:\/\/inclusivenews.com.br\/?p=18103#primaryimage"},"thumbnailUrl":"http:\/\/inclusivenews.com.br\/wp-content\/uploads\/2010\/11\/fotogrupo.jpg","datePublished":"2010-12-02T06:15:15+00:00","breadcrumb":{"@id":"https:\/\/inclusivenews.com.br\/?p=18103#breadcrumb"},"inLanguage":"pt-PT","potentialAction":[{"@type":"ReadAction","target":["https:\/\/inclusivenews.com.br\/?p=18103"]}]},{"@type":"ImageObject","inLanguage":"pt-PT","@id":"https:\/\/inclusivenews.com.br\/?p=18103#primaryimage","url":"","contentUrl":""},{"@type":"BreadcrumbList","@id":"https:\/\/inclusivenews.com.br\/?p=18103#breadcrumb","itemListElement":[{"@type":"ListItem","position":1,"name":"In\u00edcio","item":"https:\/\/inclusivenews.com.br\/"},{"@type":"ListItem","position":2,"name":"Da teoria para a pr\u00e1tica"}]},{"@type":"WebSite","@id":"https:\/\/inclusivenews.com.br\/#website","url":"https:\/\/inclusivenews.com.br\/","name":"Inclusive News","description":"Inclusive News","publisher":{"@id":"https:\/\/inclusivenews.com.br\/#organization"},"potentialAction":[{"@type":"SearchAction","target":{"@type":"EntryPoint","urlTemplate":"https:\/\/inclusivenews.com.br\/?s={search_term_string}"},"query-input":{"@type":"PropertyValueSpecification","valueRequired":true,"valueName":"search_term_string"}}],"inLanguage":"pt-PT"},{"@type":"Organization","@id":"https:\/\/inclusivenews.com.br\/#organization","name":"Inclusive - inclus\u00e3o e cidadania","url":"https:\/\/inclusivenews.com.br\/","logo":{"@type":"ImageObject","inLanguage":"pt-PT","@id":"https:\/\/inclusivenews.com.br\/#\/schema\/logo\/image\/","url":"https:\/\/inclusivenews.com.br\/wp-content\/uploads\/2024\/03\/@grandesite.png","contentUrl":"https:\/\/inclusivenews.com.br\/wp-content\/uploads\/2024\/03\/@grandesite.png","width":1080,"height":1080,"caption":"Inclusive - inclus\u00e3o e cidadania"},"image":{"@id":"https:\/\/inclusivenews.com.br\/#\/schema\/logo\/image\/"},"sameAs":["https:\/\/www.facebook.com\/agenciainclusive\/","https:\/\/www.instagram.com\/newsinclusive\/"]},{"@type":"Person","@id":"https:\/\/inclusivenews.com.br\/#\/schema\/person\/ae4ec7087559b8692fb33b6fffd2273b","name":"inclusivenews2024","image":{"@type":"ImageObject","inLanguage":"pt-PT","@id":"https:\/\/secure.gravatar.com\/avatar\/c5a7ef84c66fa914f55bc4f7ce26cfa275a3b9a1c5568b907bd184fb4dde7b40?s=96&d=mm&r=g","url":"https:\/\/secure.gravatar.com\/avatar\/c5a7ef84c66fa914f55bc4f7ce26cfa275a3b9a1c5568b907bd184fb4dde7b40?s=96&d=mm&r=g","contentUrl":"https:\/\/secure.gravatar.com\/avatar\/c5a7ef84c66fa914f55bc4f7ce26cfa275a3b9a1c5568b907bd184fb4dde7b40?s=96&d=mm&r=g","caption":"inclusivenews2024"},"sameAs":["https:\/\/inclusivenews.com.br"],"url":"https:\/\/inclusivenews.com.br\/?author=1"}]}},"_links":{"self":[{"href":"https:\/\/inclusivenews.com.br\/index.php?rest_route=\/wp\/v2\/posts\/18103","targetHints":{"allow":["GET"]}}],"collection":[{"href":"https:\/\/inclusivenews.com.br\/index.php?rest_route=\/wp\/v2\/posts"}],"about":[{"href":"https:\/\/inclusivenews.com.br\/index.php?rest_route=\/wp\/v2\/types\/post"}],"author":[{"embeddable":true,"href":"https:\/\/inclusivenews.com.br\/index.php?rest_route=\/wp\/v2\/users\/1"}],"replies":[{"embeddable":true,"href":"https:\/\/inclusivenews.com.br\/index.php?rest_route=%2Fwp%2Fv2%2Fcomments&post=18103"}],"version-history":[{"count":0,"href":"https:\/\/inclusivenews.com.br\/index.php?rest_route=\/wp\/v2\/posts\/18103\/revisions"}],"wp:attachment":[{"href":"https:\/\/inclusivenews.com.br\/index.php?rest_route=%2Fwp%2Fv2%2Fmedia&parent=18103"}],"wp:term":[{"taxonomy":"category","embeddable":true,"href":"https:\/\/inclusivenews.com.br\/index.php?rest_route=%2Fwp%2Fv2%2Fcategories&post=18103"},{"taxonomy":"post_tag","embeddable":true,"href":"https:\/\/inclusivenews.com.br\/index.php?rest_route=%2Fwp%2Fv2%2Ftags&post=18103"}],"curies":[{"name":"wp","href":"https:\/\/api.w.org\/{rel}","templated":true}]}}