{"id":18110,"date":"2010-12-06T10:07:41","date_gmt":"2010-12-06T13:07:41","guid":{"rendered":"http:\/\/www.inclusive.org.br\/?p=18110"},"modified":"2010-12-06T10:07:41","modified_gmt":"2010-12-06T13:07:41","slug":"ii-jornada-de-sindrome-de-down-brasilia-1112","status":"publish","type":"post","link":"https:\/\/inclusivenews.com.br\/?p=18110","title":{"rendered":"II Jornada de S\u00edndrome de Down, Bras\u00edlia, 11\/12"},"content":{"rendered":"<p><span style=\"font-size: small;\"><span style=\"font-family: Calibri;\"><strong> <\/strong><\/span><\/span><\/p>\n<p><span style=\"font-size: small;\"><span style=\"font-family: Calibri;\"><strong> <\/strong><\/span><\/span><\/p>\n<p><strong> <\/strong><\/p>\n<figure id=\"attachment_18111\" aria-describedby=\"caption-attachment-18111\" style=\"width: 179px\" class=\"wp-caption alignleft\"><strong><a href=\"http:\/\/www.inclusivenews.com.br\/wp-content\/uploads\/2010\/12\/II-Jornada-M\u00e9dica.jpg\"><img loading=\"lazy\" decoding=\"async\" class=\"size-full wp-image-18111   \" title=\"II Jornada M\u00e9dica\" src=\"http:\/\/inclusivenews.com.br\/wp-content\/uploads\/2010\/12\/II-Jornada-M\u00e9dica.jpg\" alt=\"Cartaz II Jornada, fotos de crian\u00e7as e adultos com s\u00edndrome de Down. Na foto principal, menina fanstasiada de m\u00e9dica.\" width=\"179\" height=\"253\" \/><\/a><\/strong><figcaption id=\"caption-attachment-18111\" class=\"wp-caption-text\">Cartaz II Jornada, fotos de crian\u00e7as e adultos com s\u00edndrome de Down. Na foto principal, menina fanstasiada de m\u00e9dica.<\/figcaption><\/figure>\n<p><strong>A II Jornada de S\u00edndrome de Down acontecer\u00e1 no\u00a0s\u00e1bado dia 11\/12\/2010, em Bras\u00edlia.<\/strong><\/p>\n<p><strong>A Jornada est\u00e1 sendo organizada pela Sociedade de Pediatria do DF na pessoa do\u00a0Dr Dennis Alexander Burns, juntamente com o Instituto \u00c1pice em Sa\u00fade &#8211; Dra Nadja Quadros e equipe. Na ocasi\u00e3o\u00a0ser\u00e1\u00a0apresentado o projeto de Responsabilidade Solcial &#8211; \u00c1pice Down,\u00a0focado no desenvolvimento da pessoa com a SD na\u00a0promo\u00e7\u00e3o da qualidadede vida em todos os ciclos de vida dessas pessoas,\u00a0com um espa\u00e7o din\u00e2mico e\u00a0interdisciplinar.<br \/>\nNeste dia ser\u00e1 tamb\u00e9m o lan\u00e7amento da P\u00f3s-Gradua\u00e7\u00e3o lato sensu &#8220;Abordagem\u00a0Interdisciplinar em S\u00edndrome de Down&#8221;, coordenada pelo Dr Zam Mustachii, Dr\u00a0Dennis Burns e organiza\u00e7\u00e3o e apoio pelo Instituto \u00c1pice em Sa\u00fade\u00a0na pessoa\u00a0da\u00a0Dra. Nadja Quadros e equipe, sendo\u00a0que todo o<br \/>\nlucro ser\u00e1 para viabilizar o projeto \u00c0pice Down.<\/strong><\/p>\n<p><strong>Para maiores informa\u00e7\u00f5es deixo os telefones abaixo:<\/strong><\/p>\n<p><strong> <\/strong><\/p>\n<p><strong>Dr\u00aa Nadja Lima Quadros<br \/>\n(61) 9111-5717<br \/>\nJerusa Amaral<br \/>\n(61) 9648-6626<\/strong><\/p>\n<p><span style=\"font-size: small;\"><span style=\"font-family: Calibri;\"><strong>Local:<\/strong> Audit\u00f3rio da FEPECS<\/span><\/span><\/p>\n<p>SMHN Quadra 03, conjunto A, Bloco 1<\/p>\n<p><strong>Data :<\/strong> 11 de dezembro de 2010<\/p>\n<p>Inscri\u00e7\u00f5es R$ 30,00 &#8211;\u00a0\u00a0Informa\u00e7\u00f5es: SPDF (61) 3327-1073 \u2013\u00a0<a rel=\"nofollow noopener\" href=\"mailto:spdf@ambr.com.br\" target=\"_blank\">spdf@ambr.com.br<\/a><\/p>\n<p><strong>VAGAS LIMITADAS<span style=\"font-weight: normal;\"> <\/span><\/strong><\/p>\n<p><strong>8hs &#8211; ABERTURA<\/strong><\/p>\n<p><strong>8h15 \u2013 9h45 &#8211; A import\u00e2ncia do conhecimento cl\u00ednico especializado em S\u00edndrome de Down, na capacita\u00e7\u00e3o de profissionais da sa\u00fade.<\/strong><\/p>\n<p>Dr. Zan Mustacchi &#8211; (S\u00e3o Paulo\/SP)<\/p>\n<p>Diretor Cl\u00ednico do Centro de Estudos e Pesquisas Cl\u00ednicas de S\u00e3o Paulo &#8211; CEPEC<\/p>\n<p>Conselheiro Cient\u00edfico do Departamento de<\/p>\n<p>Gen\u00e9tica Cl\u00ednica da Sociedade Brasileira de Pediatria<\/p>\n<p><strong>9h45 \u2013 10h00 &#8211; COFFEE BREAK<\/strong><\/p>\n<p><strong>10h00 \u2013 11h30 &#8211; Protagonismo e Sexualidade da S\u00edndrome de Down.<\/strong><\/p>\n<p>Profa. Nancy Costa Pagnanelli\u00a0\u00a0&#8211; (S\u00e3o Paulo\/SP)<\/p>\n<p>Psic\u00f3loga cl\u00ednica e especialista nas \u00e1reas da defici\u00eancia<\/p>\n<p>Associa\u00e7\u00e3o Carpe Diem<\/p>\n<p><strong>11h30 \u2013 12h00 &#8211; S\u00edndrome de Down: sa\u00fade, educa\u00e7\u00e3o e inclus\u00e3o<\/strong><\/p>\n<p>Dra. Nadja Quadros &#8211; (Bras\u00edlia\/DF)<\/p>\n<p><strong>12h00 \u2013 13h30 \u2013 ALMO\u00c7O<\/strong><\/p>\n<p><strong>13h30 &#8211;\u00a0\u00a015h00 &#8211; Terapia ocupacional e aquisi\u00e7\u00e3o de escrita na S\u00edndrome de Down.<\/strong><\/p>\n<p>Dra. Fabiana Abreu Prado de Alencar &#8211; (S\u00e3o Paulo\/SP)<\/p>\n<p>Terapeuta Ocupacional<\/p>\n<p>CEPEC &#8211; Centro de Estudos e Pesquisas Cl\u00ednicas de S\u00e3o Paulo<\/p>\n<p><strong>15h00 \u2013 16h30 &#8211; O Paradigma da Inclus\u00e3o atrav\u00e9s dos s\u00e9culos.<\/strong><\/p>\n<p>Prof. Romeu Kazumi Sassaki &#8211; (S\u00e3o Paulo\/SP)<\/p>\n<p>Consultor de inclus\u00e3o no trabalho, escola, lazer e m\u00eddia;<\/p>\n<p>Conselheiro do Conselho Nacional dos Direitos da Pessoa com Defici\u00eancia;<\/p>\n<p>Membro do Comit\u00ea Brasileiro de Tecnologia Assistiva;<\/p>\n<p>Autor do livro &#8216;Inclus\u00e3o: Construindo uma Sociedade para Todos<\/p>\n<p><strong>16h30 \u2013 16h45 &#8211; COFFEE BREAK<\/strong><\/p>\n<p><strong>16h45 \u2013 18h00 &#8211; Din\u00e2mica da imunolog\u00eda das pessoas com\u00a0\u00a0S\u00edndrome de Down e sua express\u00e3o cl\u00ednica.<\/strong><\/p>\n<p>Dr. Dennis Alexander Rabelo Burns &#8211; (Bras\u00edlia\/DF)<\/p>\n<p>M\u00e9dico Pedi\u00e1tra<\/p>\n","protected":false},"excerpt":{"rendered":"<p>A II Jornada de S\u00edndrome de Down acontecer\u00e1 no\u00a0s\u00e1bado dia 11\/12\/2010, em Bras\u00edlia. A Jornada est\u00e1 sendo organizada pela Sociedade de Pediatria do DF na pessoa do\u00a0Dr Dennis Alexander Burns, juntamente com o Instituto \u00c1pice em Sa\u00fade &#8211; Dra Nadja Quadros e equipe. Na ocasi\u00e3o\u00a0ser\u00e1\u00a0apresentado o projeto de Responsabilidade Solcial &#8211; \u00c1pice Down,\u00a0focado no desenvolvimento [&hellip;]<\/p>\n","protected":false},"author":1,"featured_media":0,"comment_status":"open","ping_status":"open","sticky":false,"template":"","format":"standard","meta":{"site-container-style":"default","site-container-layout":"default","site-sidebar-layout":"default","disable-article-header":"default","disable-site-header":"default","disable-site-footer":"default","disable-content-area-spacing":"default","footnotes":""},"categories":[12,38,6,48,4,37],"tags":[],"class_list":["post-18110","post","type-post","status-publish","format-standard","hentry","category-cursos-e-eventos","category-deficiencia","category-educacao","category-inclusao","category-noticias","category-saude"],"yoast_head":"<!-- This site is optimized with the Yoast SEO plugin v27.4 - https:\/\/yoast.com\/product\/yoast-seo-wordpress\/ -->\n<title>II Jornada de S\u00edndrome de Down, Bras\u00edlia, 11\/12 -<\/title>\n<meta name=\"robots\" content=\"index, follow, max-snippet:-1, max-image-preview:large, max-video-preview:-1\" \/>\n<link rel=\"canonical\" href=\"https:\/\/inclusivenews.com.br\/?p=18110\" \/>\n<meta property=\"og:locale\" content=\"pt_PT\" \/>\n<meta property=\"og:type\" content=\"article\" \/>\n<meta property=\"og:title\" content=\"II Jornada de S\u00edndrome de Down, Bras\u00edlia, 11\/12 -\" \/>\n<meta property=\"og:description\" content=\"A II Jornada de S\u00edndrome de Down acontecer\u00e1 no\u00a0s\u00e1bado dia 11\/12\/2010, em Bras\u00edlia. A Jornada est\u00e1 sendo organizada pela Sociedade de Pediatria do DF na pessoa do\u00a0Dr Dennis Alexander Burns, juntamente com o Instituto \u00c1pice em Sa\u00fade &#8211; Dra Nadja Quadros e equipe. Na ocasi\u00e3o\u00a0ser\u00e1\u00a0apresentado o projeto de Responsabilidade Solcial &#8211; \u00c1pice Down,\u00a0focado no desenvolvimento [&hellip;]\" \/>\n<meta property=\"og:url\" content=\"https:\/\/inclusivenews.com.br\/?p=18110\" \/>\n<meta property=\"article:publisher\" content=\"https:\/\/www.facebook.com\/agenciainclusive\/\" \/>\n<meta property=\"article:published_time\" content=\"2010-12-06T13:07:41+00:00\" \/>\n<meta name=\"author\" content=\"inclusivenews2024\" \/>\n<meta name=\"twitter:card\" content=\"summary_large_image\" \/>\n<meta name=\"twitter:label1\" content=\"Escrito por\" \/>\n\t<meta name=\"twitter:data1\" content=\"inclusivenews2024\" \/>\n\t<meta name=\"twitter:label2\" content=\"Tempo estimado de leitura\" \/>\n\t<meta name=\"twitter:data2\" content=\"2 minutos\" \/>\n<script type=\"application\/ld+json\" class=\"yoast-schema-graph\">{\"@context\":\"https:\\\/\\\/schema.org\",\"@graph\":[{\"@type\":\"Article\",\"@id\":\"https:\\\/\\\/inclusivenews.com.br\\\/?p=18110#article\",\"isPartOf\":{\"@id\":\"https:\\\/\\\/inclusivenews.com.br\\\/?p=18110\"},\"author\":{\"name\":\"inclusivenews2024\",\"@id\":\"https:\\\/\\\/inclusivenews.com.br\\\/#\\\/schema\\\/person\\\/ae4ec7087559b8692fb33b6fffd2273b\"},\"headline\":\"II Jornada de S\u00edndrome de Down, Bras\u00edlia, 11\\\/12\",\"datePublished\":\"2010-12-06T13:07:41+00:00\",\"mainEntityOfPage\":{\"@id\":\"https:\\\/\\\/inclusivenews.com.br\\\/?p=18110\"},\"wordCount\":508,\"commentCount\":5,\"publisher\":{\"@id\":\"https:\\\/\\\/inclusivenews.com.br\\\/#organization\"},\"articleSection\":[\"Cursos e eventos\",\"Defici\u00eancia\",\"EDUCA\u00c7\u00c3O\",\"INCLUS\u00c3O SOCIAL\",\"NOT\u00cdCIAS\",\"Sa\u00fade\"],\"inLanguage\":\"pt-PT\",\"potentialAction\":[{\"@type\":\"CommentAction\",\"name\":\"Comment\",\"target\":[\"https:\\\/\\\/inclusivenews.com.br\\\/?p=18110#respond\"]}]},{\"@type\":\"WebPage\",\"@id\":\"https:\\\/\\\/inclusivenews.com.br\\\/?p=18110\",\"url\":\"https:\\\/\\\/inclusivenews.com.br\\\/?p=18110\",\"name\":\"II Jornada de S\u00edndrome de Down, Bras\u00edlia, 11\\\/12 -\",\"isPartOf\":{\"@id\":\"https:\\\/\\\/inclusivenews.com.br\\\/#website\"},\"datePublished\":\"2010-12-06T13:07:41+00:00\",\"breadcrumb\":{\"@id\":\"https:\\\/\\\/inclusivenews.com.br\\\/?p=18110#breadcrumb\"},\"inLanguage\":\"pt-PT\",\"potentialAction\":[{\"@type\":\"ReadAction\",\"target\":[\"https:\\\/\\\/inclusivenews.com.br\\\/?p=18110\"]}]},{\"@type\":\"BreadcrumbList\",\"@id\":\"https:\\\/\\\/inclusivenews.com.br\\\/?p=18110#breadcrumb\",\"itemListElement\":[{\"@type\":\"ListItem\",\"position\":1,\"name\":\"In\u00edcio\",\"item\":\"https:\\\/\\\/inclusivenews.com.br\\\/\"},{\"@type\":\"ListItem\",\"position\":2,\"name\":\"II Jornada de S\u00edndrome de Down, Bras\u00edlia, 11\\\/12\"}]},{\"@type\":\"WebSite\",\"@id\":\"https:\\\/\\\/inclusivenews.com.br\\\/#website\",\"url\":\"https:\\\/\\\/inclusivenews.com.br\\\/\",\"name\":\"Inclusive News\",\"description\":\"Inclusive News\",\"publisher\":{\"@id\":\"https:\\\/\\\/inclusivenews.com.br\\\/#organization\"},\"potentialAction\":[{\"@type\":\"SearchAction\",\"target\":{\"@type\":\"EntryPoint\",\"urlTemplate\":\"https:\\\/\\\/inclusivenews.com.br\\\/?s={search_term_string}\"},\"query-input\":{\"@type\":\"PropertyValueSpecification\",\"valueRequired\":true,\"valueName\":\"search_term_string\"}}],\"inLanguage\":\"pt-PT\"},{\"@type\":\"Organization\",\"@id\":\"https:\\\/\\\/inclusivenews.com.br\\\/#organization\",\"name\":\"Inclusive - inclus\u00e3o e cidadania\",\"url\":\"https:\\\/\\\/inclusivenews.com.br\\\/\",\"logo\":{\"@type\":\"ImageObject\",\"inLanguage\":\"pt-PT\",\"@id\":\"https:\\\/\\\/inclusivenews.com.br\\\/#\\\/schema\\\/logo\\\/image\\\/\",\"url\":\"https:\\\/\\\/inclusivenews.com.br\\\/wp-content\\\/uploads\\\/2024\\\/03\\\/@grandesite.png\",\"contentUrl\":\"https:\\\/\\\/inclusivenews.com.br\\\/wp-content\\\/uploads\\\/2024\\\/03\\\/@grandesite.png\",\"width\":1080,\"height\":1080,\"caption\":\"Inclusive - inclus\u00e3o e cidadania\"},\"image\":{\"@id\":\"https:\\\/\\\/inclusivenews.com.br\\\/#\\\/schema\\\/logo\\\/image\\\/\"},\"sameAs\":[\"https:\\\/\\\/www.facebook.com\\\/agenciainclusive\\\/\",\"https:\\\/\\\/www.instagram.com\\\/newsinclusive\\\/\"]},{\"@type\":\"Person\",\"@id\":\"https:\\\/\\\/inclusivenews.com.br\\\/#\\\/schema\\\/person\\\/ae4ec7087559b8692fb33b6fffd2273b\",\"name\":\"inclusivenews2024\",\"image\":{\"@type\":\"ImageObject\",\"inLanguage\":\"pt-PT\",\"@id\":\"https:\\\/\\\/secure.gravatar.com\\\/avatar\\\/c5a7ef84c66fa914f55bc4f7ce26cfa275a3b9a1c5568b907bd184fb4dde7b40?s=96&d=mm&r=g\",\"url\":\"https:\\\/\\\/secure.gravatar.com\\\/avatar\\\/c5a7ef84c66fa914f55bc4f7ce26cfa275a3b9a1c5568b907bd184fb4dde7b40?s=96&d=mm&r=g\",\"contentUrl\":\"https:\\\/\\\/secure.gravatar.com\\\/avatar\\\/c5a7ef84c66fa914f55bc4f7ce26cfa275a3b9a1c5568b907bd184fb4dde7b40?s=96&d=mm&r=g\",\"caption\":\"inclusivenews2024\"},\"sameAs\":[\"https:\\\/\\\/inclusivenews.com.br\"],\"url\":\"https:\\\/\\\/inclusivenews.com.br\\\/?author=1\"}]}<\/script>\n<!-- \/ Yoast SEO plugin. -->","yoast_head_json":{"title":"II Jornada de S\u00edndrome de Down, Bras\u00edlia, 11\/12 -","robots":{"index":"index","follow":"follow","max-snippet":"max-snippet:-1","max-image-preview":"max-image-preview:large","max-video-preview":"max-video-preview:-1"},"canonical":"https:\/\/inclusivenews.com.br\/?p=18110","og_locale":"pt_PT","og_type":"article","og_title":"II Jornada de S\u00edndrome de Down, Bras\u00edlia, 11\/12 -","og_description":"A II Jornada de S\u00edndrome de Down acontecer\u00e1 no\u00a0s\u00e1bado dia 11\/12\/2010, em Bras\u00edlia. A Jornada est\u00e1 sendo organizada pela Sociedade de Pediatria do DF na pessoa do\u00a0Dr Dennis Alexander Burns, juntamente com o Instituto \u00c1pice em Sa\u00fade &#8211; Dra Nadja Quadros e equipe. Na ocasi\u00e3o\u00a0ser\u00e1\u00a0apresentado o projeto de Responsabilidade Solcial &#8211; \u00c1pice Down,\u00a0focado no desenvolvimento [&hellip;]","og_url":"https:\/\/inclusivenews.com.br\/?p=18110","article_publisher":"https:\/\/www.facebook.com\/agenciainclusive\/","article_published_time":"2010-12-06T13:07:41+00:00","author":"inclusivenews2024","twitter_card":"summary_large_image","twitter_misc":{"Escrito por":"inclusivenews2024","Tempo estimado de leitura":"2 minutos"},"schema":{"@context":"https:\/\/schema.org","@graph":[{"@type":"Article","@id":"https:\/\/inclusivenews.com.br\/?p=18110#article","isPartOf":{"@id":"https:\/\/inclusivenews.com.br\/?p=18110"},"author":{"name":"inclusivenews2024","@id":"https:\/\/inclusivenews.com.br\/#\/schema\/person\/ae4ec7087559b8692fb33b6fffd2273b"},"headline":"II Jornada de S\u00edndrome de Down, Bras\u00edlia, 11\/12","datePublished":"2010-12-06T13:07:41+00:00","mainEntityOfPage":{"@id":"https:\/\/inclusivenews.com.br\/?p=18110"},"wordCount":508,"commentCount":5,"publisher":{"@id":"https:\/\/inclusivenews.com.br\/#organization"},"articleSection":["Cursos e eventos","Defici\u00eancia","EDUCA\u00c7\u00c3O","INCLUS\u00c3O SOCIAL","NOT\u00cdCIAS","Sa\u00fade"],"inLanguage":"pt-PT","potentialAction":[{"@type":"CommentAction","name":"Comment","target":["https:\/\/inclusivenews.com.br\/?p=18110#respond"]}]},{"@type":"WebPage","@id":"https:\/\/inclusivenews.com.br\/?p=18110","url":"https:\/\/inclusivenews.com.br\/?p=18110","name":"II Jornada de S\u00edndrome de Down, Bras\u00edlia, 11\/12 -","isPartOf":{"@id":"https:\/\/inclusivenews.com.br\/#website"},"datePublished":"2010-12-06T13:07:41+00:00","breadcrumb":{"@id":"https:\/\/inclusivenews.com.br\/?p=18110#breadcrumb"},"inLanguage":"pt-PT","potentialAction":[{"@type":"ReadAction","target":["https:\/\/inclusivenews.com.br\/?p=18110"]}]},{"@type":"BreadcrumbList","@id":"https:\/\/inclusivenews.com.br\/?p=18110#breadcrumb","itemListElement":[{"@type":"ListItem","position":1,"name":"In\u00edcio","item":"https:\/\/inclusivenews.com.br\/"},{"@type":"ListItem","position":2,"name":"II Jornada de S\u00edndrome de Down, Bras\u00edlia, 11\/12"}]},{"@type":"WebSite","@id":"https:\/\/inclusivenews.com.br\/#website","url":"https:\/\/inclusivenews.com.br\/","name":"Inclusive News","description":"Inclusive News","publisher":{"@id":"https:\/\/inclusivenews.com.br\/#organization"},"potentialAction":[{"@type":"SearchAction","target":{"@type":"EntryPoint","urlTemplate":"https:\/\/inclusivenews.com.br\/?s={search_term_string}"},"query-input":{"@type":"PropertyValueSpecification","valueRequired":true,"valueName":"search_term_string"}}],"inLanguage":"pt-PT"},{"@type":"Organization","@id":"https:\/\/inclusivenews.com.br\/#organization","name":"Inclusive - inclus\u00e3o e cidadania","url":"https:\/\/inclusivenews.com.br\/","logo":{"@type":"ImageObject","inLanguage":"pt-PT","@id":"https:\/\/inclusivenews.com.br\/#\/schema\/logo\/image\/","url":"https:\/\/inclusivenews.com.br\/wp-content\/uploads\/2024\/03\/@grandesite.png","contentUrl":"https:\/\/inclusivenews.com.br\/wp-content\/uploads\/2024\/03\/@grandesite.png","width":1080,"height":1080,"caption":"Inclusive - inclus\u00e3o e cidadania"},"image":{"@id":"https:\/\/inclusivenews.com.br\/#\/schema\/logo\/image\/"},"sameAs":["https:\/\/www.facebook.com\/agenciainclusive\/","https:\/\/www.instagram.com\/newsinclusive\/"]},{"@type":"Person","@id":"https:\/\/inclusivenews.com.br\/#\/schema\/person\/ae4ec7087559b8692fb33b6fffd2273b","name":"inclusivenews2024","image":{"@type":"ImageObject","inLanguage":"pt-PT","@id":"https:\/\/secure.gravatar.com\/avatar\/c5a7ef84c66fa914f55bc4f7ce26cfa275a3b9a1c5568b907bd184fb4dde7b40?s=96&d=mm&r=g","url":"https:\/\/secure.gravatar.com\/avatar\/c5a7ef84c66fa914f55bc4f7ce26cfa275a3b9a1c5568b907bd184fb4dde7b40?s=96&d=mm&r=g","contentUrl":"https:\/\/secure.gravatar.com\/avatar\/c5a7ef84c66fa914f55bc4f7ce26cfa275a3b9a1c5568b907bd184fb4dde7b40?s=96&d=mm&r=g","caption":"inclusivenews2024"},"sameAs":["https:\/\/inclusivenews.com.br"],"url":"https:\/\/inclusivenews.com.br\/?author=1"}]}},"_links":{"self":[{"href":"https:\/\/inclusivenews.com.br\/index.php?rest_route=\/wp\/v2\/posts\/18110","targetHints":{"allow":["GET"]}}],"collection":[{"href":"https:\/\/inclusivenews.com.br\/index.php?rest_route=\/wp\/v2\/posts"}],"about":[{"href":"https:\/\/inclusivenews.com.br\/index.php?rest_route=\/wp\/v2\/types\/post"}],"author":[{"embeddable":true,"href":"https:\/\/inclusivenews.com.br\/index.php?rest_route=\/wp\/v2\/users\/1"}],"replies":[{"embeddable":true,"href":"https:\/\/inclusivenews.com.br\/index.php?rest_route=%2Fwp%2Fv2%2Fcomments&post=18110"}],"version-history":[{"count":0,"href":"https:\/\/inclusivenews.com.br\/index.php?rest_route=\/wp\/v2\/posts\/18110\/revisions"}],"wp:attachment":[{"href":"https:\/\/inclusivenews.com.br\/index.php?rest_route=%2Fwp%2Fv2%2Fmedia&parent=18110"}],"wp:term":[{"taxonomy":"category","embeddable":true,"href":"https:\/\/inclusivenews.com.br\/index.php?rest_route=%2Fwp%2Fv2%2Fcategories&post=18110"},{"taxonomy":"post_tag","embeddable":true,"href":"https:\/\/inclusivenews.com.br\/index.php?rest_route=%2Fwp%2Fv2%2Ftags&post=18110"}],"curies":[{"name":"wp","href":"https:\/\/api.w.org\/{rel}","templated":true}]}}