{"id":18116,"date":"2010-12-09T07:11:36","date_gmt":"2010-12-09T10:11:36","guid":{"rendered":"http:\/\/www.inclusive.org.br\/?p=18116"},"modified":"2010-12-09T07:11:36","modified_gmt":"2010-12-09T10:11:36","slug":"seminario-discute-encarceramento-em-massa","status":"publish","type":"post","link":"https:\/\/inclusivenews.com.br\/?p=18116","title":{"rendered":"Semin\u00e1rio discute encarceramento em massa (7-9\/12)"},"content":{"rendered":"<figure id=\"attachment_18145\" aria-describedby=\"caption-attachment-18145\" style=\"width: 298px\" class=\"wp-caption alignleft\"><a href=\"http:\/\/www.inclusivenews.com.br\/wp-content\/uploads\/2010\/12\/prisao_lotada.jpg\"><img loading=\"lazy\" decoding=\"async\" class=\"size-full wp-image-18145 \" title=\"Pris\u00e3o lotada\" src=\"http:\/\/inclusivenews.com.br\/wp-content\/uploads\/2010\/12\/prisao_lotada.jpg\" alt=\"Pris\u00e3o lotada\" width=\"298\" height=\"203\" \/><\/a><figcaption id=\"caption-attachment-18145\" class=\"wp-caption-text\">Pris\u00e3o lotada, imagem que vale mais de mil palavras<\/figcaption><\/figure>\n<p>O Tribunal Popular realizar\u00e1, de 7 a 9 de dezembro, em S\u00e3o Paulo, o semin\u00e1rio &#8220;Encarceramento em massa: s\u00edmbolo do Estado Penal&#8221;. Com a presen\u00e7a de familiares de presos, ex-presos, juristas, pesquisadores e militantes sociais, o semin\u00e1rio abordar\u00e1 temas como os limites do Estado de Direito, o ingresso massivo de pessoas pobres no sistema penitenci\u00e1rio, as m\u00e1s condi\u00e7\u00f5es das pris\u00f5es brasileiras e as consequ\u00eancias sociais da institucionaliza\u00e7\u00e3o.<\/p>\n<p>O Brasil tem a terceira maior popula\u00e7\u00e3o carcer\u00e1ria do mundo, com 494.237 detentos, ficando apenas atr\u00e1s dos Estados Unidos e da China. Destes, 44% s\u00e3o presos provis\u00f3rios.<\/p>\n<p>De acordo com o Departamento Penitenci\u00e1rio Nacional (Depen), entre 1995 e 2005 a popula\u00e7\u00e3o carcer\u00e1ria no pa\u00eds cresceu 143,91%, passando de cerca de 148 mil presos para mais de 361 mil. J\u00e1 entre dezembro de 2005 e dezembro de 2009, o n\u00famero de detentos aumentou de 361.402 para 473.626, o equivalente a um crescimento, em quatro anos, de 31,05%.<\/p>\n<p>O semin\u00e1rio tem apoio da Defensoria P\u00fablica do Estado de S\u00e3o Paulo, Associa\u00e7\u00e3o de Ju\u00edzes pela Democracia (AJD), Pastoral Carcer\u00e1ria, Conselho Regional de Psicologia e N\u00facleo SP da Associa\u00e7\u00e3o Brasileira de Psicologia Social (Abrapso).<\/p>\n<p>O evento acontecer\u00e1 na Faculdade de Direito da Universidade de S\u00e3o Paulo (Largo S\u00e3o Francisco, 95, Centro). Os interessados em participar das atividades podem fazer a inscri\u00e7\u00e3o na p\u00e1gina do Tribunal Popular, pelo endere\u00e7o eletr\u00f4nico http:\/\/www.tribunalpopular.org\/.<\/p>\n<p>_________________<\/p>\n<p><strong>Fonte:<\/strong> <a href=\"http:\/\/www.brasildefato.com.br\/node\/5187\">Brasil de Fato<\/a><\/p>\n","protected":false},"excerpt":{"rendered":"<p>O Tribunal Popular realizar\u00e1, de 7 a 9 de dezembro, em S\u00e3o Paulo, o semin\u00e1rio &#8220;Encarceramento em massa: s\u00edmbolo do Estado Penal&#8221;. Com a presen\u00e7a de familiares de presos, ex-presos, juristas, pesquisadores e militantes sociais, o semin\u00e1rio abordar\u00e1 temas como os limites do Estado de Direito, o ingresso massivo de pessoas pobres no sistema penitenci\u00e1rio, as m\u00e1s condi\u00e7\u00f5es das pris\u00f5es brasileiras e as consequ\u00eancias sociais da institucionaliza\u00e7\u00e3o. Do Brasil de Fato.<\/p>\n","protected":false},"author":1,"featured_media":0,"comment_status":"open","ping_status":"open","sticky":false,"template":"","format":"standard","meta":{"site-container-style":"default","site-container-layout":"default","site-sidebar-layout":"default","disable-article-header":"default","disable-site-header":"default","disable-site-footer":"default","disable-content-area-spacing":"default","footnotes":""},"categories":[12,11,4],"tags":[],"class_list":["post-18116","post","type-post","status-publish","format-standard","hentry","category-cursos-e-eventos","category-direitos-humanos","category-noticias"],"yoast_head":"<!-- This site is optimized with the Yoast SEO plugin v27.4 - https:\/\/yoast.com\/product\/yoast-seo-wordpress\/ -->\n<title>Semin\u00e1rio discute encarceramento em massa (7-9\/12) -<\/title>\n<meta name=\"robots\" content=\"index, follow, max-snippet:-1, max-image-preview:large, max-video-preview:-1\" \/>\n<link rel=\"canonical\" href=\"https:\/\/inclusivenews.com.br\/?p=18116\" \/>\n<meta property=\"og:locale\" content=\"pt_PT\" \/>\n<meta property=\"og:type\" content=\"article\" \/>\n<meta property=\"og:title\" content=\"Semin\u00e1rio discute encarceramento em massa (7-9\/12) -\" \/>\n<meta property=\"og:description\" content=\"O Tribunal Popular realizar\u00e1, de 7 a 9 de dezembro, em S\u00e3o Paulo, o semin\u00e1rio &quot;Encarceramento em massa: s\u00edmbolo do Estado Penal&quot;. Com a presen\u00e7a de familiares de presos, ex-presos, juristas, pesquisadores e militantes sociais, o semin\u00e1rio abordar\u00e1 temas como os limites do Estado de Direito, o ingresso massivo de pessoas pobres no sistema penitenci\u00e1rio, as m\u00e1s condi\u00e7\u00f5es das pris\u00f5es brasileiras e as consequ\u00eancias sociais da institucionaliza\u00e7\u00e3o. Do Brasil de Fato.\" \/>\n<meta property=\"og:url\" content=\"https:\/\/inclusivenews.com.br\/?p=18116\" \/>\n<meta property=\"article:publisher\" content=\"https:\/\/www.facebook.com\/agenciainclusive\/\" \/>\n<meta property=\"article:published_time\" content=\"2010-12-09T10:11:36+00:00\" \/>\n<meta property=\"og:image\" content=\"http:\/\/inclusivenews.com.br\/wp-content\/uploads\/2010\/12\/prisao_lotada.jpg\" \/>\n<meta name=\"author\" content=\"inclusivenews2024\" \/>\n<meta name=\"twitter:card\" content=\"summary_large_image\" \/>\n<meta name=\"twitter:label1\" content=\"Escrito por\" \/>\n\t<meta name=\"twitter:data1\" content=\"inclusivenews2024\" \/>\n\t<meta name=\"twitter:label2\" content=\"Tempo estimado de leitura\" \/>\n\t<meta name=\"twitter:data2\" content=\"1 minuto\" \/>\n<script type=\"application\/ld+json\" class=\"yoast-schema-graph\">{\"@context\":\"https:\\\/\\\/schema.org\",\"@graph\":[{\"@type\":\"Article\",\"@id\":\"https:\\\/\\\/inclusivenews.com.br\\\/?p=18116#article\",\"isPartOf\":{\"@id\":\"https:\\\/\\\/inclusivenews.com.br\\\/?p=18116\"},\"author\":{\"name\":\"inclusivenews2024\",\"@id\":\"https:\\\/\\\/inclusivenews.com.br\\\/#\\\/schema\\\/person\\\/ae4ec7087559b8692fb33b6fffd2273b\"},\"headline\":\"Semin\u00e1rio discute encarceramento em massa (7-9\\\/12)\",\"datePublished\":\"2010-12-09T10:11:36+00:00\",\"mainEntityOfPage\":{\"@id\":\"https:\\\/\\\/inclusivenews.com.br\\\/?p=18116\"},\"wordCount\":275,\"commentCount\":1,\"publisher\":{\"@id\":\"https:\\\/\\\/inclusivenews.com.br\\\/#organization\"},\"image\":{\"@id\":\"https:\\\/\\\/inclusivenews.com.br\\\/?p=18116#primaryimage\"},\"thumbnailUrl\":\"http:\\\/\\\/inclusivenews.com.br\\\/wp-content\\\/uploads\\\/2010\\\/12\\\/prisao_lotada.jpg\",\"articleSection\":[\"Cursos e eventos\",\"DIREITOS HUMANOS\",\"NOT\u00cdCIAS\"],\"inLanguage\":\"pt-PT\",\"potentialAction\":[{\"@type\":\"CommentAction\",\"name\":\"Comment\",\"target\":[\"https:\\\/\\\/inclusivenews.com.br\\\/?p=18116#respond\"]}]},{\"@type\":\"WebPage\",\"@id\":\"https:\\\/\\\/inclusivenews.com.br\\\/?p=18116\",\"url\":\"https:\\\/\\\/inclusivenews.com.br\\\/?p=18116\",\"name\":\"Semin\u00e1rio discute encarceramento em massa (7-9\\\/12) -\",\"isPartOf\":{\"@id\":\"https:\\\/\\\/inclusivenews.com.br\\\/#website\"},\"primaryImageOfPage\":{\"@id\":\"https:\\\/\\\/inclusivenews.com.br\\\/?p=18116#primaryimage\"},\"image\":{\"@id\":\"https:\\\/\\\/inclusivenews.com.br\\\/?p=18116#primaryimage\"},\"thumbnailUrl\":\"http:\\\/\\\/inclusivenews.com.br\\\/wp-content\\\/uploads\\\/2010\\\/12\\\/prisao_lotada.jpg\",\"datePublished\":\"2010-12-09T10:11:36+00:00\",\"breadcrumb\":{\"@id\":\"https:\\\/\\\/inclusivenews.com.br\\\/?p=18116#breadcrumb\"},\"inLanguage\":\"pt-PT\",\"potentialAction\":[{\"@type\":\"ReadAction\",\"target\":[\"https:\\\/\\\/inclusivenews.com.br\\\/?p=18116\"]}]},{\"@type\":\"ImageObject\",\"inLanguage\":\"pt-PT\",\"@id\":\"https:\\\/\\\/inclusivenews.com.br\\\/?p=18116#primaryimage\",\"url\":\"\",\"contentUrl\":\"\"},{\"@type\":\"BreadcrumbList\",\"@id\":\"https:\\\/\\\/inclusivenews.com.br\\\/?p=18116#breadcrumb\",\"itemListElement\":[{\"@type\":\"ListItem\",\"position\":1,\"name\":\"In\u00edcio\",\"item\":\"https:\\\/\\\/inclusivenews.com.br\\\/\"},{\"@type\":\"ListItem\",\"position\":2,\"name\":\"Semin\u00e1rio discute encarceramento em massa (7-9\\\/12)\"}]},{\"@type\":\"WebSite\",\"@id\":\"https:\\\/\\\/inclusivenews.com.br\\\/#website\",\"url\":\"https:\\\/\\\/inclusivenews.com.br\\\/\",\"name\":\"Inclusive News\",\"description\":\"Inclusive News\",\"publisher\":{\"@id\":\"https:\\\/\\\/inclusivenews.com.br\\\/#organization\"},\"potentialAction\":[{\"@type\":\"SearchAction\",\"target\":{\"@type\":\"EntryPoint\",\"urlTemplate\":\"https:\\\/\\\/inclusivenews.com.br\\\/?s={search_term_string}\"},\"query-input\":{\"@type\":\"PropertyValueSpecification\",\"valueRequired\":true,\"valueName\":\"search_term_string\"}}],\"inLanguage\":\"pt-PT\"},{\"@type\":\"Organization\",\"@id\":\"https:\\\/\\\/inclusivenews.com.br\\\/#organization\",\"name\":\"Inclusive - inclus\u00e3o e cidadania\",\"url\":\"https:\\\/\\\/inclusivenews.com.br\\\/\",\"logo\":{\"@type\":\"ImageObject\",\"inLanguage\":\"pt-PT\",\"@id\":\"https:\\\/\\\/inclusivenews.com.br\\\/#\\\/schema\\\/logo\\\/image\\\/\",\"url\":\"https:\\\/\\\/inclusivenews.com.br\\\/wp-content\\\/uploads\\\/2024\\\/03\\\/@grandesite.png\",\"contentUrl\":\"https:\\\/\\\/inclusivenews.com.br\\\/wp-content\\\/uploads\\\/2024\\\/03\\\/@grandesite.png\",\"width\":1080,\"height\":1080,\"caption\":\"Inclusive - inclus\u00e3o e cidadania\"},\"image\":{\"@id\":\"https:\\\/\\\/inclusivenews.com.br\\\/#\\\/schema\\\/logo\\\/image\\\/\"},\"sameAs\":[\"https:\\\/\\\/www.facebook.com\\\/agenciainclusive\\\/\",\"https:\\\/\\\/www.instagram.com\\\/newsinclusive\\\/\"]},{\"@type\":\"Person\",\"@id\":\"https:\\\/\\\/inclusivenews.com.br\\\/#\\\/schema\\\/person\\\/ae4ec7087559b8692fb33b6fffd2273b\",\"name\":\"inclusivenews2024\",\"image\":{\"@type\":\"ImageObject\",\"inLanguage\":\"pt-PT\",\"@id\":\"https:\\\/\\\/secure.gravatar.com\\\/avatar\\\/c5a7ef84c66fa914f55bc4f7ce26cfa275a3b9a1c5568b907bd184fb4dde7b40?s=96&d=mm&r=g\",\"url\":\"https:\\\/\\\/secure.gravatar.com\\\/avatar\\\/c5a7ef84c66fa914f55bc4f7ce26cfa275a3b9a1c5568b907bd184fb4dde7b40?s=96&d=mm&r=g\",\"contentUrl\":\"https:\\\/\\\/secure.gravatar.com\\\/avatar\\\/c5a7ef84c66fa914f55bc4f7ce26cfa275a3b9a1c5568b907bd184fb4dde7b40?s=96&d=mm&r=g\",\"caption\":\"inclusivenews2024\"},\"sameAs\":[\"https:\\\/\\\/inclusivenews.com.br\"],\"url\":\"https:\\\/\\\/inclusivenews.com.br\\\/?author=1\"}]}<\/script>\n<!-- \/ Yoast SEO plugin. -->","yoast_head_json":{"title":"Semin\u00e1rio discute encarceramento em massa (7-9\/12) -","robots":{"index":"index","follow":"follow","max-snippet":"max-snippet:-1","max-image-preview":"max-image-preview:large","max-video-preview":"max-video-preview:-1"},"canonical":"https:\/\/inclusivenews.com.br\/?p=18116","og_locale":"pt_PT","og_type":"article","og_title":"Semin\u00e1rio discute encarceramento em massa (7-9\/12) -","og_description":"O Tribunal Popular realizar\u00e1, de 7 a 9 de dezembro, em S\u00e3o Paulo, o semin\u00e1rio \"Encarceramento em massa: s\u00edmbolo do Estado Penal\". Com a presen\u00e7a de familiares de presos, ex-presos, juristas, pesquisadores e militantes sociais, o semin\u00e1rio abordar\u00e1 temas como os limites do Estado de Direito, o ingresso massivo de pessoas pobres no sistema penitenci\u00e1rio, as m\u00e1s condi\u00e7\u00f5es das pris\u00f5es brasileiras e as consequ\u00eancias sociais da institucionaliza\u00e7\u00e3o. Do Brasil de Fato.","og_url":"https:\/\/inclusivenews.com.br\/?p=18116","article_publisher":"https:\/\/www.facebook.com\/agenciainclusive\/","article_published_time":"2010-12-09T10:11:36+00:00","og_image":[{"url":"http:\/\/inclusivenews.com.br\/wp-content\/uploads\/2010\/12\/prisao_lotada.jpg","type":"","width":"","height":""}],"author":"inclusivenews2024","twitter_card":"summary_large_image","twitter_misc":{"Escrito por":"inclusivenews2024","Tempo estimado de leitura":"1 minuto"},"schema":{"@context":"https:\/\/schema.org","@graph":[{"@type":"Article","@id":"https:\/\/inclusivenews.com.br\/?p=18116#article","isPartOf":{"@id":"https:\/\/inclusivenews.com.br\/?p=18116"},"author":{"name":"inclusivenews2024","@id":"https:\/\/inclusivenews.com.br\/#\/schema\/person\/ae4ec7087559b8692fb33b6fffd2273b"},"headline":"Semin\u00e1rio discute encarceramento em massa (7-9\/12)","datePublished":"2010-12-09T10:11:36+00:00","mainEntityOfPage":{"@id":"https:\/\/inclusivenews.com.br\/?p=18116"},"wordCount":275,"commentCount":1,"publisher":{"@id":"https:\/\/inclusivenews.com.br\/#organization"},"image":{"@id":"https:\/\/inclusivenews.com.br\/?p=18116#primaryimage"},"thumbnailUrl":"http:\/\/inclusivenews.com.br\/wp-content\/uploads\/2010\/12\/prisao_lotada.jpg","articleSection":["Cursos e eventos","DIREITOS HUMANOS","NOT\u00cdCIAS"],"inLanguage":"pt-PT","potentialAction":[{"@type":"CommentAction","name":"Comment","target":["https:\/\/inclusivenews.com.br\/?p=18116#respond"]}]},{"@type":"WebPage","@id":"https:\/\/inclusivenews.com.br\/?p=18116","url":"https:\/\/inclusivenews.com.br\/?p=18116","name":"Semin\u00e1rio discute encarceramento em massa (7-9\/12) -","isPartOf":{"@id":"https:\/\/inclusivenews.com.br\/#website"},"primaryImageOfPage":{"@id":"https:\/\/inclusivenews.com.br\/?p=18116#primaryimage"},"image":{"@id":"https:\/\/inclusivenews.com.br\/?p=18116#primaryimage"},"thumbnailUrl":"http:\/\/inclusivenews.com.br\/wp-content\/uploads\/2010\/12\/prisao_lotada.jpg","datePublished":"2010-12-09T10:11:36+00:00","breadcrumb":{"@id":"https:\/\/inclusivenews.com.br\/?p=18116#breadcrumb"},"inLanguage":"pt-PT","potentialAction":[{"@type":"ReadAction","target":["https:\/\/inclusivenews.com.br\/?p=18116"]}]},{"@type":"ImageObject","inLanguage":"pt-PT","@id":"https:\/\/inclusivenews.com.br\/?p=18116#primaryimage","url":"","contentUrl":""},{"@type":"BreadcrumbList","@id":"https:\/\/inclusivenews.com.br\/?p=18116#breadcrumb","itemListElement":[{"@type":"ListItem","position":1,"name":"In\u00edcio","item":"https:\/\/inclusivenews.com.br\/"},{"@type":"ListItem","position":2,"name":"Semin\u00e1rio discute encarceramento em massa (7-9\/12)"}]},{"@type":"WebSite","@id":"https:\/\/inclusivenews.com.br\/#website","url":"https:\/\/inclusivenews.com.br\/","name":"Inclusive News","description":"Inclusive News","publisher":{"@id":"https:\/\/inclusivenews.com.br\/#organization"},"potentialAction":[{"@type":"SearchAction","target":{"@type":"EntryPoint","urlTemplate":"https:\/\/inclusivenews.com.br\/?s={search_term_string}"},"query-input":{"@type":"PropertyValueSpecification","valueRequired":true,"valueName":"search_term_string"}}],"inLanguage":"pt-PT"},{"@type":"Organization","@id":"https:\/\/inclusivenews.com.br\/#organization","name":"Inclusive - inclus\u00e3o e cidadania","url":"https:\/\/inclusivenews.com.br\/","logo":{"@type":"ImageObject","inLanguage":"pt-PT","@id":"https:\/\/inclusivenews.com.br\/#\/schema\/logo\/image\/","url":"https:\/\/inclusivenews.com.br\/wp-content\/uploads\/2024\/03\/@grandesite.png","contentUrl":"https:\/\/inclusivenews.com.br\/wp-content\/uploads\/2024\/03\/@grandesite.png","width":1080,"height":1080,"caption":"Inclusive - inclus\u00e3o e cidadania"},"image":{"@id":"https:\/\/inclusivenews.com.br\/#\/schema\/logo\/image\/"},"sameAs":["https:\/\/www.facebook.com\/agenciainclusive\/","https:\/\/www.instagram.com\/newsinclusive\/"]},{"@type":"Person","@id":"https:\/\/inclusivenews.com.br\/#\/schema\/person\/ae4ec7087559b8692fb33b6fffd2273b","name":"inclusivenews2024","image":{"@type":"ImageObject","inLanguage":"pt-PT","@id":"https:\/\/secure.gravatar.com\/avatar\/c5a7ef84c66fa914f55bc4f7ce26cfa275a3b9a1c5568b907bd184fb4dde7b40?s=96&d=mm&r=g","url":"https:\/\/secure.gravatar.com\/avatar\/c5a7ef84c66fa914f55bc4f7ce26cfa275a3b9a1c5568b907bd184fb4dde7b40?s=96&d=mm&r=g","contentUrl":"https:\/\/secure.gravatar.com\/avatar\/c5a7ef84c66fa914f55bc4f7ce26cfa275a3b9a1c5568b907bd184fb4dde7b40?s=96&d=mm&r=g","caption":"inclusivenews2024"},"sameAs":["https:\/\/inclusivenews.com.br"],"url":"https:\/\/inclusivenews.com.br\/?author=1"}]}},"_links":{"self":[{"href":"https:\/\/inclusivenews.com.br\/index.php?rest_route=\/wp\/v2\/posts\/18116","targetHints":{"allow":["GET"]}}],"collection":[{"href":"https:\/\/inclusivenews.com.br\/index.php?rest_route=\/wp\/v2\/posts"}],"about":[{"href":"https:\/\/inclusivenews.com.br\/index.php?rest_route=\/wp\/v2\/types\/post"}],"author":[{"embeddable":true,"href":"https:\/\/inclusivenews.com.br\/index.php?rest_route=\/wp\/v2\/users\/1"}],"replies":[{"embeddable":true,"href":"https:\/\/inclusivenews.com.br\/index.php?rest_route=%2Fwp%2Fv2%2Fcomments&post=18116"}],"version-history":[{"count":0,"href":"https:\/\/inclusivenews.com.br\/index.php?rest_route=\/wp\/v2\/posts\/18116\/revisions"}],"wp:attachment":[{"href":"https:\/\/inclusivenews.com.br\/index.php?rest_route=%2Fwp%2Fv2%2Fmedia&parent=18116"}],"wp:term":[{"taxonomy":"category","embeddable":true,"href":"https:\/\/inclusivenews.com.br\/index.php?rest_route=%2Fwp%2Fv2%2Fcategories&post=18116"},{"taxonomy":"post_tag","embeddable":true,"href":"https:\/\/inclusivenews.com.br\/index.php?rest_route=%2Fwp%2Fv2%2Ftags&post=18116"}],"curies":[{"name":"wp","href":"https:\/\/api.w.org\/{rel}","templated":true}]}}