{"id":18118,"date":"2010-12-05T07:52:14","date_gmt":"2010-12-05T10:52:14","guid":{"rendered":"http:\/\/www.inclusive.org.br\/?p=18118"},"modified":"2010-12-05T07:52:14","modified_gmt":"2010-12-05T10:52:14","slug":"apoio-a-pessoas-com-deficiencia-ajuda-a-combater-pobreza","status":"publish","type":"post","link":"https:\/\/inclusivenews.com.br\/?p=18118","title":{"rendered":"Apoio a pessoas com defici\u00eancia ajuda a combater pobreza"},"content":{"rendered":"<figure style=\"width: 175px\" class=\"wp-caption alignleft\"><img loading=\"lazy\" decoding=\"async\" title=\"Mulher negra cadeirante e outras duas pessoas ao fundo.\" src=\"http:\/\/downloads.unmultimedia.org\/cms\/radio\/content\/uploads\/2009\/02\/full\/disabilities24a.jpg\" alt=\"Mulher negra cadeirante e outras duas pessoas ao fundo.\" width=\"175\" height=\"150\" \/><figcaption class=\"wp-caption-text\"> <\/figcaption><\/figure>\n<p><strong>Por M\u00f4nica Villela Grayley, da R\u00e1dio ONU em Nova York.<\/strong><\/p>\n<p>Segundo a ONU, 20% das pessoas que vivem com menos de US$ 2 por dia t\u00eam alguma forma de defici\u00eancia; organiza\u00e7\u00e3o pede a governos mais inclus\u00e3o.<\/p>\n<p>O Secret\u00e1rio-Geral da ONU, Ban Ki-moon, pediu a governos de todo o mundo que fa\u00e7am mais para apoiar as pessoas com defici\u00eancia.<\/p>\n<p>Segundo Ban, elas t\u00eam um papel fundamental nos esfor\u00e7os para se alcan\u00e7ar as metas globais de combate \u00e0 pobreza at\u00e9 2015.<\/p>\n<p><strong>Barreiras<\/strong><\/p>\n<p>A declara\u00e7\u00e3o foi feita em conjunto com a alta-comiss\u00e1ria da ONU de Direitos Humanos, Navi Pillay, nesta sexta-feira, para marcar o Dia Internacional das Pessoas com Defici\u00eancia.<\/p>\n<p>Dados das Na\u00e7\u00f5es Unidas revelam que 20% de todos os pobres do mundo t\u00eam algum tipo de defici\u00eancia. Desemprego, falta de acesso a servi\u00e7os de sa\u00fade e educa\u00e7\u00e3o s\u00e3o algumas das barreiras enfrentadas no dia-a-dia.<\/p>\n<p>Al\u00e9m disso, muitos sofrem com estigmas e preconceitos. A coordenadora e criadora da ONG Inclusive, Patr\u00edcia Almeida, falou \u00e0 R\u00e1dio ONU de Nova York, sobre a experi\u00eancia que teve com a pr\u00f3pria filha que nasceu com s\u00edndrome de Down.<\/p>\n<p><strong>Dia-a-Dia<\/strong><\/p>\n<p>&#8220;Quando a minha filha, que tem s\u00edndrome de Down nasceu, eu levei um susto. Eu n\u00e3o sabia o que faria com aquela crian\u00e7a, porque eu achava que ela era diferente por ter a s\u00edndrome de Down. Levou um tempo para eu ver que ela \u00e9 uma crian\u00e7a como qualquer outra e trata-la dessa maneira, n\u00e3o fazer nada especial para ela. Porque n\u00e3o tem nada de especial: todas as crian\u00e7as s\u00e3o especiais&#8221;, afirmou.<\/p>\n<p>Cerca de 650 milh\u00f5es de pessoas vivem com algum tipo de defici\u00eancia. O n\u00famero equivale a cerca de 10% da popula\u00e7\u00e3o mundial. Uma das bandeiras das organiza\u00e7\u00f5es civis e n\u00e3o-governamentais \u00e9 a garantia de direitos para quem vive com a defici\u00eancia.<\/p>\n<p>Patr\u00edcia Almeida falou sobre a situa\u00e7\u00e3o nos Estados Unidos.<\/p>\n<p><strong>Inclus\u00e3o Social<\/strong><\/p>\n<p>&#8220;Aqui come\u00e7ou muito mais cedo o processo de inclus\u00e3o. A lei ADA est\u00e1 fazendo 35 anos e com base nessa lei, foi elaborada a conven\u00e7\u00e3o da ONU sobre os Direitos das Pessoas com Defici\u00eancia. \u00c9 um documento mais atual, mais moderno. Aqui (nos Estados Unidos) eles j\u00e1 t\u00eam um hist\u00f3rico e \u00e9 um pa\u00eds rico. D\u00e1 para investir muito mais, por exemplo, em transporte acess\u00edvel, as cal\u00e7adas dos centros da cidade s\u00e3o todas acess\u00edveis&#8221;, disse.<\/p>\n<p>No Dia Internacional das Pessoas com Defici\u00eancia, as Na\u00e7\u00f5es Unidas tamb\u00e9m apelaram para que os governos implementem a Conven\u00e7\u00e3o da ONU sobre o tema promovendo mais inclus\u00e3o social.<\/p>\n<p>Para ouvir esta not\u00edcia clique: <a href=\"http:\/\/downloads.unmultimedia.org\/radio\/pt\/real\/2010\/10120311i.rm\">http:\/\/downloads.unmultimedia.org\/radio\/pt\/real\/2010\/10120311i.rm<\/a> ou acesse: <a href=\"http:\/\/www.unmultimedia.org\/radio\/portuguese\/detail\/188508.html\">http:\/\/www.unmultimedia.org\/radio\/portuguese\/detail\/188508.html<\/a><\/p>\n<p>_______________<\/p>\n<p><strong>Fonte:<\/strong> <a href=\"http:\/\/www.unmultimedia.org\/radio\/portuguese\/detail\/188508.html\">R\u00e1dio ONU<\/a><\/p>\n","protected":false},"excerpt":{"rendered":"<p>Segundo a ONU, 20% das pessoas que vivem com menos de US$ 2 por dia t\u00eam alguma forma de defici\u00eancia; organiza\u00e7\u00e3o pede a governos mais inclus\u00e3o. Da R\u00e1dio ONU.<\/p>\n","protected":false},"author":1,"featured_media":0,"comment_status":"open","ping_status":"open","sticky":false,"template":"","format":"standard","meta":{"site-container-style":"default","site-container-layout":"default","site-sidebar-layout":"default","disable-article-header":"default","disable-site-header":"default","disable-site-footer":"default","disable-content-area-spacing":"default","footnotes":""},"categories":[38,11,48,4],"tags":[],"class_list":["post-18118","post","type-post","status-publish","format-standard","hentry","category-deficiencia","category-direitos-humanos","category-inclusao","category-noticias"],"yoast_head":"<!-- This site is optimized with the Yoast SEO plugin v27.4 - https:\/\/yoast.com\/product\/yoast-seo-wordpress\/ -->\n<title>Apoio a pessoas com defici\u00eancia ajuda a combater pobreza -<\/title>\n<meta name=\"robots\" content=\"index, follow, max-snippet:-1, max-image-preview:large, max-video-preview:-1\" \/>\n<link rel=\"canonical\" href=\"https:\/\/inclusivenews.com.br\/?p=18118\" \/>\n<meta property=\"og:locale\" content=\"pt_PT\" \/>\n<meta property=\"og:type\" content=\"article\" \/>\n<meta property=\"og:title\" content=\"Apoio a pessoas com defici\u00eancia ajuda a combater pobreza -\" \/>\n<meta property=\"og:description\" content=\"Segundo a ONU, 20% das pessoas que vivem com menos de US$ 2 por dia t\u00eam alguma forma de defici\u00eancia; organiza\u00e7\u00e3o pede a governos mais inclus\u00e3o. Da R\u00e1dio ONU.\" \/>\n<meta property=\"og:url\" content=\"https:\/\/inclusivenews.com.br\/?p=18118\" \/>\n<meta property=\"article:publisher\" content=\"https:\/\/www.facebook.com\/agenciainclusive\/\" \/>\n<meta property=\"article:published_time\" content=\"2010-12-05T10:52:14+00:00\" \/>\n<meta property=\"og:image\" content=\"http:\/\/downloads.unmultimedia.org\/cms\/radio\/content\/uploads\/2009\/02\/full\/disabilities24a.jpg\" \/>\n<meta name=\"author\" content=\"inclusivenews2024\" \/>\n<meta name=\"twitter:card\" content=\"summary_large_image\" \/>\n<meta name=\"twitter:label1\" content=\"Escrito por\" \/>\n\t<meta name=\"twitter:data1\" content=\"inclusivenews2024\" \/>\n\t<meta name=\"twitter:label2\" content=\"Tempo estimado de leitura\" \/>\n\t<meta name=\"twitter:data2\" content=\"2 minutos\" \/>\n<script type=\"application\/ld+json\" class=\"yoast-schema-graph\">{\"@context\":\"https:\\\/\\\/schema.org\",\"@graph\":[{\"@type\":\"Article\",\"@id\":\"https:\\\/\\\/inclusivenews.com.br\\\/?p=18118#article\",\"isPartOf\":{\"@id\":\"https:\\\/\\\/inclusivenews.com.br\\\/?p=18118\"},\"author\":{\"name\":\"inclusivenews2024\",\"@id\":\"https:\\\/\\\/inclusivenews.com.br\\\/#\\\/schema\\\/person\\\/ae4ec7087559b8692fb33b6fffd2273b\"},\"headline\":\"Apoio a pessoas com defici\u00eancia ajuda a combater pobreza\",\"datePublished\":\"2010-12-05T10:52:14+00:00\",\"mainEntityOfPage\":{\"@id\":\"https:\\\/\\\/inclusivenews.com.br\\\/?p=18118\"},\"wordCount\":505,\"commentCount\":0,\"publisher\":{\"@id\":\"https:\\\/\\\/inclusivenews.com.br\\\/#organization\"},\"image\":{\"@id\":\"https:\\\/\\\/inclusivenews.com.br\\\/?p=18118#primaryimage\"},\"thumbnailUrl\":\"http:\\\/\\\/downloads.unmultimedia.org\\\/cms\\\/radio\\\/content\\\/uploads\\\/2009\\\/02\\\/full\\\/disabilities24a.jpg\",\"articleSection\":[\"Defici\u00eancia\",\"DIREITOS HUMANOS\",\"INCLUS\u00c3O SOCIAL\",\"NOT\u00cdCIAS\"],\"inLanguage\":\"pt-PT\",\"potentialAction\":[{\"@type\":\"CommentAction\",\"name\":\"Comment\",\"target\":[\"https:\\\/\\\/inclusivenews.com.br\\\/?p=18118#respond\"]}]},{\"@type\":\"WebPage\",\"@id\":\"https:\\\/\\\/inclusivenews.com.br\\\/?p=18118\",\"url\":\"https:\\\/\\\/inclusivenews.com.br\\\/?p=18118\",\"name\":\"Apoio a pessoas com defici\u00eancia ajuda a combater pobreza -\",\"isPartOf\":{\"@id\":\"https:\\\/\\\/inclusivenews.com.br\\\/#website\"},\"primaryImageOfPage\":{\"@id\":\"https:\\\/\\\/inclusivenews.com.br\\\/?p=18118#primaryimage\"},\"image\":{\"@id\":\"https:\\\/\\\/inclusivenews.com.br\\\/?p=18118#primaryimage\"},\"thumbnailUrl\":\"http:\\\/\\\/downloads.unmultimedia.org\\\/cms\\\/radio\\\/content\\\/uploads\\\/2009\\\/02\\\/full\\\/disabilities24a.jpg\",\"datePublished\":\"2010-12-05T10:52:14+00:00\",\"breadcrumb\":{\"@id\":\"https:\\\/\\\/inclusivenews.com.br\\\/?p=18118#breadcrumb\"},\"inLanguage\":\"pt-PT\",\"potentialAction\":[{\"@type\":\"ReadAction\",\"target\":[\"https:\\\/\\\/inclusivenews.com.br\\\/?p=18118\"]}]},{\"@type\":\"ImageObject\",\"inLanguage\":\"pt-PT\",\"@id\":\"https:\\\/\\\/inclusivenews.com.br\\\/?p=18118#primaryimage\",\"url\":\"http:\\\/\\\/downloads.unmultimedia.org\\\/cms\\\/radio\\\/content\\\/uploads\\\/2009\\\/02\\\/full\\\/disabilities24a.jpg\",\"contentUrl\":\"http:\\\/\\\/downloads.unmultimedia.org\\\/cms\\\/radio\\\/content\\\/uploads\\\/2009\\\/02\\\/full\\\/disabilities24a.jpg\"},{\"@type\":\"BreadcrumbList\",\"@id\":\"https:\\\/\\\/inclusivenews.com.br\\\/?p=18118#breadcrumb\",\"itemListElement\":[{\"@type\":\"ListItem\",\"position\":1,\"name\":\"In\u00edcio\",\"item\":\"https:\\\/\\\/inclusivenews.com.br\\\/\"},{\"@type\":\"ListItem\",\"position\":2,\"name\":\"Apoio a pessoas com defici\u00eancia ajuda a combater pobreza\"}]},{\"@type\":\"WebSite\",\"@id\":\"https:\\\/\\\/inclusivenews.com.br\\\/#website\",\"url\":\"https:\\\/\\\/inclusivenews.com.br\\\/\",\"name\":\"Inclusive News\",\"description\":\"Inclusive News\",\"publisher\":{\"@id\":\"https:\\\/\\\/inclusivenews.com.br\\\/#organization\"},\"potentialAction\":[{\"@type\":\"SearchAction\",\"target\":{\"@type\":\"EntryPoint\",\"urlTemplate\":\"https:\\\/\\\/inclusivenews.com.br\\\/?s={search_term_string}\"},\"query-input\":{\"@type\":\"PropertyValueSpecification\",\"valueRequired\":true,\"valueName\":\"search_term_string\"}}],\"inLanguage\":\"pt-PT\"},{\"@type\":\"Organization\",\"@id\":\"https:\\\/\\\/inclusivenews.com.br\\\/#organization\",\"name\":\"Inclusive - inclus\u00e3o e cidadania\",\"url\":\"https:\\\/\\\/inclusivenews.com.br\\\/\",\"logo\":{\"@type\":\"ImageObject\",\"inLanguage\":\"pt-PT\",\"@id\":\"https:\\\/\\\/inclusivenews.com.br\\\/#\\\/schema\\\/logo\\\/image\\\/\",\"url\":\"https:\\\/\\\/inclusivenews.com.br\\\/wp-content\\\/uploads\\\/2024\\\/03\\\/@grandesite.png\",\"contentUrl\":\"https:\\\/\\\/inclusivenews.com.br\\\/wp-content\\\/uploads\\\/2024\\\/03\\\/@grandesite.png\",\"width\":1080,\"height\":1080,\"caption\":\"Inclusive - inclus\u00e3o e cidadania\"},\"image\":{\"@id\":\"https:\\\/\\\/inclusivenews.com.br\\\/#\\\/schema\\\/logo\\\/image\\\/\"},\"sameAs\":[\"https:\\\/\\\/www.facebook.com\\\/agenciainclusive\\\/\",\"https:\\\/\\\/www.instagram.com\\\/newsinclusive\\\/\"]},{\"@type\":\"Person\",\"@id\":\"https:\\\/\\\/inclusivenews.com.br\\\/#\\\/schema\\\/person\\\/ae4ec7087559b8692fb33b6fffd2273b\",\"name\":\"inclusivenews2024\",\"image\":{\"@type\":\"ImageObject\",\"inLanguage\":\"pt-PT\",\"@id\":\"https:\\\/\\\/secure.gravatar.com\\\/avatar\\\/c5a7ef84c66fa914f55bc4f7ce26cfa275a3b9a1c5568b907bd184fb4dde7b40?s=96&d=mm&r=g\",\"url\":\"https:\\\/\\\/secure.gravatar.com\\\/avatar\\\/c5a7ef84c66fa914f55bc4f7ce26cfa275a3b9a1c5568b907bd184fb4dde7b40?s=96&d=mm&r=g\",\"contentUrl\":\"https:\\\/\\\/secure.gravatar.com\\\/avatar\\\/c5a7ef84c66fa914f55bc4f7ce26cfa275a3b9a1c5568b907bd184fb4dde7b40?s=96&d=mm&r=g\",\"caption\":\"inclusivenews2024\"},\"sameAs\":[\"https:\\\/\\\/inclusivenews.com.br\"],\"url\":\"https:\\\/\\\/inclusivenews.com.br\\\/?author=1\"}]}<\/script>\n<!-- \/ Yoast SEO plugin. -->","yoast_head_json":{"title":"Apoio a pessoas com defici\u00eancia ajuda a combater pobreza -","robots":{"index":"index","follow":"follow","max-snippet":"max-snippet:-1","max-image-preview":"max-image-preview:large","max-video-preview":"max-video-preview:-1"},"canonical":"https:\/\/inclusivenews.com.br\/?p=18118","og_locale":"pt_PT","og_type":"article","og_title":"Apoio a pessoas com defici\u00eancia ajuda a combater pobreza -","og_description":"Segundo a ONU, 20% das pessoas que vivem com menos de US$ 2 por dia t\u00eam alguma forma de defici\u00eancia; organiza\u00e7\u00e3o pede a governos mais inclus\u00e3o. Da R\u00e1dio ONU.","og_url":"https:\/\/inclusivenews.com.br\/?p=18118","article_publisher":"https:\/\/www.facebook.com\/agenciainclusive\/","article_published_time":"2010-12-05T10:52:14+00:00","og_image":[{"url":"http:\/\/downloads.unmultimedia.org\/cms\/radio\/content\/uploads\/2009\/02\/full\/disabilities24a.jpg","type":"","width":"","height":""}],"author":"inclusivenews2024","twitter_card":"summary_large_image","twitter_misc":{"Escrito por":"inclusivenews2024","Tempo estimado de leitura":"2 minutos"},"schema":{"@context":"https:\/\/schema.org","@graph":[{"@type":"Article","@id":"https:\/\/inclusivenews.com.br\/?p=18118#article","isPartOf":{"@id":"https:\/\/inclusivenews.com.br\/?p=18118"},"author":{"name":"inclusivenews2024","@id":"https:\/\/inclusivenews.com.br\/#\/schema\/person\/ae4ec7087559b8692fb33b6fffd2273b"},"headline":"Apoio a pessoas com defici\u00eancia ajuda a combater pobreza","datePublished":"2010-12-05T10:52:14+00:00","mainEntityOfPage":{"@id":"https:\/\/inclusivenews.com.br\/?p=18118"},"wordCount":505,"commentCount":0,"publisher":{"@id":"https:\/\/inclusivenews.com.br\/#organization"},"image":{"@id":"https:\/\/inclusivenews.com.br\/?p=18118#primaryimage"},"thumbnailUrl":"http:\/\/downloads.unmultimedia.org\/cms\/radio\/content\/uploads\/2009\/02\/full\/disabilities24a.jpg","articleSection":["Defici\u00eancia","DIREITOS HUMANOS","INCLUS\u00c3O SOCIAL","NOT\u00cdCIAS"],"inLanguage":"pt-PT","potentialAction":[{"@type":"CommentAction","name":"Comment","target":["https:\/\/inclusivenews.com.br\/?p=18118#respond"]}]},{"@type":"WebPage","@id":"https:\/\/inclusivenews.com.br\/?p=18118","url":"https:\/\/inclusivenews.com.br\/?p=18118","name":"Apoio a pessoas com defici\u00eancia ajuda a combater pobreza -","isPartOf":{"@id":"https:\/\/inclusivenews.com.br\/#website"},"primaryImageOfPage":{"@id":"https:\/\/inclusivenews.com.br\/?p=18118#primaryimage"},"image":{"@id":"https:\/\/inclusivenews.com.br\/?p=18118#primaryimage"},"thumbnailUrl":"http:\/\/downloads.unmultimedia.org\/cms\/radio\/content\/uploads\/2009\/02\/full\/disabilities24a.jpg","datePublished":"2010-12-05T10:52:14+00:00","breadcrumb":{"@id":"https:\/\/inclusivenews.com.br\/?p=18118#breadcrumb"},"inLanguage":"pt-PT","potentialAction":[{"@type":"ReadAction","target":["https:\/\/inclusivenews.com.br\/?p=18118"]}]},{"@type":"ImageObject","inLanguage":"pt-PT","@id":"https:\/\/inclusivenews.com.br\/?p=18118#primaryimage","url":"http:\/\/downloads.unmultimedia.org\/cms\/radio\/content\/uploads\/2009\/02\/full\/disabilities24a.jpg","contentUrl":"http:\/\/downloads.unmultimedia.org\/cms\/radio\/content\/uploads\/2009\/02\/full\/disabilities24a.jpg"},{"@type":"BreadcrumbList","@id":"https:\/\/inclusivenews.com.br\/?p=18118#breadcrumb","itemListElement":[{"@type":"ListItem","position":1,"name":"In\u00edcio","item":"https:\/\/inclusivenews.com.br\/"},{"@type":"ListItem","position":2,"name":"Apoio a pessoas com defici\u00eancia ajuda a combater pobreza"}]},{"@type":"WebSite","@id":"https:\/\/inclusivenews.com.br\/#website","url":"https:\/\/inclusivenews.com.br\/","name":"Inclusive News","description":"Inclusive News","publisher":{"@id":"https:\/\/inclusivenews.com.br\/#organization"},"potentialAction":[{"@type":"SearchAction","target":{"@type":"EntryPoint","urlTemplate":"https:\/\/inclusivenews.com.br\/?s={search_term_string}"},"query-input":{"@type":"PropertyValueSpecification","valueRequired":true,"valueName":"search_term_string"}}],"inLanguage":"pt-PT"},{"@type":"Organization","@id":"https:\/\/inclusivenews.com.br\/#organization","name":"Inclusive - inclus\u00e3o e cidadania","url":"https:\/\/inclusivenews.com.br\/","logo":{"@type":"ImageObject","inLanguage":"pt-PT","@id":"https:\/\/inclusivenews.com.br\/#\/schema\/logo\/image\/","url":"https:\/\/inclusivenews.com.br\/wp-content\/uploads\/2024\/03\/@grandesite.png","contentUrl":"https:\/\/inclusivenews.com.br\/wp-content\/uploads\/2024\/03\/@grandesite.png","width":1080,"height":1080,"caption":"Inclusive - inclus\u00e3o e cidadania"},"image":{"@id":"https:\/\/inclusivenews.com.br\/#\/schema\/logo\/image\/"},"sameAs":["https:\/\/www.facebook.com\/agenciainclusive\/","https:\/\/www.instagram.com\/newsinclusive\/"]},{"@type":"Person","@id":"https:\/\/inclusivenews.com.br\/#\/schema\/person\/ae4ec7087559b8692fb33b6fffd2273b","name":"inclusivenews2024","image":{"@type":"ImageObject","inLanguage":"pt-PT","@id":"https:\/\/secure.gravatar.com\/avatar\/c5a7ef84c66fa914f55bc4f7ce26cfa275a3b9a1c5568b907bd184fb4dde7b40?s=96&d=mm&r=g","url":"https:\/\/secure.gravatar.com\/avatar\/c5a7ef84c66fa914f55bc4f7ce26cfa275a3b9a1c5568b907bd184fb4dde7b40?s=96&d=mm&r=g","contentUrl":"https:\/\/secure.gravatar.com\/avatar\/c5a7ef84c66fa914f55bc4f7ce26cfa275a3b9a1c5568b907bd184fb4dde7b40?s=96&d=mm&r=g","caption":"inclusivenews2024"},"sameAs":["https:\/\/inclusivenews.com.br"],"url":"https:\/\/inclusivenews.com.br\/?author=1"}]}},"_links":{"self":[{"href":"https:\/\/inclusivenews.com.br\/index.php?rest_route=\/wp\/v2\/posts\/18118","targetHints":{"allow":["GET"]}}],"collection":[{"href":"https:\/\/inclusivenews.com.br\/index.php?rest_route=\/wp\/v2\/posts"}],"about":[{"href":"https:\/\/inclusivenews.com.br\/index.php?rest_route=\/wp\/v2\/types\/post"}],"author":[{"embeddable":true,"href":"https:\/\/inclusivenews.com.br\/index.php?rest_route=\/wp\/v2\/users\/1"}],"replies":[{"embeddable":true,"href":"https:\/\/inclusivenews.com.br\/index.php?rest_route=%2Fwp%2Fv2%2Fcomments&post=18118"}],"version-history":[{"count":0,"href":"https:\/\/inclusivenews.com.br\/index.php?rest_route=\/wp\/v2\/posts\/18118\/revisions"}],"wp:attachment":[{"href":"https:\/\/inclusivenews.com.br\/index.php?rest_route=%2Fwp%2Fv2%2Fmedia&parent=18118"}],"wp:term":[{"taxonomy":"category","embeddable":true,"href":"https:\/\/inclusivenews.com.br\/index.php?rest_route=%2Fwp%2Fv2%2Fcategories&post=18118"},{"taxonomy":"post_tag","embeddable":true,"href":"https:\/\/inclusivenews.com.br\/index.php?rest_route=%2Fwp%2Fv2%2Ftags&post=18118"}],"curies":[{"name":"wp","href":"https:\/\/api.w.org\/{rel}","templated":true}]}}