{"id":18125,"date":"2010-12-09T07:02:49","date_gmt":"2010-12-09T10:02:49","guid":{"rendered":"http:\/\/www.inclusive.org.br\/?p=18125"},"modified":"2010-12-09T07:02:49","modified_gmt":"2010-12-09T10:02:49","slug":"3-de-dezembro-um-dia-de-atitudes-e-reflexoes","status":"publish","type":"post","link":"https:\/\/inclusivenews.com.br\/?p=18125","title":{"rendered":"3 de dezembro: um dia de atitudes e reflex\u00f5es"},"content":{"rendered":"<figure id=\"attachment_18056\" aria-describedby=\"caption-attachment-18056\" style=\"width: 221px\" class=\"wp-caption alignleft\"><a href=\"http:\/\/www.inclusivenews.com.br\/wp-content\/uploads\/2010\/11\/diainternacional.jpg\"><img loading=\"lazy\" decoding=\"async\" class=\"size-full wp-image-18056\" title=\"2010 - International Day of People with Disabilities, uma figura humana  cercada por pinceladas coloridas\" src=\"http:\/\/inclusivenews.com.br\/wp-content\/uploads\/2010\/11\/diainternacional.jpg\" alt=\"2010 - International Day of People with Disabilities, uma figura humana cercada por pinceladas coloridas\" width=\"221\" height=\"92\" \/><\/a><figcaption id=\"caption-attachment-18056\" class=\"wp-caption-text\"> <\/figcaption><\/figure>\n<p>No dia 3\/12\u00a0 se comemora o Dia Internacional das Pessoas com Defici\u00eancia, institu\u00eddo pela Organiza\u00e7\u00e3o das Na\u00e7\u00f5es Unidas \u2013 ONU.<\/p>\n<p>Boa parte da sociedade brasileira j\u00e1 tem o que comemorar, especialmente aquela que olha para as pessoas e enxerga *pessoas* e n\u00e3o sua defici\u00eancia, cor da pele, idade, sexo, etc.<\/p>\n<p>Na Virada da Inclus\u00e3o capitaneada pela Secretaria de Estado dos Direitos da Pessoa com Defici\u00eancia de S\u00e3o Paulo que acontece hoje e amanh\u00e3 (3 e 4) em diversas cidades paulistas, a programa\u00e7\u00e3o oferece espa\u00e7os para todos os setores da sociedade.<\/p>\n<p>Mas no mundo do trabalho h\u00e1 problemas, principalmente pelas barreiras humanas, preconceito cultural e infelizmente, despreparo de alguns juizes e desembargadores que preferem ser guiados pela peti\u00e7\u00e3o de descumpridores da lei em vez de acompanhar o que est\u00e1 acontecendo na vida real da inclus\u00e3o na sociedade que os cerca. (Em S\u00e3o Paulo h\u00e1 decis\u00f5es judiciais afirmando que pessoa cega n\u00e3o consegue trabalhar em tele-atendimento, enquanto o VI F\u00d3RUM SENADO DEBATE BRASIL recebe para palestra dia 8\/12\/10 o Desembargador Federal Ricardo Tadeu, do TRT do Paran\u00e1, que \u00e9 cego).<\/p>\n<p>Pesquisa recente apresentada pelo Instituto Ethos de Responsabilidade Social comprova descumprimento da Lei nas 500 maiores empresas brasileiras, justamente aquelas que  deveriam dar o melhor exemplo para o empresariado nacional, com suas a\u00e7\u00f5es afirmativas.<\/p>\n<p>N\u00e3o faltam leis. De um lado, temos consolidado amplo repert\u00f3rio de recomenda\u00e7\u00f5es e orienta\u00e7\u00f5es internacionais a favor da inclus\u00e3o, vindos da ONU (Organiza\u00e7\u00e3o das Na\u00e7\u00f5es Unidas) e da OIT (Organiza\u00e7\u00e3o Internacional do Trabalho). Nacionalmente, temos o artigo 93 da lei 8.213\/91, conhecido como Lei de Cotas que completou, em julho, 19 anos, para o setor privado, e 11 anos, em dezembro, para o setor p\u00fablico.<\/p>\n<p>De outro lado, temos um grande contingente de pessoas com defici\u00eancia suficiente para ocupar o equivalente a 19 vezes o que comporta a Lei de Cotas. Um grupo que tende a crescer se a sociedade n\u00e3o combater a viol\u00eancia urbana, reduzir os acidentes de tr\u00e2nsito e de trabalho, os acidentes dom\u00e9sticos e durante o lazer, controlar doen\u00e7as (como o diabetes, que pode levar \u00e0 cegueira), entre outras medidas de preven\u00e7\u00e3o das causas que levam \u00e0 defici\u00eancia.<\/p>\n<p>O que est\u00e1 faltando para que as pessoas com defici\u00eancia possam trabalhar com igualdade de direitos? O argumento da falta de escolaridade e qualifica\u00e7\u00e3o n\u00e3o se sustenta mais, porque os dados fornecidos ao Minist\u00e9rio do Trabalho e Emprego pelas empresas brasileiras indicam que, quando contratadas com registro em carteira, as pessoas com defici\u00eancia apresentam perfil semelhante aos dos trabalhadores sem defici\u00eancia.<\/p>\n<p>Enquanto na popula\u00e7\u00e3o brasileira o n\u00famero de pessoas com defici\u00eancia apontado pelo IBGE &#8211; Instituto Brasileiro de Geografia e Estat\u00edstica no Censo de 2000 corresponde a 14,5%, sua presen\u00e7a no mercado formal de trabalho indicada pelo Minist\u00e9rio do Trabalho por meio da RAIS, ainda n\u00e3o atingiu 1%. Seria mais f\u00e1cil transferir a responsabilidade desta situa\u00e7\u00e3o para aquela parcela omissa da fiscaliza\u00e7\u00e3o trabalhista ou mesmo para aqueles ju\u00edzes e desembargadores que \u2013 quando raramente convocados a decidir sobre recursos de multas pelo descumprimento da Lei de Cotas \u2013 simplesmente \u201clavam as m\u00e3os\u201d, produzindo senten\u00e7as e ac\u00f3rd\u00e3os que far\u00e3o parte do anedot\u00e1rio e de preconceito cultural de julgadores que j\u00e1 est\u00e3o sendo coletados na trajet\u00f3ria do embate da Lei de Cotas.<\/p>\n<p>O dif\u00edcil \u00e9 reconhecer que cada cidad\u00e3o pode transformar esta realidade agora, mudando suas pr\u00f3prias atitudes, buscando informa\u00e7\u00f5es que derrubem mitos e enfrentem o preconceito cultural sobre a defici\u00eancia, ainda t\u00e3o presente em todas as classes sociais.<br \/>\n______________________<\/p>\n<p><strong>Fonte: <\/strong><a href=\"http:\/\/www.ecidadania.org.br\/\">Espa\u00e7o da Cidadania<\/a><\/p>\n","protected":false},"excerpt":{"rendered":"<p>O dif\u00edcil \u00e9 reconhecer que cada cidad\u00e3o pode transformar esta realidade agora, mudando suas pr\u00f3prias atitudes, buscando informa\u00e7\u00f5es que derrubem mitos e enfrentem o preconceito cultural sobre a defici\u00eancia, ainda t\u00e3o presente em todas as classes sociais. Do Espa\u00e7o da Cidadania.<\/p>\n","protected":false},"author":1,"featured_media":0,"comment_status":"open","ping_status":"open","sticky":false,"template":"","format":"standard","meta":{"site-container-style":"default","site-container-layout":"default","site-sidebar-layout":"default","disable-article-header":"default","disable-site-header":"default","disable-site-footer":"default","disable-content-area-spacing":"default","footnotes":""},"categories":[38,48,46,4],"tags":[],"class_list":["post-18125","post","type-post","status-publish","format-standard","hentry","category-deficiencia","category-inclusao","category-mercado-de-trabalho","category-noticias"],"yoast_head":"<!-- This site is optimized with the Yoast SEO plugin v27.4 - https:\/\/yoast.com\/product\/yoast-seo-wordpress\/ -->\n<title>3 de dezembro: um dia de atitudes e reflex\u00f5es -<\/title>\n<meta name=\"robots\" content=\"index, follow, max-snippet:-1, max-image-preview:large, max-video-preview:-1\" \/>\n<link rel=\"canonical\" href=\"https:\/\/inclusivenews.com.br\/?p=18125\" \/>\n<meta property=\"og:locale\" content=\"pt_PT\" \/>\n<meta property=\"og:type\" content=\"article\" \/>\n<meta property=\"og:title\" content=\"3 de dezembro: um dia de atitudes e reflex\u00f5es -\" \/>\n<meta property=\"og:description\" content=\"O dif\u00edcil \u00e9 reconhecer que cada cidad\u00e3o pode transformar esta realidade agora, mudando suas pr\u00f3prias atitudes, buscando informa\u00e7\u00f5es que derrubem mitos e enfrentem o preconceito cultural sobre a defici\u00eancia, ainda t\u00e3o presente em todas as classes sociais. Do Espa\u00e7o da Cidadania.\" \/>\n<meta property=\"og:url\" content=\"https:\/\/inclusivenews.com.br\/?p=18125\" \/>\n<meta property=\"article:publisher\" content=\"https:\/\/www.facebook.com\/agenciainclusive\/\" \/>\n<meta property=\"article:published_time\" content=\"2010-12-09T10:02:49+00:00\" \/>\n<meta property=\"og:image\" content=\"http:\/\/inclusivenews.com.br\/wp-content\/uploads\/2010\/11\/diainternacional.jpg\" \/>\n<meta name=\"author\" content=\"inclusivenews2024\" \/>\n<meta name=\"twitter:card\" content=\"summary_large_image\" \/>\n<meta name=\"twitter:label1\" content=\"Escrito por\" \/>\n\t<meta name=\"twitter:data1\" content=\"inclusivenews2024\" \/>\n\t<meta name=\"twitter:label2\" content=\"Tempo estimado de leitura\" \/>\n\t<meta name=\"twitter:data2\" content=\"3 minutos\" \/>\n<script type=\"application\/ld+json\" class=\"yoast-schema-graph\">{\"@context\":\"https:\\\/\\\/schema.org\",\"@graph\":[{\"@type\":\"Article\",\"@id\":\"https:\\\/\\\/inclusivenews.com.br\\\/?p=18125#article\",\"isPartOf\":{\"@id\":\"https:\\\/\\\/inclusivenews.com.br\\\/?p=18125\"},\"author\":{\"name\":\"inclusivenews2024\",\"@id\":\"https:\\\/\\\/inclusivenews.com.br\\\/#\\\/schema\\\/person\\\/ae4ec7087559b8692fb33b6fffd2273b\"},\"headline\":\"3 de dezembro: um dia de atitudes e reflex\u00f5es\",\"datePublished\":\"2010-12-09T10:02:49+00:00\",\"mainEntityOfPage\":{\"@id\":\"https:\\\/\\\/inclusivenews.com.br\\\/?p=18125\"},\"wordCount\":638,\"commentCount\":0,\"publisher\":{\"@id\":\"https:\\\/\\\/inclusivenews.com.br\\\/#organization\"},\"image\":{\"@id\":\"https:\\\/\\\/inclusivenews.com.br\\\/?p=18125#primaryimage\"},\"thumbnailUrl\":\"http:\\\/\\\/inclusivenews.com.br\\\/wp-content\\\/uploads\\\/2010\\\/11\\\/diainternacional.jpg\",\"articleSection\":[\"Defici\u00eancia\",\"INCLUS\u00c3O SOCIAL\",\"Mercado de Trabalho\",\"NOT\u00cdCIAS\"],\"inLanguage\":\"pt-PT\",\"potentialAction\":[{\"@type\":\"CommentAction\",\"name\":\"Comment\",\"target\":[\"https:\\\/\\\/inclusivenews.com.br\\\/?p=18125#respond\"]}]},{\"@type\":\"WebPage\",\"@id\":\"https:\\\/\\\/inclusivenews.com.br\\\/?p=18125\",\"url\":\"https:\\\/\\\/inclusivenews.com.br\\\/?p=18125\",\"name\":\"3 de dezembro: um dia de atitudes e reflex\u00f5es -\",\"isPartOf\":{\"@id\":\"https:\\\/\\\/inclusivenews.com.br\\\/#website\"},\"primaryImageOfPage\":{\"@id\":\"https:\\\/\\\/inclusivenews.com.br\\\/?p=18125#primaryimage\"},\"image\":{\"@id\":\"https:\\\/\\\/inclusivenews.com.br\\\/?p=18125#primaryimage\"},\"thumbnailUrl\":\"http:\\\/\\\/inclusivenews.com.br\\\/wp-content\\\/uploads\\\/2010\\\/11\\\/diainternacional.jpg\",\"datePublished\":\"2010-12-09T10:02:49+00:00\",\"breadcrumb\":{\"@id\":\"https:\\\/\\\/inclusivenews.com.br\\\/?p=18125#breadcrumb\"},\"inLanguage\":\"pt-PT\",\"potentialAction\":[{\"@type\":\"ReadAction\",\"target\":[\"https:\\\/\\\/inclusivenews.com.br\\\/?p=18125\"]}]},{\"@type\":\"ImageObject\",\"inLanguage\":\"pt-PT\",\"@id\":\"https:\\\/\\\/inclusivenews.com.br\\\/?p=18125#primaryimage\",\"url\":\"\",\"contentUrl\":\"\"},{\"@type\":\"BreadcrumbList\",\"@id\":\"https:\\\/\\\/inclusivenews.com.br\\\/?p=18125#breadcrumb\",\"itemListElement\":[{\"@type\":\"ListItem\",\"position\":1,\"name\":\"In\u00edcio\",\"item\":\"https:\\\/\\\/inclusivenews.com.br\\\/\"},{\"@type\":\"ListItem\",\"position\":2,\"name\":\"3 de dezembro: um dia de atitudes e reflex\u00f5es\"}]},{\"@type\":\"WebSite\",\"@id\":\"https:\\\/\\\/inclusivenews.com.br\\\/#website\",\"url\":\"https:\\\/\\\/inclusivenews.com.br\\\/\",\"name\":\"Inclusive News\",\"description\":\"Inclusive News\",\"publisher\":{\"@id\":\"https:\\\/\\\/inclusivenews.com.br\\\/#organization\"},\"potentialAction\":[{\"@type\":\"SearchAction\",\"target\":{\"@type\":\"EntryPoint\",\"urlTemplate\":\"https:\\\/\\\/inclusivenews.com.br\\\/?s={search_term_string}\"},\"query-input\":{\"@type\":\"PropertyValueSpecification\",\"valueRequired\":true,\"valueName\":\"search_term_string\"}}],\"inLanguage\":\"pt-PT\"},{\"@type\":\"Organization\",\"@id\":\"https:\\\/\\\/inclusivenews.com.br\\\/#organization\",\"name\":\"Inclusive - inclus\u00e3o e cidadania\",\"url\":\"https:\\\/\\\/inclusivenews.com.br\\\/\",\"logo\":{\"@type\":\"ImageObject\",\"inLanguage\":\"pt-PT\",\"@id\":\"https:\\\/\\\/inclusivenews.com.br\\\/#\\\/schema\\\/logo\\\/image\\\/\",\"url\":\"https:\\\/\\\/inclusivenews.com.br\\\/wp-content\\\/uploads\\\/2024\\\/03\\\/@grandesite.png\",\"contentUrl\":\"https:\\\/\\\/inclusivenews.com.br\\\/wp-content\\\/uploads\\\/2024\\\/03\\\/@grandesite.png\",\"width\":1080,\"height\":1080,\"caption\":\"Inclusive - inclus\u00e3o e cidadania\"},\"image\":{\"@id\":\"https:\\\/\\\/inclusivenews.com.br\\\/#\\\/schema\\\/logo\\\/image\\\/\"},\"sameAs\":[\"https:\\\/\\\/www.facebook.com\\\/agenciainclusive\\\/\",\"https:\\\/\\\/www.instagram.com\\\/newsinclusive\\\/\"]},{\"@type\":\"Person\",\"@id\":\"https:\\\/\\\/inclusivenews.com.br\\\/#\\\/schema\\\/person\\\/ae4ec7087559b8692fb33b6fffd2273b\",\"name\":\"inclusivenews2024\",\"image\":{\"@type\":\"ImageObject\",\"inLanguage\":\"pt-PT\",\"@id\":\"https:\\\/\\\/secure.gravatar.com\\\/avatar\\\/c5a7ef84c66fa914f55bc4f7ce26cfa275a3b9a1c5568b907bd184fb4dde7b40?s=96&d=mm&r=g\",\"url\":\"https:\\\/\\\/secure.gravatar.com\\\/avatar\\\/c5a7ef84c66fa914f55bc4f7ce26cfa275a3b9a1c5568b907bd184fb4dde7b40?s=96&d=mm&r=g\",\"contentUrl\":\"https:\\\/\\\/secure.gravatar.com\\\/avatar\\\/c5a7ef84c66fa914f55bc4f7ce26cfa275a3b9a1c5568b907bd184fb4dde7b40?s=96&d=mm&r=g\",\"caption\":\"inclusivenews2024\"},\"sameAs\":[\"https:\\\/\\\/inclusivenews.com.br\"],\"url\":\"https:\\\/\\\/inclusivenews.com.br\\\/?author=1\"}]}<\/script>\n<!-- \/ Yoast SEO plugin. -->","yoast_head_json":{"title":"3 de dezembro: um dia de atitudes e reflex\u00f5es -","robots":{"index":"index","follow":"follow","max-snippet":"max-snippet:-1","max-image-preview":"max-image-preview:large","max-video-preview":"max-video-preview:-1"},"canonical":"https:\/\/inclusivenews.com.br\/?p=18125","og_locale":"pt_PT","og_type":"article","og_title":"3 de dezembro: um dia de atitudes e reflex\u00f5es -","og_description":"O dif\u00edcil \u00e9 reconhecer que cada cidad\u00e3o pode transformar esta realidade agora, mudando suas pr\u00f3prias atitudes, buscando informa\u00e7\u00f5es que derrubem mitos e enfrentem o preconceito cultural sobre a defici\u00eancia, ainda t\u00e3o presente em todas as classes sociais. Do Espa\u00e7o da Cidadania.","og_url":"https:\/\/inclusivenews.com.br\/?p=18125","article_publisher":"https:\/\/www.facebook.com\/agenciainclusive\/","article_published_time":"2010-12-09T10:02:49+00:00","og_image":[{"url":"http:\/\/inclusivenews.com.br\/wp-content\/uploads\/2010\/11\/diainternacional.jpg","type":"","width":"","height":""}],"author":"inclusivenews2024","twitter_card":"summary_large_image","twitter_misc":{"Escrito por":"inclusivenews2024","Tempo estimado de leitura":"3 minutos"},"schema":{"@context":"https:\/\/schema.org","@graph":[{"@type":"Article","@id":"https:\/\/inclusivenews.com.br\/?p=18125#article","isPartOf":{"@id":"https:\/\/inclusivenews.com.br\/?p=18125"},"author":{"name":"inclusivenews2024","@id":"https:\/\/inclusivenews.com.br\/#\/schema\/person\/ae4ec7087559b8692fb33b6fffd2273b"},"headline":"3 de dezembro: um dia de atitudes e reflex\u00f5es","datePublished":"2010-12-09T10:02:49+00:00","mainEntityOfPage":{"@id":"https:\/\/inclusivenews.com.br\/?p=18125"},"wordCount":638,"commentCount":0,"publisher":{"@id":"https:\/\/inclusivenews.com.br\/#organization"},"image":{"@id":"https:\/\/inclusivenews.com.br\/?p=18125#primaryimage"},"thumbnailUrl":"http:\/\/inclusivenews.com.br\/wp-content\/uploads\/2010\/11\/diainternacional.jpg","articleSection":["Defici\u00eancia","INCLUS\u00c3O SOCIAL","Mercado de Trabalho","NOT\u00cdCIAS"],"inLanguage":"pt-PT","potentialAction":[{"@type":"CommentAction","name":"Comment","target":["https:\/\/inclusivenews.com.br\/?p=18125#respond"]}]},{"@type":"WebPage","@id":"https:\/\/inclusivenews.com.br\/?p=18125","url":"https:\/\/inclusivenews.com.br\/?p=18125","name":"3 de dezembro: um dia de atitudes e reflex\u00f5es -","isPartOf":{"@id":"https:\/\/inclusivenews.com.br\/#website"},"primaryImageOfPage":{"@id":"https:\/\/inclusivenews.com.br\/?p=18125#primaryimage"},"image":{"@id":"https:\/\/inclusivenews.com.br\/?p=18125#primaryimage"},"thumbnailUrl":"http:\/\/inclusivenews.com.br\/wp-content\/uploads\/2010\/11\/diainternacional.jpg","datePublished":"2010-12-09T10:02:49+00:00","breadcrumb":{"@id":"https:\/\/inclusivenews.com.br\/?p=18125#breadcrumb"},"inLanguage":"pt-PT","potentialAction":[{"@type":"ReadAction","target":["https:\/\/inclusivenews.com.br\/?p=18125"]}]},{"@type":"ImageObject","inLanguage":"pt-PT","@id":"https:\/\/inclusivenews.com.br\/?p=18125#primaryimage","url":"","contentUrl":""},{"@type":"BreadcrumbList","@id":"https:\/\/inclusivenews.com.br\/?p=18125#breadcrumb","itemListElement":[{"@type":"ListItem","position":1,"name":"In\u00edcio","item":"https:\/\/inclusivenews.com.br\/"},{"@type":"ListItem","position":2,"name":"3 de dezembro: um dia de atitudes e reflex\u00f5es"}]},{"@type":"WebSite","@id":"https:\/\/inclusivenews.com.br\/#website","url":"https:\/\/inclusivenews.com.br\/","name":"Inclusive News","description":"Inclusive News","publisher":{"@id":"https:\/\/inclusivenews.com.br\/#organization"},"potentialAction":[{"@type":"SearchAction","target":{"@type":"EntryPoint","urlTemplate":"https:\/\/inclusivenews.com.br\/?s={search_term_string}"},"query-input":{"@type":"PropertyValueSpecification","valueRequired":true,"valueName":"search_term_string"}}],"inLanguage":"pt-PT"},{"@type":"Organization","@id":"https:\/\/inclusivenews.com.br\/#organization","name":"Inclusive - inclus\u00e3o e cidadania","url":"https:\/\/inclusivenews.com.br\/","logo":{"@type":"ImageObject","inLanguage":"pt-PT","@id":"https:\/\/inclusivenews.com.br\/#\/schema\/logo\/image\/","url":"https:\/\/inclusivenews.com.br\/wp-content\/uploads\/2024\/03\/@grandesite.png","contentUrl":"https:\/\/inclusivenews.com.br\/wp-content\/uploads\/2024\/03\/@grandesite.png","width":1080,"height":1080,"caption":"Inclusive - inclus\u00e3o e cidadania"},"image":{"@id":"https:\/\/inclusivenews.com.br\/#\/schema\/logo\/image\/"},"sameAs":["https:\/\/www.facebook.com\/agenciainclusive\/","https:\/\/www.instagram.com\/newsinclusive\/"]},{"@type":"Person","@id":"https:\/\/inclusivenews.com.br\/#\/schema\/person\/ae4ec7087559b8692fb33b6fffd2273b","name":"inclusivenews2024","image":{"@type":"ImageObject","inLanguage":"pt-PT","@id":"https:\/\/secure.gravatar.com\/avatar\/c5a7ef84c66fa914f55bc4f7ce26cfa275a3b9a1c5568b907bd184fb4dde7b40?s=96&d=mm&r=g","url":"https:\/\/secure.gravatar.com\/avatar\/c5a7ef84c66fa914f55bc4f7ce26cfa275a3b9a1c5568b907bd184fb4dde7b40?s=96&d=mm&r=g","contentUrl":"https:\/\/secure.gravatar.com\/avatar\/c5a7ef84c66fa914f55bc4f7ce26cfa275a3b9a1c5568b907bd184fb4dde7b40?s=96&d=mm&r=g","caption":"inclusivenews2024"},"sameAs":["https:\/\/inclusivenews.com.br"],"url":"https:\/\/inclusivenews.com.br\/?author=1"}]}},"_links":{"self":[{"href":"https:\/\/inclusivenews.com.br\/index.php?rest_route=\/wp\/v2\/posts\/18125","targetHints":{"allow":["GET"]}}],"collection":[{"href":"https:\/\/inclusivenews.com.br\/index.php?rest_route=\/wp\/v2\/posts"}],"about":[{"href":"https:\/\/inclusivenews.com.br\/index.php?rest_route=\/wp\/v2\/types\/post"}],"author":[{"embeddable":true,"href":"https:\/\/inclusivenews.com.br\/index.php?rest_route=\/wp\/v2\/users\/1"}],"replies":[{"embeddable":true,"href":"https:\/\/inclusivenews.com.br\/index.php?rest_route=%2Fwp%2Fv2%2Fcomments&post=18125"}],"version-history":[{"count":0,"href":"https:\/\/inclusivenews.com.br\/index.php?rest_route=\/wp\/v2\/posts\/18125\/revisions"}],"wp:attachment":[{"href":"https:\/\/inclusivenews.com.br\/index.php?rest_route=%2Fwp%2Fv2%2Fmedia&parent=18125"}],"wp:term":[{"taxonomy":"category","embeddable":true,"href":"https:\/\/inclusivenews.com.br\/index.php?rest_route=%2Fwp%2Fv2%2Fcategories&post=18125"},{"taxonomy":"post_tag","embeddable":true,"href":"https:\/\/inclusivenews.com.br\/index.php?rest_route=%2Fwp%2Fv2%2Ftags&post=18125"}],"curies":[{"name":"wp","href":"https:\/\/api.w.org\/{rel}","templated":true}]}}