{"id":18126,"date":"2010-12-09T06:56:46","date_gmt":"2010-12-09T09:56:46","guid":{"rendered":"http:\/\/www.inclusive.org.br\/?p=18126"},"modified":"2010-12-09T06:56:46","modified_gmt":"2010-12-09T09:56:46","slug":"iii-forum-de-direitos-humanos-do-rio-grande-do-sul-08-0912","status":"publish","type":"post","link":"https:\/\/inclusivenews.com.br\/?p=18126","title":{"rendered":"III F\u00f3rum de Direitos Humanos do Rio Grande do Sul (08-09\/12)"},"content":{"rendered":"<figure style=\"width: 180px\" class=\"wp-caption alignleft\"><img loading=\"lazy\" decoding=\"async\" title=\"Contorno de pomba com flor no bico em fundo azul\" src=\"http:\/\/www.ufrgs.br\/faced\/direitoshumanos\/imagens\/pomba_fundo_azul.gif\" alt=\"Contorno de pomba com flor no bico em fundo azul\" width=\"180\" height=\"162\" \/><figcaption class=\"wp-caption-text\"> <\/figcaption><\/figure>\n<p>NOVOS PARADIGMAS EM DIREITOS HUMANOS<\/p>\n<p><strong>Dias 08 e 09\/12\/2010<\/strong><br \/>\nFaculdade de Educa\u00e7\u00e3o da UFRGS<br \/>\nentrada franca<\/p>\n<p><strong>Programa\u00e7\u00e3o<\/strong><a href=\"http:\/\/www.ufrgs.br\/faced\/direitoshumanos\/prog_III_forum.html\">:\u00a0http:\/\/www.ufrgs.br\/faced\/direitoshumanos\/prog_III_forum.html<\/a><\/p>\n<p><strong>Realiza\u00e7\u00e3o:<\/strong> Liga dos Direitos Humanos   Projeto Itinerante de Direitos Humanos<\/p>\n<p>PPGEDU  FACED UFRGS<\/p>\n<p><strong>Apoio:<\/strong> AMP\/RS IDHES  Itinerante Produ\u00e7\u00f5es Xadrez<\/p>\n<p><strong>Informa\u00e7\u00f5es:<\/strong> ligadireitoshumanos@ufrgs.br<\/p>\n<p>www.ufrgs.br\/faced\/direitoshumanos<\/p>\n<p>fones (51) 3308.3496 9375.8400<\/p>\n","protected":false},"excerpt":{"rendered":"<p>Realiza\u00e7\u00e3o da Liga dos Direitos Humanos, Projeto Itinerante de Direitos Humanos. O F\u00f3rum acontece em Porto Alegre, entre 08 e 09 de dezembro.<\/p>\n","protected":false},"author":1,"featured_media":0,"comment_status":"open","ping_status":"open","sticky":false,"template":"","format":"standard","meta":{"site-container-style":"default","site-container-layout":"default","site-sidebar-layout":"default","disable-article-header":"default","disable-site-header":"default","disable-site-footer":"default","disable-content-area-spacing":"default","footnotes":""},"categories":[12,11,4],"tags":[],"class_list":["post-18126","post","type-post","status-publish","format-standard","hentry","category-cursos-e-eventos","category-direitos-humanos","category-noticias"],"yoast_head":"<!-- This site is optimized with the Yoast SEO plugin v27.4 - https:\/\/yoast.com\/product\/yoast-seo-wordpress\/ -->\n<title>III F\u00f3rum de Direitos Humanos do Rio Grande do Sul (08-09\/12) -<\/title>\n<meta name=\"robots\" content=\"index, follow, max-snippet:-1, max-image-preview:large, max-video-preview:-1\" \/>\n<link rel=\"canonical\" href=\"https:\/\/inclusivenews.com.br\/?p=18126\" \/>\n<meta property=\"og:locale\" content=\"pt_PT\" \/>\n<meta property=\"og:type\" content=\"article\" \/>\n<meta property=\"og:title\" content=\"III F\u00f3rum de Direitos Humanos do Rio Grande do Sul (08-09\/12) -\" \/>\n<meta property=\"og:description\" content=\"Realiza\u00e7\u00e3o da Liga dos Direitos Humanos, Projeto Itinerante de Direitos Humanos. O F\u00f3rum acontece em Porto Alegre, entre 08 e 09 de dezembro.\" \/>\n<meta property=\"og:url\" content=\"https:\/\/inclusivenews.com.br\/?p=18126\" \/>\n<meta property=\"article:publisher\" content=\"https:\/\/www.facebook.com\/agenciainclusive\/\" \/>\n<meta property=\"article:published_time\" content=\"2010-12-09T09:56:46+00:00\" \/>\n<meta property=\"og:image\" content=\"http:\/\/www.ufrgs.br\/faced\/direitoshumanos\/imagens\/pomba_fundo_azul.gif\" \/>\n<meta name=\"author\" content=\"inclusivenews2024\" \/>\n<meta name=\"twitter:card\" content=\"summary_large_image\" \/>\n<meta name=\"twitter:label1\" content=\"Escrito por\" \/>\n\t<meta name=\"twitter:data1\" content=\"inclusivenews2024\" \/>\n<script type=\"application\/ld+json\" class=\"yoast-schema-graph\">{\"@context\":\"https:\\\/\\\/schema.org\",\"@graph\":[{\"@type\":\"Article\",\"@id\":\"https:\\\/\\\/inclusivenews.com.br\\\/?p=18126#article\",\"isPartOf\":{\"@id\":\"https:\\\/\\\/inclusivenews.com.br\\\/?p=18126\"},\"author\":{\"name\":\"inclusivenews2024\",\"@id\":\"https:\\\/\\\/inclusivenews.com.br\\\/#\\\/schema\\\/person\\\/ae4ec7087559b8692fb33b6fffd2273b\"},\"headline\":\"III F\u00f3rum de Direitos Humanos do Rio Grande do Sul (08-09\\\/12)\",\"datePublished\":\"2010-12-09T09:56:46+00:00\",\"mainEntityOfPage\":{\"@id\":\"https:\\\/\\\/inclusivenews.com.br\\\/?p=18126\"},\"wordCount\":79,\"commentCount\":0,\"publisher\":{\"@id\":\"https:\\\/\\\/inclusivenews.com.br\\\/#organization\"},\"image\":{\"@id\":\"https:\\\/\\\/inclusivenews.com.br\\\/?p=18126#primaryimage\"},\"thumbnailUrl\":\"http:\\\/\\\/www.ufrgs.br\\\/faced\\\/direitoshumanos\\\/imagens\\\/pomba_fundo_azul.gif\",\"articleSection\":[\"Cursos e eventos\",\"DIREITOS HUMANOS\",\"NOT\u00cdCIAS\"],\"inLanguage\":\"pt-PT\",\"potentialAction\":[{\"@type\":\"CommentAction\",\"name\":\"Comment\",\"target\":[\"https:\\\/\\\/inclusivenews.com.br\\\/?p=18126#respond\"]}]},{\"@type\":\"WebPage\",\"@id\":\"https:\\\/\\\/inclusivenews.com.br\\\/?p=18126\",\"url\":\"https:\\\/\\\/inclusivenews.com.br\\\/?p=18126\",\"name\":\"III F\u00f3rum de Direitos Humanos do Rio Grande do Sul (08-09\\\/12) -\",\"isPartOf\":{\"@id\":\"https:\\\/\\\/inclusivenews.com.br\\\/#website\"},\"primaryImageOfPage\":{\"@id\":\"https:\\\/\\\/inclusivenews.com.br\\\/?p=18126#primaryimage\"},\"image\":{\"@id\":\"https:\\\/\\\/inclusivenews.com.br\\\/?p=18126#primaryimage\"},\"thumbnailUrl\":\"http:\\\/\\\/www.ufrgs.br\\\/faced\\\/direitoshumanos\\\/imagens\\\/pomba_fundo_azul.gif\",\"datePublished\":\"2010-12-09T09:56:46+00:00\",\"breadcrumb\":{\"@id\":\"https:\\\/\\\/inclusivenews.com.br\\\/?p=18126#breadcrumb\"},\"inLanguage\":\"pt-PT\",\"potentialAction\":[{\"@type\":\"ReadAction\",\"target\":[\"https:\\\/\\\/inclusivenews.com.br\\\/?p=18126\"]}]},{\"@type\":\"ImageObject\",\"inLanguage\":\"pt-PT\",\"@id\":\"https:\\\/\\\/inclusivenews.com.br\\\/?p=18126#primaryimage\",\"url\":\"http:\\\/\\\/www.ufrgs.br\\\/faced\\\/direitoshumanos\\\/imagens\\\/pomba_fundo_azul.gif\",\"contentUrl\":\"http:\\\/\\\/www.ufrgs.br\\\/faced\\\/direitoshumanos\\\/imagens\\\/pomba_fundo_azul.gif\"},{\"@type\":\"BreadcrumbList\",\"@id\":\"https:\\\/\\\/inclusivenews.com.br\\\/?p=18126#breadcrumb\",\"itemListElement\":[{\"@type\":\"ListItem\",\"position\":1,\"name\":\"In\u00edcio\",\"item\":\"https:\\\/\\\/inclusivenews.com.br\\\/\"},{\"@type\":\"ListItem\",\"position\":2,\"name\":\"III F\u00f3rum de Direitos Humanos do Rio Grande do Sul (08-09\\\/12)\"}]},{\"@type\":\"WebSite\",\"@id\":\"https:\\\/\\\/inclusivenews.com.br\\\/#website\",\"url\":\"https:\\\/\\\/inclusivenews.com.br\\\/\",\"name\":\"Inclusive News\",\"description\":\"Inclusive News\",\"publisher\":{\"@id\":\"https:\\\/\\\/inclusivenews.com.br\\\/#organization\"},\"potentialAction\":[{\"@type\":\"SearchAction\",\"target\":{\"@type\":\"EntryPoint\",\"urlTemplate\":\"https:\\\/\\\/inclusivenews.com.br\\\/?s={search_term_string}\"},\"query-input\":{\"@type\":\"PropertyValueSpecification\",\"valueRequired\":true,\"valueName\":\"search_term_string\"}}],\"inLanguage\":\"pt-PT\"},{\"@type\":\"Organization\",\"@id\":\"https:\\\/\\\/inclusivenews.com.br\\\/#organization\",\"name\":\"Inclusive - inclus\u00e3o e cidadania\",\"url\":\"https:\\\/\\\/inclusivenews.com.br\\\/\",\"logo\":{\"@type\":\"ImageObject\",\"inLanguage\":\"pt-PT\",\"@id\":\"https:\\\/\\\/inclusivenews.com.br\\\/#\\\/schema\\\/logo\\\/image\\\/\",\"url\":\"https:\\\/\\\/inclusivenews.com.br\\\/wp-content\\\/uploads\\\/2024\\\/03\\\/@grandesite.png\",\"contentUrl\":\"https:\\\/\\\/inclusivenews.com.br\\\/wp-content\\\/uploads\\\/2024\\\/03\\\/@grandesite.png\",\"width\":1080,\"height\":1080,\"caption\":\"Inclusive - inclus\u00e3o e cidadania\"},\"image\":{\"@id\":\"https:\\\/\\\/inclusivenews.com.br\\\/#\\\/schema\\\/logo\\\/image\\\/\"},\"sameAs\":[\"https:\\\/\\\/www.facebook.com\\\/agenciainclusive\\\/\",\"https:\\\/\\\/www.instagram.com\\\/newsinclusive\\\/\"]},{\"@type\":\"Person\",\"@id\":\"https:\\\/\\\/inclusivenews.com.br\\\/#\\\/schema\\\/person\\\/ae4ec7087559b8692fb33b6fffd2273b\",\"name\":\"inclusivenews2024\",\"image\":{\"@type\":\"ImageObject\",\"inLanguage\":\"pt-PT\",\"@id\":\"https:\\\/\\\/secure.gravatar.com\\\/avatar\\\/c5a7ef84c66fa914f55bc4f7ce26cfa275a3b9a1c5568b907bd184fb4dde7b40?s=96&d=mm&r=g\",\"url\":\"https:\\\/\\\/secure.gravatar.com\\\/avatar\\\/c5a7ef84c66fa914f55bc4f7ce26cfa275a3b9a1c5568b907bd184fb4dde7b40?s=96&d=mm&r=g\",\"contentUrl\":\"https:\\\/\\\/secure.gravatar.com\\\/avatar\\\/c5a7ef84c66fa914f55bc4f7ce26cfa275a3b9a1c5568b907bd184fb4dde7b40?s=96&d=mm&r=g\",\"caption\":\"inclusivenews2024\"},\"sameAs\":[\"https:\\\/\\\/inclusivenews.com.br\"],\"url\":\"https:\\\/\\\/inclusivenews.com.br\\\/?author=1\"}]}<\/script>\n<!-- \/ Yoast SEO plugin. -->","yoast_head_json":{"title":"III F\u00f3rum de Direitos Humanos do Rio Grande do Sul (08-09\/12) -","robots":{"index":"index","follow":"follow","max-snippet":"max-snippet:-1","max-image-preview":"max-image-preview:large","max-video-preview":"max-video-preview:-1"},"canonical":"https:\/\/inclusivenews.com.br\/?p=18126","og_locale":"pt_PT","og_type":"article","og_title":"III F\u00f3rum de Direitos Humanos do Rio Grande do Sul (08-09\/12) -","og_description":"Realiza\u00e7\u00e3o da Liga dos Direitos Humanos, Projeto Itinerante de Direitos Humanos. O F\u00f3rum acontece em Porto Alegre, entre 08 e 09 de dezembro.","og_url":"https:\/\/inclusivenews.com.br\/?p=18126","article_publisher":"https:\/\/www.facebook.com\/agenciainclusive\/","article_published_time":"2010-12-09T09:56:46+00:00","og_image":[{"url":"http:\/\/www.ufrgs.br\/faced\/direitoshumanos\/imagens\/pomba_fundo_azul.gif","type":"","width":"","height":""}],"author":"inclusivenews2024","twitter_card":"summary_large_image","twitter_misc":{"Escrito por":"inclusivenews2024"},"schema":{"@context":"https:\/\/schema.org","@graph":[{"@type":"Article","@id":"https:\/\/inclusivenews.com.br\/?p=18126#article","isPartOf":{"@id":"https:\/\/inclusivenews.com.br\/?p=18126"},"author":{"name":"inclusivenews2024","@id":"https:\/\/inclusivenews.com.br\/#\/schema\/person\/ae4ec7087559b8692fb33b6fffd2273b"},"headline":"III F\u00f3rum de Direitos Humanos do Rio Grande do Sul (08-09\/12)","datePublished":"2010-12-09T09:56:46+00:00","mainEntityOfPage":{"@id":"https:\/\/inclusivenews.com.br\/?p=18126"},"wordCount":79,"commentCount":0,"publisher":{"@id":"https:\/\/inclusivenews.com.br\/#organization"},"image":{"@id":"https:\/\/inclusivenews.com.br\/?p=18126#primaryimage"},"thumbnailUrl":"http:\/\/www.ufrgs.br\/faced\/direitoshumanos\/imagens\/pomba_fundo_azul.gif","articleSection":["Cursos e eventos","DIREITOS HUMANOS","NOT\u00cdCIAS"],"inLanguage":"pt-PT","potentialAction":[{"@type":"CommentAction","name":"Comment","target":["https:\/\/inclusivenews.com.br\/?p=18126#respond"]}]},{"@type":"WebPage","@id":"https:\/\/inclusivenews.com.br\/?p=18126","url":"https:\/\/inclusivenews.com.br\/?p=18126","name":"III F\u00f3rum de Direitos Humanos do Rio Grande do Sul (08-09\/12) -","isPartOf":{"@id":"https:\/\/inclusivenews.com.br\/#website"},"primaryImageOfPage":{"@id":"https:\/\/inclusivenews.com.br\/?p=18126#primaryimage"},"image":{"@id":"https:\/\/inclusivenews.com.br\/?p=18126#primaryimage"},"thumbnailUrl":"http:\/\/www.ufrgs.br\/faced\/direitoshumanos\/imagens\/pomba_fundo_azul.gif","datePublished":"2010-12-09T09:56:46+00:00","breadcrumb":{"@id":"https:\/\/inclusivenews.com.br\/?p=18126#breadcrumb"},"inLanguage":"pt-PT","potentialAction":[{"@type":"ReadAction","target":["https:\/\/inclusivenews.com.br\/?p=18126"]}]},{"@type":"ImageObject","inLanguage":"pt-PT","@id":"https:\/\/inclusivenews.com.br\/?p=18126#primaryimage","url":"http:\/\/www.ufrgs.br\/faced\/direitoshumanos\/imagens\/pomba_fundo_azul.gif","contentUrl":"http:\/\/www.ufrgs.br\/faced\/direitoshumanos\/imagens\/pomba_fundo_azul.gif"},{"@type":"BreadcrumbList","@id":"https:\/\/inclusivenews.com.br\/?p=18126#breadcrumb","itemListElement":[{"@type":"ListItem","position":1,"name":"In\u00edcio","item":"https:\/\/inclusivenews.com.br\/"},{"@type":"ListItem","position":2,"name":"III F\u00f3rum de Direitos Humanos do Rio Grande do Sul (08-09\/12)"}]},{"@type":"WebSite","@id":"https:\/\/inclusivenews.com.br\/#website","url":"https:\/\/inclusivenews.com.br\/","name":"Inclusive News","description":"Inclusive News","publisher":{"@id":"https:\/\/inclusivenews.com.br\/#organization"},"potentialAction":[{"@type":"SearchAction","target":{"@type":"EntryPoint","urlTemplate":"https:\/\/inclusivenews.com.br\/?s={search_term_string}"},"query-input":{"@type":"PropertyValueSpecification","valueRequired":true,"valueName":"search_term_string"}}],"inLanguage":"pt-PT"},{"@type":"Organization","@id":"https:\/\/inclusivenews.com.br\/#organization","name":"Inclusive - inclus\u00e3o e cidadania","url":"https:\/\/inclusivenews.com.br\/","logo":{"@type":"ImageObject","inLanguage":"pt-PT","@id":"https:\/\/inclusivenews.com.br\/#\/schema\/logo\/image\/","url":"https:\/\/inclusivenews.com.br\/wp-content\/uploads\/2024\/03\/@grandesite.png","contentUrl":"https:\/\/inclusivenews.com.br\/wp-content\/uploads\/2024\/03\/@grandesite.png","width":1080,"height":1080,"caption":"Inclusive - inclus\u00e3o e cidadania"},"image":{"@id":"https:\/\/inclusivenews.com.br\/#\/schema\/logo\/image\/"},"sameAs":["https:\/\/www.facebook.com\/agenciainclusive\/","https:\/\/www.instagram.com\/newsinclusive\/"]},{"@type":"Person","@id":"https:\/\/inclusivenews.com.br\/#\/schema\/person\/ae4ec7087559b8692fb33b6fffd2273b","name":"inclusivenews2024","image":{"@type":"ImageObject","inLanguage":"pt-PT","@id":"https:\/\/secure.gravatar.com\/avatar\/c5a7ef84c66fa914f55bc4f7ce26cfa275a3b9a1c5568b907bd184fb4dde7b40?s=96&d=mm&r=g","url":"https:\/\/secure.gravatar.com\/avatar\/c5a7ef84c66fa914f55bc4f7ce26cfa275a3b9a1c5568b907bd184fb4dde7b40?s=96&d=mm&r=g","contentUrl":"https:\/\/secure.gravatar.com\/avatar\/c5a7ef84c66fa914f55bc4f7ce26cfa275a3b9a1c5568b907bd184fb4dde7b40?s=96&d=mm&r=g","caption":"inclusivenews2024"},"sameAs":["https:\/\/inclusivenews.com.br"],"url":"https:\/\/inclusivenews.com.br\/?author=1"}]}},"_links":{"self":[{"href":"https:\/\/inclusivenews.com.br\/index.php?rest_route=\/wp\/v2\/posts\/18126","targetHints":{"allow":["GET"]}}],"collection":[{"href":"https:\/\/inclusivenews.com.br\/index.php?rest_route=\/wp\/v2\/posts"}],"about":[{"href":"https:\/\/inclusivenews.com.br\/index.php?rest_route=\/wp\/v2\/types\/post"}],"author":[{"embeddable":true,"href":"https:\/\/inclusivenews.com.br\/index.php?rest_route=\/wp\/v2\/users\/1"}],"replies":[{"embeddable":true,"href":"https:\/\/inclusivenews.com.br\/index.php?rest_route=%2Fwp%2Fv2%2Fcomments&post=18126"}],"version-history":[{"count":0,"href":"https:\/\/inclusivenews.com.br\/index.php?rest_route=\/wp\/v2\/posts\/18126\/revisions"}],"wp:attachment":[{"href":"https:\/\/inclusivenews.com.br\/index.php?rest_route=%2Fwp%2Fv2%2Fmedia&parent=18126"}],"wp:term":[{"taxonomy":"category","embeddable":true,"href":"https:\/\/inclusivenews.com.br\/index.php?rest_route=%2Fwp%2Fv2%2Fcategories&post=18126"},{"taxonomy":"post_tag","embeddable":true,"href":"https:\/\/inclusivenews.com.br\/index.php?rest_route=%2Fwp%2Fv2%2Ftags&post=18126"}],"curies":[{"name":"wp","href":"https:\/\/api.w.org\/{rel}","templated":true}]}}