{"id":18127,"date":"2010-12-09T07:10:18","date_gmt":"2010-12-09T10:10:18","guid":{"rendered":"http:\/\/www.inclusive.org.br\/?p=18127"},"modified":"2010-12-09T07:10:18","modified_gmt":"2010-12-09T10:10:18","slug":"projeto-novos-paradigmas-lanca-livro-com-experiencias-de-desenvolvimento-local","status":"publish","type":"post","link":"https:\/\/inclusivenews.com.br\/?p=18127","title":{"rendered":"Projeto Novos Paradigmas lan\u00e7a livro com experi\u00eancias de desenvolvimento local"},"content":{"rendered":"<figure style=\"width: 192px\" class=\"wp-caption alignleft\"><img loading=\"lazy\" decoding=\"async\" title=\"Capa da publica\u00e7\u00e3o, um carrinho de supermercado sobre o outro\" src=\"http:\/\/www.polis.org.br\/utilitarios\/editor2.0\/UserFiles\/Image\/Novos%20paradigmas%20capa400.jpg\" alt=\"Capa da publica\u00e7\u00e3o, um carrinho de supermercado sobre o outro\" width=\"192\" height=\"272\" \/><figcaption class=\"wp-caption-text\"> <\/figcaption><\/figure>\n<p>Uma colet\u00e2nea de onze experi\u00eancias de \u201cNovos Paradigmas de Produ\u00e7\u00e3o e Consumo\u201d, projeto coordenado pelo P\u00f3lis, ser\u00e1 lan\u00e7ada hoje durante o evento da 9\u00aa Expo Brasil Desenvolvimento Local, que acontece no Rio de Janeiro de 1 a 3 de dezembro. <a href=\"http:\/\/www.4shared.com\/document\/7f6PupLU\/Livro_Novos_Paradigmas_Final.html\">A vers\u00e3o digital do livro est\u00e1 dispon\u00edvel para download aqui.<\/a><\/p>\n<p>O Instituto P\u00f3lis, parceiro do encontro, participar\u00e1 de tr\u00eas mesas para discutir o tema dos novos paradigmas de desenvolvimento. A programa\u00e7\u00e3o completa do evento pode ser consultada na p\u00e1gina  do evento.<\/p>\n<p>Para o economista do P\u00f3lis e coordenador da pesquisa, Leandro Morais, a an\u00e1lise das experi\u00eancias consolidou uma forma inovadora de olhar o desenvolvimento local que incorpora os circuitos curtos de produ\u00e7\u00e3o e consumo como ferramenta anal\u00edtica para fen\u00f4menos reais que v\u00eam ocorrendo no espa\u00e7o e contexto das experi\u00eancias analisadas pela pesquisa. \u201cA no\u00e7\u00e3o de circuitos curtos n\u00e3o se refere apenas ao encurtamento das dist\u00e2ncias f\u00edsicas, mas tamb\u00e9m a processos de desintermedia\u00e7\u00e3o financeira e comercial, eliminando atravessadores, de promo\u00e7\u00e3o da utiliza\u00e7\u00e3o de m\u00e3o de obra local e de constru\u00e7\u00e3o de tecnologias sociais para fixar a popula\u00e7\u00e3o no territ\u00f3rio\u201d, afirma.<\/p>\n<p>Esta ferramenta de an\u00e1lise ser\u00e1 o ponto de partida das discuss\u00f5es realizadas no encontro e que devem resultar na elabora\u00e7\u00e3o e publica\u00e7\u00e3o de uma Plataforma de Politicas P\u00fablicas. Diversos temas ser\u00e3o estruturantes para a elabora\u00e7\u00e3o do documento: financiamento e marcos regulat\u00f3rios e jur\u00eddicos, o fomento \u00e0s redes de colabora\u00e7\u00e3o, ao consumo sustent\u00e1vel e ao com\u00e9rcio justo e solid\u00e1rio entre outros.<\/p>\n<p>A pesquisa conta com o financiamento da Oxfam Novib, ag\u00eancia de coopera\u00e7\u00e3o internacional holandesa, al\u00e9m do apoio de parceiros institucionais, como o Ipea (Instituto de Pesquisa Econ\u00f4mica Aplicada), a Senaes (Secretaria Nacional de Economia Solid\u00e1ria), a OIT (Organiza\u00e7\u00e3o Internacional do Trabalho) e o Sebrae (Servi\u00e7o de Apoio \u00e0s Micro e Pequenas Empresas).<\/p>\n<p>__________________<\/p>\n<p><strong>Fonte:<\/strong> <a href=\"http:\/\/www.polis.org.br\/noticias_interna.asp?codigo=1081\">Instituto \u00a0P\u00f3lis<\/a><\/p>\n","protected":false},"excerpt":{"rendered":"<p>Para o economista do P\u00f3lis e coordenador da pesquisa, Leandro Morais, a an\u00e1lise das experi\u00eancias consolidou uma forma inovadora de olhar o desenvolvimento local que incorpora os circuitos curtos de produ\u00e7\u00e3o e consumo como ferramenta anal\u00edtica para fen\u00f4menos reais que v\u00eam ocorrendo no espa\u00e7o e contexto das experi\u00eancias analisadas pela pesquisa.<\/p>\n","protected":false},"author":1,"featured_media":0,"comment_status":"open","ping_status":"open","sticky":false,"template":"","format":"standard","meta":{"site-container-style":"default","site-container-layout":"default","site-sidebar-layout":"default","disable-article-header":"default","disable-site-header":"default","disable-site-footer":"default","disable-content-area-spacing":"default","footnotes":""},"categories":[50,51,4,10],"tags":[],"class_list":["post-18127","post","type-post","status-publish","format-standard","hentry","category-lancamentos","category-livros","category-noticias","category-publicacoes"],"yoast_head":"<!-- This site is optimized with the Yoast SEO plugin v27.4 - https:\/\/yoast.com\/product\/yoast-seo-wordpress\/ -->\n<title>Projeto Novos Paradigmas lan\u00e7a livro com experi\u00eancias de desenvolvimento local -<\/title>\n<meta name=\"robots\" content=\"index, follow, max-snippet:-1, max-image-preview:large, max-video-preview:-1\" \/>\n<link rel=\"canonical\" href=\"https:\/\/inclusivenews.com.br\/?p=18127\" \/>\n<meta property=\"og:locale\" content=\"pt_PT\" \/>\n<meta property=\"og:type\" content=\"article\" \/>\n<meta property=\"og:title\" content=\"Projeto Novos Paradigmas lan\u00e7a livro com experi\u00eancias de desenvolvimento local -\" \/>\n<meta property=\"og:description\" content=\"Para o economista do P\u00f3lis e coordenador da pesquisa, Leandro Morais, a an\u00e1lise das experi\u00eancias consolidou uma forma inovadora de olhar o desenvolvimento local que incorpora os circuitos curtos de produ\u00e7\u00e3o e consumo como ferramenta anal\u00edtica para fen\u00f4menos reais que v\u00eam ocorrendo no espa\u00e7o e contexto das experi\u00eancias analisadas pela pesquisa.\" \/>\n<meta property=\"og:url\" content=\"https:\/\/inclusivenews.com.br\/?p=18127\" \/>\n<meta property=\"article:publisher\" content=\"https:\/\/www.facebook.com\/agenciainclusive\/\" \/>\n<meta property=\"article:published_time\" content=\"2010-12-09T10:10:18+00:00\" \/>\n<meta property=\"og:image\" content=\"http:\/\/www.polis.org.br\/utilitarios\/editor2.0\/UserFiles\/Image\/Novos%20paradigmas%20capa400.jpg\" \/>\n<meta name=\"author\" content=\"inclusivenews2024\" \/>\n<meta name=\"twitter:card\" content=\"summary_large_image\" \/>\n<meta name=\"twitter:label1\" content=\"Escrito por\" \/>\n\t<meta name=\"twitter:data1\" content=\"inclusivenews2024\" \/>\n\t<meta name=\"twitter:label2\" content=\"Tempo estimado de leitura\" \/>\n\t<meta name=\"twitter:data2\" content=\"2 minutos\" \/>\n<script type=\"application\/ld+json\" class=\"yoast-schema-graph\">{\"@context\":\"https:\\\/\\\/schema.org\",\"@graph\":[{\"@type\":\"Article\",\"@id\":\"https:\\\/\\\/inclusivenews.com.br\\\/?p=18127#article\",\"isPartOf\":{\"@id\":\"https:\\\/\\\/inclusivenews.com.br\\\/?p=18127\"},\"author\":{\"name\":\"inclusivenews2024\",\"@id\":\"https:\\\/\\\/inclusivenews.com.br\\\/#\\\/schema\\\/person\\\/ae4ec7087559b8692fb33b6fffd2273b\"},\"headline\":\"Projeto Novos Paradigmas lan\u00e7a livro com experi\u00eancias de desenvolvimento local\",\"datePublished\":\"2010-12-09T10:10:18+00:00\",\"mainEntityOfPage\":{\"@id\":\"https:\\\/\\\/inclusivenews.com.br\\\/?p=18127\"},\"wordCount\":363,\"commentCount\":0,\"publisher\":{\"@id\":\"https:\\\/\\\/inclusivenews.com.br\\\/#organization\"},\"image\":{\"@id\":\"https:\\\/\\\/inclusivenews.com.br\\\/?p=18127#primaryimage\"},\"thumbnailUrl\":\"http:\\\/\\\/www.polis.org.br\\\/utilitarios\\\/editor2.0\\\/UserFiles\\\/Image\\\/Novos%20paradigmas%20capa400.jpg\",\"articleSection\":[\"Lan\u00e7amentos\",\"Livros\",\"NOT\u00cdCIAS\",\"PUBLICA\u00c7\u00d5ES\"],\"inLanguage\":\"pt-PT\",\"potentialAction\":[{\"@type\":\"CommentAction\",\"name\":\"Comment\",\"target\":[\"https:\\\/\\\/inclusivenews.com.br\\\/?p=18127#respond\"]}]},{\"@type\":\"WebPage\",\"@id\":\"https:\\\/\\\/inclusivenews.com.br\\\/?p=18127\",\"url\":\"https:\\\/\\\/inclusivenews.com.br\\\/?p=18127\",\"name\":\"Projeto Novos Paradigmas lan\u00e7a livro com experi\u00eancias de desenvolvimento local -\",\"isPartOf\":{\"@id\":\"https:\\\/\\\/inclusivenews.com.br\\\/#website\"},\"primaryImageOfPage\":{\"@id\":\"https:\\\/\\\/inclusivenews.com.br\\\/?p=18127#primaryimage\"},\"image\":{\"@id\":\"https:\\\/\\\/inclusivenews.com.br\\\/?p=18127#primaryimage\"},\"thumbnailUrl\":\"http:\\\/\\\/www.polis.org.br\\\/utilitarios\\\/editor2.0\\\/UserFiles\\\/Image\\\/Novos%20paradigmas%20capa400.jpg\",\"datePublished\":\"2010-12-09T10:10:18+00:00\",\"breadcrumb\":{\"@id\":\"https:\\\/\\\/inclusivenews.com.br\\\/?p=18127#breadcrumb\"},\"inLanguage\":\"pt-PT\",\"potentialAction\":[{\"@type\":\"ReadAction\",\"target\":[\"https:\\\/\\\/inclusivenews.com.br\\\/?p=18127\"]}]},{\"@type\":\"ImageObject\",\"inLanguage\":\"pt-PT\",\"@id\":\"https:\\\/\\\/inclusivenews.com.br\\\/?p=18127#primaryimage\",\"url\":\"http:\\\/\\\/www.polis.org.br\\\/utilitarios\\\/editor2.0\\\/UserFiles\\\/Image\\\/Novos%20paradigmas%20capa400.jpg\",\"contentUrl\":\"http:\\\/\\\/www.polis.org.br\\\/utilitarios\\\/editor2.0\\\/UserFiles\\\/Image\\\/Novos%20paradigmas%20capa400.jpg\"},{\"@type\":\"BreadcrumbList\",\"@id\":\"https:\\\/\\\/inclusivenews.com.br\\\/?p=18127#breadcrumb\",\"itemListElement\":[{\"@type\":\"ListItem\",\"position\":1,\"name\":\"In\u00edcio\",\"item\":\"https:\\\/\\\/inclusivenews.com.br\\\/\"},{\"@type\":\"ListItem\",\"position\":2,\"name\":\"Projeto Novos Paradigmas lan\u00e7a livro com experi\u00eancias de desenvolvimento local\"}]},{\"@type\":\"WebSite\",\"@id\":\"https:\\\/\\\/inclusivenews.com.br\\\/#website\",\"url\":\"https:\\\/\\\/inclusivenews.com.br\\\/\",\"name\":\"Inclusive News\",\"description\":\"Inclusive News\",\"publisher\":{\"@id\":\"https:\\\/\\\/inclusivenews.com.br\\\/#organization\"},\"potentialAction\":[{\"@type\":\"SearchAction\",\"target\":{\"@type\":\"EntryPoint\",\"urlTemplate\":\"https:\\\/\\\/inclusivenews.com.br\\\/?s={search_term_string}\"},\"query-input\":{\"@type\":\"PropertyValueSpecification\",\"valueRequired\":true,\"valueName\":\"search_term_string\"}}],\"inLanguage\":\"pt-PT\"},{\"@type\":\"Organization\",\"@id\":\"https:\\\/\\\/inclusivenews.com.br\\\/#organization\",\"name\":\"Inclusive - inclus\u00e3o e cidadania\",\"url\":\"https:\\\/\\\/inclusivenews.com.br\\\/\",\"logo\":{\"@type\":\"ImageObject\",\"inLanguage\":\"pt-PT\",\"@id\":\"https:\\\/\\\/inclusivenews.com.br\\\/#\\\/schema\\\/logo\\\/image\\\/\",\"url\":\"https:\\\/\\\/inclusivenews.com.br\\\/wp-content\\\/uploads\\\/2024\\\/03\\\/@grandesite.png\",\"contentUrl\":\"https:\\\/\\\/inclusivenews.com.br\\\/wp-content\\\/uploads\\\/2024\\\/03\\\/@grandesite.png\",\"width\":1080,\"height\":1080,\"caption\":\"Inclusive - inclus\u00e3o e cidadania\"},\"image\":{\"@id\":\"https:\\\/\\\/inclusivenews.com.br\\\/#\\\/schema\\\/logo\\\/image\\\/\"},\"sameAs\":[\"https:\\\/\\\/www.facebook.com\\\/agenciainclusive\\\/\",\"https:\\\/\\\/www.instagram.com\\\/newsinclusive\\\/\"]},{\"@type\":\"Person\",\"@id\":\"https:\\\/\\\/inclusivenews.com.br\\\/#\\\/schema\\\/person\\\/ae4ec7087559b8692fb33b6fffd2273b\",\"name\":\"inclusivenews2024\",\"image\":{\"@type\":\"ImageObject\",\"inLanguage\":\"pt-PT\",\"@id\":\"https:\\\/\\\/secure.gravatar.com\\\/avatar\\\/c5a7ef84c66fa914f55bc4f7ce26cfa275a3b9a1c5568b907bd184fb4dde7b40?s=96&d=mm&r=g\",\"url\":\"https:\\\/\\\/secure.gravatar.com\\\/avatar\\\/c5a7ef84c66fa914f55bc4f7ce26cfa275a3b9a1c5568b907bd184fb4dde7b40?s=96&d=mm&r=g\",\"contentUrl\":\"https:\\\/\\\/secure.gravatar.com\\\/avatar\\\/c5a7ef84c66fa914f55bc4f7ce26cfa275a3b9a1c5568b907bd184fb4dde7b40?s=96&d=mm&r=g\",\"caption\":\"inclusivenews2024\"},\"sameAs\":[\"https:\\\/\\\/inclusivenews.com.br\"],\"url\":\"https:\\\/\\\/inclusivenews.com.br\\\/?author=1\"}]}<\/script>\n<!-- \/ Yoast SEO plugin. -->","yoast_head_json":{"title":"Projeto Novos Paradigmas lan\u00e7a livro com experi\u00eancias de desenvolvimento local -","robots":{"index":"index","follow":"follow","max-snippet":"max-snippet:-1","max-image-preview":"max-image-preview:large","max-video-preview":"max-video-preview:-1"},"canonical":"https:\/\/inclusivenews.com.br\/?p=18127","og_locale":"pt_PT","og_type":"article","og_title":"Projeto Novos Paradigmas lan\u00e7a livro com experi\u00eancias de desenvolvimento local -","og_description":"Para o economista do P\u00f3lis e coordenador da pesquisa, Leandro Morais, a an\u00e1lise das experi\u00eancias consolidou uma forma inovadora de olhar o desenvolvimento local que incorpora os circuitos curtos de produ\u00e7\u00e3o e consumo como ferramenta anal\u00edtica para fen\u00f4menos reais que v\u00eam ocorrendo no espa\u00e7o e contexto das experi\u00eancias analisadas pela pesquisa.","og_url":"https:\/\/inclusivenews.com.br\/?p=18127","article_publisher":"https:\/\/www.facebook.com\/agenciainclusive\/","article_published_time":"2010-12-09T10:10:18+00:00","og_image":[{"url":"http:\/\/www.polis.org.br\/utilitarios\/editor2.0\/UserFiles\/Image\/Novos%20paradigmas%20capa400.jpg","type":"","width":"","height":""}],"author":"inclusivenews2024","twitter_card":"summary_large_image","twitter_misc":{"Escrito por":"inclusivenews2024","Tempo estimado de leitura":"2 minutos"},"schema":{"@context":"https:\/\/schema.org","@graph":[{"@type":"Article","@id":"https:\/\/inclusivenews.com.br\/?p=18127#article","isPartOf":{"@id":"https:\/\/inclusivenews.com.br\/?p=18127"},"author":{"name":"inclusivenews2024","@id":"https:\/\/inclusivenews.com.br\/#\/schema\/person\/ae4ec7087559b8692fb33b6fffd2273b"},"headline":"Projeto Novos Paradigmas lan\u00e7a livro com experi\u00eancias de desenvolvimento local","datePublished":"2010-12-09T10:10:18+00:00","mainEntityOfPage":{"@id":"https:\/\/inclusivenews.com.br\/?p=18127"},"wordCount":363,"commentCount":0,"publisher":{"@id":"https:\/\/inclusivenews.com.br\/#organization"},"image":{"@id":"https:\/\/inclusivenews.com.br\/?p=18127#primaryimage"},"thumbnailUrl":"http:\/\/www.polis.org.br\/utilitarios\/editor2.0\/UserFiles\/Image\/Novos%20paradigmas%20capa400.jpg","articleSection":["Lan\u00e7amentos","Livros","NOT\u00cdCIAS","PUBLICA\u00c7\u00d5ES"],"inLanguage":"pt-PT","potentialAction":[{"@type":"CommentAction","name":"Comment","target":["https:\/\/inclusivenews.com.br\/?p=18127#respond"]}]},{"@type":"WebPage","@id":"https:\/\/inclusivenews.com.br\/?p=18127","url":"https:\/\/inclusivenews.com.br\/?p=18127","name":"Projeto Novos Paradigmas lan\u00e7a livro com experi\u00eancias de desenvolvimento local -","isPartOf":{"@id":"https:\/\/inclusivenews.com.br\/#website"},"primaryImageOfPage":{"@id":"https:\/\/inclusivenews.com.br\/?p=18127#primaryimage"},"image":{"@id":"https:\/\/inclusivenews.com.br\/?p=18127#primaryimage"},"thumbnailUrl":"http:\/\/www.polis.org.br\/utilitarios\/editor2.0\/UserFiles\/Image\/Novos%20paradigmas%20capa400.jpg","datePublished":"2010-12-09T10:10:18+00:00","breadcrumb":{"@id":"https:\/\/inclusivenews.com.br\/?p=18127#breadcrumb"},"inLanguage":"pt-PT","potentialAction":[{"@type":"ReadAction","target":["https:\/\/inclusivenews.com.br\/?p=18127"]}]},{"@type":"ImageObject","inLanguage":"pt-PT","@id":"https:\/\/inclusivenews.com.br\/?p=18127#primaryimage","url":"http:\/\/www.polis.org.br\/utilitarios\/editor2.0\/UserFiles\/Image\/Novos%20paradigmas%20capa400.jpg","contentUrl":"http:\/\/www.polis.org.br\/utilitarios\/editor2.0\/UserFiles\/Image\/Novos%20paradigmas%20capa400.jpg"},{"@type":"BreadcrumbList","@id":"https:\/\/inclusivenews.com.br\/?p=18127#breadcrumb","itemListElement":[{"@type":"ListItem","position":1,"name":"In\u00edcio","item":"https:\/\/inclusivenews.com.br\/"},{"@type":"ListItem","position":2,"name":"Projeto Novos Paradigmas lan\u00e7a livro com experi\u00eancias de desenvolvimento local"}]},{"@type":"WebSite","@id":"https:\/\/inclusivenews.com.br\/#website","url":"https:\/\/inclusivenews.com.br\/","name":"Inclusive News","description":"Inclusive News","publisher":{"@id":"https:\/\/inclusivenews.com.br\/#organization"},"potentialAction":[{"@type":"SearchAction","target":{"@type":"EntryPoint","urlTemplate":"https:\/\/inclusivenews.com.br\/?s={search_term_string}"},"query-input":{"@type":"PropertyValueSpecification","valueRequired":true,"valueName":"search_term_string"}}],"inLanguage":"pt-PT"},{"@type":"Organization","@id":"https:\/\/inclusivenews.com.br\/#organization","name":"Inclusive - inclus\u00e3o e cidadania","url":"https:\/\/inclusivenews.com.br\/","logo":{"@type":"ImageObject","inLanguage":"pt-PT","@id":"https:\/\/inclusivenews.com.br\/#\/schema\/logo\/image\/","url":"https:\/\/inclusivenews.com.br\/wp-content\/uploads\/2024\/03\/@grandesite.png","contentUrl":"https:\/\/inclusivenews.com.br\/wp-content\/uploads\/2024\/03\/@grandesite.png","width":1080,"height":1080,"caption":"Inclusive - inclus\u00e3o e cidadania"},"image":{"@id":"https:\/\/inclusivenews.com.br\/#\/schema\/logo\/image\/"},"sameAs":["https:\/\/www.facebook.com\/agenciainclusive\/","https:\/\/www.instagram.com\/newsinclusive\/"]},{"@type":"Person","@id":"https:\/\/inclusivenews.com.br\/#\/schema\/person\/ae4ec7087559b8692fb33b6fffd2273b","name":"inclusivenews2024","image":{"@type":"ImageObject","inLanguage":"pt-PT","@id":"https:\/\/secure.gravatar.com\/avatar\/c5a7ef84c66fa914f55bc4f7ce26cfa275a3b9a1c5568b907bd184fb4dde7b40?s=96&d=mm&r=g","url":"https:\/\/secure.gravatar.com\/avatar\/c5a7ef84c66fa914f55bc4f7ce26cfa275a3b9a1c5568b907bd184fb4dde7b40?s=96&d=mm&r=g","contentUrl":"https:\/\/secure.gravatar.com\/avatar\/c5a7ef84c66fa914f55bc4f7ce26cfa275a3b9a1c5568b907bd184fb4dde7b40?s=96&d=mm&r=g","caption":"inclusivenews2024"},"sameAs":["https:\/\/inclusivenews.com.br"],"url":"https:\/\/inclusivenews.com.br\/?author=1"}]}},"_links":{"self":[{"href":"https:\/\/inclusivenews.com.br\/index.php?rest_route=\/wp\/v2\/posts\/18127","targetHints":{"allow":["GET"]}}],"collection":[{"href":"https:\/\/inclusivenews.com.br\/index.php?rest_route=\/wp\/v2\/posts"}],"about":[{"href":"https:\/\/inclusivenews.com.br\/index.php?rest_route=\/wp\/v2\/types\/post"}],"author":[{"embeddable":true,"href":"https:\/\/inclusivenews.com.br\/index.php?rest_route=\/wp\/v2\/users\/1"}],"replies":[{"embeddable":true,"href":"https:\/\/inclusivenews.com.br\/index.php?rest_route=%2Fwp%2Fv2%2Fcomments&post=18127"}],"version-history":[{"count":0,"href":"https:\/\/inclusivenews.com.br\/index.php?rest_route=\/wp\/v2\/posts\/18127\/revisions"}],"wp:attachment":[{"href":"https:\/\/inclusivenews.com.br\/index.php?rest_route=%2Fwp%2Fv2%2Fmedia&parent=18127"}],"wp:term":[{"taxonomy":"category","embeddable":true,"href":"https:\/\/inclusivenews.com.br\/index.php?rest_route=%2Fwp%2Fv2%2Fcategories&post=18127"},{"taxonomy":"post_tag","embeddable":true,"href":"https:\/\/inclusivenews.com.br\/index.php?rest_route=%2Fwp%2Fv2%2Ftags&post=18127"}],"curies":[{"name":"wp","href":"https:\/\/api.w.org\/{rel}","templated":true}]}}