{"id":18138,"date":"2010-12-09T07:03:13","date_gmt":"2010-12-09T10:03:13","guid":{"rendered":"http:\/\/www.inclusive.org.br\/?p=18138"},"modified":"2010-12-09T07:03:13","modified_gmt":"2010-12-09T10:03:13","slug":"mp-cobra-do-governo-cumprimento-de-resolucao-que-trata-de-educacao-inclusiva","status":"publish","type":"post","link":"https:\/\/inclusivenews.com.br\/?p=18138","title":{"rendered":"MP cobra do governo cumprimento de resolu\u00e7\u00e3o que trata de educa\u00e7\u00e3o inclusiva"},"content":{"rendered":"<figure id=\"attachment_13241\" aria-describedby=\"caption-attachment-13241\" style=\"width: 215px\" class=\"wp-caption alignleft\"><a href=\"http:\/\/www.inclusivenews.com.br\/wp-content\/uploads\/2010\/01\/justica.jpg\"><img loading=\"lazy\" decoding=\"async\" class=\"size-full wp-image-13241 \" title=\"Ilustra\u00e7\u00e3o de uma balan\u00e7a, simbolizando o poder judici\u00e1rio\" src=\"http:\/\/inclusivenews.com.br\/wp-content\/uploads\/2010\/01\/justica.jpg\" alt=\"Ilustra\u00e7\u00e3o de uma balan\u00e7a, simbolizando o poder judici\u00e1rio\" width=\"215\" height=\"214\" \/><\/a><figcaption id=\"caption-attachment-13241\" class=\"wp-caption-text\"> <\/figcaption><\/figure>\n<p>A 11\u00aa Promotoria de Justi\u00e7a Especializada na Defesa dos Direitos da Pessoa com Defici\u00eancia ingressou com uma A\u00e7\u00e3o Civil P\u00fablica contra o Estado do Maranh\u00e3o na qual requer o cumprimento da Resolu\u00e7\u00e3o n\u00b0 291\/2002 do Conselho Estadual de Educa\u00e7\u00e3o, que estabelece normas para a educa\u00e7\u00e3o especial na educa\u00e7\u00e3o b\u00e1sica no sistema de ensino estadual. Um dos pontos da resolu\u00e7\u00e3o refere-se \u00e0 necessidade de profissionais capacitados para trabalhar na \u00e1rea.<\/p>\n<p>Em 2009, o Minist\u00e9rio P\u00fablico enviou of\u00edcio ao Estado solicitando informa\u00e7\u00f5es sobre o tema e recebeu como resposta da Superintend\u00eancia de Modalidades e Diversidades Educacionais a informa\u00e7\u00e3o de que o Governo do Estado teria enviado o Projeto de Lei 27\/2009, aprovado por unanimidade. O projeto previa a cria\u00e7\u00e3o de 310 vagas de professores do Grupo Operacional do Magist\u00e9rio da Educa\u00e7\u00e3o B\u00e1sica para atender a educa\u00e7\u00e3o especial, de acordo com o que determina a resolu\u00e7\u00e3o 291\/2002.<\/p>\n<p>Em novo pedido de informa\u00e7\u00f5es, feito ap\u00f3s 90 dias, a promotoria foi informada que o Estado j\u00e1 estava realizando um processo de sele\u00e7\u00e3o de professores para a \u00e1rea de educa\u00e7\u00e3o especial. No entanto, em resposta a um novo pedido de informa\u00e7\u00f5es enviado 120 dias mais tarde, o Estado respondeu que, de acordo com a Supervis\u00e3o de Educa\u00e7\u00e3o Especial da Secretaria de Estado da Educa\u00e7\u00e3o, o quantitativo excessivo de alunos n\u00e3o prejudicaria o processo de ensino-aprendizagem.<\/p>\n<p>Com essa mudan\u00e7a de postura por parte do Executivo Estadual, a promotoria de Justi\u00e7a fez uma recomenda\u00e7\u00e3o para que fosse feita a adequa\u00e7\u00e3o, no prazo de 60 dias, ao que determina a Resolu\u00e7\u00e3o 291\/2002, do Conselho Estadual de Educa\u00e7\u00e3o. A recomenda\u00e7\u00e3o, no entanto, n\u00e3o foi cumprida e o Estado, inclusive, levantou d\u00favida sobre sua aplicabilidade, questionando uma norma emanada dele pr\u00f3prio. \u201cAs pessoas com defici\u00eancia vem sofrendo restri\u00e7\u00f5es que representam um s\u00e9rio risco de danos irrepar\u00e1veis ao direito fundamental \u00e0 educa\u00e7\u00e3o\u201d, completa o promotor Ronald Pereira dos Santos, titular da 11\u00aa Promotoria de Justi\u00e7a Especializada na Defesa dos Direitos da Pessoa com Defici\u00eancia.<\/p>\n<p>A Resolu\u00e7\u00e3o 291\/2002 afirma, em seu artigo 1\u00ba, que a educa\u00e7\u00e3o especial insere-se na educa\u00e7\u00e3o b\u00e1sica, abrangendo educa\u00e7\u00e3o infantil, ensino fundamental e ensino m\u00e9dio e, em seu artigo 5\u00ba, que \u201ca escola deve acolher todas as crian\u00e7as independentemente das suas condi\u00e7\u00f5es f\u00edsicas, intelectuais, sociais, emocionais, lingu\u00edsticas entre outras\u201d. Na a\u00e7\u00e3o, o promotor Ronald Pereira dos Santos afirma que \u201cacolher significa receber e dar suporte, ou seja, propiciar ao educando os meios necess\u00e1rios \u00e0 correta aplica\u00e7\u00e3o do ensino, de modo a garantir o desenvolvimento intelectual e psicol\u00f3gico do estudante durante o seu processo de aprendizagem\u201d.<\/p>\n<p>Na a\u00e7\u00e3o, o Minist\u00e9rio P\u00fablico requer que o Estado do Maranh\u00e3o contrate professores para os cargos existentes na \u00e1rea de Educa\u00e7\u00e3o Especial no prazo de 60 dias. Caso n\u00e3o haja cargos vagos em n\u00famero suficiente para atender aos alunos com defici\u00eancia, o Estado deve criar mais cargos de professores na \u00e1rea, tamb\u00e9m em 60 dias, provendo-os por meio de concurso p\u00fablico.<\/p>\n<p>Tamb\u00e9m dever\u00e3o ser disponibilizados, desde o in\u00edcio das atividades escolares, os recursos t\u00e9cnicos e pedag\u00f3gicos necess\u00e1rios ao acompanhamento das aulas pelas pessoas com necessidades especiais. Todas as matr\u00edculas de alunos com defici\u00eancia dever\u00e3o ser informadas \u00e0 Justi\u00e7a, para que haja o controle do cumprimento da medida liminar. Em caso de descumprimento da decis\u00e3o, o MP pede que seja fixada multa no valor de R$ 1 mil por dia de atraso. (Da Ascom \/ MP-MA)<\/p>\n<p>_______________________________________<\/p>\n<p><strong>Fonte:<\/strong> <a href=\"http:\/\/www.mp.ma.gov.br\">Minist\u00e9rio P\u00fablico do Estado do Maranh\u00e3o<\/a><\/p>\n","protected":false},"excerpt":{"rendered":"<p>A 11\u00aa Promotoria de Justi\u00e7a Especializada na Defesa dos Direitos da Pessoa com Defici\u00eancia ingressou com uma A\u00e7\u00e3o Civil P\u00fablica requerendo provid\u00eancias por parte do governo estadual em rela\u00e7\u00e3o \u00e0 educa\u00e7\u00e3o inclusiva.<\/p>\n","protected":false},"author":1,"featured_media":0,"comment_status":"open","ping_status":"open","sticky":false,"template":"","format":"standard","meta":{"site-container-style":"default","site-container-layout":"default","site-sidebar-layout":"default","disable-article-header":"default","disable-site-header":"default","disable-site-footer":"default","disable-content-area-spacing":"default","footnotes":""},"categories":[4],"tags":[],"class_list":["post-18138","post","type-post","status-publish","format-standard","hentry","category-noticias"],"yoast_head":"<!-- This site is optimized with the Yoast SEO plugin v27.4 - https:\/\/yoast.com\/product\/yoast-seo-wordpress\/ -->\n<title>MP cobra do governo cumprimento de resolu\u00e7\u00e3o que trata de educa\u00e7\u00e3o inclusiva -<\/title>\n<meta name=\"robots\" content=\"index, follow, max-snippet:-1, max-image-preview:large, max-video-preview:-1\" \/>\n<link rel=\"canonical\" href=\"https:\/\/inclusivenews.com.br\/?p=18138\" \/>\n<meta property=\"og:locale\" content=\"pt_PT\" \/>\n<meta property=\"og:type\" content=\"article\" \/>\n<meta property=\"og:title\" content=\"MP cobra do governo cumprimento de resolu\u00e7\u00e3o que trata de educa\u00e7\u00e3o inclusiva -\" \/>\n<meta property=\"og:description\" content=\"A 11\u00aa Promotoria de Justi\u00e7a Especializada na Defesa dos Direitos da Pessoa com Defici\u00eancia ingressou com uma A\u00e7\u00e3o Civil P\u00fablica requerendo provid\u00eancias por parte do governo estadual em rela\u00e7\u00e3o \u00e0 educa\u00e7\u00e3o inclusiva.\" \/>\n<meta property=\"og:url\" content=\"https:\/\/inclusivenews.com.br\/?p=18138\" \/>\n<meta property=\"article:publisher\" content=\"https:\/\/www.facebook.com\/agenciainclusive\/\" \/>\n<meta property=\"article:published_time\" content=\"2010-12-09T10:03:13+00:00\" \/>\n<meta property=\"og:image\" content=\"http:\/\/inclusivenews.com.br\/wp-content\/uploads\/2010\/01\/justica.jpg\" \/>\n<meta name=\"author\" content=\"inclusivenews2024\" \/>\n<meta name=\"twitter:card\" content=\"summary_large_image\" \/>\n<meta name=\"twitter:label1\" content=\"Escrito por\" \/>\n\t<meta name=\"twitter:data1\" content=\"inclusivenews2024\" \/>\n\t<meta name=\"twitter:label2\" content=\"Tempo estimado de leitura\" \/>\n\t<meta name=\"twitter:data2\" content=\"3 minutos\" \/>\n<script type=\"application\/ld+json\" class=\"yoast-schema-graph\">{\"@context\":\"https:\\\/\\\/schema.org\",\"@graph\":[{\"@type\":\"Article\",\"@id\":\"https:\\\/\\\/inclusivenews.com.br\\\/?p=18138#article\",\"isPartOf\":{\"@id\":\"https:\\\/\\\/inclusivenews.com.br\\\/?p=18138\"},\"author\":{\"name\":\"inclusivenews2024\",\"@id\":\"https:\\\/\\\/inclusivenews.com.br\\\/#\\\/schema\\\/person\\\/ae4ec7087559b8692fb33b6fffd2273b\"},\"headline\":\"MP cobra do governo cumprimento de resolu\u00e7\u00e3o que trata de educa\u00e7\u00e3o inclusiva\",\"datePublished\":\"2010-12-09T10:03:13+00:00\",\"mainEntityOfPage\":{\"@id\":\"https:\\\/\\\/inclusivenews.com.br\\\/?p=18138\"},\"wordCount\":645,\"commentCount\":0,\"publisher\":{\"@id\":\"https:\\\/\\\/inclusivenews.com.br\\\/#organization\"},\"image\":{\"@id\":\"https:\\\/\\\/inclusivenews.com.br\\\/?p=18138#primaryimage\"},\"thumbnailUrl\":\"http:\\\/\\\/inclusivenews.com.br\\\/wp-content\\\/uploads\\\/2010\\\/01\\\/justica.jpg\",\"articleSection\":[\"NOT\u00cdCIAS\"],\"inLanguage\":\"pt-PT\",\"potentialAction\":[{\"@type\":\"CommentAction\",\"name\":\"Comment\",\"target\":[\"https:\\\/\\\/inclusivenews.com.br\\\/?p=18138#respond\"]}]},{\"@type\":\"WebPage\",\"@id\":\"https:\\\/\\\/inclusivenews.com.br\\\/?p=18138\",\"url\":\"https:\\\/\\\/inclusivenews.com.br\\\/?p=18138\",\"name\":\"MP cobra do governo cumprimento de resolu\u00e7\u00e3o que trata de educa\u00e7\u00e3o inclusiva -\",\"isPartOf\":{\"@id\":\"https:\\\/\\\/inclusivenews.com.br\\\/#website\"},\"primaryImageOfPage\":{\"@id\":\"https:\\\/\\\/inclusivenews.com.br\\\/?p=18138#primaryimage\"},\"image\":{\"@id\":\"https:\\\/\\\/inclusivenews.com.br\\\/?p=18138#primaryimage\"},\"thumbnailUrl\":\"http:\\\/\\\/inclusivenews.com.br\\\/wp-content\\\/uploads\\\/2010\\\/01\\\/justica.jpg\",\"datePublished\":\"2010-12-09T10:03:13+00:00\",\"breadcrumb\":{\"@id\":\"https:\\\/\\\/inclusivenews.com.br\\\/?p=18138#breadcrumb\"},\"inLanguage\":\"pt-PT\",\"potentialAction\":[{\"@type\":\"ReadAction\",\"target\":[\"https:\\\/\\\/inclusivenews.com.br\\\/?p=18138\"]}]},{\"@type\":\"ImageObject\",\"inLanguage\":\"pt-PT\",\"@id\":\"https:\\\/\\\/inclusivenews.com.br\\\/?p=18138#primaryimage\",\"url\":\"\",\"contentUrl\":\"\"},{\"@type\":\"BreadcrumbList\",\"@id\":\"https:\\\/\\\/inclusivenews.com.br\\\/?p=18138#breadcrumb\",\"itemListElement\":[{\"@type\":\"ListItem\",\"position\":1,\"name\":\"In\u00edcio\",\"item\":\"https:\\\/\\\/inclusivenews.com.br\\\/\"},{\"@type\":\"ListItem\",\"position\":2,\"name\":\"MP cobra do governo cumprimento de resolu\u00e7\u00e3o que trata de educa\u00e7\u00e3o inclusiva\"}]},{\"@type\":\"WebSite\",\"@id\":\"https:\\\/\\\/inclusivenews.com.br\\\/#website\",\"url\":\"https:\\\/\\\/inclusivenews.com.br\\\/\",\"name\":\"Inclusive News\",\"description\":\"Inclusive News\",\"publisher\":{\"@id\":\"https:\\\/\\\/inclusivenews.com.br\\\/#organization\"},\"potentialAction\":[{\"@type\":\"SearchAction\",\"target\":{\"@type\":\"EntryPoint\",\"urlTemplate\":\"https:\\\/\\\/inclusivenews.com.br\\\/?s={search_term_string}\"},\"query-input\":{\"@type\":\"PropertyValueSpecification\",\"valueRequired\":true,\"valueName\":\"search_term_string\"}}],\"inLanguage\":\"pt-PT\"},{\"@type\":\"Organization\",\"@id\":\"https:\\\/\\\/inclusivenews.com.br\\\/#organization\",\"name\":\"Inclusive - inclus\u00e3o e cidadania\",\"url\":\"https:\\\/\\\/inclusivenews.com.br\\\/\",\"logo\":{\"@type\":\"ImageObject\",\"inLanguage\":\"pt-PT\",\"@id\":\"https:\\\/\\\/inclusivenews.com.br\\\/#\\\/schema\\\/logo\\\/image\\\/\",\"url\":\"https:\\\/\\\/inclusivenews.com.br\\\/wp-content\\\/uploads\\\/2024\\\/03\\\/@grandesite.png\",\"contentUrl\":\"https:\\\/\\\/inclusivenews.com.br\\\/wp-content\\\/uploads\\\/2024\\\/03\\\/@grandesite.png\",\"width\":1080,\"height\":1080,\"caption\":\"Inclusive - inclus\u00e3o e cidadania\"},\"image\":{\"@id\":\"https:\\\/\\\/inclusivenews.com.br\\\/#\\\/schema\\\/logo\\\/image\\\/\"},\"sameAs\":[\"https:\\\/\\\/www.facebook.com\\\/agenciainclusive\\\/\",\"https:\\\/\\\/www.instagram.com\\\/newsinclusive\\\/\"]},{\"@type\":\"Person\",\"@id\":\"https:\\\/\\\/inclusivenews.com.br\\\/#\\\/schema\\\/person\\\/ae4ec7087559b8692fb33b6fffd2273b\",\"name\":\"inclusivenews2024\",\"image\":{\"@type\":\"ImageObject\",\"inLanguage\":\"pt-PT\",\"@id\":\"https:\\\/\\\/secure.gravatar.com\\\/avatar\\\/c5a7ef84c66fa914f55bc4f7ce26cfa275a3b9a1c5568b907bd184fb4dde7b40?s=96&d=mm&r=g\",\"url\":\"https:\\\/\\\/secure.gravatar.com\\\/avatar\\\/c5a7ef84c66fa914f55bc4f7ce26cfa275a3b9a1c5568b907bd184fb4dde7b40?s=96&d=mm&r=g\",\"contentUrl\":\"https:\\\/\\\/secure.gravatar.com\\\/avatar\\\/c5a7ef84c66fa914f55bc4f7ce26cfa275a3b9a1c5568b907bd184fb4dde7b40?s=96&d=mm&r=g\",\"caption\":\"inclusivenews2024\"},\"sameAs\":[\"https:\\\/\\\/inclusivenews.com.br\"],\"url\":\"https:\\\/\\\/inclusivenews.com.br\\\/?author=1\"}]}<\/script>\n<!-- \/ Yoast SEO plugin. -->","yoast_head_json":{"title":"MP cobra do governo cumprimento de resolu\u00e7\u00e3o que trata de educa\u00e7\u00e3o inclusiva -","robots":{"index":"index","follow":"follow","max-snippet":"max-snippet:-1","max-image-preview":"max-image-preview:large","max-video-preview":"max-video-preview:-1"},"canonical":"https:\/\/inclusivenews.com.br\/?p=18138","og_locale":"pt_PT","og_type":"article","og_title":"MP cobra do governo cumprimento de resolu\u00e7\u00e3o que trata de educa\u00e7\u00e3o inclusiva -","og_description":"A 11\u00aa Promotoria de Justi\u00e7a Especializada na Defesa dos Direitos da Pessoa com Defici\u00eancia ingressou com uma A\u00e7\u00e3o Civil P\u00fablica requerendo provid\u00eancias por parte do governo estadual em rela\u00e7\u00e3o \u00e0 educa\u00e7\u00e3o inclusiva.","og_url":"https:\/\/inclusivenews.com.br\/?p=18138","article_publisher":"https:\/\/www.facebook.com\/agenciainclusive\/","article_published_time":"2010-12-09T10:03:13+00:00","og_image":[{"url":"http:\/\/inclusivenews.com.br\/wp-content\/uploads\/2010\/01\/justica.jpg","type":"","width":"","height":""}],"author":"inclusivenews2024","twitter_card":"summary_large_image","twitter_misc":{"Escrito por":"inclusivenews2024","Tempo estimado de leitura":"3 minutos"},"schema":{"@context":"https:\/\/schema.org","@graph":[{"@type":"Article","@id":"https:\/\/inclusivenews.com.br\/?p=18138#article","isPartOf":{"@id":"https:\/\/inclusivenews.com.br\/?p=18138"},"author":{"name":"inclusivenews2024","@id":"https:\/\/inclusivenews.com.br\/#\/schema\/person\/ae4ec7087559b8692fb33b6fffd2273b"},"headline":"MP cobra do governo cumprimento de resolu\u00e7\u00e3o que trata de educa\u00e7\u00e3o inclusiva","datePublished":"2010-12-09T10:03:13+00:00","mainEntityOfPage":{"@id":"https:\/\/inclusivenews.com.br\/?p=18138"},"wordCount":645,"commentCount":0,"publisher":{"@id":"https:\/\/inclusivenews.com.br\/#organization"},"image":{"@id":"https:\/\/inclusivenews.com.br\/?p=18138#primaryimage"},"thumbnailUrl":"http:\/\/inclusivenews.com.br\/wp-content\/uploads\/2010\/01\/justica.jpg","articleSection":["NOT\u00cdCIAS"],"inLanguage":"pt-PT","potentialAction":[{"@type":"CommentAction","name":"Comment","target":["https:\/\/inclusivenews.com.br\/?p=18138#respond"]}]},{"@type":"WebPage","@id":"https:\/\/inclusivenews.com.br\/?p=18138","url":"https:\/\/inclusivenews.com.br\/?p=18138","name":"MP cobra do governo cumprimento de resolu\u00e7\u00e3o que trata de educa\u00e7\u00e3o inclusiva -","isPartOf":{"@id":"https:\/\/inclusivenews.com.br\/#website"},"primaryImageOfPage":{"@id":"https:\/\/inclusivenews.com.br\/?p=18138#primaryimage"},"image":{"@id":"https:\/\/inclusivenews.com.br\/?p=18138#primaryimage"},"thumbnailUrl":"http:\/\/inclusivenews.com.br\/wp-content\/uploads\/2010\/01\/justica.jpg","datePublished":"2010-12-09T10:03:13+00:00","breadcrumb":{"@id":"https:\/\/inclusivenews.com.br\/?p=18138#breadcrumb"},"inLanguage":"pt-PT","potentialAction":[{"@type":"ReadAction","target":["https:\/\/inclusivenews.com.br\/?p=18138"]}]},{"@type":"ImageObject","inLanguage":"pt-PT","@id":"https:\/\/inclusivenews.com.br\/?p=18138#primaryimage","url":"","contentUrl":""},{"@type":"BreadcrumbList","@id":"https:\/\/inclusivenews.com.br\/?p=18138#breadcrumb","itemListElement":[{"@type":"ListItem","position":1,"name":"In\u00edcio","item":"https:\/\/inclusivenews.com.br\/"},{"@type":"ListItem","position":2,"name":"MP cobra do governo cumprimento de resolu\u00e7\u00e3o que trata de educa\u00e7\u00e3o inclusiva"}]},{"@type":"WebSite","@id":"https:\/\/inclusivenews.com.br\/#website","url":"https:\/\/inclusivenews.com.br\/","name":"Inclusive News","description":"Inclusive News","publisher":{"@id":"https:\/\/inclusivenews.com.br\/#organization"},"potentialAction":[{"@type":"SearchAction","target":{"@type":"EntryPoint","urlTemplate":"https:\/\/inclusivenews.com.br\/?s={search_term_string}"},"query-input":{"@type":"PropertyValueSpecification","valueRequired":true,"valueName":"search_term_string"}}],"inLanguage":"pt-PT"},{"@type":"Organization","@id":"https:\/\/inclusivenews.com.br\/#organization","name":"Inclusive - inclus\u00e3o e cidadania","url":"https:\/\/inclusivenews.com.br\/","logo":{"@type":"ImageObject","inLanguage":"pt-PT","@id":"https:\/\/inclusivenews.com.br\/#\/schema\/logo\/image\/","url":"https:\/\/inclusivenews.com.br\/wp-content\/uploads\/2024\/03\/@grandesite.png","contentUrl":"https:\/\/inclusivenews.com.br\/wp-content\/uploads\/2024\/03\/@grandesite.png","width":1080,"height":1080,"caption":"Inclusive - inclus\u00e3o e cidadania"},"image":{"@id":"https:\/\/inclusivenews.com.br\/#\/schema\/logo\/image\/"},"sameAs":["https:\/\/www.facebook.com\/agenciainclusive\/","https:\/\/www.instagram.com\/newsinclusive\/"]},{"@type":"Person","@id":"https:\/\/inclusivenews.com.br\/#\/schema\/person\/ae4ec7087559b8692fb33b6fffd2273b","name":"inclusivenews2024","image":{"@type":"ImageObject","inLanguage":"pt-PT","@id":"https:\/\/secure.gravatar.com\/avatar\/c5a7ef84c66fa914f55bc4f7ce26cfa275a3b9a1c5568b907bd184fb4dde7b40?s=96&d=mm&r=g","url":"https:\/\/secure.gravatar.com\/avatar\/c5a7ef84c66fa914f55bc4f7ce26cfa275a3b9a1c5568b907bd184fb4dde7b40?s=96&d=mm&r=g","contentUrl":"https:\/\/secure.gravatar.com\/avatar\/c5a7ef84c66fa914f55bc4f7ce26cfa275a3b9a1c5568b907bd184fb4dde7b40?s=96&d=mm&r=g","caption":"inclusivenews2024"},"sameAs":["https:\/\/inclusivenews.com.br"],"url":"https:\/\/inclusivenews.com.br\/?author=1"}]}},"_links":{"self":[{"href":"https:\/\/inclusivenews.com.br\/index.php?rest_route=\/wp\/v2\/posts\/18138","targetHints":{"allow":["GET"]}}],"collection":[{"href":"https:\/\/inclusivenews.com.br\/index.php?rest_route=\/wp\/v2\/posts"}],"about":[{"href":"https:\/\/inclusivenews.com.br\/index.php?rest_route=\/wp\/v2\/types\/post"}],"author":[{"embeddable":true,"href":"https:\/\/inclusivenews.com.br\/index.php?rest_route=\/wp\/v2\/users\/1"}],"replies":[{"embeddable":true,"href":"https:\/\/inclusivenews.com.br\/index.php?rest_route=%2Fwp%2Fv2%2Fcomments&post=18138"}],"version-history":[{"count":0,"href":"https:\/\/inclusivenews.com.br\/index.php?rest_route=\/wp\/v2\/posts\/18138\/revisions"}],"wp:attachment":[{"href":"https:\/\/inclusivenews.com.br\/index.php?rest_route=%2Fwp%2Fv2%2Fmedia&parent=18138"}],"wp:term":[{"taxonomy":"category","embeddable":true,"href":"https:\/\/inclusivenews.com.br\/index.php?rest_route=%2Fwp%2Fv2%2Fcategories&post=18138"},{"taxonomy":"post_tag","embeddable":true,"href":"https:\/\/inclusivenews.com.br\/index.php?rest_route=%2Fwp%2Fv2%2Ftags&post=18138"}],"curies":[{"name":"wp","href":"https:\/\/api.w.org\/{rel}","templated":true}]}}