{"id":18141,"date":"2010-12-09T07:12:32","date_gmt":"2010-12-09T10:12:32","guid":{"rendered":"http:\/\/www.inclusive.org.br\/?p=18141"},"modified":"2010-12-09T07:12:32","modified_gmt":"2010-12-09T10:12:32","slug":"consumismo-e-individualismo-generalizados-na-sociedade-brasileira","status":"publish","type":"post","link":"https:\/\/inclusivenews.com.br\/?p=18141","title":{"rendered":"Consumismo e individualismo generalizados na sociedade brasileira"},"content":{"rendered":"<figure id=\"attachment_13089\" aria-describedby=\"caption-attachment-13089\" style=\"width: 267px\" class=\"wp-caption alignleft\"><a href=\"http:\/\/www.inclusivenews.com.br\/wp-content\/uploads\/2009\/12\/Inclusive_moeda_mordida.jpg\"><img loading=\"lazy\" decoding=\"async\" class=\"size-full wp-image-13089\" title=\"Inclusive - moeda mordida - capitalismo selvagem.\" src=\"http:\/\/inclusivenews.com.br\/wp-content\/uploads\/2009\/12\/Inclusive_moeda_mordida.jpg\" alt=\"Inclusive - moeda mordida - capitalismo selvagem.\" width=\"267\" height=\"211\" \/><\/a><figcaption id=\"caption-attachment-13089\" class=\"wp-caption-text\"> <\/figcaption><\/figure>\n<p>Na opini\u00e3o do economista Waldir Quadros, \u201co surgimento de uma nova classe m\u00e9dia no Brasil vem sendo associado ao vigoroso processo de redu\u00e7\u00e3o da mis\u00e9ria e da pobreza que ocorre desde 2004, quando tem in\u00edcio a fase de crescimento econ\u00f4mico mais robusto\u201d. Ele concedeu a entrevista que segue \u00e0 IHU On-Line por e-mail, onde ilustra o padr\u00e3o de vida da chamada baixa classe m\u00e9dia, que seria aquele \u201cdos professores do ensino fundamental, dos balconistas do com\u00e9rcio, dos caixas de supermercado, dos auxiliares de enfermagem, dos auxiliares de escrit\u00f3rio, dos trabalhadores com alguma qualifica\u00e7\u00e3o, etc.\u201d. Para o professor, \u201co consumismo e o individualismo generalizaram-se na sociedade brasileira nas \u00faltimas d\u00e9cadas, num quadro de enfraquecimento dos valores da cidadania, da solidariedade, da igualdade, do esp\u00edrito p\u00fablico republicano, etc.\u201d.<\/p>\n<p>Waldir Quadros possui gradua\u00e7\u00e3o em Economia pela Universidade de S\u00e3o Paulo \u2013 USP, e mestrado e doutorado em Ci\u00eancia Econ\u00f4mica, pela Universidade Estadual de Campinas \u2013 Unicamp, onde, atualmente, \u00e9 professor associado do Instituto de Economia.<\/p>\n<p>Confira a entrevista.<\/p>\n<p>IHU On-Line \u2013 O que caracteriza e como emerge a nova classe m\u00e9dia brasileira surgida com o lulismo? Qual a import\u00e2ncia das pol\u00edticas sociais e do aumento do sal\u00e1rio m\u00ednimo para a constitui\u00e7\u00e3o desse novo perfil ou camada social?<\/p>\n<p>Waldir Quadros &#8211; De um modo geral, o surgimento de uma nova classe m\u00e9dia no Brasil vem sendo associado ao vigoroso processo de redu\u00e7\u00e3o da mis\u00e9ria e da pobreza que ocorre desde 2004, quando tem in\u00edcio a fase de crescimento econ\u00f4mico mais robusto. Em primeiro lugar, este importante progresso social repousa fundamentalmente no pr\u00f3prio crescimento econ\u00f4mico mais expressivo, que dinamizou o mercado de trabalho e ampliou bastante as oportunidades de gera\u00e7\u00e3o de emprego e renda. Em segundo, temos a contribui\u00e7\u00e3o decisiva da manuten\u00e7\u00e3o e avan\u00e7o da recupera\u00e7\u00e3o do poder de compra do sal\u00e1rio m\u00ednimo, com forte repercuss\u00e3o na base do mercado de trabalho, e cujo alcance foi ampliado pela expans\u00e3o do emprego formal. Por outro lado, o aumento do sal\u00e1rio m\u00ednimo tamb\u00e9m impactou significativamente nos benef\u00edcios previdenci\u00e1rios e sociais refor\u00e7ando bastante o movimento de redu\u00e7\u00e3o da mis\u00e9ria. Por fim, as pol\u00edticas de transfer\u00eancia de renda, particularmente o programa Bolsa Fam\u00edlia, complementam este processo ao oferecer assist\u00eancia social aos segmentos mais vulner\u00e1veis e, de certa forma, \u00e0 margem dos progressos ocorridos no mercado de trabalho. Em seu conjunto, estes avan\u00e7os ocorridos na base da sociedade dinamizaram bastante o mercado de consumo popular, realimentando o processo e despertando o interesse das empresas e profissionais que o abastecem com mercadorias e servi\u00e7os.<\/p>\n<p>A estrutura social<\/p>\n<p>No que diz respeito \u00e0 estrutura social, os dados apontam que este duplo movimento de amplia\u00e7\u00e3o das oportunidades para os segmentos populares e de redu\u00e7\u00e3o da mis\u00e9ria resultou basicamente no crescimento da massa trabalhadora (pobre) e da baixa classe m\u00e9dia (remediada) . Para ilustrar, o padr\u00e3o de vida desta baixa classe m\u00e9dia \u00e9 aquele dos professores do ensino fundamental, dos balconistas do com\u00e9rcio, dos caixas de supermercado, dos auxiliares de enfermagem, dos auxiliares de escrit\u00f3rio, dos trabalhadores com alguma qualifica\u00e7\u00e3o, etc. Entretanto, para o expressivo contingente de pessoas que no in\u00edcio deste processo j\u00e1 se encontravam na baixa classe m\u00e9dia, as oportunidades de ascens\u00e3o foram muito mais restritas, uma vez que a expans\u00e3o da m\u00e9dia classe m\u00e9dia foi menos significativa e a alta classe m\u00e9dia ficou estagnada. Em nossa avalia\u00e7\u00e3o, esta perda de dinamismo nos estratos melhor situados da classe m\u00e9dia deve estar refletindo as debilidades estruturais da nossa economia, particularmente no que diz respeito aos constrangimentos que se verificam na ind\u00fastria, nos servi\u00e7os produtivos e no desenvolvimento cient\u00edfico e tecnol\u00f3gico de um modo geral. E estes obst\u00e1culos a um desenvolvimento mais avan\u00e7ado e com melhores oportunidades ao trabalho mais qualificado e melhor remunerado, em grande medida, resultam da pol\u00edtica de juros elevados e c\u00e2mbio valorizado que estimulam as importa\u00e7\u00f5es e penalizam a produ\u00e7\u00e3o nacional.<\/p>\n<p>IHU On-Line \u2013 J\u00e1 em 2008  o senhor considerava a nova classe m\u00e9dia individualista e consumista. Mant\u00e9m essa posi\u00e7\u00e3o? Acredita que ela seja tamb\u00e9m conservadora? Em que medida o contexto social favorece um poss\u00edvel conservadorismo?<\/p>\n<p>Waldir Quadros &#8211; O consumismo e o individualismo generalizaram-se na sociedade brasileira nas \u00faltimas d\u00e9cadas, num quadro de enfraquecimento dos valores da cidadania, da solidariedade, da igualdade, do esp\u00edrito p\u00fablico republicano, etc. O conservadorismo tamb\u00e9m est\u00e1 profundamente arraigado em nosso meio social, por\u00e9m necessita ser melhor qualificado, o que escapa um pouco do meu campo de atua\u00e7\u00e3o profissional. Em termos gerais, ele \u00e9 identificado \u00e0 manuten\u00e7\u00e3o de privil\u00e9gios e de situa\u00e7\u00f5es em que se tira proveito da desigualdade. Estas mazelas n\u00e3o est\u00e3o restritas \u00e0s elites e, em maior ou menor grau, afetam igualmente as camadas intermedi\u00e1rias e mesmo as populares. O professor Andr\u00e9 Singer recentemente ofereceu interessante contribui\u00e7\u00e3o a esta problem\u00e1tica, caracterizando o conservadorismo popular como o respeito \u00e0 ordem, em que as mudan\u00e7as s\u00e3o bem-vindas, mas devem ocorrer sem conflitos . Um outro \u00e2ngulo de an\u00e1lise que me parece relevante diz respeito aos impactos nas camadas melhor situadas da classe m\u00e9dia decorrentes da redu\u00e7\u00e3o da mis\u00e9ria e da pobreza. Este assunto, sem d\u00favida, merece uma reflex\u00e3o mais cuidadosa e demorada, por\u00e9m um aspecto que se destaca de imediato \u00e9 o mal estar provocado pelo relativo encarecimento dos servi\u00e7os pessoais, particularmente o trabalho dom\u00e9stico. Para muitos \u00e9 igualmente perturbador o surgimento de amplos contingentes de novos consumidores em ambientes anteriormente mais seletivos, como \u00e9 o caso dos aeroportos. Sem falar dos empres\u00e1rios que dependem de m\u00e3o de obra mal remunerada para assegurar suas margens de lucro e padr\u00e3o de vida diferenciado. Estes r\u00e1pidos exemplos nos parecem suficientes para ilustrar as dificuldades envolvidas na promo\u00e7\u00e3o de avan\u00e7os sociais numa sociedade que se estrutura e funciona com base na desigualdade. Envolve profunda mudan\u00e7a de valores e reorganiza\u00e7\u00e3o da vida das pessoas e fam\u00edlias, apontando para a urg\u00eancia de uma aten\u00e7\u00e3o especial por parte dos intelectuais, homens p\u00fablicos, educadores, formuladores de pol\u00edticas sociais e todos aqueles preocupados com a constru\u00e7\u00e3o de uma sociedade mais justa e democr\u00e1tica.<\/p>\n<p>IHU On-Line \u2013 Como ficam os movimentos sociais sob a \u00f3tica dessa nova classe m\u00e9dia que surgiu com o lulismo? Nesse novo cen\u00e1rio qual \u00e9 o lugar do capital e do trabalho?<\/p>\n<p>Waldir Quadros &#8211; Um pr\u00e9-requisito fundamental para a constru\u00e7\u00e3o de um cen\u00e1rio social mais promissor localiza-se na urgente reestrutura\u00e7\u00e3o dos servi\u00e7os p\u00fablicos indispens\u00e1veis \u00e0 vida coletiva em bases civilizadas. Estamos falando de servi\u00e7os de boa qualidade e acess\u00edveis a todos, n\u00e3o apenas aos pobres e necessitados, na educa\u00e7\u00e3o, sa\u00fade, saneamento, habita\u00e7\u00e3o, seguran\u00e7a p\u00fablica, cultura, lazer e entretenimento, etc. Sem esta infraestrutura social \u00e9 imposs\u00edvel pensarmos em uma conviv\u00eancia democr\u00e1tica e norteada pela igualdade, com eleva\u00e7\u00e3o cont\u00ednua nos padr\u00f5es de sociabilidade. E este me parece ser um dos campos mais f\u00e9rteis para o revigoramento dos movimentos sociais reivindicat\u00f3rios. Por\u00e9m, que requer clareza e determina\u00e7\u00e3o renovadas dos setores pol\u00edticos e sociais identificados com estas causas. Por outro lado, \u00e9 necess\u00e1rio atentarmos para o crucial aspecto do financiamento destas pol\u00edticas sociais avan\u00e7adas, o que nos remete \u00e0 quest\u00e3o da justi\u00e7a tribut\u00e1ria e fiscal, bastante espinhosa numa sociedade profundamente marcada pela precariedade dos servi\u00e7os p\u00fablicos, pelo generalizado descaso do Estado para com o cidad\u00e3o comum que procura atendimento e pela cultura bastante disseminada de n\u00e3o pagar impostos. Tamb\u00e9m aqui ser\u00e1 necess\u00e1ria uma atua\u00e7\u00e3o firme e decidida do pensamento progressista no sentido de esclarecer todos os aspectos desta quest\u00e3o, afastando n\u00e9voas e preconceitos ideol\u00f3gicos difundidos pelos influentes setores conservadores e que confundem, sobremaneira, a opini\u00e3o p\u00fablica. No que diz respeito especificamente \u00e0s rela\u00e7\u00f5es de trabalho, a cont\u00ednua e indispens\u00e1vel eleva\u00e7\u00e3o dos rendimentos reais, que complementa a oferta de servi\u00e7os p\u00fablicos sociais, requer que avancemos decididamente na participa\u00e7\u00e3o dos rendimentos do trabalho na renda nacional. O que, entre outras provid\u00eancias, passa por condi\u00e7\u00f5es mais favor\u00e1veis ao funcionamento dos sindicatos, \u00e0 redu\u00e7\u00e3o dos corrosivos n\u00edveis de rotatividade, ou seja, por uma regula\u00e7\u00e3o ben\u00e9fica aos trabalhadores e prestadores de servi\u00e7os. E tamb\u00e9m por avan\u00e7os na reforma agr\u00e1ria e desenvolvimento da agricultura familiar, uma vez que parcela expressiva dos miser\u00e1veis se encontra no campo ou em ocupa\u00e7\u00f5es agr\u00edcolas.<\/p>\n<p>IHU On-Line \u2013 Como o senhor analisa a quest\u00e3o do cr\u00e9dito no pa\u00eds hoje e como v\u00ea o caso do Banco Panamericano? O que isso significa? Que rumos podem ser desenhados no futuro a partir disso?<\/p>\n<p>Waldir Quadros &#8211; Apesar dos recentes avan\u00e7os no cr\u00e9dito ao consumo, ainda falta equacionar o aspecto das taxas de juros verdadeiramente extorsivas que oneram os consumidores e facultam lucros extraordin\u00e1rios aos financiadores. Progressos mais significativos ocorreram no cr\u00e9dito imobili\u00e1rio. Por\u00e9m, o cr\u00e9dito ao investimento e produ\u00e7\u00e3o ainda se ressente da hist\u00f3rica falta de financiamento de longo prazo a taxas compat\u00edveis. J\u00e1 o caso do Banco Panamericano me parece mais relacionado com fraudes e desvios, embora n\u00e3o seja especialista no assunto e nem disponha de informa\u00e7\u00f5es mais qualificadas. Em termos de futuro, e em poucas palavras, recoloca-se a urg\u00eancia de implementarmos uma aut\u00eantica reforma financeira e banc\u00e1ria, que institua um padr\u00e3o de financiamento adequado a uma economia desenvolvida em termos industriais, tecnol\u00f3gicos, ambientais e de servi\u00e7os produtivos correlacionados.<\/p>\n<p>IHU On-Line \u2013 Na sua opini\u00e3o, o que deve ser feito com o pr\u00e9-sal? Vend\u00ea-lo como commodity ou us\u00e1-lo para dar um salto no pa\u00eds?<\/p>\n<p>Waldir Quadros &#8211; A forma como que o governo vem equacionando a explora\u00e7\u00e3o do pr\u00e9-sal me parece totalmente adequada aos interesses nacionais e sociais. Assegura o controle das reservas, regula sua explora\u00e7\u00e3o e prev\u00ea uma gest\u00e3o financeira que impede a chamada doen\u00e7a holandesa, em que a abund\u00e2ncia de divisas advindas das exporta\u00e7\u00f5es estimula importa\u00e7\u00f5es em preju\u00edzo da produ\u00e7\u00e3o nacional. Particularmente, merece destaque a pol\u00edtica de industrializa\u00e7\u00e3o associada \u00e0 explora\u00e7\u00e3o do petr\u00f3leo, que j\u00e1 teve in\u00edcio com o incentivo \u00e0 produ\u00e7\u00e3o no pa\u00eds de sondas de perfura\u00e7\u00e3o, de navios petroleiros e de ampla gama de pe\u00e7as, equipamentos e servi\u00e7os especializados. Da mesma forma, \u00e9 altamente auspiciosa a proposta de constitui\u00e7\u00e3o de um fundo social \u00e0 altura do nosso imenso passivo nesta \u00e1rea. Sem d\u00favida, trata-se de uma rara oportunidade hist\u00f3rica para enfrentarmos quest\u00f5es estruturais, capacitando-nos a nos libertar em prazo relativamente curto das mazelas que maculam nossa sociedade e economia.<\/p>\n<p>IHU On-Line \u2013 Quais s\u00e3o as perspectivas do lulismo? Como Dilma governar\u00e1 a partir desse cen\u00e1rio?<\/p>\n<p>Waldir Quadros &#8211; O governo Dilma herdar\u00e1 todos os progressos conquistados no governo Lula, mas para ser bem sucedido dever\u00e1 continuar avan\u00e7ando e enfrentar os desafios estruturais ainda n\u00e3o equacionados, e de certa forma abordados nas quest\u00f5es anteriores. Por outro lado, o cen\u00e1rio internacional j\u00e1 apresenta algumas nuvens bastante preocupantes, particularmente no que diz respeito ao crescente d\u00e9ficit em conta corrente. Entretanto, nossas potencialidades atuais facultam que os problemas sejam solucionados na perspectiva do desenvolvimento econ\u00f4mico e social. \u00c9 verdade que os obst\u00e1culos n\u00e3o s\u00e3o nada triviais e exigir\u00e3o a combina\u00e7\u00e3o de lucidez, tenacidade, coragem e determina\u00e7\u00e3o para serem enfrentados a contento. Al\u00e9m daquilo que j\u00e1 discutimos, merece acrescentar a urg\u00eancia de uma profunda reforma administrativa em todas as inst\u00e2ncias governamentais e federativas, que construa padr\u00f5es de efici\u00eancia estatal compat\u00edveis com as necessidades operacionais das v\u00e1rias frentes de atua\u00e7\u00e3o, tanto no \u00e2mbito econ\u00f4mico como social. Tal provid\u00eancia \u00e9 particularmente vital nas \u00e1reas sociais, que, maltratadas pelo regime militar, foram profundamente dilapidadas pela estagna\u00e7\u00e3o dos anos 1980 e pela nefasta orienta\u00e7\u00e3o neoliberal que se instaura nos anos 1990. Por outro lado, nos parece evidente ser necess\u00e1ria uma abordagem ousada e criativa, que rompa com paradigmas tornados obsoletos pelo rebaixamento generalizado dos padr\u00f5es \u00e9ticos e de comprometimento com o interesse p\u00fablico. Por tudo que conhecemos da nova presidente, e diante dos primeiros pronunciamentos ap\u00f3s sua elei\u00e7\u00e3o, podemos confiar que estar\u00e1 \u00e0 altura destes desafios e possibilidades.<\/p>\n<p>Leia mais\u2026<\/p>\n<p>&gt;&gt; Waldir Quadros j\u00e1 concedeu outras entrevistas \u00e0 IHU On-Line. Confira:<\/p>\n<p>* A classe m\u00e9dia aponta para o forte predom\u00ednio do individualismo e do consumismo. Publicada na edi\u00e7\u00e3o n\u00famero 270, intitulada Uma nova classe m\u00e9dia brasileira?, de 25-8-2008;<br \/>\n* Grupos nacionais com proje\u00e7\u00e3o internacional: o avan\u00e7o econ\u00f4mico. Publicada na edi\u00e7\u00e3o n\u00famero 322, intitulada A reestrutura\u00e7\u00e3o do capitalismo brasileiro, de 22-03-2010.<\/p>\n<p><strong>Fonte:<\/strong> <a href=\"http:\/\/www.ihu.unisinos.br\/\">IHU on-line <\/a><\/p>\n","protected":false},"excerpt":{"rendered":"<p>Para o professor, \u201co consumismo e o individualismo generalizaram-se na sociedade brasileira nas \u00faltimas d\u00e9cadas, num quadro de enfraquecimento dos valores da cidadania, da solidariedade, da igualdade, do esp\u00edrito p\u00fablico republicano, etc.\u201d. A entrevista \u00e9 do IHU online.<\/p>\n","protected":false},"author":1,"featured_media":0,"comment_status":"open","ping_status":"open","sticky":false,"template":"","format":"standard","meta":{"site-container-style":"default","site-container-layout":"default","site-sidebar-layout":"default","disable-article-header":"default","disable-site-header":"default","disable-site-footer":"default","disable-content-area-spacing":"default","footnotes":""},"categories":[42,4],"tags":[160,161],"class_list":["post-18141","post","type-post","status-publish","format-standard","hentry","category-entrevista","category-noticias","tag-consumismo","tag-sociedade"],"yoast_head":"<!-- This site is optimized with the Yoast SEO plugin v27.4 - https:\/\/yoast.com\/product\/yoast-seo-wordpress\/ -->\n<title>Consumismo e individualismo generalizados na sociedade brasileira -<\/title>\n<meta name=\"robots\" content=\"index, follow, max-snippet:-1, max-image-preview:large, max-video-preview:-1\" \/>\n<link rel=\"canonical\" href=\"https:\/\/inclusivenews.com.br\/?p=18141\" \/>\n<meta property=\"og:locale\" content=\"pt_PT\" \/>\n<meta property=\"og:type\" content=\"article\" \/>\n<meta property=\"og:title\" content=\"Consumismo e individualismo generalizados na sociedade brasileira -\" \/>\n<meta property=\"og:description\" content=\"Para o professor, \u201co consumismo e o individualismo generalizaram-se na sociedade brasileira nas \u00faltimas d\u00e9cadas, num quadro de enfraquecimento dos valores da cidadania, da solidariedade, da igualdade, do esp\u00edrito p\u00fablico republicano, etc.\u201d. A entrevista \u00e9 do IHU online.\" \/>\n<meta property=\"og:url\" content=\"https:\/\/inclusivenews.com.br\/?p=18141\" \/>\n<meta property=\"article:publisher\" content=\"https:\/\/www.facebook.com\/agenciainclusive\/\" \/>\n<meta property=\"article:published_time\" content=\"2010-12-09T10:12:32+00:00\" \/>\n<meta property=\"og:image\" content=\"http:\/\/inclusivenews.com.br\/wp-content\/uploads\/2009\/12\/Inclusive_moeda_mordida.jpg\" \/>\n<meta name=\"author\" content=\"inclusivenews2024\" \/>\n<meta name=\"twitter:card\" content=\"summary_large_image\" \/>\n<meta name=\"twitter:label1\" content=\"Escrito por\" \/>\n\t<meta name=\"twitter:data1\" content=\"inclusivenews2024\" \/>\n\t<meta name=\"twitter:label2\" content=\"Tempo estimado de leitura\" \/>\n\t<meta name=\"twitter:data2\" content=\"11 minutos\" \/>\n<script type=\"application\/ld+json\" class=\"yoast-schema-graph\">{\"@context\":\"https:\\\/\\\/schema.org\",\"@graph\":[{\"@type\":\"Article\",\"@id\":\"https:\\\/\\\/inclusivenews.com.br\\\/?p=18141#article\",\"isPartOf\":{\"@id\":\"https:\\\/\\\/inclusivenews.com.br\\\/?p=18141\"},\"author\":{\"name\":\"inclusivenews2024\",\"@id\":\"https:\\\/\\\/inclusivenews.com.br\\\/#\\\/schema\\\/person\\\/ae4ec7087559b8692fb33b6fffd2273b\"},\"headline\":\"Consumismo e individualismo generalizados na sociedade brasileira\",\"datePublished\":\"2010-12-09T10:12:32+00:00\",\"mainEntityOfPage\":{\"@id\":\"https:\\\/\\\/inclusivenews.com.br\\\/?p=18141\"},\"wordCount\":2234,\"commentCount\":0,\"publisher\":{\"@id\":\"https:\\\/\\\/inclusivenews.com.br\\\/#organization\"},\"image\":{\"@id\":\"https:\\\/\\\/inclusivenews.com.br\\\/?p=18141#primaryimage\"},\"thumbnailUrl\":\"http:\\\/\\\/inclusivenews.com.br\\\/wp-content\\\/uploads\\\/2009\\\/12\\\/Inclusive_moeda_mordida.jpg\",\"keywords\":[\"Consumismo\",\"Sociedade\"],\"articleSection\":[\"ENTREVISTAS\",\"NOT\u00cdCIAS\"],\"inLanguage\":\"pt-PT\",\"potentialAction\":[{\"@type\":\"CommentAction\",\"name\":\"Comment\",\"target\":[\"https:\\\/\\\/inclusivenews.com.br\\\/?p=18141#respond\"]}]},{\"@type\":\"WebPage\",\"@id\":\"https:\\\/\\\/inclusivenews.com.br\\\/?p=18141\",\"url\":\"https:\\\/\\\/inclusivenews.com.br\\\/?p=18141\",\"name\":\"Consumismo e individualismo generalizados na sociedade brasileira -\",\"isPartOf\":{\"@id\":\"https:\\\/\\\/inclusivenews.com.br\\\/#website\"},\"primaryImageOfPage\":{\"@id\":\"https:\\\/\\\/inclusivenews.com.br\\\/?p=18141#primaryimage\"},\"image\":{\"@id\":\"https:\\\/\\\/inclusivenews.com.br\\\/?p=18141#primaryimage\"},\"thumbnailUrl\":\"http:\\\/\\\/inclusivenews.com.br\\\/wp-content\\\/uploads\\\/2009\\\/12\\\/Inclusive_moeda_mordida.jpg\",\"datePublished\":\"2010-12-09T10:12:32+00:00\",\"breadcrumb\":{\"@id\":\"https:\\\/\\\/inclusivenews.com.br\\\/?p=18141#breadcrumb\"},\"inLanguage\":\"pt-PT\",\"potentialAction\":[{\"@type\":\"ReadAction\",\"target\":[\"https:\\\/\\\/inclusivenews.com.br\\\/?p=18141\"]}]},{\"@type\":\"ImageObject\",\"inLanguage\":\"pt-PT\",\"@id\":\"https:\\\/\\\/inclusivenews.com.br\\\/?p=18141#primaryimage\",\"url\":\"\",\"contentUrl\":\"\"},{\"@type\":\"BreadcrumbList\",\"@id\":\"https:\\\/\\\/inclusivenews.com.br\\\/?p=18141#breadcrumb\",\"itemListElement\":[{\"@type\":\"ListItem\",\"position\":1,\"name\":\"In\u00edcio\",\"item\":\"https:\\\/\\\/inclusivenews.com.br\\\/\"},{\"@type\":\"ListItem\",\"position\":2,\"name\":\"Consumismo e individualismo generalizados na sociedade brasileira\"}]},{\"@type\":\"WebSite\",\"@id\":\"https:\\\/\\\/inclusivenews.com.br\\\/#website\",\"url\":\"https:\\\/\\\/inclusivenews.com.br\\\/\",\"name\":\"Inclusive News\",\"description\":\"Inclusive News\",\"publisher\":{\"@id\":\"https:\\\/\\\/inclusivenews.com.br\\\/#organization\"},\"potentialAction\":[{\"@type\":\"SearchAction\",\"target\":{\"@type\":\"EntryPoint\",\"urlTemplate\":\"https:\\\/\\\/inclusivenews.com.br\\\/?s={search_term_string}\"},\"query-input\":{\"@type\":\"PropertyValueSpecification\",\"valueRequired\":true,\"valueName\":\"search_term_string\"}}],\"inLanguage\":\"pt-PT\"},{\"@type\":\"Organization\",\"@id\":\"https:\\\/\\\/inclusivenews.com.br\\\/#organization\",\"name\":\"Inclusive - inclus\u00e3o e cidadania\",\"url\":\"https:\\\/\\\/inclusivenews.com.br\\\/\",\"logo\":{\"@type\":\"ImageObject\",\"inLanguage\":\"pt-PT\",\"@id\":\"https:\\\/\\\/inclusivenews.com.br\\\/#\\\/schema\\\/logo\\\/image\\\/\",\"url\":\"https:\\\/\\\/inclusivenews.com.br\\\/wp-content\\\/uploads\\\/2024\\\/03\\\/@grandesite.png\",\"contentUrl\":\"https:\\\/\\\/inclusivenews.com.br\\\/wp-content\\\/uploads\\\/2024\\\/03\\\/@grandesite.png\",\"width\":1080,\"height\":1080,\"caption\":\"Inclusive - inclus\u00e3o e cidadania\"},\"image\":{\"@id\":\"https:\\\/\\\/inclusivenews.com.br\\\/#\\\/schema\\\/logo\\\/image\\\/\"},\"sameAs\":[\"https:\\\/\\\/www.facebook.com\\\/agenciainclusive\\\/\",\"https:\\\/\\\/www.instagram.com\\\/newsinclusive\\\/\"]},{\"@type\":\"Person\",\"@id\":\"https:\\\/\\\/inclusivenews.com.br\\\/#\\\/schema\\\/person\\\/ae4ec7087559b8692fb33b6fffd2273b\",\"name\":\"inclusivenews2024\",\"image\":{\"@type\":\"ImageObject\",\"inLanguage\":\"pt-PT\",\"@id\":\"https:\\\/\\\/secure.gravatar.com\\\/avatar\\\/c5a7ef84c66fa914f55bc4f7ce26cfa275a3b9a1c5568b907bd184fb4dde7b40?s=96&d=mm&r=g\",\"url\":\"https:\\\/\\\/secure.gravatar.com\\\/avatar\\\/c5a7ef84c66fa914f55bc4f7ce26cfa275a3b9a1c5568b907bd184fb4dde7b40?s=96&d=mm&r=g\",\"contentUrl\":\"https:\\\/\\\/secure.gravatar.com\\\/avatar\\\/c5a7ef84c66fa914f55bc4f7ce26cfa275a3b9a1c5568b907bd184fb4dde7b40?s=96&d=mm&r=g\",\"caption\":\"inclusivenews2024\"},\"sameAs\":[\"https:\\\/\\\/inclusivenews.com.br\"],\"url\":\"https:\\\/\\\/inclusivenews.com.br\\\/?author=1\"}]}<\/script>\n<!-- \/ Yoast SEO plugin. -->","yoast_head_json":{"title":"Consumismo e individualismo generalizados na sociedade brasileira -","robots":{"index":"index","follow":"follow","max-snippet":"max-snippet:-1","max-image-preview":"max-image-preview:large","max-video-preview":"max-video-preview:-1"},"canonical":"https:\/\/inclusivenews.com.br\/?p=18141","og_locale":"pt_PT","og_type":"article","og_title":"Consumismo e individualismo generalizados na sociedade brasileira -","og_description":"Para o professor, \u201co consumismo e o individualismo generalizaram-se na sociedade brasileira nas \u00faltimas d\u00e9cadas, num quadro de enfraquecimento dos valores da cidadania, da solidariedade, da igualdade, do esp\u00edrito p\u00fablico republicano, etc.\u201d. A entrevista \u00e9 do IHU online.","og_url":"https:\/\/inclusivenews.com.br\/?p=18141","article_publisher":"https:\/\/www.facebook.com\/agenciainclusive\/","article_published_time":"2010-12-09T10:12:32+00:00","og_image":[{"url":"http:\/\/inclusivenews.com.br\/wp-content\/uploads\/2009\/12\/Inclusive_moeda_mordida.jpg","type":"","width":"","height":""}],"author":"inclusivenews2024","twitter_card":"summary_large_image","twitter_misc":{"Escrito por":"inclusivenews2024","Tempo estimado de leitura":"11 minutos"},"schema":{"@context":"https:\/\/schema.org","@graph":[{"@type":"Article","@id":"https:\/\/inclusivenews.com.br\/?p=18141#article","isPartOf":{"@id":"https:\/\/inclusivenews.com.br\/?p=18141"},"author":{"name":"inclusivenews2024","@id":"https:\/\/inclusivenews.com.br\/#\/schema\/person\/ae4ec7087559b8692fb33b6fffd2273b"},"headline":"Consumismo e individualismo generalizados na sociedade brasileira","datePublished":"2010-12-09T10:12:32+00:00","mainEntityOfPage":{"@id":"https:\/\/inclusivenews.com.br\/?p=18141"},"wordCount":2234,"commentCount":0,"publisher":{"@id":"https:\/\/inclusivenews.com.br\/#organization"},"image":{"@id":"https:\/\/inclusivenews.com.br\/?p=18141#primaryimage"},"thumbnailUrl":"http:\/\/inclusivenews.com.br\/wp-content\/uploads\/2009\/12\/Inclusive_moeda_mordida.jpg","keywords":["Consumismo","Sociedade"],"articleSection":["ENTREVISTAS","NOT\u00cdCIAS"],"inLanguage":"pt-PT","potentialAction":[{"@type":"CommentAction","name":"Comment","target":["https:\/\/inclusivenews.com.br\/?p=18141#respond"]}]},{"@type":"WebPage","@id":"https:\/\/inclusivenews.com.br\/?p=18141","url":"https:\/\/inclusivenews.com.br\/?p=18141","name":"Consumismo e individualismo generalizados na sociedade brasileira -","isPartOf":{"@id":"https:\/\/inclusivenews.com.br\/#website"},"primaryImageOfPage":{"@id":"https:\/\/inclusivenews.com.br\/?p=18141#primaryimage"},"image":{"@id":"https:\/\/inclusivenews.com.br\/?p=18141#primaryimage"},"thumbnailUrl":"http:\/\/inclusivenews.com.br\/wp-content\/uploads\/2009\/12\/Inclusive_moeda_mordida.jpg","datePublished":"2010-12-09T10:12:32+00:00","breadcrumb":{"@id":"https:\/\/inclusivenews.com.br\/?p=18141#breadcrumb"},"inLanguage":"pt-PT","potentialAction":[{"@type":"ReadAction","target":["https:\/\/inclusivenews.com.br\/?p=18141"]}]},{"@type":"ImageObject","inLanguage":"pt-PT","@id":"https:\/\/inclusivenews.com.br\/?p=18141#primaryimage","url":"","contentUrl":""},{"@type":"BreadcrumbList","@id":"https:\/\/inclusivenews.com.br\/?p=18141#breadcrumb","itemListElement":[{"@type":"ListItem","position":1,"name":"In\u00edcio","item":"https:\/\/inclusivenews.com.br\/"},{"@type":"ListItem","position":2,"name":"Consumismo e individualismo generalizados na sociedade brasileira"}]},{"@type":"WebSite","@id":"https:\/\/inclusivenews.com.br\/#website","url":"https:\/\/inclusivenews.com.br\/","name":"Inclusive News","description":"Inclusive News","publisher":{"@id":"https:\/\/inclusivenews.com.br\/#organization"},"potentialAction":[{"@type":"SearchAction","target":{"@type":"EntryPoint","urlTemplate":"https:\/\/inclusivenews.com.br\/?s={search_term_string}"},"query-input":{"@type":"PropertyValueSpecification","valueRequired":true,"valueName":"search_term_string"}}],"inLanguage":"pt-PT"},{"@type":"Organization","@id":"https:\/\/inclusivenews.com.br\/#organization","name":"Inclusive - inclus\u00e3o e cidadania","url":"https:\/\/inclusivenews.com.br\/","logo":{"@type":"ImageObject","inLanguage":"pt-PT","@id":"https:\/\/inclusivenews.com.br\/#\/schema\/logo\/image\/","url":"https:\/\/inclusivenews.com.br\/wp-content\/uploads\/2024\/03\/@grandesite.png","contentUrl":"https:\/\/inclusivenews.com.br\/wp-content\/uploads\/2024\/03\/@grandesite.png","width":1080,"height":1080,"caption":"Inclusive - inclus\u00e3o e cidadania"},"image":{"@id":"https:\/\/inclusivenews.com.br\/#\/schema\/logo\/image\/"},"sameAs":["https:\/\/www.facebook.com\/agenciainclusive\/","https:\/\/www.instagram.com\/newsinclusive\/"]},{"@type":"Person","@id":"https:\/\/inclusivenews.com.br\/#\/schema\/person\/ae4ec7087559b8692fb33b6fffd2273b","name":"inclusivenews2024","image":{"@type":"ImageObject","inLanguage":"pt-PT","@id":"https:\/\/secure.gravatar.com\/avatar\/c5a7ef84c66fa914f55bc4f7ce26cfa275a3b9a1c5568b907bd184fb4dde7b40?s=96&d=mm&r=g","url":"https:\/\/secure.gravatar.com\/avatar\/c5a7ef84c66fa914f55bc4f7ce26cfa275a3b9a1c5568b907bd184fb4dde7b40?s=96&d=mm&r=g","contentUrl":"https:\/\/secure.gravatar.com\/avatar\/c5a7ef84c66fa914f55bc4f7ce26cfa275a3b9a1c5568b907bd184fb4dde7b40?s=96&d=mm&r=g","caption":"inclusivenews2024"},"sameAs":["https:\/\/inclusivenews.com.br"],"url":"https:\/\/inclusivenews.com.br\/?author=1"}]}},"_links":{"self":[{"href":"https:\/\/inclusivenews.com.br\/index.php?rest_route=\/wp\/v2\/posts\/18141","targetHints":{"allow":["GET"]}}],"collection":[{"href":"https:\/\/inclusivenews.com.br\/index.php?rest_route=\/wp\/v2\/posts"}],"about":[{"href":"https:\/\/inclusivenews.com.br\/index.php?rest_route=\/wp\/v2\/types\/post"}],"author":[{"embeddable":true,"href":"https:\/\/inclusivenews.com.br\/index.php?rest_route=\/wp\/v2\/users\/1"}],"replies":[{"embeddable":true,"href":"https:\/\/inclusivenews.com.br\/index.php?rest_route=%2Fwp%2Fv2%2Fcomments&post=18141"}],"version-history":[{"count":0,"href":"https:\/\/inclusivenews.com.br\/index.php?rest_route=\/wp\/v2\/posts\/18141\/revisions"}],"wp:attachment":[{"href":"https:\/\/inclusivenews.com.br\/index.php?rest_route=%2Fwp%2Fv2%2Fmedia&parent=18141"}],"wp:term":[{"taxonomy":"category","embeddable":true,"href":"https:\/\/inclusivenews.com.br\/index.php?rest_route=%2Fwp%2Fv2%2Fcategories&post=18141"},{"taxonomy":"post_tag","embeddable":true,"href":"https:\/\/inclusivenews.com.br\/index.php?rest_route=%2Fwp%2Fv2%2Ftags&post=18141"}],"curies":[{"name":"wp","href":"https:\/\/api.w.org\/{rel}","templated":true}]}}