{"id":18143,"date":"2010-12-09T07:09:53","date_gmt":"2010-12-09T10:09:53","guid":{"rendered":"http:\/\/www.inclusive.org.br\/?p=18143"},"modified":"2010-12-09T07:09:53","modified_gmt":"2010-12-09T10:09:53","slug":"mesa-redonda-sobre-preconceito-inclusao-e-cidadania-e-destaque-em-seminario","status":"publish","type":"post","link":"https:\/\/inclusivenews.com.br\/?p=18143","title":{"rendered":"Mesa-redonda sobre preconceito, inclus\u00e3o e cidadania \u00e9 destaque em semin\u00e1rio"},"content":{"rendered":"<figure style=\"width: 384px\" class=\"wp-caption alignleft\"><img loading=\"lazy\" decoding=\"async\" title=\"Imagem dos participantes do evento\" src=\"http:\/\/www.uneb.br\/files\/2010\/12\/galeria_publico2.jpg\" alt=\"Imagem dos participantes do evento\" width=\"384\" height=\"219\" \/><figcaption class=\"wp-caption-text\">Evento foi realizado no Audit\u00f3rio Jurandyr Oliveira, no Campus I, em Salvador. Fotos: Anderson Freire\/Ascom<\/figcaption><\/figure>\n<p>Os professores Jos\u00e9 Leon Crochik, da Universidade de S\u00e3o Paulo (USP), e Marcos Emanuel, da Universidade Federal da Bahia (Ufba), participaram nessa quarta-feira, dia 1\u00b0 de dezembro, da mesa-redonda Abordagens te\u00f3rico-metodol\u00f3gicas em estudos sobre preconceito, inclus\u00e3o e cidadania, coordenada pela professora da UNEB Nicoleta Mattos.<\/p>\n<p>Os docentes discutiram no Audit\u00f3rio Jurandyr Oliveira, do Departamento de Educa\u00e7\u00e3o (DEDC) do Campus I da UNEB, em Salvador, pesquisas que evidenciam lacunas encontradas no campo da educa\u00e7\u00e3o sobre o tema em quest\u00e3o.<\/p>\n<p>\u201cAs linhas te\u00f3ricas n\u00e3o d\u00e3o conta, sozinhas, da pr\u00e1tica escolar. Mas a pesquisa \u00e9 sempre uma maneira de contribuir para uma metodologia mais assertiva. Temos de pensar a ci\u00eancia no que ela contribui, nas suas limita\u00e7\u00f5es e no seu poder de supera\u00e7\u00e3o\u201d, frisou o professor Crochik.<\/p>\n<p>Marcos Emanuel apresentou algumas estrat\u00e9gias te\u00f3ricas encontradas na literatura acad\u00eamica para o enfrentamento das pr\u00e1ticas preconceituosas observadas em escolas e universidades.<\/p>\n<p>\u201cO preconceito \u00e9 algo aprendido ainda na inf\u00e2ncia, por meio das rela\u00e7\u00f5es de afeto com os pais, tios e familiares. A simples oferta de informa\u00e7\u00e3o n\u00e3o basta para uma mudan\u00e7a de postura\u201d, ponderou o professor da Ufba.<br \/>\nInclus\u00e3o<\/p>\n<p>A mesa-redonda integrou a programa\u00e7\u00e3o de encerramento do II Semin\u00e1rio sobre Inclus\u00e3o, Preconceito e Cidadania, que teve in\u00edcio no dia 30 de novembro.<\/p>\n<p>O evento, que reuniu mais de 100 participantes, foi uma promo\u00e7\u00e3o do grupo de pesquisa inclus\u00e3o e sociedade, pertencente ao Programa de P\u00f3s-Gradua\u00e7\u00e3o em Educa\u00e7\u00e3o e Contemporaneidade (PPGEduC) da institui\u00e7\u00e3o.<\/p>\n<p>\u201cA educa\u00e7\u00e3o inclusiva vem sendo tratada pela universidade com muita dedica\u00e7\u00e3o e respeito. O grupo gestor tem apoiado nossas a\u00e7\u00f5es para que possamos dar conta de uma educa\u00e7\u00e3o que promova a inser\u00e7\u00e3o social e inclus\u00e3o, por exemplo, dos deficientes f\u00edsicos, homossexuais e afrodescendentes\u201d, observou Luciene Silva, coordenadora do semin\u00e1rio.<\/p>\n<p>De acordo com Luciene, o volume de estudantes portadores de necessidades especiais na universidade vem aumentando.<\/p>\n<p>\u201cPrecisamos estar preparados para receb\u00ea-los, n\u00e3o apenas proporcionando acessibilidade, mas tamb\u00e9m um ambiente acad\u00eamico prop\u00edcio para a constru\u00e7\u00e3o do conhecimento\u201d, pontuou a coordenadora.<br \/>\nPreconceito<\/p>\n<p>Durante o semin\u00e1rio tamb\u00e9m foram apresentados os resultados parciais obtidos com a pesquisa Preconceito em rela\u00e7\u00e3o aos inclu\u00eddos da educa\u00e7\u00e3o inclusiva, que est\u00e1 sendo realizada simultaneamente nas cidades de Salvador, S\u00e3o Paulo (SP), Campo Grande (MS), Bel\u00e9m (PA), Santar\u00e9m (PA), Toledo (PR) e at\u00e9 em Buenos Aires, capital da Argentina.<\/p>\n<p>Na capital baiana, a pesquisa est\u00e1 sendo coordenada por Luciene Silva, que se mostrou otimista quanto ao trabalho realizado.<\/p>\n<p>\u201cEsse \u00e9 apenas o primeiro ano de estudos, que devem durar quatro anos. \u00c9 muito gratificante poder representar a UNEB em uma iniciativa dessa dimens\u00e3o e sobre um tema de suma relev\u00e2ncia para a sociedade\u201d, comemorou Luciene.<\/p>\n<p>O semin\u00e1rio teve apoio da dire\u00e7\u00e3o do DEDC, da Pr\u00f3-Reitoria de Extens\u00e3o (Proex) e do N\u00facleo de Educa\u00e7\u00e3o Especial (Nede) da universidade.<\/p>\n<p>Participaram tamb\u00e9m das atividades os professores Hor\u00e1cio Ferber, da Universidade del Museo Social Argentino, Branca Meneses e Dulce Pedrossian, ambas da Universidade Federal do Mato Grosso (Ufms), Maria Isabel Batista, da Universidade Estadual do Oeste do Paran\u00e1 (Unioeste), Marian \u00c1vila, da Universidade Federal de S\u00e3o Paulo (Unifesp), e Rosi Giordano, da Universidade Federal do Par\u00e1 (Ufpa).<\/p>\n<p>___________<\/p>\n<p><strong>Fonte:<\/strong> <a href=\"http:\/\/www.uneb.br\/2010\/12\/02\/mesa-redonda-com-docentes-da-usp-e-ufba-foi-destaque-de-seminario-sobre-preconceito-inclusao-e-cidadania\/\">UNEB<\/a><\/p>\n","protected":false},"excerpt":{"rendered":"<p>A mesa-redonda integrou a programa\u00e7\u00e3o de encerramento do II Semin\u00e1rio sobre Inclus\u00e3o, Preconceito e Cidadania, que teve in\u00edcio no dia 30 de novembro. Informa\u00e7\u00e3o \u00e9 da UNEB.<\/p>\n","protected":false},"author":1,"featured_media":0,"comment_status":"open","ping_status":"open","sticky":false,"template":"","format":"standard","meta":{"site-container-style":"default","site-container-layout":"default","site-sidebar-layout":"default","disable-article-header":"default","disable-site-header":"default","disable-site-footer":"default","disable-content-area-spacing":"default","footnotes":""},"categories":[6,48,4],"tags":[],"class_list":["post-18143","post","type-post","status-publish","format-standard","hentry","category-educacao","category-inclusao","category-noticias"],"yoast_head":"<!-- This site is optimized with the Yoast SEO plugin v27.4 - https:\/\/yoast.com\/product\/yoast-seo-wordpress\/ -->\n<title>Mesa-redonda sobre preconceito, inclus\u00e3o e cidadania \u00e9 destaque em semin\u00e1rio -<\/title>\n<meta name=\"robots\" content=\"index, follow, max-snippet:-1, max-image-preview:large, max-video-preview:-1\" \/>\n<link rel=\"canonical\" href=\"https:\/\/inclusivenews.com.br\/?p=18143\" \/>\n<meta property=\"og:locale\" content=\"pt_PT\" \/>\n<meta property=\"og:type\" content=\"article\" \/>\n<meta property=\"og:title\" content=\"Mesa-redonda sobre preconceito, inclus\u00e3o e cidadania \u00e9 destaque em semin\u00e1rio -\" \/>\n<meta property=\"og:description\" content=\"A mesa-redonda integrou a programa\u00e7\u00e3o de encerramento do II Semin\u00e1rio sobre Inclus\u00e3o, Preconceito e Cidadania, que teve in\u00edcio no dia 30 de novembro. Informa\u00e7\u00e3o \u00e9 da UNEB.\" \/>\n<meta property=\"og:url\" content=\"https:\/\/inclusivenews.com.br\/?p=18143\" \/>\n<meta property=\"article:publisher\" content=\"https:\/\/www.facebook.com\/agenciainclusive\/\" \/>\n<meta property=\"article:published_time\" content=\"2010-12-09T10:09:53+00:00\" \/>\n<meta property=\"og:image\" content=\"http:\/\/www.uneb.br\/files\/2010\/12\/galeria_publico2.jpg\" \/>\n<meta name=\"author\" content=\"inclusivenews2024\" \/>\n<meta name=\"twitter:card\" content=\"summary_large_image\" \/>\n<meta name=\"twitter:label1\" content=\"Escrito por\" \/>\n\t<meta name=\"twitter:data1\" content=\"inclusivenews2024\" \/>\n\t<meta name=\"twitter:label2\" content=\"Tempo estimado de leitura\" \/>\n\t<meta name=\"twitter:data2\" content=\"3 minutos\" \/>\n<script type=\"application\/ld+json\" class=\"yoast-schema-graph\">{\"@context\":\"https:\\\/\\\/schema.org\",\"@graph\":[{\"@type\":\"Article\",\"@id\":\"https:\\\/\\\/inclusivenews.com.br\\\/?p=18143#article\",\"isPartOf\":{\"@id\":\"https:\\\/\\\/inclusivenews.com.br\\\/?p=18143\"},\"author\":{\"name\":\"inclusivenews2024\",\"@id\":\"https:\\\/\\\/inclusivenews.com.br\\\/#\\\/schema\\\/person\\\/ae4ec7087559b8692fb33b6fffd2273b\"},\"headline\":\"Mesa-redonda sobre preconceito, inclus\u00e3o e cidadania \u00e9 destaque em semin\u00e1rio\",\"datePublished\":\"2010-12-09T10:09:53+00:00\",\"mainEntityOfPage\":{\"@id\":\"https:\\\/\\\/inclusivenews.com.br\\\/?p=18143\"},\"wordCount\":607,\"commentCount\":0,\"publisher\":{\"@id\":\"https:\\\/\\\/inclusivenews.com.br\\\/#organization\"},\"image\":{\"@id\":\"https:\\\/\\\/inclusivenews.com.br\\\/?p=18143#primaryimage\"},\"thumbnailUrl\":\"http:\\\/\\\/www.uneb.br\\\/files\\\/2010\\\/12\\\/galeria_publico2.jpg\",\"articleSection\":[\"EDUCA\u00c7\u00c3O\",\"INCLUS\u00c3O SOCIAL\",\"NOT\u00cdCIAS\"],\"inLanguage\":\"pt-PT\",\"potentialAction\":[{\"@type\":\"CommentAction\",\"name\":\"Comment\",\"target\":[\"https:\\\/\\\/inclusivenews.com.br\\\/?p=18143#respond\"]}]},{\"@type\":\"WebPage\",\"@id\":\"https:\\\/\\\/inclusivenews.com.br\\\/?p=18143\",\"url\":\"https:\\\/\\\/inclusivenews.com.br\\\/?p=18143\",\"name\":\"Mesa-redonda sobre preconceito, inclus\u00e3o e cidadania \u00e9 destaque em semin\u00e1rio -\",\"isPartOf\":{\"@id\":\"https:\\\/\\\/inclusivenews.com.br\\\/#website\"},\"primaryImageOfPage\":{\"@id\":\"https:\\\/\\\/inclusivenews.com.br\\\/?p=18143#primaryimage\"},\"image\":{\"@id\":\"https:\\\/\\\/inclusivenews.com.br\\\/?p=18143#primaryimage\"},\"thumbnailUrl\":\"http:\\\/\\\/www.uneb.br\\\/files\\\/2010\\\/12\\\/galeria_publico2.jpg\",\"datePublished\":\"2010-12-09T10:09:53+00:00\",\"breadcrumb\":{\"@id\":\"https:\\\/\\\/inclusivenews.com.br\\\/?p=18143#breadcrumb\"},\"inLanguage\":\"pt-PT\",\"potentialAction\":[{\"@type\":\"ReadAction\",\"target\":[\"https:\\\/\\\/inclusivenews.com.br\\\/?p=18143\"]}]},{\"@type\":\"ImageObject\",\"inLanguage\":\"pt-PT\",\"@id\":\"https:\\\/\\\/inclusivenews.com.br\\\/?p=18143#primaryimage\",\"url\":\"http:\\\/\\\/www.uneb.br\\\/files\\\/2010\\\/12\\\/galeria_publico2.jpg\",\"contentUrl\":\"http:\\\/\\\/www.uneb.br\\\/files\\\/2010\\\/12\\\/galeria_publico2.jpg\"},{\"@type\":\"BreadcrumbList\",\"@id\":\"https:\\\/\\\/inclusivenews.com.br\\\/?p=18143#breadcrumb\",\"itemListElement\":[{\"@type\":\"ListItem\",\"position\":1,\"name\":\"In\u00edcio\",\"item\":\"https:\\\/\\\/inclusivenews.com.br\\\/\"},{\"@type\":\"ListItem\",\"position\":2,\"name\":\"Mesa-redonda sobre preconceito, inclus\u00e3o e cidadania \u00e9 destaque em semin\u00e1rio\"}]},{\"@type\":\"WebSite\",\"@id\":\"https:\\\/\\\/inclusivenews.com.br\\\/#website\",\"url\":\"https:\\\/\\\/inclusivenews.com.br\\\/\",\"name\":\"Inclusive News\",\"description\":\"Inclusive News\",\"publisher\":{\"@id\":\"https:\\\/\\\/inclusivenews.com.br\\\/#organization\"},\"potentialAction\":[{\"@type\":\"SearchAction\",\"target\":{\"@type\":\"EntryPoint\",\"urlTemplate\":\"https:\\\/\\\/inclusivenews.com.br\\\/?s={search_term_string}\"},\"query-input\":{\"@type\":\"PropertyValueSpecification\",\"valueRequired\":true,\"valueName\":\"search_term_string\"}}],\"inLanguage\":\"pt-PT\"},{\"@type\":\"Organization\",\"@id\":\"https:\\\/\\\/inclusivenews.com.br\\\/#organization\",\"name\":\"Inclusive - inclus\u00e3o e cidadania\",\"url\":\"https:\\\/\\\/inclusivenews.com.br\\\/\",\"logo\":{\"@type\":\"ImageObject\",\"inLanguage\":\"pt-PT\",\"@id\":\"https:\\\/\\\/inclusivenews.com.br\\\/#\\\/schema\\\/logo\\\/image\\\/\",\"url\":\"https:\\\/\\\/inclusivenews.com.br\\\/wp-content\\\/uploads\\\/2024\\\/03\\\/@grandesite.png\",\"contentUrl\":\"https:\\\/\\\/inclusivenews.com.br\\\/wp-content\\\/uploads\\\/2024\\\/03\\\/@grandesite.png\",\"width\":1080,\"height\":1080,\"caption\":\"Inclusive - inclus\u00e3o e cidadania\"},\"image\":{\"@id\":\"https:\\\/\\\/inclusivenews.com.br\\\/#\\\/schema\\\/logo\\\/image\\\/\"},\"sameAs\":[\"https:\\\/\\\/www.facebook.com\\\/agenciainclusive\\\/\",\"https:\\\/\\\/www.instagram.com\\\/newsinclusive\\\/\"]},{\"@type\":\"Person\",\"@id\":\"https:\\\/\\\/inclusivenews.com.br\\\/#\\\/schema\\\/person\\\/ae4ec7087559b8692fb33b6fffd2273b\",\"name\":\"inclusivenews2024\",\"image\":{\"@type\":\"ImageObject\",\"inLanguage\":\"pt-PT\",\"@id\":\"https:\\\/\\\/secure.gravatar.com\\\/avatar\\\/c5a7ef84c66fa914f55bc4f7ce26cfa275a3b9a1c5568b907bd184fb4dde7b40?s=96&d=mm&r=g\",\"url\":\"https:\\\/\\\/secure.gravatar.com\\\/avatar\\\/c5a7ef84c66fa914f55bc4f7ce26cfa275a3b9a1c5568b907bd184fb4dde7b40?s=96&d=mm&r=g\",\"contentUrl\":\"https:\\\/\\\/secure.gravatar.com\\\/avatar\\\/c5a7ef84c66fa914f55bc4f7ce26cfa275a3b9a1c5568b907bd184fb4dde7b40?s=96&d=mm&r=g\",\"caption\":\"inclusivenews2024\"},\"sameAs\":[\"https:\\\/\\\/inclusivenews.com.br\"],\"url\":\"https:\\\/\\\/inclusivenews.com.br\\\/?author=1\"}]}<\/script>\n<!-- \/ Yoast SEO plugin. -->","yoast_head_json":{"title":"Mesa-redonda sobre preconceito, inclus\u00e3o e cidadania \u00e9 destaque em semin\u00e1rio -","robots":{"index":"index","follow":"follow","max-snippet":"max-snippet:-1","max-image-preview":"max-image-preview:large","max-video-preview":"max-video-preview:-1"},"canonical":"https:\/\/inclusivenews.com.br\/?p=18143","og_locale":"pt_PT","og_type":"article","og_title":"Mesa-redonda sobre preconceito, inclus\u00e3o e cidadania \u00e9 destaque em semin\u00e1rio -","og_description":"A mesa-redonda integrou a programa\u00e7\u00e3o de encerramento do II Semin\u00e1rio sobre Inclus\u00e3o, Preconceito e Cidadania, que teve in\u00edcio no dia 30 de novembro. Informa\u00e7\u00e3o \u00e9 da UNEB.","og_url":"https:\/\/inclusivenews.com.br\/?p=18143","article_publisher":"https:\/\/www.facebook.com\/agenciainclusive\/","article_published_time":"2010-12-09T10:09:53+00:00","og_image":[{"url":"http:\/\/www.uneb.br\/files\/2010\/12\/galeria_publico2.jpg","type":"","width":"","height":""}],"author":"inclusivenews2024","twitter_card":"summary_large_image","twitter_misc":{"Escrito por":"inclusivenews2024","Tempo estimado de leitura":"3 minutos"},"schema":{"@context":"https:\/\/schema.org","@graph":[{"@type":"Article","@id":"https:\/\/inclusivenews.com.br\/?p=18143#article","isPartOf":{"@id":"https:\/\/inclusivenews.com.br\/?p=18143"},"author":{"name":"inclusivenews2024","@id":"https:\/\/inclusivenews.com.br\/#\/schema\/person\/ae4ec7087559b8692fb33b6fffd2273b"},"headline":"Mesa-redonda sobre preconceito, inclus\u00e3o e cidadania \u00e9 destaque em semin\u00e1rio","datePublished":"2010-12-09T10:09:53+00:00","mainEntityOfPage":{"@id":"https:\/\/inclusivenews.com.br\/?p=18143"},"wordCount":607,"commentCount":0,"publisher":{"@id":"https:\/\/inclusivenews.com.br\/#organization"},"image":{"@id":"https:\/\/inclusivenews.com.br\/?p=18143#primaryimage"},"thumbnailUrl":"http:\/\/www.uneb.br\/files\/2010\/12\/galeria_publico2.jpg","articleSection":["EDUCA\u00c7\u00c3O","INCLUS\u00c3O SOCIAL","NOT\u00cdCIAS"],"inLanguage":"pt-PT","potentialAction":[{"@type":"CommentAction","name":"Comment","target":["https:\/\/inclusivenews.com.br\/?p=18143#respond"]}]},{"@type":"WebPage","@id":"https:\/\/inclusivenews.com.br\/?p=18143","url":"https:\/\/inclusivenews.com.br\/?p=18143","name":"Mesa-redonda sobre preconceito, inclus\u00e3o e cidadania \u00e9 destaque em semin\u00e1rio -","isPartOf":{"@id":"https:\/\/inclusivenews.com.br\/#website"},"primaryImageOfPage":{"@id":"https:\/\/inclusivenews.com.br\/?p=18143#primaryimage"},"image":{"@id":"https:\/\/inclusivenews.com.br\/?p=18143#primaryimage"},"thumbnailUrl":"http:\/\/www.uneb.br\/files\/2010\/12\/galeria_publico2.jpg","datePublished":"2010-12-09T10:09:53+00:00","breadcrumb":{"@id":"https:\/\/inclusivenews.com.br\/?p=18143#breadcrumb"},"inLanguage":"pt-PT","potentialAction":[{"@type":"ReadAction","target":["https:\/\/inclusivenews.com.br\/?p=18143"]}]},{"@type":"ImageObject","inLanguage":"pt-PT","@id":"https:\/\/inclusivenews.com.br\/?p=18143#primaryimage","url":"http:\/\/www.uneb.br\/files\/2010\/12\/galeria_publico2.jpg","contentUrl":"http:\/\/www.uneb.br\/files\/2010\/12\/galeria_publico2.jpg"},{"@type":"BreadcrumbList","@id":"https:\/\/inclusivenews.com.br\/?p=18143#breadcrumb","itemListElement":[{"@type":"ListItem","position":1,"name":"In\u00edcio","item":"https:\/\/inclusivenews.com.br\/"},{"@type":"ListItem","position":2,"name":"Mesa-redonda sobre preconceito, inclus\u00e3o e cidadania \u00e9 destaque em semin\u00e1rio"}]},{"@type":"WebSite","@id":"https:\/\/inclusivenews.com.br\/#website","url":"https:\/\/inclusivenews.com.br\/","name":"Inclusive News","description":"Inclusive News","publisher":{"@id":"https:\/\/inclusivenews.com.br\/#organization"},"potentialAction":[{"@type":"SearchAction","target":{"@type":"EntryPoint","urlTemplate":"https:\/\/inclusivenews.com.br\/?s={search_term_string}"},"query-input":{"@type":"PropertyValueSpecification","valueRequired":true,"valueName":"search_term_string"}}],"inLanguage":"pt-PT"},{"@type":"Organization","@id":"https:\/\/inclusivenews.com.br\/#organization","name":"Inclusive - inclus\u00e3o e cidadania","url":"https:\/\/inclusivenews.com.br\/","logo":{"@type":"ImageObject","inLanguage":"pt-PT","@id":"https:\/\/inclusivenews.com.br\/#\/schema\/logo\/image\/","url":"https:\/\/inclusivenews.com.br\/wp-content\/uploads\/2024\/03\/@grandesite.png","contentUrl":"https:\/\/inclusivenews.com.br\/wp-content\/uploads\/2024\/03\/@grandesite.png","width":1080,"height":1080,"caption":"Inclusive - inclus\u00e3o e cidadania"},"image":{"@id":"https:\/\/inclusivenews.com.br\/#\/schema\/logo\/image\/"},"sameAs":["https:\/\/www.facebook.com\/agenciainclusive\/","https:\/\/www.instagram.com\/newsinclusive\/"]},{"@type":"Person","@id":"https:\/\/inclusivenews.com.br\/#\/schema\/person\/ae4ec7087559b8692fb33b6fffd2273b","name":"inclusivenews2024","image":{"@type":"ImageObject","inLanguage":"pt-PT","@id":"https:\/\/secure.gravatar.com\/avatar\/c5a7ef84c66fa914f55bc4f7ce26cfa275a3b9a1c5568b907bd184fb4dde7b40?s=96&d=mm&r=g","url":"https:\/\/secure.gravatar.com\/avatar\/c5a7ef84c66fa914f55bc4f7ce26cfa275a3b9a1c5568b907bd184fb4dde7b40?s=96&d=mm&r=g","contentUrl":"https:\/\/secure.gravatar.com\/avatar\/c5a7ef84c66fa914f55bc4f7ce26cfa275a3b9a1c5568b907bd184fb4dde7b40?s=96&d=mm&r=g","caption":"inclusivenews2024"},"sameAs":["https:\/\/inclusivenews.com.br"],"url":"https:\/\/inclusivenews.com.br\/?author=1"}]}},"_links":{"self":[{"href":"https:\/\/inclusivenews.com.br\/index.php?rest_route=\/wp\/v2\/posts\/18143","targetHints":{"allow":["GET"]}}],"collection":[{"href":"https:\/\/inclusivenews.com.br\/index.php?rest_route=\/wp\/v2\/posts"}],"about":[{"href":"https:\/\/inclusivenews.com.br\/index.php?rest_route=\/wp\/v2\/types\/post"}],"author":[{"embeddable":true,"href":"https:\/\/inclusivenews.com.br\/index.php?rest_route=\/wp\/v2\/users\/1"}],"replies":[{"embeddable":true,"href":"https:\/\/inclusivenews.com.br\/index.php?rest_route=%2Fwp%2Fv2%2Fcomments&post=18143"}],"version-history":[{"count":0,"href":"https:\/\/inclusivenews.com.br\/index.php?rest_route=\/wp\/v2\/posts\/18143\/revisions"}],"wp:attachment":[{"href":"https:\/\/inclusivenews.com.br\/index.php?rest_route=%2Fwp%2Fv2%2Fmedia&parent=18143"}],"wp:term":[{"taxonomy":"category","embeddable":true,"href":"https:\/\/inclusivenews.com.br\/index.php?rest_route=%2Fwp%2Fv2%2Fcategories&post=18143"},{"taxonomy":"post_tag","embeddable":true,"href":"https:\/\/inclusivenews.com.br\/index.php?rest_route=%2Fwp%2Fv2%2Ftags&post=18143"}],"curies":[{"name":"wp","href":"https:\/\/api.w.org\/{rel}","templated":true}]}}