{"id":18144,"date":"2010-12-09T07:03:42","date_gmt":"2010-12-09T10:03:42","guid":{"rendered":"http:\/\/www.inclusive.org.br\/?p=18144"},"modified":"2010-12-09T07:03:42","modified_gmt":"2010-12-09T10:03:42","slug":"preconceito-e-apontado-como-principal-problema-para-a-pessoa-com-deficiencia-no-brasil","status":"publish","type":"post","link":"https:\/\/inclusivenews.com.br\/?p=18144","title":{"rendered":"Preconceito \u00e9 apontado como principal problema para a pessoa com defici\u00eancia no Brasil"},"content":{"rendered":"<p><a href=\"http:\/\/www.inclusivenews.com.br\/wp-content\/uploads\/2010\/09\/cadeira-formada-por-pessoas.jpg\"><img loading=\"lazy\" decoding=\"async\" class=\"alignleft size-full wp-image-17256\" title=\"Desenho de cadeira de rodas formada por v\u00e1rias pessoas.\" src=\"http:\/\/inclusivenews.com.br\/wp-content\/uploads\/2010\/09\/cadeira-formada-por-pessoas.jpg\" alt=\"Desenho de cadeira de rodas formada por v\u00e1rias pessoas.\" width=\"216\" height=\"194\" \/><\/a>O preconceito ainda \u00e9 o principal obst\u00e1culo para as pessoas portadoras de qualquer tipo de defici\u00eancia no pa\u00eds, disse hoje (3) o cadeirante Geraldo Nogueira, presidente da Comiss\u00e3o de Defesa dos Direitos da Pessoa com Defici\u00eancia, da Ordem dos Advogados do Brasil (OAB), durante o semin\u00e1rio Conven\u00e7\u00e3o sobre os Direitos das Pessoas com Defici\u00eancia, promovido pela OAB no Dia Internacional das Pessoas com Defici\u00eancia.<\/p>\n<p>Nogueira ressaltou que no Brasil a quest\u00e3o \u00e9 cultural, mas que precisa ser vencida para que os deficientes fa\u00e7am parte da sociedade em igualdade de condi\u00e7\u00f5es com as outras pessoas. \u201cExiste um preconceito velado que n\u00f3s n\u00e3o admitimos e todos n\u00f3s, estou me incluindo nesse processo, fomos educados por uma sociedade preconceituosa. Ent\u00e3o \u00e9 uma quest\u00e3o cultural que precisa ser transformada. O ponto mais importante, hoje, \u00e9 reverter o quadro do preconceito\u201d, disse.<\/p>\n<p>Ele enfatizou tamb\u00e9m que apesar do pa\u00eds ter melhorado na quest\u00e3o da acessibilidade, o portador de defici\u00eancia ainda encontra muita dificuldade no seu deslocamento. \u201cO acesso tem melhorado bastante, mas ainda se encontram muitas barreiras f\u00edsicas principalmente nas partes antigas das cidades. As cidades que s\u00e3o menores ainda t\u00eam essa dificuldade. Mas existe um processo de modifica\u00e7\u00e3o. O Rio de Janeiro, inclusive, vai receber uma Copa do Mundo e uma Olimp\u00edada e vai sofrer uma grande transforma\u00e7\u00e3o. A gente espera que se torne uma cidade completamente acess\u00edvel\u201d.<\/p>\n<p>O semin\u00e1rio, que teve o objetivo de discutir a situa\u00e7\u00e3o das pessoas com defici\u00eancia no pa\u00eds, marcou tamb\u00e9m o lan\u00e7amento do manual Compreendendo a Conven\u00e7\u00e3o sobre os Direitos das Pessoas com Defici\u00eancia, de autoria da OAB-RJ e do Centro de Informa\u00e7\u00e3o das Na\u00e7\u00f5es Unidas para o Brasil.<\/p>\n<p>A Conven\u00e7\u00e3o sobre os Direitos das Pessoas com Defici\u00eancia, que visa a assegurar a todos os deficientes uma igualdade de direitos, foi aprovada pela Assembleia Geral da ONU em 2006. Atualmente, 147 na\u00e7\u00f5es que integram a ONU, incluindo o Brasil, de um total de 192 pa\u00edses, j\u00e1 assinaram a conven\u00e7\u00e3o.<\/p>\n<p>Edi\u00e7\u00e3o: A\u00e9cio Amado<\/p>\n<p>_________________<\/p>\n<p><strong>Fonte:<\/strong> <a href=\"http:\/\/agenciabrasil.ebc.com.br\/home\/-\/journal_content\/56\/19523\/1114979\">Ag\u00eancia Brasil<\/a><\/p>\n","protected":false},"excerpt":{"rendered":"<p>O preconceito ainda \u00e9 o principal obst\u00e1culo para as pessoas portadoras de qualquer tipo de defici\u00eancia no pa\u00eds, disse hoje (3) o cadeirante Geraldo Nogueira, presidente da Comiss\u00e3o de Defesa dos Direitos da Pessoa com Defici\u00eancia, da Ordem dos Advogados do Brasil (OAB), durante o semin\u00e1rio Conven\u00e7\u00e3o sobre os Direitos das Pessoas com Defici\u00eancia, promovido pela OAB no Dia Internacional das Pessoas com Defici\u00eancia.<\/p>\n","protected":false},"author":1,"featured_media":0,"comment_status":"open","ping_status":"open","sticky":false,"template":"","format":"standard","meta":{"site-container-style":"default","site-container-layout":"default","site-sidebar-layout":"default","disable-article-header":"default","disable-site-header":"default","disable-site-footer":"default","disable-content-area-spacing":"default","footnotes":""},"categories":[38,11,48,4,41],"tags":[],"class_list":["post-18144","post","type-post","status-publish","format-standard","hentry","category-deficiencia","category-direitos-humanos","category-inclusao","category-noticias","category-preconceito"],"yoast_head":"<!-- This site is optimized with the Yoast SEO plugin v27.4 - https:\/\/yoast.com\/product\/yoast-seo-wordpress\/ -->\n<title>Preconceito \u00e9 apontado como principal problema para a pessoa com defici\u00eancia no Brasil -<\/title>\n<meta name=\"robots\" content=\"index, follow, max-snippet:-1, max-image-preview:large, max-video-preview:-1\" \/>\n<link rel=\"canonical\" href=\"https:\/\/inclusivenews.com.br\/?p=18144\" \/>\n<meta property=\"og:locale\" content=\"pt_PT\" \/>\n<meta property=\"og:type\" content=\"article\" \/>\n<meta property=\"og:title\" content=\"Preconceito \u00e9 apontado como principal problema para a pessoa com defici\u00eancia no Brasil -\" \/>\n<meta property=\"og:description\" content=\"O preconceito ainda \u00e9 o principal obst\u00e1culo para as pessoas portadoras de qualquer tipo de defici\u00eancia no pa\u00eds, disse hoje (3) o cadeirante Geraldo Nogueira, presidente da Comiss\u00e3o de Defesa dos Direitos da Pessoa com Defici\u00eancia, da Ordem dos Advogados do Brasil (OAB), durante o semin\u00e1rio Conven\u00e7\u00e3o sobre os Direitos das Pessoas com Defici\u00eancia, promovido pela OAB no Dia Internacional das Pessoas com Defici\u00eancia.\" \/>\n<meta property=\"og:url\" content=\"https:\/\/inclusivenews.com.br\/?p=18144\" \/>\n<meta property=\"article:publisher\" content=\"https:\/\/www.facebook.com\/agenciainclusive\/\" \/>\n<meta property=\"article:published_time\" content=\"2010-12-09T10:03:42+00:00\" \/>\n<meta property=\"og:image\" content=\"http:\/\/inclusivenews.com.br\/wp-content\/uploads\/2010\/09\/cadeira-formada-por-pessoas.jpg\" \/>\n<meta name=\"author\" content=\"inclusivenews2024\" \/>\n<meta name=\"twitter:card\" content=\"summary_large_image\" \/>\n<meta name=\"twitter:label1\" content=\"Escrito por\" \/>\n\t<meta name=\"twitter:data1\" content=\"inclusivenews2024\" \/>\n\t<meta name=\"twitter:label2\" content=\"Tempo estimado de leitura\" \/>\n\t<meta name=\"twitter:data2\" content=\"2 minutos\" \/>\n<script type=\"application\/ld+json\" class=\"yoast-schema-graph\">{\"@context\":\"https:\\\/\\\/schema.org\",\"@graph\":[{\"@type\":\"Article\",\"@id\":\"https:\\\/\\\/inclusivenews.com.br\\\/?p=18144#article\",\"isPartOf\":{\"@id\":\"https:\\\/\\\/inclusivenews.com.br\\\/?p=18144\"},\"author\":{\"name\":\"inclusivenews2024\",\"@id\":\"https:\\\/\\\/inclusivenews.com.br\\\/#\\\/schema\\\/person\\\/ae4ec7087559b8692fb33b6fffd2273b\"},\"headline\":\"Preconceito \u00e9 apontado como principal problema para a pessoa com defici\u00eancia no Brasil\",\"datePublished\":\"2010-12-09T10:03:42+00:00\",\"mainEntityOfPage\":{\"@id\":\"https:\\\/\\\/inclusivenews.com.br\\\/?p=18144\"},\"wordCount\":378,\"commentCount\":0,\"publisher\":{\"@id\":\"https:\\\/\\\/inclusivenews.com.br\\\/#organization\"},\"image\":{\"@id\":\"https:\\\/\\\/inclusivenews.com.br\\\/?p=18144#primaryimage\"},\"thumbnailUrl\":\"http:\\\/\\\/inclusivenews.com.br\\\/wp-content\\\/uploads\\\/2010\\\/09\\\/cadeira-formada-por-pessoas.jpg\",\"articleSection\":[\"Defici\u00eancia\",\"DIREITOS HUMANOS\",\"INCLUS\u00c3O SOCIAL\",\"NOT\u00cdCIAS\",\"Preconceito\"],\"inLanguage\":\"pt-PT\",\"potentialAction\":[{\"@type\":\"CommentAction\",\"name\":\"Comment\",\"target\":[\"https:\\\/\\\/inclusivenews.com.br\\\/?p=18144#respond\"]}]},{\"@type\":\"WebPage\",\"@id\":\"https:\\\/\\\/inclusivenews.com.br\\\/?p=18144\",\"url\":\"https:\\\/\\\/inclusivenews.com.br\\\/?p=18144\",\"name\":\"Preconceito \u00e9 apontado como principal problema para a pessoa com defici\u00eancia no Brasil -\",\"isPartOf\":{\"@id\":\"https:\\\/\\\/inclusivenews.com.br\\\/#website\"},\"primaryImageOfPage\":{\"@id\":\"https:\\\/\\\/inclusivenews.com.br\\\/?p=18144#primaryimage\"},\"image\":{\"@id\":\"https:\\\/\\\/inclusivenews.com.br\\\/?p=18144#primaryimage\"},\"thumbnailUrl\":\"http:\\\/\\\/inclusivenews.com.br\\\/wp-content\\\/uploads\\\/2010\\\/09\\\/cadeira-formada-por-pessoas.jpg\",\"datePublished\":\"2010-12-09T10:03:42+00:00\",\"breadcrumb\":{\"@id\":\"https:\\\/\\\/inclusivenews.com.br\\\/?p=18144#breadcrumb\"},\"inLanguage\":\"pt-PT\",\"potentialAction\":[{\"@type\":\"ReadAction\",\"target\":[\"https:\\\/\\\/inclusivenews.com.br\\\/?p=18144\"]}]},{\"@type\":\"ImageObject\",\"inLanguage\":\"pt-PT\",\"@id\":\"https:\\\/\\\/inclusivenews.com.br\\\/?p=18144#primaryimage\",\"url\":\"\",\"contentUrl\":\"\"},{\"@type\":\"BreadcrumbList\",\"@id\":\"https:\\\/\\\/inclusivenews.com.br\\\/?p=18144#breadcrumb\",\"itemListElement\":[{\"@type\":\"ListItem\",\"position\":1,\"name\":\"In\u00edcio\",\"item\":\"https:\\\/\\\/inclusivenews.com.br\\\/\"},{\"@type\":\"ListItem\",\"position\":2,\"name\":\"Preconceito \u00e9 apontado como principal problema para a pessoa com defici\u00eancia no Brasil\"}]},{\"@type\":\"WebSite\",\"@id\":\"https:\\\/\\\/inclusivenews.com.br\\\/#website\",\"url\":\"https:\\\/\\\/inclusivenews.com.br\\\/\",\"name\":\"Inclusive News\",\"description\":\"Inclusive News\",\"publisher\":{\"@id\":\"https:\\\/\\\/inclusivenews.com.br\\\/#organization\"},\"potentialAction\":[{\"@type\":\"SearchAction\",\"target\":{\"@type\":\"EntryPoint\",\"urlTemplate\":\"https:\\\/\\\/inclusivenews.com.br\\\/?s={search_term_string}\"},\"query-input\":{\"@type\":\"PropertyValueSpecification\",\"valueRequired\":true,\"valueName\":\"search_term_string\"}}],\"inLanguage\":\"pt-PT\"},{\"@type\":\"Organization\",\"@id\":\"https:\\\/\\\/inclusivenews.com.br\\\/#organization\",\"name\":\"Inclusive - inclus\u00e3o e cidadania\",\"url\":\"https:\\\/\\\/inclusivenews.com.br\\\/\",\"logo\":{\"@type\":\"ImageObject\",\"inLanguage\":\"pt-PT\",\"@id\":\"https:\\\/\\\/inclusivenews.com.br\\\/#\\\/schema\\\/logo\\\/image\\\/\",\"url\":\"https:\\\/\\\/inclusivenews.com.br\\\/wp-content\\\/uploads\\\/2024\\\/03\\\/@grandesite.png\",\"contentUrl\":\"https:\\\/\\\/inclusivenews.com.br\\\/wp-content\\\/uploads\\\/2024\\\/03\\\/@grandesite.png\",\"width\":1080,\"height\":1080,\"caption\":\"Inclusive - inclus\u00e3o e cidadania\"},\"image\":{\"@id\":\"https:\\\/\\\/inclusivenews.com.br\\\/#\\\/schema\\\/logo\\\/image\\\/\"},\"sameAs\":[\"https:\\\/\\\/www.facebook.com\\\/agenciainclusive\\\/\",\"https:\\\/\\\/www.instagram.com\\\/newsinclusive\\\/\"]},{\"@type\":\"Person\",\"@id\":\"https:\\\/\\\/inclusivenews.com.br\\\/#\\\/schema\\\/person\\\/ae4ec7087559b8692fb33b6fffd2273b\",\"name\":\"inclusivenews2024\",\"image\":{\"@type\":\"ImageObject\",\"inLanguage\":\"pt-PT\",\"@id\":\"https:\\\/\\\/secure.gravatar.com\\\/avatar\\\/c5a7ef84c66fa914f55bc4f7ce26cfa275a3b9a1c5568b907bd184fb4dde7b40?s=96&d=mm&r=g\",\"url\":\"https:\\\/\\\/secure.gravatar.com\\\/avatar\\\/c5a7ef84c66fa914f55bc4f7ce26cfa275a3b9a1c5568b907bd184fb4dde7b40?s=96&d=mm&r=g\",\"contentUrl\":\"https:\\\/\\\/secure.gravatar.com\\\/avatar\\\/c5a7ef84c66fa914f55bc4f7ce26cfa275a3b9a1c5568b907bd184fb4dde7b40?s=96&d=mm&r=g\",\"caption\":\"inclusivenews2024\"},\"sameAs\":[\"https:\\\/\\\/inclusivenews.com.br\"],\"url\":\"https:\\\/\\\/inclusivenews.com.br\\\/?author=1\"}]}<\/script>\n<!-- \/ Yoast SEO plugin. -->","yoast_head_json":{"title":"Preconceito \u00e9 apontado como principal problema para a pessoa com defici\u00eancia no Brasil -","robots":{"index":"index","follow":"follow","max-snippet":"max-snippet:-1","max-image-preview":"max-image-preview:large","max-video-preview":"max-video-preview:-1"},"canonical":"https:\/\/inclusivenews.com.br\/?p=18144","og_locale":"pt_PT","og_type":"article","og_title":"Preconceito \u00e9 apontado como principal problema para a pessoa com defici\u00eancia no Brasil -","og_description":"O preconceito ainda \u00e9 o principal obst\u00e1culo para as pessoas portadoras de qualquer tipo de defici\u00eancia no pa\u00eds, disse hoje (3) o cadeirante Geraldo Nogueira, presidente da Comiss\u00e3o de Defesa dos Direitos da Pessoa com Defici\u00eancia, da Ordem dos Advogados do Brasil (OAB), durante o semin\u00e1rio Conven\u00e7\u00e3o sobre os Direitos das Pessoas com Defici\u00eancia, promovido pela OAB no Dia Internacional das Pessoas com Defici\u00eancia.","og_url":"https:\/\/inclusivenews.com.br\/?p=18144","article_publisher":"https:\/\/www.facebook.com\/agenciainclusive\/","article_published_time":"2010-12-09T10:03:42+00:00","og_image":[{"url":"http:\/\/inclusivenews.com.br\/wp-content\/uploads\/2010\/09\/cadeira-formada-por-pessoas.jpg","type":"","width":"","height":""}],"author":"inclusivenews2024","twitter_card":"summary_large_image","twitter_misc":{"Escrito por":"inclusivenews2024","Tempo estimado de leitura":"2 minutos"},"schema":{"@context":"https:\/\/schema.org","@graph":[{"@type":"Article","@id":"https:\/\/inclusivenews.com.br\/?p=18144#article","isPartOf":{"@id":"https:\/\/inclusivenews.com.br\/?p=18144"},"author":{"name":"inclusivenews2024","@id":"https:\/\/inclusivenews.com.br\/#\/schema\/person\/ae4ec7087559b8692fb33b6fffd2273b"},"headline":"Preconceito \u00e9 apontado como principal problema para a pessoa com defici\u00eancia no Brasil","datePublished":"2010-12-09T10:03:42+00:00","mainEntityOfPage":{"@id":"https:\/\/inclusivenews.com.br\/?p=18144"},"wordCount":378,"commentCount":0,"publisher":{"@id":"https:\/\/inclusivenews.com.br\/#organization"},"image":{"@id":"https:\/\/inclusivenews.com.br\/?p=18144#primaryimage"},"thumbnailUrl":"http:\/\/inclusivenews.com.br\/wp-content\/uploads\/2010\/09\/cadeira-formada-por-pessoas.jpg","articleSection":["Defici\u00eancia","DIREITOS HUMANOS","INCLUS\u00c3O SOCIAL","NOT\u00cdCIAS","Preconceito"],"inLanguage":"pt-PT","potentialAction":[{"@type":"CommentAction","name":"Comment","target":["https:\/\/inclusivenews.com.br\/?p=18144#respond"]}]},{"@type":"WebPage","@id":"https:\/\/inclusivenews.com.br\/?p=18144","url":"https:\/\/inclusivenews.com.br\/?p=18144","name":"Preconceito \u00e9 apontado como principal problema para a pessoa com defici\u00eancia no Brasil -","isPartOf":{"@id":"https:\/\/inclusivenews.com.br\/#website"},"primaryImageOfPage":{"@id":"https:\/\/inclusivenews.com.br\/?p=18144#primaryimage"},"image":{"@id":"https:\/\/inclusivenews.com.br\/?p=18144#primaryimage"},"thumbnailUrl":"http:\/\/inclusivenews.com.br\/wp-content\/uploads\/2010\/09\/cadeira-formada-por-pessoas.jpg","datePublished":"2010-12-09T10:03:42+00:00","breadcrumb":{"@id":"https:\/\/inclusivenews.com.br\/?p=18144#breadcrumb"},"inLanguage":"pt-PT","potentialAction":[{"@type":"ReadAction","target":["https:\/\/inclusivenews.com.br\/?p=18144"]}]},{"@type":"ImageObject","inLanguage":"pt-PT","@id":"https:\/\/inclusivenews.com.br\/?p=18144#primaryimage","url":"","contentUrl":""},{"@type":"BreadcrumbList","@id":"https:\/\/inclusivenews.com.br\/?p=18144#breadcrumb","itemListElement":[{"@type":"ListItem","position":1,"name":"In\u00edcio","item":"https:\/\/inclusivenews.com.br\/"},{"@type":"ListItem","position":2,"name":"Preconceito \u00e9 apontado como principal problema para a pessoa com defici\u00eancia no Brasil"}]},{"@type":"WebSite","@id":"https:\/\/inclusivenews.com.br\/#website","url":"https:\/\/inclusivenews.com.br\/","name":"Inclusive News","description":"Inclusive News","publisher":{"@id":"https:\/\/inclusivenews.com.br\/#organization"},"potentialAction":[{"@type":"SearchAction","target":{"@type":"EntryPoint","urlTemplate":"https:\/\/inclusivenews.com.br\/?s={search_term_string}"},"query-input":{"@type":"PropertyValueSpecification","valueRequired":true,"valueName":"search_term_string"}}],"inLanguage":"pt-PT"},{"@type":"Organization","@id":"https:\/\/inclusivenews.com.br\/#organization","name":"Inclusive - inclus\u00e3o e cidadania","url":"https:\/\/inclusivenews.com.br\/","logo":{"@type":"ImageObject","inLanguage":"pt-PT","@id":"https:\/\/inclusivenews.com.br\/#\/schema\/logo\/image\/","url":"https:\/\/inclusivenews.com.br\/wp-content\/uploads\/2024\/03\/@grandesite.png","contentUrl":"https:\/\/inclusivenews.com.br\/wp-content\/uploads\/2024\/03\/@grandesite.png","width":1080,"height":1080,"caption":"Inclusive - inclus\u00e3o e cidadania"},"image":{"@id":"https:\/\/inclusivenews.com.br\/#\/schema\/logo\/image\/"},"sameAs":["https:\/\/www.facebook.com\/agenciainclusive\/","https:\/\/www.instagram.com\/newsinclusive\/"]},{"@type":"Person","@id":"https:\/\/inclusivenews.com.br\/#\/schema\/person\/ae4ec7087559b8692fb33b6fffd2273b","name":"inclusivenews2024","image":{"@type":"ImageObject","inLanguage":"pt-PT","@id":"https:\/\/secure.gravatar.com\/avatar\/c5a7ef84c66fa914f55bc4f7ce26cfa275a3b9a1c5568b907bd184fb4dde7b40?s=96&d=mm&r=g","url":"https:\/\/secure.gravatar.com\/avatar\/c5a7ef84c66fa914f55bc4f7ce26cfa275a3b9a1c5568b907bd184fb4dde7b40?s=96&d=mm&r=g","contentUrl":"https:\/\/secure.gravatar.com\/avatar\/c5a7ef84c66fa914f55bc4f7ce26cfa275a3b9a1c5568b907bd184fb4dde7b40?s=96&d=mm&r=g","caption":"inclusivenews2024"},"sameAs":["https:\/\/inclusivenews.com.br"],"url":"https:\/\/inclusivenews.com.br\/?author=1"}]}},"_links":{"self":[{"href":"https:\/\/inclusivenews.com.br\/index.php?rest_route=\/wp\/v2\/posts\/18144","targetHints":{"allow":["GET"]}}],"collection":[{"href":"https:\/\/inclusivenews.com.br\/index.php?rest_route=\/wp\/v2\/posts"}],"about":[{"href":"https:\/\/inclusivenews.com.br\/index.php?rest_route=\/wp\/v2\/types\/post"}],"author":[{"embeddable":true,"href":"https:\/\/inclusivenews.com.br\/index.php?rest_route=\/wp\/v2\/users\/1"}],"replies":[{"embeddable":true,"href":"https:\/\/inclusivenews.com.br\/index.php?rest_route=%2Fwp%2Fv2%2Fcomments&post=18144"}],"version-history":[{"count":0,"href":"https:\/\/inclusivenews.com.br\/index.php?rest_route=\/wp\/v2\/posts\/18144\/revisions"}],"wp:attachment":[{"href":"https:\/\/inclusivenews.com.br\/index.php?rest_route=%2Fwp%2Fv2%2Fmedia&parent=18144"}],"wp:term":[{"taxonomy":"category","embeddable":true,"href":"https:\/\/inclusivenews.com.br\/index.php?rest_route=%2Fwp%2Fv2%2Fcategories&post=18144"},{"taxonomy":"post_tag","embeddable":true,"href":"https:\/\/inclusivenews.com.br\/index.php?rest_route=%2Fwp%2Fv2%2Ftags&post=18144"}],"curies":[{"name":"wp","href":"https:\/\/api.w.org\/{rel}","templated":true}]}}