{"id":18150,"date":"2010-12-09T07:51:11","date_gmt":"2010-12-09T10:51:11","guid":{"rendered":"http:\/\/www.inclusive.org.br\/?p=18150"},"modified":"2010-12-09T07:51:11","modified_gmt":"2010-12-09T10:51:11","slug":"inclusao-e-mais-rapida-com-o-apoio-da-midia","status":"publish","type":"post","link":"https:\/\/inclusivenews.com.br\/?p=18150","title":{"rendered":"Inclus\u00e3o \u00e9 mais r\u00e1pida com o apoio da m\u00eddia"},"content":{"rendered":"<p><a href=\"http:\/\/www.inclusivenews.com.br\/wp-content\/uploads\/2 010\/11\/convite-VI-Forum-Senado-Debate-Brasil.jpg\"><img loading=\"lazy\" decoding=\"async\" class=\"size-full wp-image-17887  alignright\" title=\"Convite para o sexto F\u00f3rum Senado Debate Brasil - sobre fundo azul escuro, fotos de um rapaz cadeirante,  outro cego, duas mo\u00e7as conversando em Libras e uma  mo\u00e7a com s\u00edndrome de Down. Texto do convite: Conven\u00e7\u00e3o  da ONU sobre os Direitos das pessoas com defici\u00eancia:  uma Constitui\u00e7\u00e3o viva e cidad\u00e3. Voc\u00ea \u00e9 nosso convidado  para participar deste importante espa\u00e7o de debate  criado pela Casa. Nesta edi\u00e7\u00e3o, o f\u00f3rum trata dos  direitos das pessoas com defici\u00eancia. Venha prestigiar  essa importante realiza\u00e7\u00e3o. Dias 8 e 9 de setembro -  Audit\u00f3rio Interlegis - Senado Federal. Informa\u00e7\u00f5es:  www.senado.gov.br\/debetebrasil. 0800 61 2211 - (61)  3303-5851\" src=\"http:\/\/inclusivenews.com.br\/wp-content\/uploads\/2010\/11\/cconvite-VI-Forum-Senado-Debate-Brasil.jpg\" alt=\"Convite para o sexto F\u00f3rum Senado Debate Brasil - sobre fundo azul escuro, fotos de um rapaz cadeirante, outro cego, duas mo\u00e7as conversando em Libras e uma mo\u00e7a com s\u00edndrome de Down. Texto do convite: Conven\u00e7\u00e3o da ONU sobre os Direitos das pessoas com defici\u00eancia: uma Constitui\u00e7\u00e3o viva e cidad\u00e3. Voc\u00ea \u00e9 nosso convidado para participar deste importante espa\u00e7o de debate criado pela Casa. Nesta edi\u00e7\u00e3o, o f\u00f3rum trata dos direitos das pessoas com defici\u00eancia. Venha prestigiar essa importante realiza\u00e7\u00e3o. Dias 8 e 9 de setembro - Audit\u00f3rio Interlegis - Senado Federal. Informa\u00e7\u00f5es: www.senado.gov.br\/debetebrasil. 0800 61 2211 - (61) 3303-5851\" width=\"480\" height=\"360\" \/><\/a>A m\u00eddia de massa deve ser usada como parceira para desfazer esteri\u00f3tipos e induzir uma imagem positiva das pessoas com defici\u00eancia.\u00a0 Atrav\u00e9s de a\u00e7\u00f5es afirmativas como merchandising social nas novelas, filmes, publicidade e na imprensa, o processo de inclus\u00e3o \u00e9 acelerado&#8221;. Esta foi a mensagem de Patricia Almeida, coordenadora-geral da Inclusive no F\u00f3rum Senado Debate Brasil. Veja a apresenta\u00e7\u00e3o no link abaixo.<\/p>\n<p><a href=\"http:\/\/www.inclusivenews.com.br\/wp-content\/uploads\/2010\/12\/Comunicacao-e-a-Convencao-0612.ppt\">Comunicacao e a Convencao 0612<\/a><\/p>\n","protected":false},"excerpt":{"rendered":"<p>A m\u00eddia de massa deve ser usada como parceira para desfazer esteri\u00f3tipos e induzir uma imagem positiva das pessoas com defici\u00eancia.  Atrav\u00e9s de a\u00e7\u00f5es afirmativas como merchandising social nas novelas, filmes, publicidade e na imprensa, o processo de inclus\u00e3o \u00e9 acelerado&#8221;. Esta foi a mensagem de Patricia Almeida, coordenadora-geral da Inclusive no F\u00f3rum Senado Debate Brasil.<\/p>\n","protected":false},"author":1,"featured_media":0,"comment_status":"open","ping_status":"open","sticky":false,"template":"","format":"standard","meta":{"site-container-style":"default","site-container-layout":"default","site-sidebar-layout":"default","disable-article-header":"default","disable-site-header":"default","disable-site-footer":"default","disable-content-area-spacing":"default","footnotes":""},"categories":[35,56,3,29,38,40,48,76,4,41],"tags":[],"class_list":["post-18150","post","type-post","status-publish","format-standard","hentry","category-de-nossa-parte","category-acoes-afirmativas","category-campanhas","category-cultura","category-deficiencia","category-diversidade","category-inclusao","category-midia-e-deficiencia","category-noticias","category-preconceito"],"yoast_head":"<!-- This site is optimized with the Yoast SEO plugin v27.4 - https:\/\/yoast.com\/product\/yoast-seo-wordpress\/ -->\n<title>Inclus\u00e3o \u00e9 mais r\u00e1pida com o apoio da m\u00eddia -<\/title>\n<meta name=\"robots\" content=\"index, follow, max-snippet:-1, max-image-preview:large, max-video-preview:-1\" \/>\n<link rel=\"canonical\" href=\"https:\/\/inclusivenews.com.br\/?p=18150\" \/>\n<meta property=\"og:locale\" content=\"pt_PT\" \/>\n<meta property=\"og:type\" content=\"article\" \/>\n<meta property=\"og:title\" content=\"Inclus\u00e3o \u00e9 mais r\u00e1pida com o apoio da m\u00eddia -\" \/>\n<meta property=\"og:description\" content=\"A m\u00eddia de massa deve ser usada como parceira para desfazer esteri\u00f3tipos e induzir uma imagem positiva das pessoas com defici\u00eancia. Atrav\u00e9s de a\u00e7\u00f5es afirmativas como merchandising social nas novelas, filmes, publicidade e na imprensa, o processo de inclus\u00e3o \u00e9 acelerado&quot;. Esta foi a mensagem de Patricia Almeida, coordenadora-geral da Inclusive no F\u00f3rum Senado Debate Brasil.\" \/>\n<meta property=\"og:url\" content=\"https:\/\/inclusivenews.com.br\/?p=18150\" \/>\n<meta property=\"article:publisher\" content=\"https:\/\/www.facebook.com\/agenciainclusive\/\" \/>\n<meta property=\"article:published_time\" content=\"2010-12-09T10:51:11+00:00\" \/>\n<meta property=\"og:image\" content=\"http:\/\/inclusivenews.com.br\/wp-content\/uploads\/2010\/11\/cconvite-VI-Forum-Senado-Debate-Brasil.jpg\" \/>\n<meta name=\"author\" content=\"inclusivenews2024\" \/>\n<meta name=\"twitter:card\" content=\"summary_large_image\" \/>\n<meta name=\"twitter:label1\" content=\"Escrito por\" \/>\n\t<meta name=\"twitter:data1\" content=\"inclusivenews2024\" \/>\n<script type=\"application\/ld+json\" class=\"yoast-schema-graph\">{\"@context\":\"https:\\\/\\\/schema.org\",\"@graph\":[{\"@type\":\"Article\",\"@id\":\"https:\\\/\\\/inclusivenews.com.br\\\/?p=18150#article\",\"isPartOf\":{\"@id\":\"https:\\\/\\\/inclusivenews.com.br\\\/?p=18150\"},\"author\":{\"name\":\"inclusivenews2024\",\"@id\":\"https:\\\/\\\/inclusivenews.com.br\\\/#\\\/schema\\\/person\\\/ae4ec7087559b8692fb33b6fffd2273b\"},\"headline\":\"Inclus\u00e3o \u00e9 mais r\u00e1pida com o apoio da m\u00eddia\",\"datePublished\":\"2010-12-09T10:51:11+00:00\",\"mainEntityOfPage\":{\"@id\":\"https:\\\/\\\/inclusivenews.com.br\\\/?p=18150\"},\"wordCount\":84,\"commentCount\":2,\"publisher\":{\"@id\":\"https:\\\/\\\/inclusivenews.com.br\\\/#organization\"},\"image\":{\"@id\":\"https:\\\/\\\/inclusivenews.com.br\\\/?p=18150#primaryimage\"},\"thumbnailUrl\":\"http:\\\/\\\/inclusivenews.com.br\\\/wp-content\\\/uploads\\\/2010\\\/11\\\/cconvite-VI-Forum-Senado-Debate-Brasil.jpg\",\"articleSection\":[\"+ De nossa parte\",\"A\u00e7\u00f5es afirmativas\",\"CAMPANHAS\",\"Cultura\",\"Defici\u00eancia\",\"Diversidade\",\"INCLUS\u00c3O SOCIAL\",\"M\u00eddia e Defici\u00eancia\",\"NOT\u00cdCIAS\",\"Preconceito\"],\"inLanguage\":\"pt-PT\",\"potentialAction\":[{\"@type\":\"CommentAction\",\"name\":\"Comment\",\"target\":[\"https:\\\/\\\/inclusivenews.com.br\\\/?p=18150#respond\"]}]},{\"@type\":\"WebPage\",\"@id\":\"https:\\\/\\\/inclusivenews.com.br\\\/?p=18150\",\"url\":\"https:\\\/\\\/inclusivenews.com.br\\\/?p=18150\",\"name\":\"Inclus\u00e3o \u00e9 mais r\u00e1pida com o apoio da m\u00eddia -\",\"isPartOf\":{\"@id\":\"https:\\\/\\\/inclusivenews.com.br\\\/#website\"},\"primaryImageOfPage\":{\"@id\":\"https:\\\/\\\/inclusivenews.com.br\\\/?p=18150#primaryimage\"},\"image\":{\"@id\":\"https:\\\/\\\/inclusivenews.com.br\\\/?p=18150#primaryimage\"},\"thumbnailUrl\":\"http:\\\/\\\/inclusivenews.com.br\\\/wp-content\\\/uploads\\\/2010\\\/11\\\/cconvite-VI-Forum-Senado-Debate-Brasil.jpg\",\"datePublished\":\"2010-12-09T10:51:11+00:00\",\"breadcrumb\":{\"@id\":\"https:\\\/\\\/inclusivenews.com.br\\\/?p=18150#breadcrumb\"},\"inLanguage\":\"pt-PT\",\"potentialAction\":[{\"@type\":\"ReadAction\",\"target\":[\"https:\\\/\\\/inclusivenews.com.br\\\/?p=18150\"]}]},{\"@type\":\"ImageObject\",\"inLanguage\":\"pt-PT\",\"@id\":\"https:\\\/\\\/inclusivenews.com.br\\\/?p=18150#primaryimage\",\"url\":\"\",\"contentUrl\":\"\"},{\"@type\":\"BreadcrumbList\",\"@id\":\"https:\\\/\\\/inclusivenews.com.br\\\/?p=18150#breadcrumb\",\"itemListElement\":[{\"@type\":\"ListItem\",\"position\":1,\"name\":\"In\u00edcio\",\"item\":\"https:\\\/\\\/inclusivenews.com.br\\\/\"},{\"@type\":\"ListItem\",\"position\":2,\"name\":\"Inclus\u00e3o \u00e9 mais r\u00e1pida com o apoio da m\u00eddia\"}]},{\"@type\":\"WebSite\",\"@id\":\"https:\\\/\\\/inclusivenews.com.br\\\/#website\",\"url\":\"https:\\\/\\\/inclusivenews.com.br\\\/\",\"name\":\"Inclusive News\",\"description\":\"Inclusive News\",\"publisher\":{\"@id\":\"https:\\\/\\\/inclusivenews.com.br\\\/#organization\"},\"potentialAction\":[{\"@type\":\"SearchAction\",\"target\":{\"@type\":\"EntryPoint\",\"urlTemplate\":\"https:\\\/\\\/inclusivenews.com.br\\\/?s={search_term_string}\"},\"query-input\":{\"@type\":\"PropertyValueSpecification\",\"valueRequired\":true,\"valueName\":\"search_term_string\"}}],\"inLanguage\":\"pt-PT\"},{\"@type\":\"Organization\",\"@id\":\"https:\\\/\\\/inclusivenews.com.br\\\/#organization\",\"name\":\"Inclusive - inclus\u00e3o e cidadania\",\"url\":\"https:\\\/\\\/inclusivenews.com.br\\\/\",\"logo\":{\"@type\":\"ImageObject\",\"inLanguage\":\"pt-PT\",\"@id\":\"https:\\\/\\\/inclusivenews.com.br\\\/#\\\/schema\\\/logo\\\/image\\\/\",\"url\":\"https:\\\/\\\/inclusivenews.com.br\\\/wp-content\\\/uploads\\\/2024\\\/03\\\/@grandesite.png\",\"contentUrl\":\"https:\\\/\\\/inclusivenews.com.br\\\/wp-content\\\/uploads\\\/2024\\\/03\\\/@grandesite.png\",\"width\":1080,\"height\":1080,\"caption\":\"Inclusive - inclus\u00e3o e cidadania\"},\"image\":{\"@id\":\"https:\\\/\\\/inclusivenews.com.br\\\/#\\\/schema\\\/logo\\\/image\\\/\"},\"sameAs\":[\"https:\\\/\\\/www.facebook.com\\\/agenciainclusive\\\/\",\"https:\\\/\\\/www.instagram.com\\\/newsinclusive\\\/\"]},{\"@type\":\"Person\",\"@id\":\"https:\\\/\\\/inclusivenews.com.br\\\/#\\\/schema\\\/person\\\/ae4ec7087559b8692fb33b6fffd2273b\",\"name\":\"inclusivenews2024\",\"image\":{\"@type\":\"ImageObject\",\"inLanguage\":\"pt-PT\",\"@id\":\"https:\\\/\\\/secure.gravatar.com\\\/avatar\\\/c5a7ef84c66fa914f55bc4f7ce26cfa275a3b9a1c5568b907bd184fb4dde7b40?s=96&d=mm&r=g\",\"url\":\"https:\\\/\\\/secure.gravatar.com\\\/avatar\\\/c5a7ef84c66fa914f55bc4f7ce26cfa275a3b9a1c5568b907bd184fb4dde7b40?s=96&d=mm&r=g\",\"contentUrl\":\"https:\\\/\\\/secure.gravatar.com\\\/avatar\\\/c5a7ef84c66fa914f55bc4f7ce26cfa275a3b9a1c5568b907bd184fb4dde7b40?s=96&d=mm&r=g\",\"caption\":\"inclusivenews2024\"},\"sameAs\":[\"https:\\\/\\\/inclusivenews.com.br\"],\"url\":\"https:\\\/\\\/inclusivenews.com.br\\\/?author=1\"}]}<\/script>\n<!-- \/ Yoast SEO plugin. -->","yoast_head_json":{"title":"Inclus\u00e3o \u00e9 mais r\u00e1pida com o apoio da m\u00eddia -","robots":{"index":"index","follow":"follow","max-snippet":"max-snippet:-1","max-image-preview":"max-image-preview:large","max-video-preview":"max-video-preview:-1"},"canonical":"https:\/\/inclusivenews.com.br\/?p=18150","og_locale":"pt_PT","og_type":"article","og_title":"Inclus\u00e3o \u00e9 mais r\u00e1pida com o apoio da m\u00eddia -","og_description":"A m\u00eddia de massa deve ser usada como parceira para desfazer esteri\u00f3tipos e induzir uma imagem positiva das pessoas com defici\u00eancia. Atrav\u00e9s de a\u00e7\u00f5es afirmativas como merchandising social nas novelas, filmes, publicidade e na imprensa, o processo de inclus\u00e3o \u00e9 acelerado\". Esta foi a mensagem de Patricia Almeida, coordenadora-geral da Inclusive no F\u00f3rum Senado Debate Brasil.","og_url":"https:\/\/inclusivenews.com.br\/?p=18150","article_publisher":"https:\/\/www.facebook.com\/agenciainclusive\/","article_published_time":"2010-12-09T10:51:11+00:00","og_image":[{"url":"http:\/\/inclusivenews.com.br\/wp-content\/uploads\/2010\/11\/cconvite-VI-Forum-Senado-Debate-Brasil.jpg","type":"","width":"","height":""}],"author":"inclusivenews2024","twitter_card":"summary_large_image","twitter_misc":{"Escrito por":"inclusivenews2024"},"schema":{"@context":"https:\/\/schema.org","@graph":[{"@type":"Article","@id":"https:\/\/inclusivenews.com.br\/?p=18150#article","isPartOf":{"@id":"https:\/\/inclusivenews.com.br\/?p=18150"},"author":{"name":"inclusivenews2024","@id":"https:\/\/inclusivenews.com.br\/#\/schema\/person\/ae4ec7087559b8692fb33b6fffd2273b"},"headline":"Inclus\u00e3o \u00e9 mais r\u00e1pida com o apoio da m\u00eddia","datePublished":"2010-12-09T10:51:11+00:00","mainEntityOfPage":{"@id":"https:\/\/inclusivenews.com.br\/?p=18150"},"wordCount":84,"commentCount":2,"publisher":{"@id":"https:\/\/inclusivenews.com.br\/#organization"},"image":{"@id":"https:\/\/inclusivenews.com.br\/?p=18150#primaryimage"},"thumbnailUrl":"http:\/\/inclusivenews.com.br\/wp-content\/uploads\/2010\/11\/cconvite-VI-Forum-Senado-Debate-Brasil.jpg","articleSection":["+ De nossa parte","A\u00e7\u00f5es afirmativas","CAMPANHAS","Cultura","Defici\u00eancia","Diversidade","INCLUS\u00c3O SOCIAL","M\u00eddia e Defici\u00eancia","NOT\u00cdCIAS","Preconceito"],"inLanguage":"pt-PT","potentialAction":[{"@type":"CommentAction","name":"Comment","target":["https:\/\/inclusivenews.com.br\/?p=18150#respond"]}]},{"@type":"WebPage","@id":"https:\/\/inclusivenews.com.br\/?p=18150","url":"https:\/\/inclusivenews.com.br\/?p=18150","name":"Inclus\u00e3o \u00e9 mais r\u00e1pida com o apoio da m\u00eddia -","isPartOf":{"@id":"https:\/\/inclusivenews.com.br\/#website"},"primaryImageOfPage":{"@id":"https:\/\/inclusivenews.com.br\/?p=18150#primaryimage"},"image":{"@id":"https:\/\/inclusivenews.com.br\/?p=18150#primaryimage"},"thumbnailUrl":"http:\/\/inclusivenews.com.br\/wp-content\/uploads\/2010\/11\/cconvite-VI-Forum-Senado-Debate-Brasil.jpg","datePublished":"2010-12-09T10:51:11+00:00","breadcrumb":{"@id":"https:\/\/inclusivenews.com.br\/?p=18150#breadcrumb"},"inLanguage":"pt-PT","potentialAction":[{"@type":"ReadAction","target":["https:\/\/inclusivenews.com.br\/?p=18150"]}]},{"@type":"ImageObject","inLanguage":"pt-PT","@id":"https:\/\/inclusivenews.com.br\/?p=18150#primaryimage","url":"","contentUrl":""},{"@type":"BreadcrumbList","@id":"https:\/\/inclusivenews.com.br\/?p=18150#breadcrumb","itemListElement":[{"@type":"ListItem","position":1,"name":"In\u00edcio","item":"https:\/\/inclusivenews.com.br\/"},{"@type":"ListItem","position":2,"name":"Inclus\u00e3o \u00e9 mais r\u00e1pida com o apoio da m\u00eddia"}]},{"@type":"WebSite","@id":"https:\/\/inclusivenews.com.br\/#website","url":"https:\/\/inclusivenews.com.br\/","name":"Inclusive News","description":"Inclusive News","publisher":{"@id":"https:\/\/inclusivenews.com.br\/#organization"},"potentialAction":[{"@type":"SearchAction","target":{"@type":"EntryPoint","urlTemplate":"https:\/\/inclusivenews.com.br\/?s={search_term_string}"},"query-input":{"@type":"PropertyValueSpecification","valueRequired":true,"valueName":"search_term_string"}}],"inLanguage":"pt-PT"},{"@type":"Organization","@id":"https:\/\/inclusivenews.com.br\/#organization","name":"Inclusive - inclus\u00e3o e cidadania","url":"https:\/\/inclusivenews.com.br\/","logo":{"@type":"ImageObject","inLanguage":"pt-PT","@id":"https:\/\/inclusivenews.com.br\/#\/schema\/logo\/image\/","url":"https:\/\/inclusivenews.com.br\/wp-content\/uploads\/2024\/03\/@grandesite.png","contentUrl":"https:\/\/inclusivenews.com.br\/wp-content\/uploads\/2024\/03\/@grandesite.png","width":1080,"height":1080,"caption":"Inclusive - inclus\u00e3o e cidadania"},"image":{"@id":"https:\/\/inclusivenews.com.br\/#\/schema\/logo\/image\/"},"sameAs":["https:\/\/www.facebook.com\/agenciainclusive\/","https:\/\/www.instagram.com\/newsinclusive\/"]},{"@type":"Person","@id":"https:\/\/inclusivenews.com.br\/#\/schema\/person\/ae4ec7087559b8692fb33b6fffd2273b","name":"inclusivenews2024","image":{"@type":"ImageObject","inLanguage":"pt-PT","@id":"https:\/\/secure.gravatar.com\/avatar\/c5a7ef84c66fa914f55bc4f7ce26cfa275a3b9a1c5568b907bd184fb4dde7b40?s=96&d=mm&r=g","url":"https:\/\/secure.gravatar.com\/avatar\/c5a7ef84c66fa914f55bc4f7ce26cfa275a3b9a1c5568b907bd184fb4dde7b40?s=96&d=mm&r=g","contentUrl":"https:\/\/secure.gravatar.com\/avatar\/c5a7ef84c66fa914f55bc4f7ce26cfa275a3b9a1c5568b907bd184fb4dde7b40?s=96&d=mm&r=g","caption":"inclusivenews2024"},"sameAs":["https:\/\/inclusivenews.com.br"],"url":"https:\/\/inclusivenews.com.br\/?author=1"}]}},"_links":{"self":[{"href":"https:\/\/inclusivenews.com.br\/index.php?rest_route=\/wp\/v2\/posts\/18150","targetHints":{"allow":["GET"]}}],"collection":[{"href":"https:\/\/inclusivenews.com.br\/index.php?rest_route=\/wp\/v2\/posts"}],"about":[{"href":"https:\/\/inclusivenews.com.br\/index.php?rest_route=\/wp\/v2\/types\/post"}],"author":[{"embeddable":true,"href":"https:\/\/inclusivenews.com.br\/index.php?rest_route=\/wp\/v2\/users\/1"}],"replies":[{"embeddable":true,"href":"https:\/\/inclusivenews.com.br\/index.php?rest_route=%2Fwp%2Fv2%2Fcomments&post=18150"}],"version-history":[{"count":0,"href":"https:\/\/inclusivenews.com.br\/index.php?rest_route=\/wp\/v2\/posts\/18150\/revisions"}],"wp:attachment":[{"href":"https:\/\/inclusivenews.com.br\/index.php?rest_route=%2Fwp%2Fv2%2Fmedia&parent=18150"}],"wp:term":[{"taxonomy":"category","embeddable":true,"href":"https:\/\/inclusivenews.com.br\/index.php?rest_route=%2Fwp%2Fv2%2Fcategories&post=18150"},{"taxonomy":"post_tag","embeddable":true,"href":"https:\/\/inclusivenews.com.br\/index.php?rest_route=%2Fwp%2Fv2%2Ftags&post=18150"}],"curies":[{"name":"wp","href":"https:\/\/api.w.org\/{rel}","templated":true}]}}