{"id":18159,"date":"2010-12-16T06:44:12","date_gmt":"2010-12-16T09:44:12","guid":{"rendered":"http:\/\/www.inclusive.org.br\/?p=18159"},"modified":"2010-12-16T06:44:12","modified_gmt":"2010-12-16T09:44:12","slug":"entidades-lancam-frente-pela-regulacao-da-publicidade-de-alimentos","status":"publish","type":"post","link":"https:\/\/inclusivenews.com.br\/?p=18159","title":{"rendered":"Entidades lan\u00e7am Frente pela Regula\u00e7\u00e3o da Publicidade de Alimentos"},"content":{"rendered":"<figure style=\"width: 217px\" class=\"wp-caption alignleft\"><img loading=\"lazy\" decoding=\"async\" title=\"Roda dos alimentos\" src=\"http:\/\/www.mulherbeleza.com.br\/wp-content\/uploads\/2010\/08\/roda_alimentos.jpg\" alt=\"Roda dos alimentos\" width=\"217\" height=\"216\" \/><figcaption class=\"wp-caption-text\"> <\/figcaption><\/figure>\n<p>No dia 17 de dezembro, mais de 20 entidades e organiza\u00e7\u00f5es lan\u00e7am a Frente pela Regula\u00e7\u00e3o da Publicidade de Alimentos e promovem uma mesa redonda: Consumo alimentar, obesidade e regula\u00e7\u00e3o da publicidade de alimentos, na Faculdade de Sa\u00fade P\u00fablica da Universidade de S\u00e3o Paulo, das 9 \u00e0s 12h.<\/p>\n<p>A nova Frente defende a prerrogativa da ANVISA em regular a publicidade de alimentos com alto teor de a\u00e7\u00facar, gorduras e s\u00f3dio e de bebidas com baixo teor nutricional. No fim de junho deste ano, a ag\u00eancia publicou a Resolu\u00e7\u00e3o n\u00ba 24, que regula o assunto, mas a regra est\u00e1 suspensa desde setembro, por liminar da Justi\u00e7a Federal de Bras\u00edlia, a pedido da Associa\u00e7\u00e3o Brasileira das Ind\u00fastrias da Alimenta\u00e7\u00e3o (Abia), que questionou a compet\u00eancia da Anvisa para regular a quest\u00e3o.<\/p>\n<p>Entre outros pontos, a Resolu\u00e7\u00e3o n\u00ba 24 obriga que a publicidade desses tipos de produtos seja acompanhada de alertas para poss\u00edveis riscos \u00e0 sa\u00fade, no caso de consumo excessivo, e entraria em vigor a partir de 28 de dezembro. Ademais, as entidades da Frente acreditam que a resolu\u00e7\u00e3o poderia ser ainda mais abrangente, principalmente no que se refere \u00e0 propaganda voltada \u00e0s crian\u00e7as.<\/p>\n<p>O objetivo da mesa redonda \u00e9 refor\u00e7ar o debate, que tange a sa\u00fade p\u00fablica, com toda sociedade. As inscri\u00e7\u00f5es s\u00e3o gratuitas. Vagas limitadas. As inscri\u00e7\u00f5es podem ser feitas pelo: http:\/\/idec.org.br\/regulacaoalimentos<\/p>\n<p><strong>Sugest\u00e3o de fontes:<\/strong><br \/>\nProjeto Crian\u00e7a e Consumo, Instituto Alana &#8211; Isabella Henriques e Tamara Gon\u00e7alves, advogadas<br \/>\nIDEC- Mariana Ferraz, advogada<br \/>\nFaculdade de Sa\u00fade P\u00fablica &#8211; Carlos Monteiro<br \/>\nFaculdade de Nutri\u00e7\u00e3o da UnB &#8211; Renata  Monteiro<\/p>\n<p><strong>Servi\u00e7o:<\/strong><\/p>\n<p>Mesa redonda: Consumo alimentar, obesidade e regula\u00e7\u00e3o da publicidade de alimentos<\/p>\n<p>Data: 17 de dezembro de 2010<br \/>\nHor\u00e1rio: 09h00 \u00e0s 12h00<br \/>\nLocal: Audit\u00f3rio Paula Souza da Faculdade de Sa\u00fade P\u00fablica da USP<br \/>\n(Av. Doutor Arnaldo, 715, Metro Cl\u00ednicas, S\u00e3o Paulo, SP)<\/p>\n<p><strong>Realiza\u00e7\u00e3o:<\/strong> Idec e Instituto Alana<\/p>\n<p><strong>Apoio: <\/strong>Faculdade de Sa\u00fade P\u00fablica\/USP<\/p>\n","protected":false},"excerpt":{"rendered":"<p>Organiza\u00e7\u00f5es de defesa do consumidor e da crian\u00e7a que constituem a Frente, realizam mesa redonda para debater o assunto, em 17 de dezembro, na Faculdade de Sa\u00fade P\u00fablica da USP.<\/p>\n","protected":false},"author":1,"featured_media":0,"comment_status":"open","ping_status":"open","sticky":false,"template":"","format":"standard","meta":{"site-container-style":"default","site-container-layout":"default","site-sidebar-layout":"default","disable-article-header":"default","disable-site-header":"default","disable-site-footer":"default","disable-content-area-spacing":"default","footnotes":""},"categories":[4],"tags":[],"class_list":["post-18159","post","type-post","status-publish","format-standard","hentry","category-noticias"],"yoast_head":"<!-- This site is optimized with the Yoast SEO plugin v27.4 - https:\/\/yoast.com\/product\/yoast-seo-wordpress\/ -->\n<title>Entidades lan\u00e7am Frente pela Regula\u00e7\u00e3o da Publicidade de Alimentos -<\/title>\n<meta name=\"robots\" content=\"index, follow, max-snippet:-1, max-image-preview:large, max-video-preview:-1\" \/>\n<link rel=\"canonical\" href=\"https:\/\/inclusivenews.com.br\/?p=18159\" \/>\n<meta property=\"og:locale\" content=\"pt_PT\" \/>\n<meta property=\"og:type\" content=\"article\" \/>\n<meta property=\"og:title\" content=\"Entidades lan\u00e7am Frente pela Regula\u00e7\u00e3o da Publicidade de Alimentos -\" \/>\n<meta property=\"og:description\" content=\"Organiza\u00e7\u00f5es de defesa do consumidor e da crian\u00e7a que constituem a Frente, realizam mesa redonda para debater o assunto, em 17 de dezembro, na Faculdade de Sa\u00fade P\u00fablica da USP.\" \/>\n<meta property=\"og:url\" content=\"https:\/\/inclusivenews.com.br\/?p=18159\" \/>\n<meta property=\"article:publisher\" content=\"https:\/\/www.facebook.com\/agenciainclusive\/\" \/>\n<meta property=\"article:published_time\" content=\"2010-12-16T09:44:12+00:00\" \/>\n<meta property=\"og:image\" content=\"http:\/\/www.mulherbeleza.com.br\/wp-content\/uploads\/2010\/08\/roda_alimentos.jpg\" \/>\n<meta name=\"author\" content=\"inclusivenews2024\" \/>\n<meta name=\"twitter:card\" content=\"summary_large_image\" \/>\n<meta name=\"twitter:label1\" content=\"Escrito por\" \/>\n\t<meta name=\"twitter:data1\" content=\"inclusivenews2024\" \/>\n\t<meta name=\"twitter:label2\" content=\"Tempo estimado de leitura\" \/>\n\t<meta name=\"twitter:data2\" content=\"2 minutos\" \/>\n<script type=\"application\/ld+json\" class=\"yoast-schema-graph\">{\"@context\":\"https:\\\/\\\/schema.org\",\"@graph\":[{\"@type\":\"Article\",\"@id\":\"https:\\\/\\\/inclusivenews.com.br\\\/?p=18159#article\",\"isPartOf\":{\"@id\":\"https:\\\/\\\/inclusivenews.com.br\\\/?p=18159\"},\"author\":{\"name\":\"inclusivenews2024\",\"@id\":\"https:\\\/\\\/inclusivenews.com.br\\\/#\\\/schema\\\/person\\\/ae4ec7087559b8692fb33b6fffd2273b\"},\"headline\":\"Entidades lan\u00e7am Frente pela Regula\u00e7\u00e3o da Publicidade de Alimentos\",\"datePublished\":\"2010-12-16T09:44:12+00:00\",\"mainEntityOfPage\":{\"@id\":\"https:\\\/\\\/inclusivenews.com.br\\\/?p=18159\"},\"wordCount\":365,\"commentCount\":0,\"publisher\":{\"@id\":\"https:\\\/\\\/inclusivenews.com.br\\\/#organization\"},\"image\":{\"@id\":\"https:\\\/\\\/inclusivenews.com.br\\\/?p=18159#primaryimage\"},\"thumbnailUrl\":\"http:\\\/\\\/www.mulherbeleza.com.br\\\/wp-content\\\/uploads\\\/2010\\\/08\\\/roda_alimentos.jpg\",\"articleSection\":[\"NOT\u00cdCIAS\"],\"inLanguage\":\"pt-PT\",\"potentialAction\":[{\"@type\":\"CommentAction\",\"name\":\"Comment\",\"target\":[\"https:\\\/\\\/inclusivenews.com.br\\\/?p=18159#respond\"]}]},{\"@type\":\"WebPage\",\"@id\":\"https:\\\/\\\/inclusivenews.com.br\\\/?p=18159\",\"url\":\"https:\\\/\\\/inclusivenews.com.br\\\/?p=18159\",\"name\":\"Entidades lan\u00e7am Frente pela Regula\u00e7\u00e3o da Publicidade de Alimentos -\",\"isPartOf\":{\"@id\":\"https:\\\/\\\/inclusivenews.com.br\\\/#website\"},\"primaryImageOfPage\":{\"@id\":\"https:\\\/\\\/inclusivenews.com.br\\\/?p=18159#primaryimage\"},\"image\":{\"@id\":\"https:\\\/\\\/inclusivenews.com.br\\\/?p=18159#primaryimage\"},\"thumbnailUrl\":\"http:\\\/\\\/www.mulherbeleza.com.br\\\/wp-content\\\/uploads\\\/2010\\\/08\\\/roda_alimentos.jpg\",\"datePublished\":\"2010-12-16T09:44:12+00:00\",\"breadcrumb\":{\"@id\":\"https:\\\/\\\/inclusivenews.com.br\\\/?p=18159#breadcrumb\"},\"inLanguage\":\"pt-PT\",\"potentialAction\":[{\"@type\":\"ReadAction\",\"target\":[\"https:\\\/\\\/inclusivenews.com.br\\\/?p=18159\"]}]},{\"@type\":\"ImageObject\",\"inLanguage\":\"pt-PT\",\"@id\":\"https:\\\/\\\/inclusivenews.com.br\\\/?p=18159#primaryimage\",\"url\":\"http:\\\/\\\/www.mulherbeleza.com.br\\\/wp-content\\\/uploads\\\/2010\\\/08\\\/roda_alimentos.jpg\",\"contentUrl\":\"http:\\\/\\\/www.mulherbeleza.com.br\\\/wp-content\\\/uploads\\\/2010\\\/08\\\/roda_alimentos.jpg\"},{\"@type\":\"BreadcrumbList\",\"@id\":\"https:\\\/\\\/inclusivenews.com.br\\\/?p=18159#breadcrumb\",\"itemListElement\":[{\"@type\":\"ListItem\",\"position\":1,\"name\":\"In\u00edcio\",\"item\":\"https:\\\/\\\/inclusivenews.com.br\\\/\"},{\"@type\":\"ListItem\",\"position\":2,\"name\":\"Entidades lan\u00e7am Frente pela Regula\u00e7\u00e3o da Publicidade de Alimentos\"}]},{\"@type\":\"WebSite\",\"@id\":\"https:\\\/\\\/inclusivenews.com.br\\\/#website\",\"url\":\"https:\\\/\\\/inclusivenews.com.br\\\/\",\"name\":\"Inclusive News\",\"description\":\"Inclusive News\",\"publisher\":{\"@id\":\"https:\\\/\\\/inclusivenews.com.br\\\/#organization\"},\"potentialAction\":[{\"@type\":\"SearchAction\",\"target\":{\"@type\":\"EntryPoint\",\"urlTemplate\":\"https:\\\/\\\/inclusivenews.com.br\\\/?s={search_term_string}\"},\"query-input\":{\"@type\":\"PropertyValueSpecification\",\"valueRequired\":true,\"valueName\":\"search_term_string\"}}],\"inLanguage\":\"pt-PT\"},{\"@type\":\"Organization\",\"@id\":\"https:\\\/\\\/inclusivenews.com.br\\\/#organization\",\"name\":\"Inclusive - inclus\u00e3o e cidadania\",\"url\":\"https:\\\/\\\/inclusivenews.com.br\\\/\",\"logo\":{\"@type\":\"ImageObject\",\"inLanguage\":\"pt-PT\",\"@id\":\"https:\\\/\\\/inclusivenews.com.br\\\/#\\\/schema\\\/logo\\\/image\\\/\",\"url\":\"https:\\\/\\\/inclusivenews.com.br\\\/wp-content\\\/uploads\\\/2024\\\/03\\\/@grandesite.png\",\"contentUrl\":\"https:\\\/\\\/inclusivenews.com.br\\\/wp-content\\\/uploads\\\/2024\\\/03\\\/@grandesite.png\",\"width\":1080,\"height\":1080,\"caption\":\"Inclusive - inclus\u00e3o e cidadania\"},\"image\":{\"@id\":\"https:\\\/\\\/inclusivenews.com.br\\\/#\\\/schema\\\/logo\\\/image\\\/\"},\"sameAs\":[\"https:\\\/\\\/www.facebook.com\\\/agenciainclusive\\\/\",\"https:\\\/\\\/www.instagram.com\\\/newsinclusive\\\/\"]},{\"@type\":\"Person\",\"@id\":\"https:\\\/\\\/inclusivenews.com.br\\\/#\\\/schema\\\/person\\\/ae4ec7087559b8692fb33b6fffd2273b\",\"name\":\"inclusivenews2024\",\"image\":{\"@type\":\"ImageObject\",\"inLanguage\":\"pt-PT\",\"@id\":\"https:\\\/\\\/secure.gravatar.com\\\/avatar\\\/c5a7ef84c66fa914f55bc4f7ce26cfa275a3b9a1c5568b907bd184fb4dde7b40?s=96&d=mm&r=g\",\"url\":\"https:\\\/\\\/secure.gravatar.com\\\/avatar\\\/c5a7ef84c66fa914f55bc4f7ce26cfa275a3b9a1c5568b907bd184fb4dde7b40?s=96&d=mm&r=g\",\"contentUrl\":\"https:\\\/\\\/secure.gravatar.com\\\/avatar\\\/c5a7ef84c66fa914f55bc4f7ce26cfa275a3b9a1c5568b907bd184fb4dde7b40?s=96&d=mm&r=g\",\"caption\":\"inclusivenews2024\"},\"sameAs\":[\"https:\\\/\\\/inclusivenews.com.br\"],\"url\":\"https:\\\/\\\/inclusivenews.com.br\\\/?author=1\"}]}<\/script>\n<!-- \/ Yoast SEO plugin. -->","yoast_head_json":{"title":"Entidades lan\u00e7am Frente pela Regula\u00e7\u00e3o da Publicidade de Alimentos -","robots":{"index":"index","follow":"follow","max-snippet":"max-snippet:-1","max-image-preview":"max-image-preview:large","max-video-preview":"max-video-preview:-1"},"canonical":"https:\/\/inclusivenews.com.br\/?p=18159","og_locale":"pt_PT","og_type":"article","og_title":"Entidades lan\u00e7am Frente pela Regula\u00e7\u00e3o da Publicidade de Alimentos -","og_description":"Organiza\u00e7\u00f5es de defesa do consumidor e da crian\u00e7a que constituem a Frente, realizam mesa redonda para debater o assunto, em 17 de dezembro, na Faculdade de Sa\u00fade P\u00fablica da USP.","og_url":"https:\/\/inclusivenews.com.br\/?p=18159","article_publisher":"https:\/\/www.facebook.com\/agenciainclusive\/","article_published_time":"2010-12-16T09:44:12+00:00","og_image":[{"url":"http:\/\/www.mulherbeleza.com.br\/wp-content\/uploads\/2010\/08\/roda_alimentos.jpg","type":"","width":"","height":""}],"author":"inclusivenews2024","twitter_card":"summary_large_image","twitter_misc":{"Escrito por":"inclusivenews2024","Tempo estimado de leitura":"2 minutos"},"schema":{"@context":"https:\/\/schema.org","@graph":[{"@type":"Article","@id":"https:\/\/inclusivenews.com.br\/?p=18159#article","isPartOf":{"@id":"https:\/\/inclusivenews.com.br\/?p=18159"},"author":{"name":"inclusivenews2024","@id":"https:\/\/inclusivenews.com.br\/#\/schema\/person\/ae4ec7087559b8692fb33b6fffd2273b"},"headline":"Entidades lan\u00e7am Frente pela Regula\u00e7\u00e3o da Publicidade de Alimentos","datePublished":"2010-12-16T09:44:12+00:00","mainEntityOfPage":{"@id":"https:\/\/inclusivenews.com.br\/?p=18159"},"wordCount":365,"commentCount":0,"publisher":{"@id":"https:\/\/inclusivenews.com.br\/#organization"},"image":{"@id":"https:\/\/inclusivenews.com.br\/?p=18159#primaryimage"},"thumbnailUrl":"http:\/\/www.mulherbeleza.com.br\/wp-content\/uploads\/2010\/08\/roda_alimentos.jpg","articleSection":["NOT\u00cdCIAS"],"inLanguage":"pt-PT","potentialAction":[{"@type":"CommentAction","name":"Comment","target":["https:\/\/inclusivenews.com.br\/?p=18159#respond"]}]},{"@type":"WebPage","@id":"https:\/\/inclusivenews.com.br\/?p=18159","url":"https:\/\/inclusivenews.com.br\/?p=18159","name":"Entidades lan\u00e7am Frente pela Regula\u00e7\u00e3o da Publicidade de Alimentos -","isPartOf":{"@id":"https:\/\/inclusivenews.com.br\/#website"},"primaryImageOfPage":{"@id":"https:\/\/inclusivenews.com.br\/?p=18159#primaryimage"},"image":{"@id":"https:\/\/inclusivenews.com.br\/?p=18159#primaryimage"},"thumbnailUrl":"http:\/\/www.mulherbeleza.com.br\/wp-content\/uploads\/2010\/08\/roda_alimentos.jpg","datePublished":"2010-12-16T09:44:12+00:00","breadcrumb":{"@id":"https:\/\/inclusivenews.com.br\/?p=18159#breadcrumb"},"inLanguage":"pt-PT","potentialAction":[{"@type":"ReadAction","target":["https:\/\/inclusivenews.com.br\/?p=18159"]}]},{"@type":"ImageObject","inLanguage":"pt-PT","@id":"https:\/\/inclusivenews.com.br\/?p=18159#primaryimage","url":"http:\/\/www.mulherbeleza.com.br\/wp-content\/uploads\/2010\/08\/roda_alimentos.jpg","contentUrl":"http:\/\/www.mulherbeleza.com.br\/wp-content\/uploads\/2010\/08\/roda_alimentos.jpg"},{"@type":"BreadcrumbList","@id":"https:\/\/inclusivenews.com.br\/?p=18159#breadcrumb","itemListElement":[{"@type":"ListItem","position":1,"name":"In\u00edcio","item":"https:\/\/inclusivenews.com.br\/"},{"@type":"ListItem","position":2,"name":"Entidades lan\u00e7am Frente pela Regula\u00e7\u00e3o da Publicidade de Alimentos"}]},{"@type":"WebSite","@id":"https:\/\/inclusivenews.com.br\/#website","url":"https:\/\/inclusivenews.com.br\/","name":"Inclusive News","description":"Inclusive News","publisher":{"@id":"https:\/\/inclusivenews.com.br\/#organization"},"potentialAction":[{"@type":"SearchAction","target":{"@type":"EntryPoint","urlTemplate":"https:\/\/inclusivenews.com.br\/?s={search_term_string}"},"query-input":{"@type":"PropertyValueSpecification","valueRequired":true,"valueName":"search_term_string"}}],"inLanguage":"pt-PT"},{"@type":"Organization","@id":"https:\/\/inclusivenews.com.br\/#organization","name":"Inclusive - inclus\u00e3o e cidadania","url":"https:\/\/inclusivenews.com.br\/","logo":{"@type":"ImageObject","inLanguage":"pt-PT","@id":"https:\/\/inclusivenews.com.br\/#\/schema\/logo\/image\/","url":"https:\/\/inclusivenews.com.br\/wp-content\/uploads\/2024\/03\/@grandesite.png","contentUrl":"https:\/\/inclusivenews.com.br\/wp-content\/uploads\/2024\/03\/@grandesite.png","width":1080,"height":1080,"caption":"Inclusive - inclus\u00e3o e cidadania"},"image":{"@id":"https:\/\/inclusivenews.com.br\/#\/schema\/logo\/image\/"},"sameAs":["https:\/\/www.facebook.com\/agenciainclusive\/","https:\/\/www.instagram.com\/newsinclusive\/"]},{"@type":"Person","@id":"https:\/\/inclusivenews.com.br\/#\/schema\/person\/ae4ec7087559b8692fb33b6fffd2273b","name":"inclusivenews2024","image":{"@type":"ImageObject","inLanguage":"pt-PT","@id":"https:\/\/secure.gravatar.com\/avatar\/c5a7ef84c66fa914f55bc4f7ce26cfa275a3b9a1c5568b907bd184fb4dde7b40?s=96&d=mm&r=g","url":"https:\/\/secure.gravatar.com\/avatar\/c5a7ef84c66fa914f55bc4f7ce26cfa275a3b9a1c5568b907bd184fb4dde7b40?s=96&d=mm&r=g","contentUrl":"https:\/\/secure.gravatar.com\/avatar\/c5a7ef84c66fa914f55bc4f7ce26cfa275a3b9a1c5568b907bd184fb4dde7b40?s=96&d=mm&r=g","caption":"inclusivenews2024"},"sameAs":["https:\/\/inclusivenews.com.br"],"url":"https:\/\/inclusivenews.com.br\/?author=1"}]}},"_links":{"self":[{"href":"https:\/\/inclusivenews.com.br\/index.php?rest_route=\/wp\/v2\/posts\/18159","targetHints":{"allow":["GET"]}}],"collection":[{"href":"https:\/\/inclusivenews.com.br\/index.php?rest_route=\/wp\/v2\/posts"}],"about":[{"href":"https:\/\/inclusivenews.com.br\/index.php?rest_route=\/wp\/v2\/types\/post"}],"author":[{"embeddable":true,"href":"https:\/\/inclusivenews.com.br\/index.php?rest_route=\/wp\/v2\/users\/1"}],"replies":[{"embeddable":true,"href":"https:\/\/inclusivenews.com.br\/index.php?rest_route=%2Fwp%2Fv2%2Fcomments&post=18159"}],"version-history":[{"count":0,"href":"https:\/\/inclusivenews.com.br\/index.php?rest_route=\/wp\/v2\/posts\/18159\/revisions"}],"wp:attachment":[{"href":"https:\/\/inclusivenews.com.br\/index.php?rest_route=%2Fwp%2Fv2%2Fmedia&parent=18159"}],"wp:term":[{"taxonomy":"category","embeddable":true,"href":"https:\/\/inclusivenews.com.br\/index.php?rest_route=%2Fwp%2Fv2%2Fcategories&post=18159"},{"taxonomy":"post_tag","embeddable":true,"href":"https:\/\/inclusivenews.com.br\/index.php?rest_route=%2Fwp%2Fv2%2Ftags&post=18159"}],"curies":[{"name":"wp","href":"https:\/\/api.w.org\/{rel}","templated":true}]}}