{"id":18160,"date":"2010-12-16T06:46:51","date_gmt":"2010-12-16T09:46:51","guid":{"rendered":"http:\/\/www.inclusive.org.br\/?p=18160"},"modified":"2010-12-16T06:46:51","modified_gmt":"2010-12-16T09:46:51","slug":"estado-negligencia-pessoas-com-deficiencia","status":"publish","type":"post","link":"https:\/\/inclusivenews.com.br\/?p=18160","title":{"rendered":"Estado negligencia pessoas com defici\u00eancia"},"content":{"rendered":"<p><strong><a href=\"http:\/\/www.inclusivenews.com.br\/wp-content\/uploads\/2009\/11\/proibidocadeirante.jpg\"><img loading=\"lazy\" decoding=\"async\" class=\"alignleft size-full wp-image-12760\" title=\"Inclusive - cadeira de rodas com uma tarja indicativa de proibi\u00e7\u00e3o em vermelho.\" src=\"http:\/\/inclusivenews.com.br\/wp-content\/uploads\/2009\/11\/proibidocadeirante.jpg\" alt=\"Inclusive - cadeira de rodas com uma tarja indicativa de proibi\u00e7\u00e3o em vermelho.\" width=\"198\" height=\"193\" \/><\/a>Por Janaina Negreiros<\/strong><\/p>\n<p>No \u00faltimo dia 3 de dezembro, foram realizadas em todo pa\u00eds manifesta\u00e7\u00f5es comemorativas ao Dia Internacional de Luta da Pessoa com Defici\u00eancia. Mas teria Pernambuco motivo para comemorar? O Censo de 2000, do Instituto Brasileiro de Geografia e Estat\u00edstica (IBGE), indicou Pernambuco como quarto estado do pa\u00eds com maior propor\u00e7\u00e3o de pessoas com defici\u00eancia (17,24%). Este dado abarca a defici\u00eancia f\u00edsica, intelectual, visual ou auditiva. Pela Organiza\u00e7\u00e3o Mundial de Sa\u00fade (OMS), a m\u00e9dia no planeta \u00e9 de 10%.<\/p>\n<p>Aqui, assim como no resto do Pa\u00eds, pessoas com defici\u00eancia nunca deixaram de serem exclu\u00eddas do mercado de trabalho, da educa\u00e7\u00e3o e da cultura. As barreiras f\u00edsicas e comportamentais impedem ou dificultam o acesso dessas pessoas aos seus direitos mais b\u00e1sicos.<\/p>\n<p><a href=\"http:\/\/www.mp.pe.gov.br\/index.pl\/nucleo_diversidade_noticias_dezembro2010_municipios\" target=\"_blank\" rel=\"noopener\">Munic\u00edpios que lideram o ranking n\u00e3o contam sequer com um conselho <img loading=\"lazy\" decoding=\"async\" title=\"Link abrir\u00e1 em uma nova janela ou aba.\" src=\"http:\/\/www.inclusive.org.br\/images\/new_window.gif\" alt=\"Link abrir\u00e1 em uma nova janela ou aba.\" width=\"16\" height=\"14\" \/><\/a><\/p>\n<p>A situa\u00e7\u00e3o mais preocupante refere-se aos conselhos municipais &#8211; \u00f3rg\u00e3os que possibilitam a fiscaliza\u00e7\u00e3o e proposi\u00e7\u00e3o de pol\u00edticas p\u00fablicas pela sociedade civil. Nenhum dos 11 munic\u00edpios pernambucanos com maior propor\u00e7\u00e3o de pessoas com defici\u00eancia possui conselhos.<\/p>\n<p><a href=\"http:\/\/www.mp.pe.gov.br\/index.pl\/nucleo_diversidade_noticias_dezembro2010_censo\" target=\"_blank\" rel=\"noopener\">Censo n\u00e3o oferecer\u00e1 novamente dados confi\u00e1veis sobre pessoas com defici\u00eancia <img loading=\"lazy\" decoding=\"async\" title=\"Link abrir\u00e1 em uma nova janela ou aba.\" src=\"http:\/\/www.inclusive.org.br\/images\/new_window.gif\" alt=\"Link abrir\u00e1 em uma nova janela ou aba.\" width=\"16\" height=\"14\" \/><\/a><\/p>\n<p>O Censo de 2010, recentemente iniciado pelo Instituto Brasileiro de Geografia e Estat\u00edstica (IBGE), est\u00e1 utilizando novamente o m\u00e9todo de amostragem para captar dados sobre as pessoas com defici\u00eancia. Dos grupos vulner\u00e1veis, somente esse segmento n\u00e3o consta em todos os formul\u00e1rios. A presidente do Conselho Nacional de Defesa da Pessoa com Defici\u00eancia (Conade), Denise Granja, argumenta que o m\u00e9todo n\u00e3o ser\u00e1 capaz de trazer dados confi\u00e1veis e satisfat\u00f3rios para se tra\u00e7ar pol\u00edticas p\u00fablicas. \u201cEm apenas um de cada dez question\u00e1rios haver\u00e1 perguntas sobre essas pessoas\u201d, ressalta.<\/p>\n<p>______________________________<\/p>\n<p><strong>Fonte:<\/strong> <a href=\"http:\/\/www.mp.pe.gov.br\/index.pl\/cmat_sicorde\">N\u00facleo da Diversidade MP\/Pe<\/a><\/p>\n","protected":false},"excerpt":{"rendered":"<p>Apesar de Pernambuco ser o 4\u00ba do pa\u00eds em propor\u00e7\u00e3o de pessoas com defici\u00eancia, nem Estado, nem sociedade civil priorizam a quest\u00e3o. Informa\u00e7\u00e3o \u00e9 do N\u00facleo da Diversidade do MPPE.<\/p>\n","protected":false},"author":1,"featured_media":0,"comment_status":"open","ping_status":"open","sticky":false,"template":"","format":"standard","meta":{"site-container-style":"default","site-container-layout":"default","site-sidebar-layout":"default","disable-article-header":"default","disable-site-header":"default","disable-site-footer":"default","disable-content-area-spacing":"default","footnotes":""},"categories":[38,4],"tags":[],"class_list":["post-18160","post","type-post","status-publish","format-standard","hentry","category-deficiencia","category-noticias"],"yoast_head":"<!-- This site is optimized with the Yoast SEO plugin v27.4 - https:\/\/yoast.com\/product\/yoast-seo-wordpress\/ -->\n<title>Estado negligencia pessoas com defici\u00eancia -<\/title>\n<meta name=\"robots\" content=\"index, follow, max-snippet:-1, max-image-preview:large, max-video-preview:-1\" \/>\n<link rel=\"canonical\" href=\"https:\/\/inclusivenews.com.br\/?p=18160\" \/>\n<meta property=\"og:locale\" content=\"pt_PT\" \/>\n<meta property=\"og:type\" content=\"article\" \/>\n<meta property=\"og:title\" content=\"Estado negligencia pessoas com defici\u00eancia -\" \/>\n<meta property=\"og:description\" content=\"Apesar de Pernambuco ser o 4\u00ba do pa\u00eds em propor\u00e7\u00e3o de pessoas com defici\u00eancia, nem Estado, nem sociedade civil priorizam a quest\u00e3o. Informa\u00e7\u00e3o \u00e9 do N\u00facleo da Diversidade do MPPE.\" \/>\n<meta property=\"og:url\" content=\"https:\/\/inclusivenews.com.br\/?p=18160\" \/>\n<meta property=\"article:publisher\" content=\"https:\/\/www.facebook.com\/agenciainclusive\/\" \/>\n<meta property=\"article:published_time\" content=\"2010-12-16T09:46:51+00:00\" \/>\n<meta property=\"og:image\" content=\"http:\/\/inclusivenews.com.br\/wp-content\/uploads\/2009\/11\/proibidocadeirante.jpg\" \/>\n<meta name=\"author\" content=\"inclusivenews2024\" \/>\n<meta name=\"twitter:card\" content=\"summary_large_image\" \/>\n<meta name=\"twitter:label1\" content=\"Escrito por\" \/>\n\t<meta name=\"twitter:data1\" content=\"inclusivenews2024\" \/>\n\t<meta name=\"twitter:label2\" content=\"Tempo estimado de leitura\" \/>\n\t<meta name=\"twitter:data2\" content=\"2 minutos\" \/>\n<script type=\"application\/ld+json\" class=\"yoast-schema-graph\">{\"@context\":\"https:\\\/\\\/schema.org\",\"@graph\":[{\"@type\":\"Article\",\"@id\":\"https:\\\/\\\/inclusivenews.com.br\\\/?p=18160#article\",\"isPartOf\":{\"@id\":\"https:\\\/\\\/inclusivenews.com.br\\\/?p=18160\"},\"author\":{\"name\":\"inclusivenews2024\",\"@id\":\"https:\\\/\\\/inclusivenews.com.br\\\/#\\\/schema\\\/person\\\/ae4ec7087559b8692fb33b6fffd2273b\"},\"headline\":\"Estado negligencia pessoas com defici\u00eancia\",\"datePublished\":\"2010-12-16T09:46:51+00:00\",\"mainEntityOfPage\":{\"@id\":\"https:\\\/\\\/inclusivenews.com.br\\\/?p=18160\"},\"wordCount\":318,\"commentCount\":1,\"publisher\":{\"@id\":\"https:\\\/\\\/inclusivenews.com.br\\\/#organization\"},\"image\":{\"@id\":\"https:\\\/\\\/inclusivenews.com.br\\\/?p=18160#primaryimage\"},\"thumbnailUrl\":\"http:\\\/\\\/inclusivenews.com.br\\\/wp-content\\\/uploads\\\/2009\\\/11\\\/proibidocadeirante.jpg\",\"articleSection\":[\"Defici\u00eancia\",\"NOT\u00cdCIAS\"],\"inLanguage\":\"pt-PT\",\"potentialAction\":[{\"@type\":\"CommentAction\",\"name\":\"Comment\",\"target\":[\"https:\\\/\\\/inclusivenews.com.br\\\/?p=18160#respond\"]}]},{\"@type\":\"WebPage\",\"@id\":\"https:\\\/\\\/inclusivenews.com.br\\\/?p=18160\",\"url\":\"https:\\\/\\\/inclusivenews.com.br\\\/?p=18160\",\"name\":\"Estado negligencia pessoas com defici\u00eancia -\",\"isPartOf\":{\"@id\":\"https:\\\/\\\/inclusivenews.com.br\\\/#website\"},\"primaryImageOfPage\":{\"@id\":\"https:\\\/\\\/inclusivenews.com.br\\\/?p=18160#primaryimage\"},\"image\":{\"@id\":\"https:\\\/\\\/inclusivenews.com.br\\\/?p=18160#primaryimage\"},\"thumbnailUrl\":\"http:\\\/\\\/inclusivenews.com.br\\\/wp-content\\\/uploads\\\/2009\\\/11\\\/proibidocadeirante.jpg\",\"datePublished\":\"2010-12-16T09:46:51+00:00\",\"breadcrumb\":{\"@id\":\"https:\\\/\\\/inclusivenews.com.br\\\/?p=18160#breadcrumb\"},\"inLanguage\":\"pt-PT\",\"potentialAction\":[{\"@type\":\"ReadAction\",\"target\":[\"https:\\\/\\\/inclusivenews.com.br\\\/?p=18160\"]}]},{\"@type\":\"ImageObject\",\"inLanguage\":\"pt-PT\",\"@id\":\"https:\\\/\\\/inclusivenews.com.br\\\/?p=18160#primaryimage\",\"url\":\"https:\\\/\\\/inclusivenews.com.br\\\/wp-content\\\/uploads\\\/2009\\\/11\\\/proibidocadeirante.jpg\",\"contentUrl\":\"https:\\\/\\\/inclusivenews.com.br\\\/wp-content\\\/uploads\\\/2009\\\/11\\\/proibidocadeirante.jpg\",\"width\":247,\"height\":241,\"caption\":\"Inclusive - cadeira de rodas com uma tarja indicativa de proibi\u00e7\u00e3o em vermelho.\"},{\"@type\":\"BreadcrumbList\",\"@id\":\"https:\\\/\\\/inclusivenews.com.br\\\/?p=18160#breadcrumb\",\"itemListElement\":[{\"@type\":\"ListItem\",\"position\":1,\"name\":\"In\u00edcio\",\"item\":\"https:\\\/\\\/inclusivenews.com.br\\\/\"},{\"@type\":\"ListItem\",\"position\":2,\"name\":\"Estado negligencia pessoas com defici\u00eancia\"}]},{\"@type\":\"WebSite\",\"@id\":\"https:\\\/\\\/inclusivenews.com.br\\\/#website\",\"url\":\"https:\\\/\\\/inclusivenews.com.br\\\/\",\"name\":\"Inclusive News\",\"description\":\"Inclusive News\",\"publisher\":{\"@id\":\"https:\\\/\\\/inclusivenews.com.br\\\/#organization\"},\"potentialAction\":[{\"@type\":\"SearchAction\",\"target\":{\"@type\":\"EntryPoint\",\"urlTemplate\":\"https:\\\/\\\/inclusivenews.com.br\\\/?s={search_term_string}\"},\"query-input\":{\"@type\":\"PropertyValueSpecification\",\"valueRequired\":true,\"valueName\":\"search_term_string\"}}],\"inLanguage\":\"pt-PT\"},{\"@type\":\"Organization\",\"@id\":\"https:\\\/\\\/inclusivenews.com.br\\\/#organization\",\"name\":\"Inclusive - inclus\u00e3o e cidadania\",\"url\":\"https:\\\/\\\/inclusivenews.com.br\\\/\",\"logo\":{\"@type\":\"ImageObject\",\"inLanguage\":\"pt-PT\",\"@id\":\"https:\\\/\\\/inclusivenews.com.br\\\/#\\\/schema\\\/logo\\\/image\\\/\",\"url\":\"https:\\\/\\\/inclusivenews.com.br\\\/wp-content\\\/uploads\\\/2024\\\/03\\\/@grandesite.png\",\"contentUrl\":\"https:\\\/\\\/inclusivenews.com.br\\\/wp-content\\\/uploads\\\/2024\\\/03\\\/@grandesite.png\",\"width\":1080,\"height\":1080,\"caption\":\"Inclusive - inclus\u00e3o e cidadania\"},\"image\":{\"@id\":\"https:\\\/\\\/inclusivenews.com.br\\\/#\\\/schema\\\/logo\\\/image\\\/\"},\"sameAs\":[\"https:\\\/\\\/www.facebook.com\\\/agenciainclusive\\\/\",\"https:\\\/\\\/www.instagram.com\\\/newsinclusive\\\/\"]},{\"@type\":\"Person\",\"@id\":\"https:\\\/\\\/inclusivenews.com.br\\\/#\\\/schema\\\/person\\\/ae4ec7087559b8692fb33b6fffd2273b\",\"name\":\"inclusivenews2024\",\"image\":{\"@type\":\"ImageObject\",\"inLanguage\":\"pt-PT\",\"@id\":\"https:\\\/\\\/secure.gravatar.com\\\/avatar\\\/c5a7ef84c66fa914f55bc4f7ce26cfa275a3b9a1c5568b907bd184fb4dde7b40?s=96&d=mm&r=g\",\"url\":\"https:\\\/\\\/secure.gravatar.com\\\/avatar\\\/c5a7ef84c66fa914f55bc4f7ce26cfa275a3b9a1c5568b907bd184fb4dde7b40?s=96&d=mm&r=g\",\"contentUrl\":\"https:\\\/\\\/secure.gravatar.com\\\/avatar\\\/c5a7ef84c66fa914f55bc4f7ce26cfa275a3b9a1c5568b907bd184fb4dde7b40?s=96&d=mm&r=g\",\"caption\":\"inclusivenews2024\"},\"sameAs\":[\"https:\\\/\\\/inclusivenews.com.br\"],\"url\":\"https:\\\/\\\/inclusivenews.com.br\\\/?author=1\"}]}<\/script>\n<!-- \/ Yoast SEO plugin. -->","yoast_head_json":{"title":"Estado negligencia pessoas com defici\u00eancia -","robots":{"index":"index","follow":"follow","max-snippet":"max-snippet:-1","max-image-preview":"max-image-preview:large","max-video-preview":"max-video-preview:-1"},"canonical":"https:\/\/inclusivenews.com.br\/?p=18160","og_locale":"pt_PT","og_type":"article","og_title":"Estado negligencia pessoas com defici\u00eancia -","og_description":"Apesar de Pernambuco ser o 4\u00ba do pa\u00eds em propor\u00e7\u00e3o de pessoas com defici\u00eancia, nem Estado, nem sociedade civil priorizam a quest\u00e3o. Informa\u00e7\u00e3o \u00e9 do N\u00facleo da Diversidade do MPPE.","og_url":"https:\/\/inclusivenews.com.br\/?p=18160","article_publisher":"https:\/\/www.facebook.com\/agenciainclusive\/","article_published_time":"2010-12-16T09:46:51+00:00","og_image":[{"url":"http:\/\/inclusivenews.com.br\/wp-content\/uploads\/2009\/11\/proibidocadeirante.jpg","type":"","width":"","height":""}],"author":"inclusivenews2024","twitter_card":"summary_large_image","twitter_misc":{"Escrito por":"inclusivenews2024","Tempo estimado de leitura":"2 minutos"},"schema":{"@context":"https:\/\/schema.org","@graph":[{"@type":"Article","@id":"https:\/\/inclusivenews.com.br\/?p=18160#article","isPartOf":{"@id":"https:\/\/inclusivenews.com.br\/?p=18160"},"author":{"name":"inclusivenews2024","@id":"https:\/\/inclusivenews.com.br\/#\/schema\/person\/ae4ec7087559b8692fb33b6fffd2273b"},"headline":"Estado negligencia pessoas com defici\u00eancia","datePublished":"2010-12-16T09:46:51+00:00","mainEntityOfPage":{"@id":"https:\/\/inclusivenews.com.br\/?p=18160"},"wordCount":318,"commentCount":1,"publisher":{"@id":"https:\/\/inclusivenews.com.br\/#organization"},"image":{"@id":"https:\/\/inclusivenews.com.br\/?p=18160#primaryimage"},"thumbnailUrl":"http:\/\/inclusivenews.com.br\/wp-content\/uploads\/2009\/11\/proibidocadeirante.jpg","articleSection":["Defici\u00eancia","NOT\u00cdCIAS"],"inLanguage":"pt-PT","potentialAction":[{"@type":"CommentAction","name":"Comment","target":["https:\/\/inclusivenews.com.br\/?p=18160#respond"]}]},{"@type":"WebPage","@id":"https:\/\/inclusivenews.com.br\/?p=18160","url":"https:\/\/inclusivenews.com.br\/?p=18160","name":"Estado negligencia pessoas com defici\u00eancia -","isPartOf":{"@id":"https:\/\/inclusivenews.com.br\/#website"},"primaryImageOfPage":{"@id":"https:\/\/inclusivenews.com.br\/?p=18160#primaryimage"},"image":{"@id":"https:\/\/inclusivenews.com.br\/?p=18160#primaryimage"},"thumbnailUrl":"http:\/\/inclusivenews.com.br\/wp-content\/uploads\/2009\/11\/proibidocadeirante.jpg","datePublished":"2010-12-16T09:46:51+00:00","breadcrumb":{"@id":"https:\/\/inclusivenews.com.br\/?p=18160#breadcrumb"},"inLanguage":"pt-PT","potentialAction":[{"@type":"ReadAction","target":["https:\/\/inclusivenews.com.br\/?p=18160"]}]},{"@type":"ImageObject","inLanguage":"pt-PT","@id":"https:\/\/inclusivenews.com.br\/?p=18160#primaryimage","url":"https:\/\/inclusivenews.com.br\/wp-content\/uploads\/2009\/11\/proibidocadeirante.jpg","contentUrl":"https:\/\/inclusivenews.com.br\/wp-content\/uploads\/2009\/11\/proibidocadeirante.jpg","width":247,"height":241,"caption":"Inclusive - cadeira de rodas com uma tarja indicativa de proibi\u00e7\u00e3o em vermelho."},{"@type":"BreadcrumbList","@id":"https:\/\/inclusivenews.com.br\/?p=18160#breadcrumb","itemListElement":[{"@type":"ListItem","position":1,"name":"In\u00edcio","item":"https:\/\/inclusivenews.com.br\/"},{"@type":"ListItem","position":2,"name":"Estado negligencia pessoas com defici\u00eancia"}]},{"@type":"WebSite","@id":"https:\/\/inclusivenews.com.br\/#website","url":"https:\/\/inclusivenews.com.br\/","name":"Inclusive News","description":"Inclusive News","publisher":{"@id":"https:\/\/inclusivenews.com.br\/#organization"},"potentialAction":[{"@type":"SearchAction","target":{"@type":"EntryPoint","urlTemplate":"https:\/\/inclusivenews.com.br\/?s={search_term_string}"},"query-input":{"@type":"PropertyValueSpecification","valueRequired":true,"valueName":"search_term_string"}}],"inLanguage":"pt-PT"},{"@type":"Organization","@id":"https:\/\/inclusivenews.com.br\/#organization","name":"Inclusive - inclus\u00e3o e cidadania","url":"https:\/\/inclusivenews.com.br\/","logo":{"@type":"ImageObject","inLanguage":"pt-PT","@id":"https:\/\/inclusivenews.com.br\/#\/schema\/logo\/image\/","url":"https:\/\/inclusivenews.com.br\/wp-content\/uploads\/2024\/03\/@grandesite.png","contentUrl":"https:\/\/inclusivenews.com.br\/wp-content\/uploads\/2024\/03\/@grandesite.png","width":1080,"height":1080,"caption":"Inclusive - inclus\u00e3o e cidadania"},"image":{"@id":"https:\/\/inclusivenews.com.br\/#\/schema\/logo\/image\/"},"sameAs":["https:\/\/www.facebook.com\/agenciainclusive\/","https:\/\/www.instagram.com\/newsinclusive\/"]},{"@type":"Person","@id":"https:\/\/inclusivenews.com.br\/#\/schema\/person\/ae4ec7087559b8692fb33b6fffd2273b","name":"inclusivenews2024","image":{"@type":"ImageObject","inLanguage":"pt-PT","@id":"https:\/\/secure.gravatar.com\/avatar\/c5a7ef84c66fa914f55bc4f7ce26cfa275a3b9a1c5568b907bd184fb4dde7b40?s=96&d=mm&r=g","url":"https:\/\/secure.gravatar.com\/avatar\/c5a7ef84c66fa914f55bc4f7ce26cfa275a3b9a1c5568b907bd184fb4dde7b40?s=96&d=mm&r=g","contentUrl":"https:\/\/secure.gravatar.com\/avatar\/c5a7ef84c66fa914f55bc4f7ce26cfa275a3b9a1c5568b907bd184fb4dde7b40?s=96&d=mm&r=g","caption":"inclusivenews2024"},"sameAs":["https:\/\/inclusivenews.com.br"],"url":"https:\/\/inclusivenews.com.br\/?author=1"}]}},"_links":{"self":[{"href":"https:\/\/inclusivenews.com.br\/index.php?rest_route=\/wp\/v2\/posts\/18160","targetHints":{"allow":["GET"]}}],"collection":[{"href":"https:\/\/inclusivenews.com.br\/index.php?rest_route=\/wp\/v2\/posts"}],"about":[{"href":"https:\/\/inclusivenews.com.br\/index.php?rest_route=\/wp\/v2\/types\/post"}],"author":[{"embeddable":true,"href":"https:\/\/inclusivenews.com.br\/index.php?rest_route=\/wp\/v2\/users\/1"}],"replies":[{"embeddable":true,"href":"https:\/\/inclusivenews.com.br\/index.php?rest_route=%2Fwp%2Fv2%2Fcomments&post=18160"}],"version-history":[{"count":0,"href":"https:\/\/inclusivenews.com.br\/index.php?rest_route=\/wp\/v2\/posts\/18160\/revisions"}],"wp:attachment":[{"href":"https:\/\/inclusivenews.com.br\/index.php?rest_route=%2Fwp%2Fv2%2Fmedia&parent=18160"}],"wp:term":[{"taxonomy":"category","embeddable":true,"href":"https:\/\/inclusivenews.com.br\/index.php?rest_route=%2Fwp%2Fv2%2Fcategories&post=18160"},{"taxonomy":"post_tag","embeddable":true,"href":"https:\/\/inclusivenews.com.br\/index.php?rest_route=%2Fwp%2Fv2%2Ftags&post=18160"}],"curies":[{"name":"wp","href":"https:\/\/api.w.org\/{rel}","templated":true}]}}