{"id":18163,"date":"2010-12-12T19:49:24","date_gmt":"2010-12-12T22:49:24","guid":{"rendered":"http:\/\/www.inclusive.org.br\/?p=18163"},"modified":"2010-12-12T19:49:24","modified_gmt":"2010-12-12T22:49:24","slug":"dia-dos-direitos-humanos-falar-para-parar-a-discriminacao","status":"publish","type":"post","link":"https:\/\/inclusivenews.com.br\/?p=18163","title":{"rendered":"Dia dos Direitos Humanos: falar para parar a discrimina\u00e7\u00e3o"},"content":{"rendered":"<figure style=\"width: 130px\" class=\"wp-caption alignnone\"><img loading=\"lazy\" decoding=\"async\" title=\"A sigla IDA\" src=\"http:\/\/www.dgidc.min-edu.pt\/especial\/PublishingImages\/ida_logo.jpg\" alt=\"A sigla IDA\" width=\"130\" height=\"60\" \/><figcaption class=\"wp-caption-text\"> <\/figcaption><\/figure>\n<p>INTERNATIONAL DISABILITY ALLIANCE (IDA):<\/p>\n<p>Disabled Peoples&#8217; International, Down Syndrome International,<br \/>\nInternational Federation of Hard of Hearing People, Inclusion International,<br \/>\nRehabilitation International, World Blind Union,<br \/>\nWorld Federation of the Deaf, World Federation of the DeafBlind,<br \/>\nWorld Network of Users and Survivors of Psychiatry,<br \/>\nArab Organization of Disabled People, European Disability Forum,<br \/>\nPacific Disability Forum, Rede Latino Americana de Entidades n\u00e3o Governamentais de Pessoas com Defici\u00eancia<\/p>\n<p>O Dia dos Direitos Humanos comemora a aprova\u00e7\u00e3o da Declara\u00e7\u00e3o Universal dos Direitos Humanos em 1948, o primeiro instrumento de direitos humanos a ser adotado internacionalmente. Apesar de sua inten\u00e7\u00e3o universal, a Declara\u00e7\u00e3o faz apenas uma men\u00e7\u00e3o expl\u00edcita \u00e0 defici\u00eancia no contexto da sa\u00fade e prote\u00e7\u00e3o social. Esta refer\u00eancia inadequada aos direitos das pessoas com defici\u00eancia reflete a no\u00e7\u00e3o de que a defici\u00eancia \u00e9 reduzida ao campo da medicina de reabilita\u00e7\u00e3o e assist\u00eancia social.<\/p>\n<p>N\u00e3o h\u00e1 como negar que, desde 1948, o reconhecimento dos direitos das pessoas com defici\u00eancia enquanto direitos humanos t\u00eam feito progressos significativos, conforme evidenciado pela ado\u00e7\u00e3o do primeiro tratado de direitos humanos internacional sobre os direitos das pessoas com defici\u00eancia em 2006, a Conven\u00e7\u00e3o sobre os Direitos das Pessoas com Defici\u00eancia. A CDPD n\u00e3o \u00e9 apenas um tratado de n\u00e3o discrimina\u00e7\u00e3o, ela tamb\u00e9m prev\u00ea direitos substantivos, que incluem tanto os direitos civis e pol\u00edticos quanto os direitos econ\u00f4micos, sociais e culturais, para garantir a plena participa\u00e7\u00e3o e inclus\u00e3o das pessoas com defici\u00eancia em todos os aspectos da vida. Hoje, a CDPD tem 147 signat\u00e1rios e j\u00e1 foi ratificada por 96 Estados. O Comit\u00ea da CDPD, composto por peritos independentes, na maior parte das pessoas com defici\u00eancia, ser\u00e1 ampliado no pr\u00f3ximo ano de 12 para 18 membros.<\/p>\n<p>Sessenta e dois anos ap\u00f3s a ado\u00e7\u00e3o da Declara\u00e7\u00e3o Universal, o tema deste ano do Dia dos Direitos Humanos, &#8220;Falar para parar a discrimina\u00e7\u00e3o&#8221;, apoia o trabalho dos defensores dos direitos humanos que agem para acabar com discrimina\u00e7\u00e3o. A IDA reconhece o trabalho dos seus membros, organiza\u00e7\u00f5es representativas das pessoas com defici\u00eancia que, juntas, abrangem uma vasta gama de grupos de defici\u00eancia de todas as regi\u00f5es do mundo com o objetivo de defender os direitos humanos das pessoas com defici\u00eancia e, em particular, para criar oportunidades de auto representa\u00e7\u00e3o e defesa dos milh\u00f5es de crian\u00e7as e adultos com defici\u00eancia em todo o mundo que, de outra forma, permaneceriam invis\u00edveis ou esquecidos.<\/p>\n<p>Apesar destes esfor\u00e7os importantes, as pessoas com defici\u00eancia ainda enfrentam a discrimina\u00e7\u00e3o e a nega\u00e7\u00e3o das liberdades fundamentais para tomar suas pr\u00f3prias decis\u00f5es, escolher onde e como viver, estar livre da tortura e dos maus-tratos, e ter acesso \u00e0 informa\u00e7\u00e3o etc. Os direitos humanos das pessoas com defici\u00eancia atravessam os mandatos de todos os \u00f3rg\u00e3os das Na\u00e7\u00f5es Unidas e do sistema de direitos humanos em geral, a IDA vem trabalhando para incorporar os direitos das pessoas com defici\u00eancia em todo o sistema de Direitos Humanos das Na\u00e7\u00f5es Unidas. H\u00e1 uma necessidade permanente de que os \u00f3rg\u00e3os de tratados, o Conselho de Direitos Humanos, os procedimentos especiais e outras entidades das Na\u00e7\u00f5es Unidas garantam que crian\u00e7as e adultos com defici\u00eancia n\u00e3o sejam exclu\u00eddas do seu mandato de prote\u00e7\u00e3o, bem como apoiem e promovam das normas da CDPD.<\/p>\n<p>Neste Dia dos Direitos Humanos, a IDA apela aos Governos, aos \u00f3rg\u00e3os estatut\u00e1rios e entidades da ONU e outras partes interessadas para dotar crian\u00e7as e adultos com defici\u00eancia com as ferramentas que precisam para falar por si e defender seus direitos. Ao tornar esses direitos reais, as pessoas com defici\u00eancias podem desempenhar seu papel central no di\u00e1logo com o Estado e atores privados para acabar com a discrimina\u00e7\u00e3o e tomar seu lugar como cidad\u00e3os em uma sociedade inclusiva.<\/p>\n<p>Contacto: Stefan Tr\u00f6mel, <a href=\"mailto:stromel@ida-secretariat.org\">stromel@ida-secretariat.org<\/a><br \/>\nIDA Website: <a href=\"http:\/\/www.internationaldisabilityalliance.org\">www.internationaldisabilityalliance.org<\/a><\/p>\n<p>Tradu\u00e7\u00e3o de Alexandre Mapurunga (<a href=\"http:\/\/www.google.com.br\/url?sa=t&amp;source=web&amp;cd=2&amp;ved=0CB4QFjAB&amp;url=http%3A%2F%2Fwww.inclusaoediversidade.com%2F&amp;ei=9lAFTfXSFIKs8Abl8_nmAg&amp;usg=AFQjCNHpdUD2HdVrGJM6zhrims-WPw3t5A&amp;sig2=FJccVxEsxNSBm6Ykm--ejg\">Inclus\u00e3o e Diversidade<\/a>)<\/p>\n","protected":false},"excerpt":{"rendered":"<p>No dia dos Direitos Humanos, a IDA \u2013 International Disability Alliance conclama a ONU, os Governos e Sociedade Civil para que falem para acabar com a discrimina\u00e7\u00e3o contra os direitos humanos das pessoas com defici\u00eancia.<\/p>\n","protected":false},"author":1,"featured_media":0,"comment_status":"open","ping_status":"open","sticky":false,"template":"","format":"standard","meta":{"site-container-style":"default","site-container-layout":"default","site-sidebar-layout":"default","disable-article-header":"default","disable-site-header":"default","disable-site-footer":"default","disable-content-area-spacing":"default","footnotes":""},"categories":[38,11,48,4],"tags":[],"class_list":["post-18163","post","type-post","status-publish","format-standard","hentry","category-deficiencia","category-direitos-humanos","category-inclusao","category-noticias"],"yoast_head":"<!-- This site is optimized with the Yoast SEO plugin v27.4 - https:\/\/yoast.com\/product\/yoast-seo-wordpress\/ -->\n<title>Dia dos Direitos Humanos: falar para parar a discrimina\u00e7\u00e3o -<\/title>\n<meta name=\"robots\" content=\"index, follow, max-snippet:-1, max-image-preview:large, max-video-preview:-1\" \/>\n<link rel=\"canonical\" href=\"https:\/\/inclusivenews.com.br\/?p=18163\" \/>\n<meta property=\"og:locale\" content=\"pt_PT\" \/>\n<meta property=\"og:type\" content=\"article\" \/>\n<meta property=\"og:title\" content=\"Dia dos Direitos Humanos: falar para parar a discrimina\u00e7\u00e3o -\" \/>\n<meta property=\"og:description\" content=\"No dia dos Direitos Humanos, a IDA \u2013 International Disability Alliance conclama a ONU, os Governos e Sociedade Civil para que falem para acabar com a discrimina\u00e7\u00e3o contra os direitos humanos das pessoas com defici\u00eancia.\" \/>\n<meta property=\"og:url\" content=\"https:\/\/inclusivenews.com.br\/?p=18163\" \/>\n<meta property=\"article:publisher\" content=\"https:\/\/www.facebook.com\/agenciainclusive\/\" \/>\n<meta property=\"article:published_time\" content=\"2010-12-12T22:49:24+00:00\" \/>\n<meta property=\"og:image\" content=\"http:\/\/www.dgidc.min-edu.pt\/especial\/PublishingImages\/ida_logo.jpg\" \/>\n<meta name=\"author\" content=\"inclusivenews2024\" \/>\n<meta name=\"twitter:card\" content=\"summary_large_image\" \/>\n<meta name=\"twitter:label1\" content=\"Escrito por\" \/>\n\t<meta name=\"twitter:data1\" content=\"inclusivenews2024\" \/>\n\t<meta name=\"twitter:label2\" content=\"Tempo estimado de leitura\" \/>\n\t<meta name=\"twitter:data2\" content=\"3 minutos\" \/>\n<script type=\"application\/ld+json\" class=\"yoast-schema-graph\">{\"@context\":\"https:\\\/\\\/schema.org\",\"@graph\":[{\"@type\":\"Article\",\"@id\":\"https:\\\/\\\/inclusivenews.com.br\\\/?p=18163#article\",\"isPartOf\":{\"@id\":\"https:\\\/\\\/inclusivenews.com.br\\\/?p=18163\"},\"author\":{\"name\":\"inclusivenews2024\",\"@id\":\"https:\\\/\\\/inclusivenews.com.br\\\/#\\\/schema\\\/person\\\/ae4ec7087559b8692fb33b6fffd2273b\"},\"headline\":\"Dia dos Direitos Humanos: falar para parar a discrimina\u00e7\u00e3o\",\"datePublished\":\"2010-12-12T22:49:24+00:00\",\"mainEntityOfPage\":{\"@id\":\"https:\\\/\\\/inclusivenews.com.br\\\/?p=18163\"},\"wordCount\":704,\"commentCount\":0,\"publisher\":{\"@id\":\"https:\\\/\\\/inclusivenews.com.br\\\/#organization\"},\"image\":{\"@id\":\"https:\\\/\\\/inclusivenews.com.br\\\/?p=18163#primaryimage\"},\"thumbnailUrl\":\"http:\\\/\\\/www.dgidc.min-edu.pt\\\/especial\\\/PublishingImages\\\/ida_logo.jpg\",\"articleSection\":[\"Defici\u00eancia\",\"DIREITOS HUMANOS\",\"INCLUS\u00c3O SOCIAL\",\"NOT\u00cdCIAS\"],\"inLanguage\":\"pt-PT\",\"potentialAction\":[{\"@type\":\"CommentAction\",\"name\":\"Comment\",\"target\":[\"https:\\\/\\\/inclusivenews.com.br\\\/?p=18163#respond\"]}]},{\"@type\":\"WebPage\",\"@id\":\"https:\\\/\\\/inclusivenews.com.br\\\/?p=18163\",\"url\":\"https:\\\/\\\/inclusivenews.com.br\\\/?p=18163\",\"name\":\"Dia dos Direitos Humanos: falar para parar a discrimina\u00e7\u00e3o -\",\"isPartOf\":{\"@id\":\"https:\\\/\\\/inclusivenews.com.br\\\/#website\"},\"primaryImageOfPage\":{\"@id\":\"https:\\\/\\\/inclusivenews.com.br\\\/?p=18163#primaryimage\"},\"image\":{\"@id\":\"https:\\\/\\\/inclusivenews.com.br\\\/?p=18163#primaryimage\"},\"thumbnailUrl\":\"http:\\\/\\\/www.dgidc.min-edu.pt\\\/especial\\\/PublishingImages\\\/ida_logo.jpg\",\"datePublished\":\"2010-12-12T22:49:24+00:00\",\"breadcrumb\":{\"@id\":\"https:\\\/\\\/inclusivenews.com.br\\\/?p=18163#breadcrumb\"},\"inLanguage\":\"pt-PT\",\"potentialAction\":[{\"@type\":\"ReadAction\",\"target\":[\"https:\\\/\\\/inclusivenews.com.br\\\/?p=18163\"]}]},{\"@type\":\"ImageObject\",\"inLanguage\":\"pt-PT\",\"@id\":\"https:\\\/\\\/inclusivenews.com.br\\\/?p=18163#primaryimage\",\"url\":\"http:\\\/\\\/www.dgidc.min-edu.pt\\\/especial\\\/PublishingImages\\\/ida_logo.jpg\",\"contentUrl\":\"http:\\\/\\\/www.dgidc.min-edu.pt\\\/especial\\\/PublishingImages\\\/ida_logo.jpg\"},{\"@type\":\"BreadcrumbList\",\"@id\":\"https:\\\/\\\/inclusivenews.com.br\\\/?p=18163#breadcrumb\",\"itemListElement\":[{\"@type\":\"ListItem\",\"position\":1,\"name\":\"In\u00edcio\",\"item\":\"https:\\\/\\\/inclusivenews.com.br\\\/\"},{\"@type\":\"ListItem\",\"position\":2,\"name\":\"Dia dos Direitos Humanos: falar para parar a discrimina\u00e7\u00e3o\"}]},{\"@type\":\"WebSite\",\"@id\":\"https:\\\/\\\/inclusivenews.com.br\\\/#website\",\"url\":\"https:\\\/\\\/inclusivenews.com.br\\\/\",\"name\":\"Inclusive News\",\"description\":\"Inclusive News\",\"publisher\":{\"@id\":\"https:\\\/\\\/inclusivenews.com.br\\\/#organization\"},\"potentialAction\":[{\"@type\":\"SearchAction\",\"target\":{\"@type\":\"EntryPoint\",\"urlTemplate\":\"https:\\\/\\\/inclusivenews.com.br\\\/?s={search_term_string}\"},\"query-input\":{\"@type\":\"PropertyValueSpecification\",\"valueRequired\":true,\"valueName\":\"search_term_string\"}}],\"inLanguage\":\"pt-PT\"},{\"@type\":\"Organization\",\"@id\":\"https:\\\/\\\/inclusivenews.com.br\\\/#organization\",\"name\":\"Inclusive - inclus\u00e3o e cidadania\",\"url\":\"https:\\\/\\\/inclusivenews.com.br\\\/\",\"logo\":{\"@type\":\"ImageObject\",\"inLanguage\":\"pt-PT\",\"@id\":\"https:\\\/\\\/inclusivenews.com.br\\\/#\\\/schema\\\/logo\\\/image\\\/\",\"url\":\"https:\\\/\\\/inclusivenews.com.br\\\/wp-content\\\/uploads\\\/2024\\\/03\\\/@grandesite.png\",\"contentUrl\":\"https:\\\/\\\/inclusivenews.com.br\\\/wp-content\\\/uploads\\\/2024\\\/03\\\/@grandesite.png\",\"width\":1080,\"height\":1080,\"caption\":\"Inclusive - inclus\u00e3o e cidadania\"},\"image\":{\"@id\":\"https:\\\/\\\/inclusivenews.com.br\\\/#\\\/schema\\\/logo\\\/image\\\/\"},\"sameAs\":[\"https:\\\/\\\/www.facebook.com\\\/agenciainclusive\\\/\",\"https:\\\/\\\/www.instagram.com\\\/newsinclusive\\\/\"]},{\"@type\":\"Person\",\"@id\":\"https:\\\/\\\/inclusivenews.com.br\\\/#\\\/schema\\\/person\\\/ae4ec7087559b8692fb33b6fffd2273b\",\"name\":\"inclusivenews2024\",\"image\":{\"@type\":\"ImageObject\",\"inLanguage\":\"pt-PT\",\"@id\":\"https:\\\/\\\/secure.gravatar.com\\\/avatar\\\/c5a7ef84c66fa914f55bc4f7ce26cfa275a3b9a1c5568b907bd184fb4dde7b40?s=96&d=mm&r=g\",\"url\":\"https:\\\/\\\/secure.gravatar.com\\\/avatar\\\/c5a7ef84c66fa914f55bc4f7ce26cfa275a3b9a1c5568b907bd184fb4dde7b40?s=96&d=mm&r=g\",\"contentUrl\":\"https:\\\/\\\/secure.gravatar.com\\\/avatar\\\/c5a7ef84c66fa914f55bc4f7ce26cfa275a3b9a1c5568b907bd184fb4dde7b40?s=96&d=mm&r=g\",\"caption\":\"inclusivenews2024\"},\"sameAs\":[\"https:\\\/\\\/inclusivenews.com.br\"],\"url\":\"https:\\\/\\\/inclusivenews.com.br\\\/?author=1\"}]}<\/script>\n<!-- \/ Yoast SEO plugin. -->","yoast_head_json":{"title":"Dia dos Direitos Humanos: falar para parar a discrimina\u00e7\u00e3o -","robots":{"index":"index","follow":"follow","max-snippet":"max-snippet:-1","max-image-preview":"max-image-preview:large","max-video-preview":"max-video-preview:-1"},"canonical":"https:\/\/inclusivenews.com.br\/?p=18163","og_locale":"pt_PT","og_type":"article","og_title":"Dia dos Direitos Humanos: falar para parar a discrimina\u00e7\u00e3o -","og_description":"No dia dos Direitos Humanos, a IDA \u2013 International Disability Alliance conclama a ONU, os Governos e Sociedade Civil para que falem para acabar com a discrimina\u00e7\u00e3o contra os direitos humanos das pessoas com defici\u00eancia.","og_url":"https:\/\/inclusivenews.com.br\/?p=18163","article_publisher":"https:\/\/www.facebook.com\/agenciainclusive\/","article_published_time":"2010-12-12T22:49:24+00:00","og_image":[{"url":"http:\/\/www.dgidc.min-edu.pt\/especial\/PublishingImages\/ida_logo.jpg","type":"","width":"","height":""}],"author":"inclusivenews2024","twitter_card":"summary_large_image","twitter_misc":{"Escrito por":"inclusivenews2024","Tempo estimado de leitura":"3 minutos"},"schema":{"@context":"https:\/\/schema.org","@graph":[{"@type":"Article","@id":"https:\/\/inclusivenews.com.br\/?p=18163#article","isPartOf":{"@id":"https:\/\/inclusivenews.com.br\/?p=18163"},"author":{"name":"inclusivenews2024","@id":"https:\/\/inclusivenews.com.br\/#\/schema\/person\/ae4ec7087559b8692fb33b6fffd2273b"},"headline":"Dia dos Direitos Humanos: falar para parar a discrimina\u00e7\u00e3o","datePublished":"2010-12-12T22:49:24+00:00","mainEntityOfPage":{"@id":"https:\/\/inclusivenews.com.br\/?p=18163"},"wordCount":704,"commentCount":0,"publisher":{"@id":"https:\/\/inclusivenews.com.br\/#organization"},"image":{"@id":"https:\/\/inclusivenews.com.br\/?p=18163#primaryimage"},"thumbnailUrl":"http:\/\/www.dgidc.min-edu.pt\/especial\/PublishingImages\/ida_logo.jpg","articleSection":["Defici\u00eancia","DIREITOS HUMANOS","INCLUS\u00c3O SOCIAL","NOT\u00cdCIAS"],"inLanguage":"pt-PT","potentialAction":[{"@type":"CommentAction","name":"Comment","target":["https:\/\/inclusivenews.com.br\/?p=18163#respond"]}]},{"@type":"WebPage","@id":"https:\/\/inclusivenews.com.br\/?p=18163","url":"https:\/\/inclusivenews.com.br\/?p=18163","name":"Dia dos Direitos Humanos: falar para parar a discrimina\u00e7\u00e3o -","isPartOf":{"@id":"https:\/\/inclusivenews.com.br\/#website"},"primaryImageOfPage":{"@id":"https:\/\/inclusivenews.com.br\/?p=18163#primaryimage"},"image":{"@id":"https:\/\/inclusivenews.com.br\/?p=18163#primaryimage"},"thumbnailUrl":"http:\/\/www.dgidc.min-edu.pt\/especial\/PublishingImages\/ida_logo.jpg","datePublished":"2010-12-12T22:49:24+00:00","breadcrumb":{"@id":"https:\/\/inclusivenews.com.br\/?p=18163#breadcrumb"},"inLanguage":"pt-PT","potentialAction":[{"@type":"ReadAction","target":["https:\/\/inclusivenews.com.br\/?p=18163"]}]},{"@type":"ImageObject","inLanguage":"pt-PT","@id":"https:\/\/inclusivenews.com.br\/?p=18163#primaryimage","url":"http:\/\/www.dgidc.min-edu.pt\/especial\/PublishingImages\/ida_logo.jpg","contentUrl":"http:\/\/www.dgidc.min-edu.pt\/especial\/PublishingImages\/ida_logo.jpg"},{"@type":"BreadcrumbList","@id":"https:\/\/inclusivenews.com.br\/?p=18163#breadcrumb","itemListElement":[{"@type":"ListItem","position":1,"name":"In\u00edcio","item":"https:\/\/inclusivenews.com.br\/"},{"@type":"ListItem","position":2,"name":"Dia dos Direitos Humanos: falar para parar a discrimina\u00e7\u00e3o"}]},{"@type":"WebSite","@id":"https:\/\/inclusivenews.com.br\/#website","url":"https:\/\/inclusivenews.com.br\/","name":"Inclusive News","description":"Inclusive News","publisher":{"@id":"https:\/\/inclusivenews.com.br\/#organization"},"potentialAction":[{"@type":"SearchAction","target":{"@type":"EntryPoint","urlTemplate":"https:\/\/inclusivenews.com.br\/?s={search_term_string}"},"query-input":{"@type":"PropertyValueSpecification","valueRequired":true,"valueName":"search_term_string"}}],"inLanguage":"pt-PT"},{"@type":"Organization","@id":"https:\/\/inclusivenews.com.br\/#organization","name":"Inclusive - inclus\u00e3o e cidadania","url":"https:\/\/inclusivenews.com.br\/","logo":{"@type":"ImageObject","inLanguage":"pt-PT","@id":"https:\/\/inclusivenews.com.br\/#\/schema\/logo\/image\/","url":"https:\/\/inclusivenews.com.br\/wp-content\/uploads\/2024\/03\/@grandesite.png","contentUrl":"https:\/\/inclusivenews.com.br\/wp-content\/uploads\/2024\/03\/@grandesite.png","width":1080,"height":1080,"caption":"Inclusive - inclus\u00e3o e cidadania"},"image":{"@id":"https:\/\/inclusivenews.com.br\/#\/schema\/logo\/image\/"},"sameAs":["https:\/\/www.facebook.com\/agenciainclusive\/","https:\/\/www.instagram.com\/newsinclusive\/"]},{"@type":"Person","@id":"https:\/\/inclusivenews.com.br\/#\/schema\/person\/ae4ec7087559b8692fb33b6fffd2273b","name":"inclusivenews2024","image":{"@type":"ImageObject","inLanguage":"pt-PT","@id":"https:\/\/secure.gravatar.com\/avatar\/c5a7ef84c66fa914f55bc4f7ce26cfa275a3b9a1c5568b907bd184fb4dde7b40?s=96&d=mm&r=g","url":"https:\/\/secure.gravatar.com\/avatar\/c5a7ef84c66fa914f55bc4f7ce26cfa275a3b9a1c5568b907bd184fb4dde7b40?s=96&d=mm&r=g","contentUrl":"https:\/\/secure.gravatar.com\/avatar\/c5a7ef84c66fa914f55bc4f7ce26cfa275a3b9a1c5568b907bd184fb4dde7b40?s=96&d=mm&r=g","caption":"inclusivenews2024"},"sameAs":["https:\/\/inclusivenews.com.br"],"url":"https:\/\/inclusivenews.com.br\/?author=1"}]}},"_links":{"self":[{"href":"https:\/\/inclusivenews.com.br\/index.php?rest_route=\/wp\/v2\/posts\/18163","targetHints":{"allow":["GET"]}}],"collection":[{"href":"https:\/\/inclusivenews.com.br\/index.php?rest_route=\/wp\/v2\/posts"}],"about":[{"href":"https:\/\/inclusivenews.com.br\/index.php?rest_route=\/wp\/v2\/types\/post"}],"author":[{"embeddable":true,"href":"https:\/\/inclusivenews.com.br\/index.php?rest_route=\/wp\/v2\/users\/1"}],"replies":[{"embeddable":true,"href":"https:\/\/inclusivenews.com.br\/index.php?rest_route=%2Fwp%2Fv2%2Fcomments&post=18163"}],"version-history":[{"count":0,"href":"https:\/\/inclusivenews.com.br\/index.php?rest_route=\/wp\/v2\/posts\/18163\/revisions"}],"wp:attachment":[{"href":"https:\/\/inclusivenews.com.br\/index.php?rest_route=%2Fwp%2Fv2%2Fmedia&parent=18163"}],"wp:term":[{"taxonomy":"category","embeddable":true,"href":"https:\/\/inclusivenews.com.br\/index.php?rest_route=%2Fwp%2Fv2%2Fcategories&post=18163"},{"taxonomy":"post_tag","embeddable":true,"href":"https:\/\/inclusivenews.com.br\/index.php?rest_route=%2Fwp%2Fv2%2Ftags&post=18163"}],"curies":[{"name":"wp","href":"https:\/\/api.w.org\/{rel}","templated":true}]}}