{"id":18181,"date":"2010-12-16T06:41:06","date_gmt":"2010-12-16T09:41:06","guid":{"rendered":"http:\/\/www.inclusive.org.br\/?p=18181"},"modified":"2010-12-16T06:41:06","modified_gmt":"2010-12-16T09:41:06","slug":"discriminacao-contra-a-cor-e-opcao-sexual-agravam-a-violencia-contra-mulher","status":"publish","type":"post","link":"https:\/\/inclusivenews.com.br\/?p=18181","title":{"rendered":"Discrimina\u00e7\u00e3o contra a cor e op\u00e7\u00e3o sexual agravam a viol\u00eancia contra mulher"},"content":{"rendered":"<figure style=\"width: 210px\" class=\"wp-caption alignleft\"><img loading=\"lazy\" decoding=\"async\" class=\" \" title=\"Desenho de mulher negra\" src=\"http:\/\/www.feminismo.org.br\/livre\/images\/stories\/direitos\/mulher-negra4.jpg\" alt=\"Desenho de mulher negra\" width=\"210\" height=\"280\" \/><figcaption class=\"wp-caption-text\">Imagem: CFEMEA<\/figcaption><\/figure>\n<p>Os desafios das mulheres se agravam pelos preconceitos de cor e de op\u00e7\u00e3o sexual. O assunto foi tratado na audi\u00eancia p\u00fablica do Dia Nacional de Combate \u00e0 Viol\u00eancia contra Mulher, realizado no audit\u00f3rio da C\u00e2mara Municipal. Maria Ozaneide, secret\u00e1ria de g\u00eanero da Federa\u00e7\u00e3o dos Trabalhadores no Servi\u00e7o Municipal do Cear\u00e1 (Fetamce), e Alesandra Guerra, do grupo Liberdade no Amor entre Mulheres participaram da discuss\u00e3o.<\/p>\n<p>Segundo Ozaneide, o preconceito no Brasil est\u00e1 ligado diretamente \u00e0 avers\u00e3o cor e o formato do rosto do negro. Essa discrimina\u00e7\u00e3o reflete na pobreza que os negros est\u00e3o submetidos. \u201cAs mulheres negras possuem cargos menos favorecidos e est\u00e3o sujeitas ao turismo sexual\u201d, afirma.<\/p>\n<p>Para reverter \u00e0 situa\u00e7\u00e3o, ela acredita no fortalecimento das institui\u00e7\u00f5es com semin\u00e1rios de conscientiza\u00e7\u00e3o. A cria\u00e7\u00e3o do Juizado Especial e da Delegacia da Mulher, que est\u00e1 em fase de implanta\u00e7\u00e3o no munic\u00edpio, \u00e9 outra medida necess\u00e1ria.<\/p>\n<p>Ozaneide ainda lembrou a viol\u00eancia contra a mulher por crimes passionais. \u201cEm 2010, 94 mulheres foram assassinadas. A maior incid\u00eancia foi no Cariri. Nas delegacias, foram registrados 5.301 Boletins de Ocorr\u00eancia de viol\u00eancia contra a mulher s\u00f3 nesse ano\u201d, explicou.<\/p>\n<p>Por sua vez, Alessandra Guerra afirmou que a op\u00e7\u00e3o sexual da mulher pode gerar ainda mais preconceito, discrimina\u00e7\u00e3o e, muitas vezes, viol\u00eancia. \u201cTudo o que foge dos padr\u00f5es considerados normais de relacionamento \u00e9 tratado com discrimina\u00e7\u00e3o\u201d, disse.<\/p>\n<p>Participaram da mesa da audi\u00eancia, a vereadora Dad\u00e1 Almeida (PT), Neiva Esteves e Hilderlene Silva do Sindicato dos Servidores P\u00fablicos de Quixad\u00e1, Ibaretama, Banabui\u00fa, Chor\u00f3 e Ibicuitinga (Sindsep) e Sheila Gon\u00e7alves da Coordenadoria de pol\u00edtica para as mulheres. Al\u00e9m dessas duas institui\u00e7\u00f5es, o Centro de Refer\u00eancia da Assist\u00eancia Social (Cras) e o Sindicato dos Trabalhadores e Trabalhadoras Rurais colaboraram para a promo\u00e7\u00e3o do evento.<\/p>\n<p><strong>Mais Informa\u00e7\u00f5es<br \/>\n<\/strong>C\u00e2mara de Vereadores de Quixad\u00e1<br \/>\n(88) 3412.2285<strong><br \/>\n<a href=\"http:\/\/www.camaraquixada.ce.gov.br\/noticias\/noticia_completa.php?id=410\" target=\"_blank\" rel=\"noopener\">www.camaraquixada.ce.gov.br<\/a><\/strong><\/p>\n<p>__________________<\/p>\n<p><strong>Fonte: <\/strong><a href=\"http:\/\/www.revistacentral.com.br\/index.php?option=com_content&amp;view=article&amp;id=797:discriminacao-contra-a-cor-e-opcao-sexual-agravam-a-violencia-contra-mulher&amp;catid=119:quixada&amp;Itemid=472\">Revista Central<\/a><\/p>\n","protected":false},"excerpt":{"rendered":"<p>Os desafios das mulheres se agravam pelos preconceitos de cor e de op\u00e7\u00e3o sexual. O assunto foi tratado na audi\u00eancia p\u00fablica do Dia Nacional de Combate \u00e0 Viol\u00eancia contra Mulher. Da Revista Central.<\/p>\n","protected":false},"author":1,"featured_media":0,"comment_status":"open","ping_status":"open","sticky":false,"template":"","format":"standard","meta":{"site-container-style":"default","site-container-layout":"default","site-sidebar-layout":"default","disable-article-header":"default","disable-site-header":"default","disable-site-footer":"default","disable-content-area-spacing":"default","footnotes":""},"categories":[11,39,4],"tags":[],"class_list":["post-18181","post","type-post","status-publish","format-standard","hentry","category-direitos-humanos","category-discriminacao","category-noticias"],"yoast_head":"<!-- This site is optimized with the Yoast SEO plugin v27.4 - https:\/\/yoast.com\/product\/yoast-seo-wordpress\/ -->\n<title>Discrimina\u00e7\u00e3o contra a cor e op\u00e7\u00e3o sexual agravam a viol\u00eancia contra mulher -<\/title>\n<meta name=\"robots\" content=\"index, follow, max-snippet:-1, max-image-preview:large, max-video-preview:-1\" \/>\n<link rel=\"canonical\" href=\"https:\/\/inclusivenews.com.br\/?p=18181\" \/>\n<meta property=\"og:locale\" content=\"pt_PT\" \/>\n<meta property=\"og:type\" content=\"article\" \/>\n<meta property=\"og:title\" content=\"Discrimina\u00e7\u00e3o contra a cor e op\u00e7\u00e3o sexual agravam a viol\u00eancia contra mulher -\" \/>\n<meta property=\"og:description\" content=\"Os desafios das mulheres se agravam pelos preconceitos de cor e de op\u00e7\u00e3o sexual. O assunto foi tratado na audi\u00eancia p\u00fablica do Dia Nacional de Combate \u00e0 Viol\u00eancia contra Mulher. Da Revista Central.\" \/>\n<meta property=\"og:url\" content=\"https:\/\/inclusivenews.com.br\/?p=18181\" \/>\n<meta property=\"article:publisher\" content=\"https:\/\/www.facebook.com\/agenciainclusive\/\" \/>\n<meta property=\"article:published_time\" content=\"2010-12-16T09:41:06+00:00\" \/>\n<meta property=\"og:image\" content=\"http:\/\/www.feminismo.org.br\/livre\/images\/stories\/direitos\/mulher-negra4.jpg\" \/>\n<meta name=\"author\" content=\"inclusivenews2024\" \/>\n<meta name=\"twitter:card\" content=\"summary_large_image\" \/>\n<meta name=\"twitter:label1\" content=\"Escrito por\" \/>\n\t<meta name=\"twitter:data1\" content=\"inclusivenews2024\" \/>\n\t<meta name=\"twitter:label2\" content=\"Tempo estimado de leitura\" \/>\n\t<meta name=\"twitter:data2\" content=\"2 minutos\" \/>\n<script type=\"application\/ld+json\" class=\"yoast-schema-graph\">{\"@context\":\"https:\\\/\\\/schema.org\",\"@graph\":[{\"@type\":\"Article\",\"@id\":\"https:\\\/\\\/inclusivenews.com.br\\\/?p=18181#article\",\"isPartOf\":{\"@id\":\"https:\\\/\\\/inclusivenews.com.br\\\/?p=18181\"},\"author\":{\"name\":\"inclusivenews2024\",\"@id\":\"https:\\\/\\\/inclusivenews.com.br\\\/#\\\/schema\\\/person\\\/ae4ec7087559b8692fb33b6fffd2273b\"},\"headline\":\"Discrimina\u00e7\u00e3o contra a cor e op\u00e7\u00e3o sexual agravam a viol\u00eancia contra mulher\",\"datePublished\":\"2010-12-16T09:41:06+00:00\",\"mainEntityOfPage\":{\"@id\":\"https:\\\/\\\/inclusivenews.com.br\\\/?p=18181\"},\"wordCount\":358,\"commentCount\":0,\"publisher\":{\"@id\":\"https:\\\/\\\/inclusivenews.com.br\\\/#organization\"},\"image\":{\"@id\":\"https:\\\/\\\/inclusivenews.com.br\\\/?p=18181#primaryimage\"},\"thumbnailUrl\":\"http:\\\/\\\/www.feminismo.org.br\\\/livre\\\/images\\\/stories\\\/direitos\\\/mulher-negra4.jpg\",\"articleSection\":[\"DIREITOS HUMANOS\",\"Discrimina\u00e7\u00e3o\",\"NOT\u00cdCIAS\"],\"inLanguage\":\"pt-PT\",\"potentialAction\":[{\"@type\":\"CommentAction\",\"name\":\"Comment\",\"target\":[\"https:\\\/\\\/inclusivenews.com.br\\\/?p=18181#respond\"]}]},{\"@type\":\"WebPage\",\"@id\":\"https:\\\/\\\/inclusivenews.com.br\\\/?p=18181\",\"url\":\"https:\\\/\\\/inclusivenews.com.br\\\/?p=18181\",\"name\":\"Discrimina\u00e7\u00e3o contra a cor e op\u00e7\u00e3o sexual agravam a viol\u00eancia contra mulher -\",\"isPartOf\":{\"@id\":\"https:\\\/\\\/inclusivenews.com.br\\\/#website\"},\"primaryImageOfPage\":{\"@id\":\"https:\\\/\\\/inclusivenews.com.br\\\/?p=18181#primaryimage\"},\"image\":{\"@id\":\"https:\\\/\\\/inclusivenews.com.br\\\/?p=18181#primaryimage\"},\"thumbnailUrl\":\"http:\\\/\\\/www.feminismo.org.br\\\/livre\\\/images\\\/stories\\\/direitos\\\/mulher-negra4.jpg\",\"datePublished\":\"2010-12-16T09:41:06+00:00\",\"breadcrumb\":{\"@id\":\"https:\\\/\\\/inclusivenews.com.br\\\/?p=18181#breadcrumb\"},\"inLanguage\":\"pt-PT\",\"potentialAction\":[{\"@type\":\"ReadAction\",\"target\":[\"https:\\\/\\\/inclusivenews.com.br\\\/?p=18181\"]}]},{\"@type\":\"ImageObject\",\"inLanguage\":\"pt-PT\",\"@id\":\"https:\\\/\\\/inclusivenews.com.br\\\/?p=18181#primaryimage\",\"url\":\"http:\\\/\\\/www.feminismo.org.br\\\/livre\\\/images\\\/stories\\\/direitos\\\/mulher-negra4.jpg\",\"contentUrl\":\"http:\\\/\\\/www.feminismo.org.br\\\/livre\\\/images\\\/stories\\\/direitos\\\/mulher-negra4.jpg\"},{\"@type\":\"BreadcrumbList\",\"@id\":\"https:\\\/\\\/inclusivenews.com.br\\\/?p=18181#breadcrumb\",\"itemListElement\":[{\"@type\":\"ListItem\",\"position\":1,\"name\":\"In\u00edcio\",\"item\":\"https:\\\/\\\/inclusivenews.com.br\\\/\"},{\"@type\":\"ListItem\",\"position\":2,\"name\":\"Discrimina\u00e7\u00e3o contra a cor e op\u00e7\u00e3o sexual agravam a viol\u00eancia contra mulher\"}]},{\"@type\":\"WebSite\",\"@id\":\"https:\\\/\\\/inclusivenews.com.br\\\/#website\",\"url\":\"https:\\\/\\\/inclusivenews.com.br\\\/\",\"name\":\"Inclusive News\",\"description\":\"Inclusive News\",\"publisher\":{\"@id\":\"https:\\\/\\\/inclusivenews.com.br\\\/#organization\"},\"potentialAction\":[{\"@type\":\"SearchAction\",\"target\":{\"@type\":\"EntryPoint\",\"urlTemplate\":\"https:\\\/\\\/inclusivenews.com.br\\\/?s={search_term_string}\"},\"query-input\":{\"@type\":\"PropertyValueSpecification\",\"valueRequired\":true,\"valueName\":\"search_term_string\"}}],\"inLanguage\":\"pt-PT\"},{\"@type\":\"Organization\",\"@id\":\"https:\\\/\\\/inclusivenews.com.br\\\/#organization\",\"name\":\"Inclusive - inclus\u00e3o e cidadania\",\"url\":\"https:\\\/\\\/inclusivenews.com.br\\\/\",\"logo\":{\"@type\":\"ImageObject\",\"inLanguage\":\"pt-PT\",\"@id\":\"https:\\\/\\\/inclusivenews.com.br\\\/#\\\/schema\\\/logo\\\/image\\\/\",\"url\":\"https:\\\/\\\/inclusivenews.com.br\\\/wp-content\\\/uploads\\\/2024\\\/03\\\/@grandesite.png\",\"contentUrl\":\"https:\\\/\\\/inclusivenews.com.br\\\/wp-content\\\/uploads\\\/2024\\\/03\\\/@grandesite.png\",\"width\":1080,\"height\":1080,\"caption\":\"Inclusive - inclus\u00e3o e cidadania\"},\"image\":{\"@id\":\"https:\\\/\\\/inclusivenews.com.br\\\/#\\\/schema\\\/logo\\\/image\\\/\"},\"sameAs\":[\"https:\\\/\\\/www.facebook.com\\\/agenciainclusive\\\/\",\"https:\\\/\\\/www.instagram.com\\\/newsinclusive\\\/\"]},{\"@type\":\"Person\",\"@id\":\"https:\\\/\\\/inclusivenews.com.br\\\/#\\\/schema\\\/person\\\/ae4ec7087559b8692fb33b6fffd2273b\",\"name\":\"inclusivenews2024\",\"image\":{\"@type\":\"ImageObject\",\"inLanguage\":\"pt-PT\",\"@id\":\"https:\\\/\\\/secure.gravatar.com\\\/avatar\\\/c5a7ef84c66fa914f55bc4f7ce26cfa275a3b9a1c5568b907bd184fb4dde7b40?s=96&d=mm&r=g\",\"url\":\"https:\\\/\\\/secure.gravatar.com\\\/avatar\\\/c5a7ef84c66fa914f55bc4f7ce26cfa275a3b9a1c5568b907bd184fb4dde7b40?s=96&d=mm&r=g\",\"contentUrl\":\"https:\\\/\\\/secure.gravatar.com\\\/avatar\\\/c5a7ef84c66fa914f55bc4f7ce26cfa275a3b9a1c5568b907bd184fb4dde7b40?s=96&d=mm&r=g\",\"caption\":\"inclusivenews2024\"},\"sameAs\":[\"https:\\\/\\\/inclusivenews.com.br\"],\"url\":\"https:\\\/\\\/inclusivenews.com.br\\\/?author=1\"}]}<\/script>\n<!-- \/ Yoast SEO plugin. -->","yoast_head_json":{"title":"Discrimina\u00e7\u00e3o contra a cor e op\u00e7\u00e3o sexual agravam a viol\u00eancia contra mulher -","robots":{"index":"index","follow":"follow","max-snippet":"max-snippet:-1","max-image-preview":"max-image-preview:large","max-video-preview":"max-video-preview:-1"},"canonical":"https:\/\/inclusivenews.com.br\/?p=18181","og_locale":"pt_PT","og_type":"article","og_title":"Discrimina\u00e7\u00e3o contra a cor e op\u00e7\u00e3o sexual agravam a viol\u00eancia contra mulher -","og_description":"Os desafios das mulheres se agravam pelos preconceitos de cor e de op\u00e7\u00e3o sexual. O assunto foi tratado na audi\u00eancia p\u00fablica do Dia Nacional de Combate \u00e0 Viol\u00eancia contra Mulher. Da Revista Central.","og_url":"https:\/\/inclusivenews.com.br\/?p=18181","article_publisher":"https:\/\/www.facebook.com\/agenciainclusive\/","article_published_time":"2010-12-16T09:41:06+00:00","og_image":[{"url":"http:\/\/www.feminismo.org.br\/livre\/images\/stories\/direitos\/mulher-negra4.jpg","type":"","width":"","height":""}],"author":"inclusivenews2024","twitter_card":"summary_large_image","twitter_misc":{"Escrito por":"inclusivenews2024","Tempo estimado de leitura":"2 minutos"},"schema":{"@context":"https:\/\/schema.org","@graph":[{"@type":"Article","@id":"https:\/\/inclusivenews.com.br\/?p=18181#article","isPartOf":{"@id":"https:\/\/inclusivenews.com.br\/?p=18181"},"author":{"name":"inclusivenews2024","@id":"https:\/\/inclusivenews.com.br\/#\/schema\/person\/ae4ec7087559b8692fb33b6fffd2273b"},"headline":"Discrimina\u00e7\u00e3o contra a cor e op\u00e7\u00e3o sexual agravam a viol\u00eancia contra mulher","datePublished":"2010-12-16T09:41:06+00:00","mainEntityOfPage":{"@id":"https:\/\/inclusivenews.com.br\/?p=18181"},"wordCount":358,"commentCount":0,"publisher":{"@id":"https:\/\/inclusivenews.com.br\/#organization"},"image":{"@id":"https:\/\/inclusivenews.com.br\/?p=18181#primaryimage"},"thumbnailUrl":"http:\/\/www.feminismo.org.br\/livre\/images\/stories\/direitos\/mulher-negra4.jpg","articleSection":["DIREITOS HUMANOS","Discrimina\u00e7\u00e3o","NOT\u00cdCIAS"],"inLanguage":"pt-PT","potentialAction":[{"@type":"CommentAction","name":"Comment","target":["https:\/\/inclusivenews.com.br\/?p=18181#respond"]}]},{"@type":"WebPage","@id":"https:\/\/inclusivenews.com.br\/?p=18181","url":"https:\/\/inclusivenews.com.br\/?p=18181","name":"Discrimina\u00e7\u00e3o contra a cor e op\u00e7\u00e3o sexual agravam a viol\u00eancia contra mulher -","isPartOf":{"@id":"https:\/\/inclusivenews.com.br\/#website"},"primaryImageOfPage":{"@id":"https:\/\/inclusivenews.com.br\/?p=18181#primaryimage"},"image":{"@id":"https:\/\/inclusivenews.com.br\/?p=18181#primaryimage"},"thumbnailUrl":"http:\/\/www.feminismo.org.br\/livre\/images\/stories\/direitos\/mulher-negra4.jpg","datePublished":"2010-12-16T09:41:06+00:00","breadcrumb":{"@id":"https:\/\/inclusivenews.com.br\/?p=18181#breadcrumb"},"inLanguage":"pt-PT","potentialAction":[{"@type":"ReadAction","target":["https:\/\/inclusivenews.com.br\/?p=18181"]}]},{"@type":"ImageObject","inLanguage":"pt-PT","@id":"https:\/\/inclusivenews.com.br\/?p=18181#primaryimage","url":"http:\/\/www.feminismo.org.br\/livre\/images\/stories\/direitos\/mulher-negra4.jpg","contentUrl":"http:\/\/www.feminismo.org.br\/livre\/images\/stories\/direitos\/mulher-negra4.jpg"},{"@type":"BreadcrumbList","@id":"https:\/\/inclusivenews.com.br\/?p=18181#breadcrumb","itemListElement":[{"@type":"ListItem","position":1,"name":"In\u00edcio","item":"https:\/\/inclusivenews.com.br\/"},{"@type":"ListItem","position":2,"name":"Discrimina\u00e7\u00e3o contra a cor e op\u00e7\u00e3o sexual agravam a viol\u00eancia contra mulher"}]},{"@type":"WebSite","@id":"https:\/\/inclusivenews.com.br\/#website","url":"https:\/\/inclusivenews.com.br\/","name":"Inclusive News","description":"Inclusive News","publisher":{"@id":"https:\/\/inclusivenews.com.br\/#organization"},"potentialAction":[{"@type":"SearchAction","target":{"@type":"EntryPoint","urlTemplate":"https:\/\/inclusivenews.com.br\/?s={search_term_string}"},"query-input":{"@type":"PropertyValueSpecification","valueRequired":true,"valueName":"search_term_string"}}],"inLanguage":"pt-PT"},{"@type":"Organization","@id":"https:\/\/inclusivenews.com.br\/#organization","name":"Inclusive - inclus\u00e3o e cidadania","url":"https:\/\/inclusivenews.com.br\/","logo":{"@type":"ImageObject","inLanguage":"pt-PT","@id":"https:\/\/inclusivenews.com.br\/#\/schema\/logo\/image\/","url":"https:\/\/inclusivenews.com.br\/wp-content\/uploads\/2024\/03\/@grandesite.png","contentUrl":"https:\/\/inclusivenews.com.br\/wp-content\/uploads\/2024\/03\/@grandesite.png","width":1080,"height":1080,"caption":"Inclusive - inclus\u00e3o e cidadania"},"image":{"@id":"https:\/\/inclusivenews.com.br\/#\/schema\/logo\/image\/"},"sameAs":["https:\/\/www.facebook.com\/agenciainclusive\/","https:\/\/www.instagram.com\/newsinclusive\/"]},{"@type":"Person","@id":"https:\/\/inclusivenews.com.br\/#\/schema\/person\/ae4ec7087559b8692fb33b6fffd2273b","name":"inclusivenews2024","image":{"@type":"ImageObject","inLanguage":"pt-PT","@id":"https:\/\/secure.gravatar.com\/avatar\/c5a7ef84c66fa914f55bc4f7ce26cfa275a3b9a1c5568b907bd184fb4dde7b40?s=96&d=mm&r=g","url":"https:\/\/secure.gravatar.com\/avatar\/c5a7ef84c66fa914f55bc4f7ce26cfa275a3b9a1c5568b907bd184fb4dde7b40?s=96&d=mm&r=g","contentUrl":"https:\/\/secure.gravatar.com\/avatar\/c5a7ef84c66fa914f55bc4f7ce26cfa275a3b9a1c5568b907bd184fb4dde7b40?s=96&d=mm&r=g","caption":"inclusivenews2024"},"sameAs":["https:\/\/inclusivenews.com.br"],"url":"https:\/\/inclusivenews.com.br\/?author=1"}]}},"_links":{"self":[{"href":"https:\/\/inclusivenews.com.br\/index.php?rest_route=\/wp\/v2\/posts\/18181","targetHints":{"allow":["GET"]}}],"collection":[{"href":"https:\/\/inclusivenews.com.br\/index.php?rest_route=\/wp\/v2\/posts"}],"about":[{"href":"https:\/\/inclusivenews.com.br\/index.php?rest_route=\/wp\/v2\/types\/post"}],"author":[{"embeddable":true,"href":"https:\/\/inclusivenews.com.br\/index.php?rest_route=\/wp\/v2\/users\/1"}],"replies":[{"embeddable":true,"href":"https:\/\/inclusivenews.com.br\/index.php?rest_route=%2Fwp%2Fv2%2Fcomments&post=18181"}],"version-history":[{"count":0,"href":"https:\/\/inclusivenews.com.br\/index.php?rest_route=\/wp\/v2\/posts\/18181\/revisions"}],"wp:attachment":[{"href":"https:\/\/inclusivenews.com.br\/index.php?rest_route=%2Fwp%2Fv2%2Fmedia&parent=18181"}],"wp:term":[{"taxonomy":"category","embeddable":true,"href":"https:\/\/inclusivenews.com.br\/index.php?rest_route=%2Fwp%2Fv2%2Fcategories&post=18181"},{"taxonomy":"post_tag","embeddable":true,"href":"https:\/\/inclusivenews.com.br\/index.php?rest_route=%2Fwp%2Fv2%2Ftags&post=18181"}],"curies":[{"name":"wp","href":"https:\/\/api.w.org\/{rel}","templated":true}]}}