{"id":18182,"date":"2010-12-16T06:41:21","date_gmt":"2010-12-16T09:41:21","guid":{"rendered":"http:\/\/www.inclusive.org.br\/?p=18182"},"modified":"2010-12-16T06:41:21","modified_gmt":"2010-12-16T09:41:21","slug":"violencia-faz-parte-da-vida-de-transexuais-e-travestis","status":"publish","type":"post","link":"https:\/\/inclusivenews.com.br\/?p=18182","title":{"rendered":"Viol\u00eancia faz parte da vida de transexuais e travestis"},"content":{"rendered":"<p><strong><\/p>\n<figure style=\"width: 186px\" class=\"wp-caption alignleft\"><img loading=\"lazy\" decoding=\"async\" class=\" \" title=\"Capa do livro, onde uma pessoa tapa o rosto com um leque\" src=\"http:\/\/www.redebrasilatual.com.br\/temas\/cidadania\/2010\/12\/violencia-faz-parte-da-vida-de-transexuais-e-travestis-diz-pesquisador\/image_preview\" alt=\"Capa do livro, onde uma pessoa tapa o rosto com um leque\" width=\"186\" height=\"280\" \/><figcaption class=\"wp-caption-text\"> <\/figcaption><\/figure>\n<p>Por Suzana Vier, da Rede Brasil Atual<\/p>\n<p><\/strong><\/p>\n<p>Os recentes casos de viol\u00eancia por suposta motiva\u00e7\u00e3o homof\u00f3bica, como os que envolveram jovens na avenida Paulista, em S\u00e3o Paulo, em novembro passado, n\u00e3o s\u00e3o novidade na vida de travestis e transexuais, afirma o pesquisador e jornalista, Aureliano Biancarelli.<\/p>\n<p>Autor do livro \u201cA Diversidade Revelada\u201d, que narra o dia a dia de transexuais e travestis, ele relata que a viol\u00eancia contra essas pessoas come\u00e7a cedo, j\u00e1 na inf\u00e2ncia, e no interior da pr\u00f3pria fam\u00edlia e se repete na escola e ao longo de toda a vida.<\/p>\n<p>\u201cA viol\u00eancia \u00e9 uma const\u00e2ncia na vida delas. Come\u00e7a com uma viol\u00eancia que \u00e9 menos vis\u00edvel, mas mais danosa para a pessoa que \u00e9 a viol\u00eancia dentro de casa\u201d, pontua. Nem sempre travestis e transexuais sofrem viol\u00eancia f\u00edsica, mas em geral passam pela exclus\u00e3o familiar. \u201cOu voc\u00ea se enquadra no sexo que nasceu ou vai ser expulso de casa\u201d, acentua Biancarelli.<\/p>\n<p>Em entrevista \u00e0 Rede Brasil Atual, o jornalista explicou que a viol\u00eancia dom\u00e9stica, f\u00edsica ou psicol\u00f3gica, acaba levando transexuais e travestis \u00e0s ruas e \u00e0 marginalidade. \u201cSe vai para rua e \u00e9 um travesti, um homossexual que quer viver como travesti, vai acabar caindo na marginalidade. A \u00fanica coisa que vai encontrar no mercado de trabalho \u00e9 a prostitui\u00e7\u00e3o ou, raramente, vai encontrar trabalho como cabeleireiro\u201d, analisa.<\/p>\n<p>De acordo com defini\u00e7\u00f5es m\u00e9dicas citadas pelo antrop\u00f3logo e pesquisador Bruno Cesar Barbosa em entrevista \u00e0 Ag\u00eancia USP de Not\u00edcias, uma ou um travesti seria aquele que se comporta e se veste como o outro g\u00eanero, mas n\u00e3o quer a cirurgia para mudar seu \u00f3rg\u00e3o sexual. J\u00e1 os\/as transexuais, sentem a necessidade de fazer a cirurgia, pois se sentem do outro g\u00eanero desde o nascimento.<\/p>\n<p>As transexuais consideram que nasceram com o corpo errado. A mente age como se fosse de um sexo e o corpo \u00e9 de outro, por isso desejam fazer a opera\u00e7\u00e3o que recolocaria o corpo no lugar que deveria estar, diz Biancarelli.<\/p>\n<p>Segundo o pesquisador, uma \u00ednfima porcentagem de fam\u00edlias compreendem e aceitam familiares transexuais ou travestis. Motivo que leva muitas pessoas a viverem escondidas ou se relacionarem apenas dentro do mesmo grupo.<\/p>\n<p>Como exemplo do medo que ronda a vida dessa popula\u00e7\u00e3o, Biancarelli cita a hist\u00f3ria de um homem trans, com corpo feminino,que perto de se casar, prefere esconder da fam\u00edlia da noiva sua condi\u00e7\u00e3o de transexual. Ou a hist\u00f3ria do professor de ingl\u00eas, homem trans, que tem uma vida em comum com uma professora da mesma \u00e1rea, mas vive sempre no \u201climiar do risco\u201d, com receio de que colegas e familiares descubram a transexualidade.<\/p>\n<p>A rejei\u00e7\u00e3o social tamb\u00e9m impacta no estilo de vida de trans e travestis.\u201dEles t\u00eam medo do dia. T\u00eam uma vida na escurid\u00e3o\u201d, comenta. \u201cQuando escurece, a\u00ed se travestem, se enfeitam, mas durante o dia saem o m\u00ednimo poss\u00edvel de casa. Elas n\u00e3o t\u00eam coragem de tomar Metr\u00f4, ou \u00f4nibus, por exemplo\u201d, acrescenta em rela\u00e7\u00e3o \u00e0s travestis.<\/p>\n<p><strong>Discrimina\u00e7\u00e3o<\/strong><\/p>\n<p>Biancarelli detectou que transexuais e travestis sofrem preconceito e humilha\u00e7\u00e3o em a\u00e7\u00f5es simples do dia a dia, como ir ao banheiro ou procurar um m\u00e9dico.<\/p>\n<p>\u201cHomem e mulher trans, como se vestem de mulher, utilizam banheiros femininos e todas elas relatam viol\u00eancia nessas situa\u00e7\u00f5es porque mulheres reclamam se descobrem ou sabem. Da mesma forma n\u00e3o seriam aceitas com roupa de mulher em banheiro de homem\u201d, alega Biancarelli. H\u00e1 casos de profissionais demitidos ou que tiveram de se submeter a usar \u201co banheiro dos fundos\u201d para permanecer na empresa, informa o jornalista.<\/p>\n<p>Ir ao m\u00e9dico \u00e9 outra quest\u00e3o complicada para essa popula\u00e7\u00e3o. Primeiro, a transexual ou travesti \u00e9 chamada pelo nome de homem, mas quem levanta e vai ao encontro do m\u00e9dico ou da enfermeira \u00e9 uma mulher. Depois, os trans homens n\u00e3o t\u00eam ginecologista para atend\u00ea-los. \u201cN\u00e3o tem como ir a um ginecologista vestida de homem\u201d, argumenta o jornalista. Da mesma forma, \u00e9 dif\u00edcil para uma trans mulher ir ao proctologista. \u201cComo iam procurar horm\u00f4nio?\u201d, indaga o pesquisador.<\/p>\n<p><strong>Sa\u00fade<\/strong><\/p>\n<p>Segundo o jornalista, travestis e transexuais t\u00eam a sa\u00fade muito prec\u00e1ria. Entrevistas realizadas com a popula\u00e7\u00e3o mais jovem aponta que apesar de n\u00e3o procurarem cuidados m\u00e9dicos h\u00e1 v\u00e1rios anos, em geral ainda n\u00e3o manifestaram problemas.\u00a0 Entretanto, a faixa et\u00e1ria mais velha sofre com graves problemas de sa\u00fade.<\/p>\n<p>Da popula\u00e7\u00e3o que procura o centro de acolhimento do Centro de Refer\u00eancia da Diversidade\u00a0 (CRD) na rua Major Sert\u00f3rio, centro da capital paulista, quase metade estava infectada e outra metade nunca havia feito exames, por isso n\u00e3o sabe seu estado de sa\u00fade real.<\/p>\n<p>Biancarelli diz que as travestis acabam bebendo muito e usando drogas diariamente para aguentar a precariedade em que vivem. \u201cNa noite voc\u00ea as v\u00ea cheirando coca\u00edna, \u00e0s\u00a021 horas. Uma das coisas que o hotel ou boate condiciona \u00e9 que ela incentive o cliente a beber e o cliente quer que ela beba tamb\u00e9m\u201d, conta.<\/p>\n<p>Tamb\u00e9m \u00e9 frequente que clientes queiram que a prostituta use drogas com ele. \u201cEles est\u00e3o usando crack, ent\u00e3o elas acabam caindo no crack rapidamente\u201d, elucida. \u201cElas precisam de mais servi\u00e7os de sa\u00fade\u201d, afirma o jornalista.<\/p>\n<p><strong>Amor<\/strong><br \/>\nAo acompanhar o dia a dia do Centro de Refer\u00eancia da Diversidade, o pesquisador diz que se surpreendeu com as in\u00fameras hist\u00f3rias de amor vividas por transexuais e travestis. A maioria das mulheres e homens transexuais sonha com casamento, fam\u00edlia e quer a mudan\u00e7a de sexo.<\/p>\n<p>\u201cElas querem uma vida mais regrada, recolhida\u201d, esclarece.\u00a0\u201dVi v\u00e1rios casos de trans casadas, estabelecidas. Impressionou o n\u00famero de trans que tinham relacionamentos\u201d, enfoca. O jornalista tamb\u00e9m encontrou muitas travestis casadas ou namorando transexuais, mich\u00eas, cafet\u00f5es.<\/p>\n<p>\u201cJ\u00e1 esperava ouvir relatos de humilha\u00e7\u00f5es e maus-tratos sofridos pela popula\u00e7\u00e3o LGBT\u2026 S\u00f3 n\u00e3o esperava que o amor e o companheirismo sobrevivessem com tanta for\u00e7a entre esses personagens. No Centro de Refer\u00eancia da Diversidade \u00e9 comum ver casais de m\u00e3os dadas, ela travesti, ele heterossexual, os dois morando na rua. Em todos os relatos, em meio a hist\u00f3rias de maus-tratos, abandono e discrimina\u00e7\u00e3o, h\u00e1 sempre uma hist\u00f3ria de amor\u201d, revela em trecho do livro \u201cA Diversidade Revelada\u201d.<\/p>\n<p>Na publica\u00e7\u00e3o, Biancarelli acentua que \u201crespeito e os cuidados psicol\u00f3gicos e m\u00e9dicos a essa popula\u00e7\u00e3o dependem de um amadurecimento da sociedade. Vai do conhecimento e da aten\u00e7\u00e3o m\u00e9dica, que inclui cirurgias complexas e reordena\u00e7\u00f5es do servi\u00e7o p\u00fablico, aos avan\u00e7os em termos da legisla\u00e7\u00e3o e at\u00e9 mesmo \u00e0s interpreta\u00e7\u00f5es do Judici\u00e1rio\u201d, sublinha.<\/p>\n<p>____________________<\/p>\n<p><strong>Fonte: <\/strong><a href=\"http:\/\/www.redebrasilatual.com.br\/temas\/cidadania\/2010\/12\/violencia-faz-parte-da-vida-de-transexuais-e-travestis-diz-pesquisador\">Rede Brasil Atual<\/a><\/p>\n","protected":false},"excerpt":{"rendered":"<p>Para Aureliano Biancarelli, casos de agress\u00f5es por supostas raz\u00f5es homof\u00f3bicas, como os da avenida Paulista, em S\u00e3o Paulo, n\u00e3o s\u00e3o novidade. Da Rede Brasil Atual.<\/p>\n","protected":false},"author":1,"featured_media":0,"comment_status":"open","ping_status":"open","sticky":false,"template":"","format":"standard","meta":{"site-container-style":"default","site-container-layout":"default","site-sidebar-layout":"default","disable-article-header":"default","disable-site-header":"default","disable-site-footer":"default","disable-content-area-spacing":"default","footnotes":""},"categories":[4],"tags":[],"class_list":["post-18182","post","type-post","status-publish","format-standard","hentry","category-noticias"],"yoast_head":"<!-- This site is optimized with the Yoast SEO plugin v27.4 - https:\/\/yoast.com\/product\/yoast-seo-wordpress\/ -->\n<title>Viol\u00eancia faz parte da vida de transexuais e travestis -<\/title>\n<meta name=\"robots\" content=\"index, follow, max-snippet:-1, max-image-preview:large, max-video-preview:-1\" \/>\n<link rel=\"canonical\" href=\"https:\/\/inclusivenews.com.br\/?p=18182\" \/>\n<meta property=\"og:locale\" content=\"pt_PT\" \/>\n<meta property=\"og:type\" content=\"article\" \/>\n<meta property=\"og:title\" content=\"Viol\u00eancia faz parte da vida de transexuais e travestis -\" \/>\n<meta property=\"og:description\" content=\"Para Aureliano Biancarelli, casos de agress\u00f5es por supostas raz\u00f5es homof\u00f3bicas, como os da avenida Paulista, em S\u00e3o Paulo, n\u00e3o s\u00e3o novidade. Da Rede Brasil Atual.\" \/>\n<meta property=\"og:url\" content=\"https:\/\/inclusivenews.com.br\/?p=18182\" \/>\n<meta property=\"article:publisher\" content=\"https:\/\/www.facebook.com\/agenciainclusive\/\" \/>\n<meta property=\"article:published_time\" content=\"2010-12-16T09:41:21+00:00\" \/>\n<meta property=\"og:image\" content=\"http:\/\/www.redebrasilatual.com.br\/temas\/cidadania\/2010\/12\/violencia-faz-parte-da-vida-de-transexuais-e-travestis-diz-pesquisador\/image_preview\" \/>\n<meta name=\"author\" content=\"inclusivenews2024\" \/>\n<meta name=\"twitter:card\" content=\"summary_large_image\" \/>\n<meta name=\"twitter:label1\" content=\"Escrito por\" \/>\n\t<meta name=\"twitter:data1\" content=\"inclusivenews2024\" \/>\n\t<meta name=\"twitter:label2\" content=\"Tempo estimado de leitura\" \/>\n\t<meta name=\"twitter:data2\" content=\"6 minutos\" \/>\n<script type=\"application\/ld+json\" class=\"yoast-schema-graph\">{\"@context\":\"https:\\\/\\\/schema.org\",\"@graph\":[{\"@type\":\"Article\",\"@id\":\"https:\\\/\\\/inclusivenews.com.br\\\/?p=18182#article\",\"isPartOf\":{\"@id\":\"https:\\\/\\\/inclusivenews.com.br\\\/?p=18182\"},\"author\":{\"name\":\"inclusivenews2024\",\"@id\":\"https:\\\/\\\/inclusivenews.com.br\\\/#\\\/schema\\\/person\\\/ae4ec7087559b8692fb33b6fffd2273b\"},\"headline\":\"Viol\u00eancia faz parte da vida de transexuais e travestis\",\"datePublished\":\"2010-12-16T09:41:21+00:00\",\"mainEntityOfPage\":{\"@id\":\"https:\\\/\\\/inclusivenews.com.br\\\/?p=18182\"},\"wordCount\":1179,\"commentCount\":0,\"publisher\":{\"@id\":\"https:\\\/\\\/inclusivenews.com.br\\\/#organization\"},\"image\":{\"@id\":\"https:\\\/\\\/inclusivenews.com.br\\\/?p=18182#primaryimage\"},\"thumbnailUrl\":\"http:\\\/\\\/www.redebrasilatual.com.br\\\/temas\\\/cidadania\\\/2010\\\/12\\\/violencia-faz-parte-da-vida-de-transexuais-e-travestis-diz-pesquisador\\\/image_preview\",\"articleSection\":[\"NOT\u00cdCIAS\"],\"inLanguage\":\"pt-PT\",\"potentialAction\":[{\"@type\":\"CommentAction\",\"name\":\"Comment\",\"target\":[\"https:\\\/\\\/inclusivenews.com.br\\\/?p=18182#respond\"]}]},{\"@type\":\"WebPage\",\"@id\":\"https:\\\/\\\/inclusivenews.com.br\\\/?p=18182\",\"url\":\"https:\\\/\\\/inclusivenews.com.br\\\/?p=18182\",\"name\":\"Viol\u00eancia faz parte da vida de transexuais e travestis -\",\"isPartOf\":{\"@id\":\"https:\\\/\\\/inclusivenews.com.br\\\/#website\"},\"primaryImageOfPage\":{\"@id\":\"https:\\\/\\\/inclusivenews.com.br\\\/?p=18182#primaryimage\"},\"image\":{\"@id\":\"https:\\\/\\\/inclusivenews.com.br\\\/?p=18182#primaryimage\"},\"thumbnailUrl\":\"http:\\\/\\\/www.redebrasilatual.com.br\\\/temas\\\/cidadania\\\/2010\\\/12\\\/violencia-faz-parte-da-vida-de-transexuais-e-travestis-diz-pesquisador\\\/image_preview\",\"datePublished\":\"2010-12-16T09:41:21+00:00\",\"breadcrumb\":{\"@id\":\"https:\\\/\\\/inclusivenews.com.br\\\/?p=18182#breadcrumb\"},\"inLanguage\":\"pt-PT\",\"potentialAction\":[{\"@type\":\"ReadAction\",\"target\":[\"https:\\\/\\\/inclusivenews.com.br\\\/?p=18182\"]}]},{\"@type\":\"ImageObject\",\"inLanguage\":\"pt-PT\",\"@id\":\"https:\\\/\\\/inclusivenews.com.br\\\/?p=18182#primaryimage\",\"url\":\"http:\\\/\\\/www.redebrasilatual.com.br\\\/temas\\\/cidadania\\\/2010\\\/12\\\/violencia-faz-parte-da-vida-de-transexuais-e-travestis-diz-pesquisador\\\/image_preview\",\"contentUrl\":\"http:\\\/\\\/www.redebrasilatual.com.br\\\/temas\\\/cidadania\\\/2010\\\/12\\\/violencia-faz-parte-da-vida-de-transexuais-e-travestis-diz-pesquisador\\\/image_preview\"},{\"@type\":\"BreadcrumbList\",\"@id\":\"https:\\\/\\\/inclusivenews.com.br\\\/?p=18182#breadcrumb\",\"itemListElement\":[{\"@type\":\"ListItem\",\"position\":1,\"name\":\"In\u00edcio\",\"item\":\"https:\\\/\\\/inclusivenews.com.br\\\/\"},{\"@type\":\"ListItem\",\"position\":2,\"name\":\"Viol\u00eancia faz parte da vida de transexuais e travestis\"}]},{\"@type\":\"WebSite\",\"@id\":\"https:\\\/\\\/inclusivenews.com.br\\\/#website\",\"url\":\"https:\\\/\\\/inclusivenews.com.br\\\/\",\"name\":\"Inclusive News\",\"description\":\"Inclusive News\",\"publisher\":{\"@id\":\"https:\\\/\\\/inclusivenews.com.br\\\/#organization\"},\"potentialAction\":[{\"@type\":\"SearchAction\",\"target\":{\"@type\":\"EntryPoint\",\"urlTemplate\":\"https:\\\/\\\/inclusivenews.com.br\\\/?s={search_term_string}\"},\"query-input\":{\"@type\":\"PropertyValueSpecification\",\"valueRequired\":true,\"valueName\":\"search_term_string\"}}],\"inLanguage\":\"pt-PT\"},{\"@type\":\"Organization\",\"@id\":\"https:\\\/\\\/inclusivenews.com.br\\\/#organization\",\"name\":\"Inclusive - inclus\u00e3o e cidadania\",\"url\":\"https:\\\/\\\/inclusivenews.com.br\\\/\",\"logo\":{\"@type\":\"ImageObject\",\"inLanguage\":\"pt-PT\",\"@id\":\"https:\\\/\\\/inclusivenews.com.br\\\/#\\\/schema\\\/logo\\\/image\\\/\",\"url\":\"https:\\\/\\\/inclusivenews.com.br\\\/wp-content\\\/uploads\\\/2024\\\/03\\\/@grandesite.png\",\"contentUrl\":\"https:\\\/\\\/inclusivenews.com.br\\\/wp-content\\\/uploads\\\/2024\\\/03\\\/@grandesite.png\",\"width\":1080,\"height\":1080,\"caption\":\"Inclusive - inclus\u00e3o e cidadania\"},\"image\":{\"@id\":\"https:\\\/\\\/inclusivenews.com.br\\\/#\\\/schema\\\/logo\\\/image\\\/\"},\"sameAs\":[\"https:\\\/\\\/www.facebook.com\\\/agenciainclusive\\\/\",\"https:\\\/\\\/www.instagram.com\\\/newsinclusive\\\/\"]},{\"@type\":\"Person\",\"@id\":\"https:\\\/\\\/inclusivenews.com.br\\\/#\\\/schema\\\/person\\\/ae4ec7087559b8692fb33b6fffd2273b\",\"name\":\"inclusivenews2024\",\"image\":{\"@type\":\"ImageObject\",\"inLanguage\":\"pt-PT\",\"@id\":\"https:\\\/\\\/secure.gravatar.com\\\/avatar\\\/c5a7ef84c66fa914f55bc4f7ce26cfa275a3b9a1c5568b907bd184fb4dde7b40?s=96&d=mm&r=g\",\"url\":\"https:\\\/\\\/secure.gravatar.com\\\/avatar\\\/c5a7ef84c66fa914f55bc4f7ce26cfa275a3b9a1c5568b907bd184fb4dde7b40?s=96&d=mm&r=g\",\"contentUrl\":\"https:\\\/\\\/secure.gravatar.com\\\/avatar\\\/c5a7ef84c66fa914f55bc4f7ce26cfa275a3b9a1c5568b907bd184fb4dde7b40?s=96&d=mm&r=g\",\"caption\":\"inclusivenews2024\"},\"sameAs\":[\"https:\\\/\\\/inclusivenews.com.br\"],\"url\":\"https:\\\/\\\/inclusivenews.com.br\\\/?author=1\"}]}<\/script>\n<!-- \/ Yoast SEO plugin. -->","yoast_head_json":{"title":"Viol\u00eancia faz parte da vida de transexuais e travestis -","robots":{"index":"index","follow":"follow","max-snippet":"max-snippet:-1","max-image-preview":"max-image-preview:large","max-video-preview":"max-video-preview:-1"},"canonical":"https:\/\/inclusivenews.com.br\/?p=18182","og_locale":"pt_PT","og_type":"article","og_title":"Viol\u00eancia faz parte da vida de transexuais e travestis -","og_description":"Para Aureliano Biancarelli, casos de agress\u00f5es por supostas raz\u00f5es homof\u00f3bicas, como os da avenida Paulista, em S\u00e3o Paulo, n\u00e3o s\u00e3o novidade. Da Rede Brasil Atual.","og_url":"https:\/\/inclusivenews.com.br\/?p=18182","article_publisher":"https:\/\/www.facebook.com\/agenciainclusive\/","article_published_time":"2010-12-16T09:41:21+00:00","og_image":[{"url":"http:\/\/www.redebrasilatual.com.br\/temas\/cidadania\/2010\/12\/violencia-faz-parte-da-vida-de-transexuais-e-travestis-diz-pesquisador\/image_preview","type":"","width":"","height":""}],"author":"inclusivenews2024","twitter_card":"summary_large_image","twitter_misc":{"Escrito por":"inclusivenews2024","Tempo estimado de leitura":"6 minutos"},"schema":{"@context":"https:\/\/schema.org","@graph":[{"@type":"Article","@id":"https:\/\/inclusivenews.com.br\/?p=18182#article","isPartOf":{"@id":"https:\/\/inclusivenews.com.br\/?p=18182"},"author":{"name":"inclusivenews2024","@id":"https:\/\/inclusivenews.com.br\/#\/schema\/person\/ae4ec7087559b8692fb33b6fffd2273b"},"headline":"Viol\u00eancia faz parte da vida de transexuais e travestis","datePublished":"2010-12-16T09:41:21+00:00","mainEntityOfPage":{"@id":"https:\/\/inclusivenews.com.br\/?p=18182"},"wordCount":1179,"commentCount":0,"publisher":{"@id":"https:\/\/inclusivenews.com.br\/#organization"},"image":{"@id":"https:\/\/inclusivenews.com.br\/?p=18182#primaryimage"},"thumbnailUrl":"http:\/\/www.redebrasilatual.com.br\/temas\/cidadania\/2010\/12\/violencia-faz-parte-da-vida-de-transexuais-e-travestis-diz-pesquisador\/image_preview","articleSection":["NOT\u00cdCIAS"],"inLanguage":"pt-PT","potentialAction":[{"@type":"CommentAction","name":"Comment","target":["https:\/\/inclusivenews.com.br\/?p=18182#respond"]}]},{"@type":"WebPage","@id":"https:\/\/inclusivenews.com.br\/?p=18182","url":"https:\/\/inclusivenews.com.br\/?p=18182","name":"Viol\u00eancia faz parte da vida de transexuais e travestis -","isPartOf":{"@id":"https:\/\/inclusivenews.com.br\/#website"},"primaryImageOfPage":{"@id":"https:\/\/inclusivenews.com.br\/?p=18182#primaryimage"},"image":{"@id":"https:\/\/inclusivenews.com.br\/?p=18182#primaryimage"},"thumbnailUrl":"http:\/\/www.redebrasilatual.com.br\/temas\/cidadania\/2010\/12\/violencia-faz-parte-da-vida-de-transexuais-e-travestis-diz-pesquisador\/image_preview","datePublished":"2010-12-16T09:41:21+00:00","breadcrumb":{"@id":"https:\/\/inclusivenews.com.br\/?p=18182#breadcrumb"},"inLanguage":"pt-PT","potentialAction":[{"@type":"ReadAction","target":["https:\/\/inclusivenews.com.br\/?p=18182"]}]},{"@type":"ImageObject","inLanguage":"pt-PT","@id":"https:\/\/inclusivenews.com.br\/?p=18182#primaryimage","url":"http:\/\/www.redebrasilatual.com.br\/temas\/cidadania\/2010\/12\/violencia-faz-parte-da-vida-de-transexuais-e-travestis-diz-pesquisador\/image_preview","contentUrl":"http:\/\/www.redebrasilatual.com.br\/temas\/cidadania\/2010\/12\/violencia-faz-parte-da-vida-de-transexuais-e-travestis-diz-pesquisador\/image_preview"},{"@type":"BreadcrumbList","@id":"https:\/\/inclusivenews.com.br\/?p=18182#breadcrumb","itemListElement":[{"@type":"ListItem","position":1,"name":"In\u00edcio","item":"https:\/\/inclusivenews.com.br\/"},{"@type":"ListItem","position":2,"name":"Viol\u00eancia faz parte da vida de transexuais e travestis"}]},{"@type":"WebSite","@id":"https:\/\/inclusivenews.com.br\/#website","url":"https:\/\/inclusivenews.com.br\/","name":"Inclusive News","description":"Inclusive News","publisher":{"@id":"https:\/\/inclusivenews.com.br\/#organization"},"potentialAction":[{"@type":"SearchAction","target":{"@type":"EntryPoint","urlTemplate":"https:\/\/inclusivenews.com.br\/?s={search_term_string}"},"query-input":{"@type":"PropertyValueSpecification","valueRequired":true,"valueName":"search_term_string"}}],"inLanguage":"pt-PT"},{"@type":"Organization","@id":"https:\/\/inclusivenews.com.br\/#organization","name":"Inclusive - inclus\u00e3o e cidadania","url":"https:\/\/inclusivenews.com.br\/","logo":{"@type":"ImageObject","inLanguage":"pt-PT","@id":"https:\/\/inclusivenews.com.br\/#\/schema\/logo\/image\/","url":"https:\/\/inclusivenews.com.br\/wp-content\/uploads\/2024\/03\/@grandesite.png","contentUrl":"https:\/\/inclusivenews.com.br\/wp-content\/uploads\/2024\/03\/@grandesite.png","width":1080,"height":1080,"caption":"Inclusive - inclus\u00e3o e cidadania"},"image":{"@id":"https:\/\/inclusivenews.com.br\/#\/schema\/logo\/image\/"},"sameAs":["https:\/\/www.facebook.com\/agenciainclusive\/","https:\/\/www.instagram.com\/newsinclusive\/"]},{"@type":"Person","@id":"https:\/\/inclusivenews.com.br\/#\/schema\/person\/ae4ec7087559b8692fb33b6fffd2273b","name":"inclusivenews2024","image":{"@type":"ImageObject","inLanguage":"pt-PT","@id":"https:\/\/secure.gravatar.com\/avatar\/c5a7ef84c66fa914f55bc4f7ce26cfa275a3b9a1c5568b907bd184fb4dde7b40?s=96&d=mm&r=g","url":"https:\/\/secure.gravatar.com\/avatar\/c5a7ef84c66fa914f55bc4f7ce26cfa275a3b9a1c5568b907bd184fb4dde7b40?s=96&d=mm&r=g","contentUrl":"https:\/\/secure.gravatar.com\/avatar\/c5a7ef84c66fa914f55bc4f7ce26cfa275a3b9a1c5568b907bd184fb4dde7b40?s=96&d=mm&r=g","caption":"inclusivenews2024"},"sameAs":["https:\/\/inclusivenews.com.br"],"url":"https:\/\/inclusivenews.com.br\/?author=1"}]}},"_links":{"self":[{"href":"https:\/\/inclusivenews.com.br\/index.php?rest_route=\/wp\/v2\/posts\/18182","targetHints":{"allow":["GET"]}}],"collection":[{"href":"https:\/\/inclusivenews.com.br\/index.php?rest_route=\/wp\/v2\/posts"}],"about":[{"href":"https:\/\/inclusivenews.com.br\/index.php?rest_route=\/wp\/v2\/types\/post"}],"author":[{"embeddable":true,"href":"https:\/\/inclusivenews.com.br\/index.php?rest_route=\/wp\/v2\/users\/1"}],"replies":[{"embeddable":true,"href":"https:\/\/inclusivenews.com.br\/index.php?rest_route=%2Fwp%2Fv2%2Fcomments&post=18182"}],"version-history":[{"count":0,"href":"https:\/\/inclusivenews.com.br\/index.php?rest_route=\/wp\/v2\/posts\/18182\/revisions"}],"wp:attachment":[{"href":"https:\/\/inclusivenews.com.br\/index.php?rest_route=%2Fwp%2Fv2%2Fmedia&parent=18182"}],"wp:term":[{"taxonomy":"category","embeddable":true,"href":"https:\/\/inclusivenews.com.br\/index.php?rest_route=%2Fwp%2Fv2%2Fcategories&post=18182"},{"taxonomy":"post_tag","embeddable":true,"href":"https:\/\/inclusivenews.com.br\/index.php?rest_route=%2Fwp%2Fv2%2Ftags&post=18182"}],"curies":[{"name":"wp","href":"https:\/\/api.w.org\/{rel}","templated":true}]}}