{"id":18191,"date":"2010-12-16T06:41:44","date_gmt":"2010-12-16T09:41:44","guid":{"rendered":"http:\/\/www.inclusive.org.br\/?p=18191"},"modified":"2010-12-16T06:41:44","modified_gmt":"2010-12-16T09:41:44","slug":"infancia-e-consumo-estudos-no-campo-da-comunicacao","status":"publish","type":"post","link":"https:\/\/inclusivenews.com.br\/?p=18191","title":{"rendered":"Inf\u00e2ncia e consumo: estudos no campo da comunica\u00e7\u00e3o"},"content":{"rendered":"<figure style=\"width: 75px\" class=\"wp-caption alignleft\"><img loading=\"lazy\" decoding=\"async\" title=\"Capa da publica\u00e7\u00e3o, onde a silhueta de uma crian\u00e7a aparece pensando\" src=\"http:\/\/www.andi.org.br\/_img\/infancia_consumo.jpg\" alt=\"Capa da publica\u00e7\u00e3o, onde a silhueta de uma crian\u00e7a aparece pensando\" width=\"75\" height=\"106\" \/><figcaption class=\"wp-caption-text\"> <\/figcaption><\/figure>\n<p>O Projeto Crian\u00e7a e Consumo e a Ag\u00eancia de Not\u00edcias dos Direitos da Inf\u00e2ncia (ANDI) lan\u00e7am o segundo livro Inf\u00e2ncia e Consumo: estudos no campo da comunica\u00e7\u00e3o, que re\u00fane sete artigos de estudantes de gradua\u00e7\u00e3o, alguns deles em parceria com seus orientadores, contemplados na quarta edi\u00e7\u00e3o do InForma\u00e7\u00e3o \u2013 Programa de Coopera\u00e7\u00e3o para Qualifica\u00e7\u00e3o de Estudantes de Jornalismo, mantido pela ANDI com apoio do F\u00f3rum Nacional de Professores de Jornalismo (FNPJ).<\/p>\n<p>Com abrang\u00eancia nacional, o InForma\u00e7\u00e3o selecionou alunos de Vit\u00f3ria (ES), Porto Alegre (RS), Fortaleza (CE), Juiz de Fora (MG), Ponta Grossa (PR), Recife (PE) e Santa Maria (RS), que receberam uma bolsa aux\u00edlio de R$ 350,00 mensais entre agosto de 2009 e janeiro de 2010. Os projetos trataram dos temas Crian\u00e7a, Consumo e M\u00eddia; Representa\u00e7\u00f5es da Inf\u00e2ncia na M\u00eddia; e Educomunica\u00e7\u00e3o e Consumo.<\/p>\n<p>Para Lais Fontenelle, coordenadora de Educa\u00e7\u00e3o do Projeto Crian\u00e7a e Consumo, a parceria com a ANDI tem contribu\u00eddo para ampliar o debate sobre esses temas na produ\u00e7\u00e3o acad\u00eamica. \u201cTamb\u00e9m \u00e9 importante lembrar que amanh\u00e3 muitos desses alunos estar\u00e3o trabalhando e ter\u00e3o melhores condi\u00e7\u00f5es de avaliar de forma cr\u00edtica as a\u00e7\u00f5es do mercado da comuncia\u00e7\u00e3o\u201d, lembra.<\/p>\n<p>F\u00e1bio Senne, coordenador de Rela\u00e7\u00f5es Acad\u00eamicas da ANDI, ressalta a import\u00e2ncia da dissemina\u00e7\u00e3o das pesquisas conduzidas no \u00e2mbito da universidade. \u201cCom a publica\u00e7\u00e3o dos artigos, esperamos contribuir para que o conhecimento produzido seja compartilhado de forma mais ampla, servindo de refer\u00eancia para o debate na \u00e1rea\u201d.<\/p>\n<p>A iniciativa pretende fortalecer o debate e as pesquisas em torno de um dos problemas mais s\u00e9rios da atualidade: a indu\u00e7\u00e3o ao consumo desenfreado e o desrespeito das pr\u00e1ticas mercadol\u00f3gicas aos direitos da crian\u00e7a e do adolescente.<\/p>\n<p>A publica\u00e7\u00e3o [produzida em formato eletr\u00f4nico] ficar\u00e1 dispon\u00edvel nos sites das duas organiza\u00e7\u00f5es para acesso livre. <a href=\"http:\/\/www.alana.org.br\/CriancaConsumo\/Biblioteca.aspx?v=4&amp;pub=31\" target=\"_blank\" rel=\"noopener\"><\/a><\/p>\n<p><a href=\"http:\/\/www.alana.org.br\/CriancaConsumo\/Biblioteca.aspx?v=4&amp;pub=31\" target=\"_blank\" rel=\"noopener\">Fa\u00e7a o download neste link!<\/a><\/p>\n","protected":false},"excerpt":{"rendered":"<p>A iniciativa pretende fortalecer o debate e as pesquisas em torno de um dos problemas mais s\u00e9rios da atualidade: a indu\u00e7\u00e3o ao consumo desenfreado e o desrespeito das pr\u00e1ticas mercadol\u00f3gicas aos direitos da crian\u00e7a e do adolescente. Da ANDI.<\/p>\n","protected":false},"author":1,"featured_media":0,"comment_status":"open","ping_status":"open","sticky":false,"template":"","format":"standard","meta":{"site-container-style":"default","site-container-layout":"default","site-sidebar-layout":"default","disable-article-header":"default","disable-site-header":"default","disable-site-footer":"default","disable-content-area-spacing":"default","footnotes":""},"categories":[52,50,51,4,10],"tags":[60],"class_list":["post-18191","post","type-post","status-publish","format-standard","hentry","category-downloadables","category-lancamentos","category-livros","category-noticias","category-publicacoes","tag-infancia"],"yoast_head":"<!-- This site is optimized with the Yoast SEO plugin v27.4 - https:\/\/yoast.com\/product\/yoast-seo-wordpress\/ -->\n<title>Inf\u00e2ncia e consumo: estudos no campo da comunica\u00e7\u00e3o -<\/title>\n<meta name=\"robots\" content=\"index, follow, max-snippet:-1, max-image-preview:large, max-video-preview:-1\" \/>\n<link rel=\"canonical\" href=\"https:\/\/inclusivenews.com.br\/?p=18191\" \/>\n<meta property=\"og:locale\" content=\"pt_PT\" \/>\n<meta property=\"og:type\" content=\"article\" \/>\n<meta property=\"og:title\" content=\"Inf\u00e2ncia e consumo: estudos no campo da comunica\u00e7\u00e3o -\" \/>\n<meta property=\"og:description\" content=\"A iniciativa pretende fortalecer o debate e as pesquisas em torno de um dos problemas mais s\u00e9rios da atualidade: a indu\u00e7\u00e3o ao consumo desenfreado e o desrespeito das pr\u00e1ticas mercadol\u00f3gicas aos direitos da crian\u00e7a e do adolescente. Da ANDI.\" \/>\n<meta property=\"og:url\" content=\"https:\/\/inclusivenews.com.br\/?p=18191\" \/>\n<meta property=\"article:publisher\" content=\"https:\/\/www.facebook.com\/agenciainclusive\/\" \/>\n<meta property=\"article:published_time\" content=\"2010-12-16T09:41:44+00:00\" \/>\n<meta property=\"og:image\" content=\"http:\/\/www.andi.org.br\/_img\/infancia_consumo.jpg\" \/>\n<meta name=\"author\" content=\"inclusivenews2024\" \/>\n<meta name=\"twitter:card\" content=\"summary_large_image\" \/>\n<meta name=\"twitter:label1\" content=\"Escrito por\" \/>\n\t<meta name=\"twitter:data1\" content=\"inclusivenews2024\" \/>\n\t<meta name=\"twitter:label2\" content=\"Tempo estimado de leitura\" \/>\n\t<meta name=\"twitter:data2\" content=\"2 minutos\" \/>\n<script type=\"application\/ld+json\" class=\"yoast-schema-graph\">{\"@context\":\"https:\\\/\\\/schema.org\",\"@graph\":[{\"@type\":\"Article\",\"@id\":\"https:\\\/\\\/inclusivenews.com.br\\\/?p=18191#article\",\"isPartOf\":{\"@id\":\"https:\\\/\\\/inclusivenews.com.br\\\/?p=18191\"},\"author\":{\"name\":\"inclusivenews2024\",\"@id\":\"https:\\\/\\\/inclusivenews.com.br\\\/#\\\/schema\\\/person\\\/ae4ec7087559b8692fb33b6fffd2273b\"},\"headline\":\"Inf\u00e2ncia e consumo: estudos no campo da comunica\u00e7\u00e3o\",\"datePublished\":\"2010-12-16T09:41:44+00:00\",\"mainEntityOfPage\":{\"@id\":\"https:\\\/\\\/inclusivenews.com.br\\\/?p=18191\"},\"wordCount\":358,\"commentCount\":0,\"publisher\":{\"@id\":\"https:\\\/\\\/inclusivenews.com.br\\\/#organization\"},\"image\":{\"@id\":\"https:\\\/\\\/inclusivenews.com.br\\\/?p=18191#primaryimage\"},\"thumbnailUrl\":\"http:\\\/\\\/www.andi.org.br\\\/_img\\\/infancia_consumo.jpg\",\"keywords\":[\"Inf\u00e2ncia\"],\"articleSection\":[\"Downloadables\",\"Lan\u00e7amentos\",\"Livros\",\"NOT\u00cdCIAS\",\"PUBLICA\u00c7\u00d5ES\"],\"inLanguage\":\"pt-PT\",\"potentialAction\":[{\"@type\":\"CommentAction\",\"name\":\"Comment\",\"target\":[\"https:\\\/\\\/inclusivenews.com.br\\\/?p=18191#respond\"]}]},{\"@type\":\"WebPage\",\"@id\":\"https:\\\/\\\/inclusivenews.com.br\\\/?p=18191\",\"url\":\"https:\\\/\\\/inclusivenews.com.br\\\/?p=18191\",\"name\":\"Inf\u00e2ncia e consumo: estudos no campo da comunica\u00e7\u00e3o -\",\"isPartOf\":{\"@id\":\"https:\\\/\\\/inclusivenews.com.br\\\/#website\"},\"primaryImageOfPage\":{\"@id\":\"https:\\\/\\\/inclusivenews.com.br\\\/?p=18191#primaryimage\"},\"image\":{\"@id\":\"https:\\\/\\\/inclusivenews.com.br\\\/?p=18191#primaryimage\"},\"thumbnailUrl\":\"http:\\\/\\\/www.andi.org.br\\\/_img\\\/infancia_consumo.jpg\",\"datePublished\":\"2010-12-16T09:41:44+00:00\",\"breadcrumb\":{\"@id\":\"https:\\\/\\\/inclusivenews.com.br\\\/?p=18191#breadcrumb\"},\"inLanguage\":\"pt-PT\",\"potentialAction\":[{\"@type\":\"ReadAction\",\"target\":[\"https:\\\/\\\/inclusivenews.com.br\\\/?p=18191\"]}]},{\"@type\":\"ImageObject\",\"inLanguage\":\"pt-PT\",\"@id\":\"https:\\\/\\\/inclusivenews.com.br\\\/?p=18191#primaryimage\",\"url\":\"http:\\\/\\\/www.andi.org.br\\\/_img\\\/infancia_consumo.jpg\",\"contentUrl\":\"http:\\\/\\\/www.andi.org.br\\\/_img\\\/infancia_consumo.jpg\"},{\"@type\":\"BreadcrumbList\",\"@id\":\"https:\\\/\\\/inclusivenews.com.br\\\/?p=18191#breadcrumb\",\"itemListElement\":[{\"@type\":\"ListItem\",\"position\":1,\"name\":\"In\u00edcio\",\"item\":\"https:\\\/\\\/inclusivenews.com.br\\\/\"},{\"@type\":\"ListItem\",\"position\":2,\"name\":\"Inf\u00e2ncia e consumo: estudos no campo da comunica\u00e7\u00e3o\"}]},{\"@type\":\"WebSite\",\"@id\":\"https:\\\/\\\/inclusivenews.com.br\\\/#website\",\"url\":\"https:\\\/\\\/inclusivenews.com.br\\\/\",\"name\":\"Inclusive News\",\"description\":\"Inclusive News\",\"publisher\":{\"@id\":\"https:\\\/\\\/inclusivenews.com.br\\\/#organization\"},\"potentialAction\":[{\"@type\":\"SearchAction\",\"target\":{\"@type\":\"EntryPoint\",\"urlTemplate\":\"https:\\\/\\\/inclusivenews.com.br\\\/?s={search_term_string}\"},\"query-input\":{\"@type\":\"PropertyValueSpecification\",\"valueRequired\":true,\"valueName\":\"search_term_string\"}}],\"inLanguage\":\"pt-PT\"},{\"@type\":\"Organization\",\"@id\":\"https:\\\/\\\/inclusivenews.com.br\\\/#organization\",\"name\":\"Inclusive - inclus\u00e3o e cidadania\",\"url\":\"https:\\\/\\\/inclusivenews.com.br\\\/\",\"logo\":{\"@type\":\"ImageObject\",\"inLanguage\":\"pt-PT\",\"@id\":\"https:\\\/\\\/inclusivenews.com.br\\\/#\\\/schema\\\/logo\\\/image\\\/\",\"url\":\"https:\\\/\\\/inclusivenews.com.br\\\/wp-content\\\/uploads\\\/2024\\\/03\\\/@grandesite.png\",\"contentUrl\":\"https:\\\/\\\/inclusivenews.com.br\\\/wp-content\\\/uploads\\\/2024\\\/03\\\/@grandesite.png\",\"width\":1080,\"height\":1080,\"caption\":\"Inclusive - inclus\u00e3o e cidadania\"},\"image\":{\"@id\":\"https:\\\/\\\/inclusivenews.com.br\\\/#\\\/schema\\\/logo\\\/image\\\/\"},\"sameAs\":[\"https:\\\/\\\/www.facebook.com\\\/agenciainclusive\\\/\",\"https:\\\/\\\/www.instagram.com\\\/newsinclusive\\\/\"]},{\"@type\":\"Person\",\"@id\":\"https:\\\/\\\/inclusivenews.com.br\\\/#\\\/schema\\\/person\\\/ae4ec7087559b8692fb33b6fffd2273b\",\"name\":\"inclusivenews2024\",\"image\":{\"@type\":\"ImageObject\",\"inLanguage\":\"pt-PT\",\"@id\":\"https:\\\/\\\/secure.gravatar.com\\\/avatar\\\/c5a7ef84c66fa914f55bc4f7ce26cfa275a3b9a1c5568b907bd184fb4dde7b40?s=96&d=mm&r=g\",\"url\":\"https:\\\/\\\/secure.gravatar.com\\\/avatar\\\/c5a7ef84c66fa914f55bc4f7ce26cfa275a3b9a1c5568b907bd184fb4dde7b40?s=96&d=mm&r=g\",\"contentUrl\":\"https:\\\/\\\/secure.gravatar.com\\\/avatar\\\/c5a7ef84c66fa914f55bc4f7ce26cfa275a3b9a1c5568b907bd184fb4dde7b40?s=96&d=mm&r=g\",\"caption\":\"inclusivenews2024\"},\"sameAs\":[\"https:\\\/\\\/inclusivenews.com.br\"],\"url\":\"https:\\\/\\\/inclusivenews.com.br\\\/?author=1\"}]}<\/script>\n<!-- \/ Yoast SEO plugin. -->","yoast_head_json":{"title":"Inf\u00e2ncia e consumo: estudos no campo da comunica\u00e7\u00e3o -","robots":{"index":"index","follow":"follow","max-snippet":"max-snippet:-1","max-image-preview":"max-image-preview:large","max-video-preview":"max-video-preview:-1"},"canonical":"https:\/\/inclusivenews.com.br\/?p=18191","og_locale":"pt_PT","og_type":"article","og_title":"Inf\u00e2ncia e consumo: estudos no campo da comunica\u00e7\u00e3o -","og_description":"A iniciativa pretende fortalecer o debate e as pesquisas em torno de um dos problemas mais s\u00e9rios da atualidade: a indu\u00e7\u00e3o ao consumo desenfreado e o desrespeito das pr\u00e1ticas mercadol\u00f3gicas aos direitos da crian\u00e7a e do adolescente. Da ANDI.","og_url":"https:\/\/inclusivenews.com.br\/?p=18191","article_publisher":"https:\/\/www.facebook.com\/agenciainclusive\/","article_published_time":"2010-12-16T09:41:44+00:00","og_image":[{"url":"http:\/\/www.andi.org.br\/_img\/infancia_consumo.jpg","type":"","width":"","height":""}],"author":"inclusivenews2024","twitter_card":"summary_large_image","twitter_misc":{"Escrito por":"inclusivenews2024","Tempo estimado de leitura":"2 minutos"},"schema":{"@context":"https:\/\/schema.org","@graph":[{"@type":"Article","@id":"https:\/\/inclusivenews.com.br\/?p=18191#article","isPartOf":{"@id":"https:\/\/inclusivenews.com.br\/?p=18191"},"author":{"name":"inclusivenews2024","@id":"https:\/\/inclusivenews.com.br\/#\/schema\/person\/ae4ec7087559b8692fb33b6fffd2273b"},"headline":"Inf\u00e2ncia e consumo: estudos no campo da comunica\u00e7\u00e3o","datePublished":"2010-12-16T09:41:44+00:00","mainEntityOfPage":{"@id":"https:\/\/inclusivenews.com.br\/?p=18191"},"wordCount":358,"commentCount":0,"publisher":{"@id":"https:\/\/inclusivenews.com.br\/#organization"},"image":{"@id":"https:\/\/inclusivenews.com.br\/?p=18191#primaryimage"},"thumbnailUrl":"http:\/\/www.andi.org.br\/_img\/infancia_consumo.jpg","keywords":["Inf\u00e2ncia"],"articleSection":["Downloadables","Lan\u00e7amentos","Livros","NOT\u00cdCIAS","PUBLICA\u00c7\u00d5ES"],"inLanguage":"pt-PT","potentialAction":[{"@type":"CommentAction","name":"Comment","target":["https:\/\/inclusivenews.com.br\/?p=18191#respond"]}]},{"@type":"WebPage","@id":"https:\/\/inclusivenews.com.br\/?p=18191","url":"https:\/\/inclusivenews.com.br\/?p=18191","name":"Inf\u00e2ncia e consumo: estudos no campo da comunica\u00e7\u00e3o -","isPartOf":{"@id":"https:\/\/inclusivenews.com.br\/#website"},"primaryImageOfPage":{"@id":"https:\/\/inclusivenews.com.br\/?p=18191#primaryimage"},"image":{"@id":"https:\/\/inclusivenews.com.br\/?p=18191#primaryimage"},"thumbnailUrl":"http:\/\/www.andi.org.br\/_img\/infancia_consumo.jpg","datePublished":"2010-12-16T09:41:44+00:00","breadcrumb":{"@id":"https:\/\/inclusivenews.com.br\/?p=18191#breadcrumb"},"inLanguage":"pt-PT","potentialAction":[{"@type":"ReadAction","target":["https:\/\/inclusivenews.com.br\/?p=18191"]}]},{"@type":"ImageObject","inLanguage":"pt-PT","@id":"https:\/\/inclusivenews.com.br\/?p=18191#primaryimage","url":"http:\/\/www.andi.org.br\/_img\/infancia_consumo.jpg","contentUrl":"http:\/\/www.andi.org.br\/_img\/infancia_consumo.jpg"},{"@type":"BreadcrumbList","@id":"https:\/\/inclusivenews.com.br\/?p=18191#breadcrumb","itemListElement":[{"@type":"ListItem","position":1,"name":"In\u00edcio","item":"https:\/\/inclusivenews.com.br\/"},{"@type":"ListItem","position":2,"name":"Inf\u00e2ncia e consumo: estudos no campo da comunica\u00e7\u00e3o"}]},{"@type":"WebSite","@id":"https:\/\/inclusivenews.com.br\/#website","url":"https:\/\/inclusivenews.com.br\/","name":"Inclusive News","description":"Inclusive News","publisher":{"@id":"https:\/\/inclusivenews.com.br\/#organization"},"potentialAction":[{"@type":"SearchAction","target":{"@type":"EntryPoint","urlTemplate":"https:\/\/inclusivenews.com.br\/?s={search_term_string}"},"query-input":{"@type":"PropertyValueSpecification","valueRequired":true,"valueName":"search_term_string"}}],"inLanguage":"pt-PT"},{"@type":"Organization","@id":"https:\/\/inclusivenews.com.br\/#organization","name":"Inclusive - inclus\u00e3o e cidadania","url":"https:\/\/inclusivenews.com.br\/","logo":{"@type":"ImageObject","inLanguage":"pt-PT","@id":"https:\/\/inclusivenews.com.br\/#\/schema\/logo\/image\/","url":"https:\/\/inclusivenews.com.br\/wp-content\/uploads\/2024\/03\/@grandesite.png","contentUrl":"https:\/\/inclusivenews.com.br\/wp-content\/uploads\/2024\/03\/@grandesite.png","width":1080,"height":1080,"caption":"Inclusive - inclus\u00e3o e cidadania"},"image":{"@id":"https:\/\/inclusivenews.com.br\/#\/schema\/logo\/image\/"},"sameAs":["https:\/\/www.facebook.com\/agenciainclusive\/","https:\/\/www.instagram.com\/newsinclusive\/"]},{"@type":"Person","@id":"https:\/\/inclusivenews.com.br\/#\/schema\/person\/ae4ec7087559b8692fb33b6fffd2273b","name":"inclusivenews2024","image":{"@type":"ImageObject","inLanguage":"pt-PT","@id":"https:\/\/secure.gravatar.com\/avatar\/c5a7ef84c66fa914f55bc4f7ce26cfa275a3b9a1c5568b907bd184fb4dde7b40?s=96&d=mm&r=g","url":"https:\/\/secure.gravatar.com\/avatar\/c5a7ef84c66fa914f55bc4f7ce26cfa275a3b9a1c5568b907bd184fb4dde7b40?s=96&d=mm&r=g","contentUrl":"https:\/\/secure.gravatar.com\/avatar\/c5a7ef84c66fa914f55bc4f7ce26cfa275a3b9a1c5568b907bd184fb4dde7b40?s=96&d=mm&r=g","caption":"inclusivenews2024"},"sameAs":["https:\/\/inclusivenews.com.br"],"url":"https:\/\/inclusivenews.com.br\/?author=1"}]}},"_links":{"self":[{"href":"https:\/\/inclusivenews.com.br\/index.php?rest_route=\/wp\/v2\/posts\/18191","targetHints":{"allow":["GET"]}}],"collection":[{"href":"https:\/\/inclusivenews.com.br\/index.php?rest_route=\/wp\/v2\/posts"}],"about":[{"href":"https:\/\/inclusivenews.com.br\/index.php?rest_route=\/wp\/v2\/types\/post"}],"author":[{"embeddable":true,"href":"https:\/\/inclusivenews.com.br\/index.php?rest_route=\/wp\/v2\/users\/1"}],"replies":[{"embeddable":true,"href":"https:\/\/inclusivenews.com.br\/index.php?rest_route=%2Fwp%2Fv2%2Fcomments&post=18191"}],"version-history":[{"count":0,"href":"https:\/\/inclusivenews.com.br\/index.php?rest_route=\/wp\/v2\/posts\/18191\/revisions"}],"wp:attachment":[{"href":"https:\/\/inclusivenews.com.br\/index.php?rest_route=%2Fwp%2Fv2%2Fmedia&parent=18191"}],"wp:term":[{"taxonomy":"category","embeddable":true,"href":"https:\/\/inclusivenews.com.br\/index.php?rest_route=%2Fwp%2Fv2%2Fcategories&post=18191"},{"taxonomy":"post_tag","embeddable":true,"href":"https:\/\/inclusivenews.com.br\/index.php?rest_route=%2Fwp%2Fv2%2Ftags&post=18191"}],"curies":[{"name":"wp","href":"https:\/\/api.w.org\/{rel}","templated":true}]}}