{"id":18192,"date":"2010-12-16T06:48:30","date_gmt":"2010-12-16T09:48:30","guid":{"rendered":"http:\/\/www.inclusive.org.br\/?p=18192"},"modified":"2010-12-16T06:48:30","modified_gmt":"2010-12-16T09:48:30","slug":"revista-intolerancia-e-lancada","status":"publish","type":"post","link":"https:\/\/inclusivenews.com.br\/?p=18192","title":{"rendered":"Revista inToler\u00e2ncia \u00e9 lan\u00e7ada"},"content":{"rendered":"<p><img loading=\"lazy\" decoding=\"async\" class=\"alignleft\" title=\"Capa da revista, sem descri\u00e7\u00e3o dispon\u00edvel ainda\" src=\"http:\/\/www.rumoatolerancia.fflch.usp.br\/files\/images\/Capa_02.jpg\" alt=\"Capa da revista, sem descri\u00e7\u00e3o dispon\u00edvel ainda\" width=\"221\" height=\"286\" \/><\/p>\n<p>O Laborat\u00f3rio de Estudos sobre Intoler\u00e2ncia (LEI), da Universidade de S\u00e3o Paulo (USP), lan\u00e7ou o primeiro n\u00famero da revista inToler\u00e2ncia. Abrigada no <a href=\"www.rumoatolerancia.fflch.usp.br\/node\/2683\">Portal Rumo \u00e0 Toler\u00e2ncia<\/a>, a revista ser\u00e1 semestral e trar\u00e1 um dossi\u00ea tem\u00e1tico a cada edi\u00e7\u00e3o.<\/p>\n<p>Segundo os editores, a revista abre espa\u00e7o para artigos, resenhas, entrevistas e documentos hist\u00f3ricos com a perspectiva de enriquecer o debate sobre a toler\u00e2ncia e intoler\u00e2ncia na \u00e1rea das humanidades, nas artes e na cultura.<\/p>\n<p>Na primeira edi\u00e7\u00e3o, a revista traz o dossi\u00ea Toler\u00e2ncia e Direitos Humanos: Diversidade e Paz com textos que versam sobre Iluminismo, democracia, globaliza\u00e7\u00e3o, entre outros assuntos.<\/p>\n<p>Al\u00e9m de resenhas e uma entrevista, o ve\u00edculo traz uma an\u00e1lise do documentoConvention on the Prevention and Punishment of the Crime of Genocide, assinado pela Assembleia Geral das Na\u00e7\u00f5es Unidas em 1948. O texto \u00e9 comentado por Samuel Feldberg, professor de Rela\u00e7\u00f5es Internacionais das Faculdades Integradas Rio Branco.<\/p>\n<p>Entre os membros do conselho consultivo da revista est\u00e3o Celso Lafer, presidente da FAPESP, Dalmo de Abreu Dallari, professor em\u00e9rito da Faculdade de Direito da USP, e S\u00e9rgio Paulo Rouanet, fil\u00f3sofo e membro da Academia Brasileira de Letras.<\/p>\n<p>A USP anunciou, em setembro, o projeto do Museu da Toler\u00e2ncia, que ser\u00e1 constru\u00eddo na Cidade Universit\u00e1ria na capital paulista.<\/p>\n<p>O museu estar\u00e1 vinculado ao Laborat\u00f3rio de Estudos sobre Intoler\u00e2ncia e seguir\u00e1 um conceito diferente dos museus tradicionais.<\/p>\n<p>Ser\u00e1 o primeiro do g\u00eanero na Am\u00e9rica Latina voltado tamb\u00e9m para a educa\u00e7\u00e3o lato sensu. A previs\u00e3o \u00e9 que no prazo de um ano as obras sejam iniciadas.<\/p>\n<p><strong><a href=\"http:\/\/www.rumoatolerancia.fflch.usp.br\/files\/inTolerancia_ano1_vol1_n1_2010%20(1).pdf\">Fa\u00e7a download da \u00edntegra neste link.<\/a> <\/strong><\/p>\n<p>____________<\/p>\n<p><strong>Fonte:<\/strong> <a href=\"http:\/\/www.mndh.org.br\/index.php?option=com_content&amp;task=view&amp;id=2601&amp;Itemid=56\">MNDH<\/a><\/p>\n","protected":false},"excerpt":{"rendered":"<p>Segundo os editores, a revista abre espa\u00e7o para artigos, resenhas, entrevistas e documentos hist\u00f3ricos com a perspectiva de enriquecer o debate sobre a toler\u00e2ncia e intoler\u00e2ncia na \u00e1rea das humanidades, nas artes e na cultura. Informa\u00e7\u00e3o vem do MNDH.<\/p>\n","protected":false},"author":1,"featured_media":0,"comment_status":"open","ping_status":"open","sticky":false,"template":"","format":"standard","meta":{"site-container-style":"default","site-container-layout":"default","site-sidebar-layout":"default","disable-article-header":"default","disable-site-header":"default","disable-site-footer":"default","disable-content-area-spacing":"default","footnotes":""},"categories":[11,50,4,10,80],"tags":[],"class_list":["post-18192","post","type-post","status-publish","format-standard","hentry","category-direitos-humanos","category-lancamentos","category-noticias","category-publicacoes","category-revistas"],"yoast_head":"<!-- This site is optimized with the Yoast SEO plugin v27.4 - https:\/\/yoast.com\/product\/yoast-seo-wordpress\/ -->\n<title>Revista inToler\u00e2ncia \u00e9 lan\u00e7ada -<\/title>\n<meta name=\"robots\" content=\"index, follow, max-snippet:-1, max-image-preview:large, max-video-preview:-1\" \/>\n<link rel=\"canonical\" href=\"https:\/\/inclusivenews.com.br\/?p=18192\" \/>\n<meta property=\"og:locale\" content=\"pt_PT\" \/>\n<meta property=\"og:type\" content=\"article\" \/>\n<meta property=\"og:title\" content=\"Revista inToler\u00e2ncia \u00e9 lan\u00e7ada -\" \/>\n<meta property=\"og:description\" content=\"Segundo os editores, a revista abre espa\u00e7o para artigos, resenhas, entrevistas e documentos hist\u00f3ricos com a perspectiva de enriquecer o debate sobre a toler\u00e2ncia e intoler\u00e2ncia na \u00e1rea das humanidades, nas artes e na cultura. Informa\u00e7\u00e3o vem do MNDH.\" \/>\n<meta property=\"og:url\" content=\"https:\/\/inclusivenews.com.br\/?p=18192\" \/>\n<meta property=\"article:publisher\" content=\"https:\/\/www.facebook.com\/agenciainclusive\/\" \/>\n<meta property=\"article:published_time\" content=\"2010-12-16T09:48:30+00:00\" \/>\n<meta property=\"og:image\" content=\"http:\/\/www.rumoatolerancia.fflch.usp.br\/files\/images\/Capa_02.jpg\" \/>\n<meta name=\"author\" content=\"inclusivenews2024\" \/>\n<meta name=\"twitter:card\" content=\"summary_large_image\" \/>\n<meta name=\"twitter:label1\" content=\"Escrito por\" \/>\n\t<meta name=\"twitter:data1\" content=\"inclusivenews2024\" \/>\n\t<meta name=\"twitter:label2\" content=\"Tempo estimado de leitura\" \/>\n\t<meta name=\"twitter:data2\" content=\"1 minuto\" \/>\n<script type=\"application\/ld+json\" class=\"yoast-schema-graph\">{\"@context\":\"https:\\\/\\\/schema.org\",\"@graph\":[{\"@type\":\"Article\",\"@id\":\"https:\\\/\\\/inclusivenews.com.br\\\/?p=18192#article\",\"isPartOf\":{\"@id\":\"https:\\\/\\\/inclusivenews.com.br\\\/?p=18192\"},\"author\":{\"name\":\"inclusivenews2024\",\"@id\":\"https:\\\/\\\/inclusivenews.com.br\\\/#\\\/schema\\\/person\\\/ae4ec7087559b8692fb33b6fffd2273b\"},\"headline\":\"Revista inToler\u00e2ncia \u00e9 lan\u00e7ada\",\"datePublished\":\"2010-12-16T09:48:30+00:00\",\"mainEntityOfPage\":{\"@id\":\"https:\\\/\\\/inclusivenews.com.br\\\/?p=18192\"},\"wordCount\":296,\"commentCount\":0,\"publisher\":{\"@id\":\"https:\\\/\\\/inclusivenews.com.br\\\/#organization\"},\"image\":{\"@id\":\"https:\\\/\\\/inclusivenews.com.br\\\/?p=18192#primaryimage\"},\"thumbnailUrl\":\"http:\\\/\\\/www.rumoatolerancia.fflch.usp.br\\\/files\\\/images\\\/Capa_02.jpg\",\"articleSection\":[\"DIREITOS HUMANOS\",\"Lan\u00e7amentos\",\"NOT\u00cdCIAS\",\"PUBLICA\u00c7\u00d5ES\",\"Revistas\"],\"inLanguage\":\"pt-PT\",\"potentialAction\":[{\"@type\":\"CommentAction\",\"name\":\"Comment\",\"target\":[\"https:\\\/\\\/inclusivenews.com.br\\\/?p=18192#respond\"]}]},{\"@type\":\"WebPage\",\"@id\":\"https:\\\/\\\/inclusivenews.com.br\\\/?p=18192\",\"url\":\"https:\\\/\\\/inclusivenews.com.br\\\/?p=18192\",\"name\":\"Revista inToler\u00e2ncia \u00e9 lan\u00e7ada -\",\"isPartOf\":{\"@id\":\"https:\\\/\\\/inclusivenews.com.br\\\/#website\"},\"primaryImageOfPage\":{\"@id\":\"https:\\\/\\\/inclusivenews.com.br\\\/?p=18192#primaryimage\"},\"image\":{\"@id\":\"https:\\\/\\\/inclusivenews.com.br\\\/?p=18192#primaryimage\"},\"thumbnailUrl\":\"http:\\\/\\\/www.rumoatolerancia.fflch.usp.br\\\/files\\\/images\\\/Capa_02.jpg\",\"datePublished\":\"2010-12-16T09:48:30+00:00\",\"breadcrumb\":{\"@id\":\"https:\\\/\\\/inclusivenews.com.br\\\/?p=18192#breadcrumb\"},\"inLanguage\":\"pt-PT\",\"potentialAction\":[{\"@type\":\"ReadAction\",\"target\":[\"https:\\\/\\\/inclusivenews.com.br\\\/?p=18192\"]}]},{\"@type\":\"ImageObject\",\"inLanguage\":\"pt-PT\",\"@id\":\"https:\\\/\\\/inclusivenews.com.br\\\/?p=18192#primaryimage\",\"url\":\"http:\\\/\\\/www.rumoatolerancia.fflch.usp.br\\\/files\\\/images\\\/Capa_02.jpg\",\"contentUrl\":\"http:\\\/\\\/www.rumoatolerancia.fflch.usp.br\\\/files\\\/images\\\/Capa_02.jpg\"},{\"@type\":\"BreadcrumbList\",\"@id\":\"https:\\\/\\\/inclusivenews.com.br\\\/?p=18192#breadcrumb\",\"itemListElement\":[{\"@type\":\"ListItem\",\"position\":1,\"name\":\"In\u00edcio\",\"item\":\"https:\\\/\\\/inclusivenews.com.br\\\/\"},{\"@type\":\"ListItem\",\"position\":2,\"name\":\"Revista inToler\u00e2ncia \u00e9 lan\u00e7ada\"}]},{\"@type\":\"WebSite\",\"@id\":\"https:\\\/\\\/inclusivenews.com.br\\\/#website\",\"url\":\"https:\\\/\\\/inclusivenews.com.br\\\/\",\"name\":\"Inclusive News\",\"description\":\"Inclusive News\",\"publisher\":{\"@id\":\"https:\\\/\\\/inclusivenews.com.br\\\/#organization\"},\"potentialAction\":[{\"@type\":\"SearchAction\",\"target\":{\"@type\":\"EntryPoint\",\"urlTemplate\":\"https:\\\/\\\/inclusivenews.com.br\\\/?s={search_term_string}\"},\"query-input\":{\"@type\":\"PropertyValueSpecification\",\"valueRequired\":true,\"valueName\":\"search_term_string\"}}],\"inLanguage\":\"pt-PT\"},{\"@type\":\"Organization\",\"@id\":\"https:\\\/\\\/inclusivenews.com.br\\\/#organization\",\"name\":\"Inclusive - inclus\u00e3o e cidadania\",\"url\":\"https:\\\/\\\/inclusivenews.com.br\\\/\",\"logo\":{\"@type\":\"ImageObject\",\"inLanguage\":\"pt-PT\",\"@id\":\"https:\\\/\\\/inclusivenews.com.br\\\/#\\\/schema\\\/logo\\\/image\\\/\",\"url\":\"https:\\\/\\\/inclusivenews.com.br\\\/wp-content\\\/uploads\\\/2024\\\/03\\\/@grandesite.png\",\"contentUrl\":\"https:\\\/\\\/inclusivenews.com.br\\\/wp-content\\\/uploads\\\/2024\\\/03\\\/@grandesite.png\",\"width\":1080,\"height\":1080,\"caption\":\"Inclusive - inclus\u00e3o e cidadania\"},\"image\":{\"@id\":\"https:\\\/\\\/inclusivenews.com.br\\\/#\\\/schema\\\/logo\\\/image\\\/\"},\"sameAs\":[\"https:\\\/\\\/www.facebook.com\\\/agenciainclusive\\\/\",\"https:\\\/\\\/www.instagram.com\\\/newsinclusive\\\/\"]},{\"@type\":\"Person\",\"@id\":\"https:\\\/\\\/inclusivenews.com.br\\\/#\\\/schema\\\/person\\\/ae4ec7087559b8692fb33b6fffd2273b\",\"name\":\"inclusivenews2024\",\"image\":{\"@type\":\"ImageObject\",\"inLanguage\":\"pt-PT\",\"@id\":\"https:\\\/\\\/secure.gravatar.com\\\/avatar\\\/c5a7ef84c66fa914f55bc4f7ce26cfa275a3b9a1c5568b907bd184fb4dde7b40?s=96&d=mm&r=g\",\"url\":\"https:\\\/\\\/secure.gravatar.com\\\/avatar\\\/c5a7ef84c66fa914f55bc4f7ce26cfa275a3b9a1c5568b907bd184fb4dde7b40?s=96&d=mm&r=g\",\"contentUrl\":\"https:\\\/\\\/secure.gravatar.com\\\/avatar\\\/c5a7ef84c66fa914f55bc4f7ce26cfa275a3b9a1c5568b907bd184fb4dde7b40?s=96&d=mm&r=g\",\"caption\":\"inclusivenews2024\"},\"sameAs\":[\"https:\\\/\\\/inclusivenews.com.br\"],\"url\":\"https:\\\/\\\/inclusivenews.com.br\\\/?author=1\"}]}<\/script>\n<!-- \/ Yoast SEO plugin. -->","yoast_head_json":{"title":"Revista inToler\u00e2ncia \u00e9 lan\u00e7ada -","robots":{"index":"index","follow":"follow","max-snippet":"max-snippet:-1","max-image-preview":"max-image-preview:large","max-video-preview":"max-video-preview:-1"},"canonical":"https:\/\/inclusivenews.com.br\/?p=18192","og_locale":"pt_PT","og_type":"article","og_title":"Revista inToler\u00e2ncia \u00e9 lan\u00e7ada -","og_description":"Segundo os editores, a revista abre espa\u00e7o para artigos, resenhas, entrevistas e documentos hist\u00f3ricos com a perspectiva de enriquecer o debate sobre a toler\u00e2ncia e intoler\u00e2ncia na \u00e1rea das humanidades, nas artes e na cultura. Informa\u00e7\u00e3o vem do MNDH.","og_url":"https:\/\/inclusivenews.com.br\/?p=18192","article_publisher":"https:\/\/www.facebook.com\/agenciainclusive\/","article_published_time":"2010-12-16T09:48:30+00:00","og_image":[{"url":"http:\/\/www.rumoatolerancia.fflch.usp.br\/files\/images\/Capa_02.jpg","type":"","width":"","height":""}],"author":"inclusivenews2024","twitter_card":"summary_large_image","twitter_misc":{"Escrito por":"inclusivenews2024","Tempo estimado de leitura":"1 minuto"},"schema":{"@context":"https:\/\/schema.org","@graph":[{"@type":"Article","@id":"https:\/\/inclusivenews.com.br\/?p=18192#article","isPartOf":{"@id":"https:\/\/inclusivenews.com.br\/?p=18192"},"author":{"name":"inclusivenews2024","@id":"https:\/\/inclusivenews.com.br\/#\/schema\/person\/ae4ec7087559b8692fb33b6fffd2273b"},"headline":"Revista inToler\u00e2ncia \u00e9 lan\u00e7ada","datePublished":"2010-12-16T09:48:30+00:00","mainEntityOfPage":{"@id":"https:\/\/inclusivenews.com.br\/?p=18192"},"wordCount":296,"commentCount":0,"publisher":{"@id":"https:\/\/inclusivenews.com.br\/#organization"},"image":{"@id":"https:\/\/inclusivenews.com.br\/?p=18192#primaryimage"},"thumbnailUrl":"http:\/\/www.rumoatolerancia.fflch.usp.br\/files\/images\/Capa_02.jpg","articleSection":["DIREITOS HUMANOS","Lan\u00e7amentos","NOT\u00cdCIAS","PUBLICA\u00c7\u00d5ES","Revistas"],"inLanguage":"pt-PT","potentialAction":[{"@type":"CommentAction","name":"Comment","target":["https:\/\/inclusivenews.com.br\/?p=18192#respond"]}]},{"@type":"WebPage","@id":"https:\/\/inclusivenews.com.br\/?p=18192","url":"https:\/\/inclusivenews.com.br\/?p=18192","name":"Revista inToler\u00e2ncia \u00e9 lan\u00e7ada -","isPartOf":{"@id":"https:\/\/inclusivenews.com.br\/#website"},"primaryImageOfPage":{"@id":"https:\/\/inclusivenews.com.br\/?p=18192#primaryimage"},"image":{"@id":"https:\/\/inclusivenews.com.br\/?p=18192#primaryimage"},"thumbnailUrl":"http:\/\/www.rumoatolerancia.fflch.usp.br\/files\/images\/Capa_02.jpg","datePublished":"2010-12-16T09:48:30+00:00","breadcrumb":{"@id":"https:\/\/inclusivenews.com.br\/?p=18192#breadcrumb"},"inLanguage":"pt-PT","potentialAction":[{"@type":"ReadAction","target":["https:\/\/inclusivenews.com.br\/?p=18192"]}]},{"@type":"ImageObject","inLanguage":"pt-PT","@id":"https:\/\/inclusivenews.com.br\/?p=18192#primaryimage","url":"http:\/\/www.rumoatolerancia.fflch.usp.br\/files\/images\/Capa_02.jpg","contentUrl":"http:\/\/www.rumoatolerancia.fflch.usp.br\/files\/images\/Capa_02.jpg"},{"@type":"BreadcrumbList","@id":"https:\/\/inclusivenews.com.br\/?p=18192#breadcrumb","itemListElement":[{"@type":"ListItem","position":1,"name":"In\u00edcio","item":"https:\/\/inclusivenews.com.br\/"},{"@type":"ListItem","position":2,"name":"Revista inToler\u00e2ncia \u00e9 lan\u00e7ada"}]},{"@type":"WebSite","@id":"https:\/\/inclusivenews.com.br\/#website","url":"https:\/\/inclusivenews.com.br\/","name":"Inclusive News","description":"Inclusive News","publisher":{"@id":"https:\/\/inclusivenews.com.br\/#organization"},"potentialAction":[{"@type":"SearchAction","target":{"@type":"EntryPoint","urlTemplate":"https:\/\/inclusivenews.com.br\/?s={search_term_string}"},"query-input":{"@type":"PropertyValueSpecification","valueRequired":true,"valueName":"search_term_string"}}],"inLanguage":"pt-PT"},{"@type":"Organization","@id":"https:\/\/inclusivenews.com.br\/#organization","name":"Inclusive - inclus\u00e3o e cidadania","url":"https:\/\/inclusivenews.com.br\/","logo":{"@type":"ImageObject","inLanguage":"pt-PT","@id":"https:\/\/inclusivenews.com.br\/#\/schema\/logo\/image\/","url":"https:\/\/inclusivenews.com.br\/wp-content\/uploads\/2024\/03\/@grandesite.png","contentUrl":"https:\/\/inclusivenews.com.br\/wp-content\/uploads\/2024\/03\/@grandesite.png","width":1080,"height":1080,"caption":"Inclusive - inclus\u00e3o e cidadania"},"image":{"@id":"https:\/\/inclusivenews.com.br\/#\/schema\/logo\/image\/"},"sameAs":["https:\/\/www.facebook.com\/agenciainclusive\/","https:\/\/www.instagram.com\/newsinclusive\/"]},{"@type":"Person","@id":"https:\/\/inclusivenews.com.br\/#\/schema\/person\/ae4ec7087559b8692fb33b6fffd2273b","name":"inclusivenews2024","image":{"@type":"ImageObject","inLanguage":"pt-PT","@id":"https:\/\/secure.gravatar.com\/avatar\/c5a7ef84c66fa914f55bc4f7ce26cfa275a3b9a1c5568b907bd184fb4dde7b40?s=96&d=mm&r=g","url":"https:\/\/secure.gravatar.com\/avatar\/c5a7ef84c66fa914f55bc4f7ce26cfa275a3b9a1c5568b907bd184fb4dde7b40?s=96&d=mm&r=g","contentUrl":"https:\/\/secure.gravatar.com\/avatar\/c5a7ef84c66fa914f55bc4f7ce26cfa275a3b9a1c5568b907bd184fb4dde7b40?s=96&d=mm&r=g","caption":"inclusivenews2024"},"sameAs":["https:\/\/inclusivenews.com.br"],"url":"https:\/\/inclusivenews.com.br\/?author=1"}]}},"_links":{"self":[{"href":"https:\/\/inclusivenews.com.br\/index.php?rest_route=\/wp\/v2\/posts\/18192","targetHints":{"allow":["GET"]}}],"collection":[{"href":"https:\/\/inclusivenews.com.br\/index.php?rest_route=\/wp\/v2\/posts"}],"about":[{"href":"https:\/\/inclusivenews.com.br\/index.php?rest_route=\/wp\/v2\/types\/post"}],"author":[{"embeddable":true,"href":"https:\/\/inclusivenews.com.br\/index.php?rest_route=\/wp\/v2\/users\/1"}],"replies":[{"embeddable":true,"href":"https:\/\/inclusivenews.com.br\/index.php?rest_route=%2Fwp%2Fv2%2Fcomments&post=18192"}],"version-history":[{"count":0,"href":"https:\/\/inclusivenews.com.br\/index.php?rest_route=\/wp\/v2\/posts\/18192\/revisions"}],"wp:attachment":[{"href":"https:\/\/inclusivenews.com.br\/index.php?rest_route=%2Fwp%2Fv2%2Fmedia&parent=18192"}],"wp:term":[{"taxonomy":"category","embeddable":true,"href":"https:\/\/inclusivenews.com.br\/index.php?rest_route=%2Fwp%2Fv2%2Fcategories&post=18192"},{"taxonomy":"post_tag","embeddable":true,"href":"https:\/\/inclusivenews.com.br\/index.php?rest_route=%2Fwp%2Fv2%2Ftags&post=18192"}],"curies":[{"name":"wp","href":"https:\/\/api.w.org\/{rel}","templated":true}]}}