{"id":18219,"date":"2010-12-23T00:01:17","date_gmt":"2010-12-23T03:01:17","guid":{"rendered":"http:\/\/www.inclusive.org.br\/?p=18219"},"modified":"2010-12-23T00:01:17","modified_gmt":"2010-12-23T03:01:17","slug":"midia-para-a-inclusao","status":"publish","type":"post","link":"https:\/\/inclusivenews.com.br\/?p=18219","title":{"rendered":"M\u00eddia para a inclus\u00e3o"},"content":{"rendered":"<p><strong> <\/strong><\/p>\n<figure style=\"width: 199px\" class=\"wp-caption alignleft\"><strong><img loading=\"lazy\" decoding=\"async\" title=\"Tuca Munhoz, foto de Alex Ribeiro\" src=\"http:\/\/www.sesctv.org.br\/images_dyn\/2_20101126_193553.jpg\" alt=\"Tuca Munhoz, foto de Alex Ribeiro\" width=\"199\" height=\"133\" \/><\/strong><figcaption class=\"wp-caption-text\">Tuca Munhoz, foto de Alex Ribeiro<\/figcaption><\/figure>\n<p><strong>Quando come\u00e7ou sua milit\u00e2ncia pela inclus\u00e3o das pessoas com defici\u00eancia?<\/strong><\/p>\n<p>Come\u00e7ou quando eu tinha 19 anos. Naquela \u00e9poca eu n\u00e3o tinha carro e usava o transporte p\u00fablico para me locomover. Eu morava em S\u00e3o Caetano e tinha muita dificuldade para usar o \u00f4nibus. Isso me deixava muito chateado, fazia eu me questionar inclusive sobre a minha condi\u00e7\u00e3o [Tuca Munhoz tem sequela de p\u00f3lio e utiliza cadeira de rodas]. Certo dia, li no jornal que um grupo de pessoas com defici\u00eancia se reuniria para um debate. Achei muito interessante, consegui uma carona e fui a esse encontro. Foi o come\u00e7o de uma mudan\u00e7a de pensamento, percebi que o problema n\u00e3o era eu ser deficiente, mas o \u00f4nibus n\u00e3o ser adaptado. O olhar se inverteu. Passei a perceber e a me conscientizar de que essa condi\u00e7\u00e3o faz parte da diversidade humana e que a sociedade deve se organizar para conviver com essa abrang\u00eancia.<\/p>\n<p><strong>Qual o trabalho desenvolvido pelo Instituto MID?<\/strong><br \/>\nO Instituto MID trabalha para abrir espa\u00e7os para que as pessoas com defici\u00eancia coloquem suas demandas e para conscientizar a sociedade sobre os preconceitos, a desinforma\u00e7\u00e3o e todas as quest\u00f5es relativas a esse tema. Desenvolvemos esse trabalho na cidade de Santo Andr\u00e9, regi\u00e3o do ABC paulista. Tamb\u00e9m fazemos reabilita\u00e7\u00e3o em comunidades bem pobres, mobilizando as pessoas para melhores condi\u00e7\u00f5es de vida. Fazemos tudo isso participando de uma s\u00e9rie de a\u00e7\u00f5es. O Instituto MID foi criado em 1991, mas foi oficializado em 1996. \u00c9 uma entidade pequena, com 15 pessoas, que desenvolve um trabalho muito importante.<\/p>\n<p><strong>Qual sua avalia\u00e7\u00e3o sobre pol\u00edticas voltadas \u00e0 inclus\u00e3o da pessoa com defici\u00eancia no Brasil?<\/strong><br \/>\nPercebo que a quest\u00e3o tem grande visibilidade hoje, especialmente de dez anos para c\u00e1. Antes, era dif\u00edcil colocar esse tema em pauta, n\u00e3o s\u00f3 na m\u00eddia, mas no debate sobre pol\u00edticas p\u00fablicas tamb\u00e9m. A discuss\u00e3o ficava muito na linha da filantropia e do assistencialismo. Hoje, est\u00e1 mais inserido dentro das pol\u00edticas p\u00fablicas e dos direitos humanos. O Brasil tem uma legisla\u00e7\u00e3o muito avan\u00e7ada nessa quest\u00e3o. Por exemplo: o tema da acessibilidade \u00e9 bem presente, especialmente nos grandes centros urbanos. Claro que, quanto mais afastado para as periferias, menos acessos n\u00f3s temos. E em algumas cidades isso \u00e9 mais vis\u00edvel do que em outras. Em S\u00e3o Paulo, consigo me locomover bem, muitos \u00f4nibus s\u00e3o acess\u00edveis. Mas, por exemplo, em Bras\u00edlia, onde estive recentemente, eu precisei chamar um t\u00e1xi para ir de um hotel a outro muito pr\u00f3ximo, porque n\u00e3o tinha como ir a p\u00e9. O fato positivo \u00e9 que hoje qualquer pessoa reconhece a acessibilidade como um direito de todos e um dever do Estado. Tamb\u00e9m na Educa\u00e7\u00e3o esse tema avan\u00e7ou. Antes havia uma impermeabilidade em falar sobre inclus\u00e3o de pessoas com defici\u00eancia no ensino regular. Pelos dados do Minist\u00e9rio da Educa\u00e7\u00e3o, h\u00e1 15 anos apenas 130 mil crian\u00e7as com algum grau de defici\u00eancia estavam no ensino regular. Hoje, j\u00e1 passa de meio milh\u00e3o de crian\u00e7as. Tamb\u00e9m identificamos avan\u00e7os no mercado de trabalho. A lei que reserva parte das vagas para pessoas com defici\u00eancia tem 30 anos, mas s\u00f3 h\u00e1 sete tem sido efetivada. As empresas s\u00e3o fiscalizadas e acabam contratando.<\/p>\n<p><strong>E que mudan\u00e7as identificamos na m\u00eddia?<\/strong><br \/>\nH\u00e1 uma quest\u00e3o interessante: em raz\u00e3o da inclus\u00e3o na escola e no mercado de trabalho, parte da m\u00eddia tem descoberto essas pessoas como p\u00fablico consumidor em potencial. Ent\u00e3o, algumas revistas foram criadas, mas sempre com esse vi\u00e9s comercial. N\u00e3o deixa de ser uma iniciativa. Outra mudan\u00e7a vem na TV. Duas emissoras criaram programas voltados para esse segmento [TV Brasil e TV Senado], nenhuma delas na TV aberta, infelizmente. O importante \u00e9 acabar com o estigma da pessoa com defici\u00eancia como algu\u00e9m incapaz. Esse olhar de assistencialismo e filantropia \u00e9 equivocado. Acabamos de ver na TV uma campanha para arrecadar doa\u00e7\u00e3o para uma entidade cujo enfoque era: \u201cvamos ajudar a pessoa com defici\u00eancia\u201d. Por melhor que seja a inten\u00e7\u00e3o, \u00e9 uma abordagem antiquada, paternalista e assistencialista que s\u00f3 puxa para tr\u00e1s o trabalho de luta por pol\u00edticas e direitos.<\/p>\n<p><strong>\u00c9 por essa raz\u00e3o que o Instituto MID desenvolve trabalhos com a m\u00eddia?<\/strong><br \/>\nUma das quest\u00f5es que sempre falo \u00e9 a da import\u00e2ncia das pessoas com defici\u00eancia se colocarem, sem a presen\u00e7a de intermedi\u00e1rios, de algu\u00e9m que fale por n\u00f3s. Conquistar espa\u00e7o nos meios de comunica\u00e7\u00e3o para que a gente possa falar, colocar nossas cr\u00edticas, nosso ponto de vista e nossa imagem. O Instituto MID criou o Minuto da Inclus\u00e3o, programa de r\u00e1dio com um minuto de dura\u00e7\u00e3o que divulga informa\u00e7\u00f5es sobre o tema, e que se tornou um projeto importante at\u00e9 mesmo na quest\u00e3o da conquista da auto-estima. Queremos, como movimento, conquistar esse espa\u00e7o na m\u00eddia para falar e ouvir. Esse espa\u00e7o ainda \u00e9 pequeno nas emissoras de TV. Em novelas, tivemos recentemente o caso da personagem Luciana, retratado em Viver a Vida, da Rede Globo, foi muito marcante. Mas naquela hist\u00f3ria, ela pertencia a uma fam\u00edlia rica, cheia de recursos, o que n\u00e3o \u00e9 o caso da maioria da popula\u00e7\u00e3o. Temos de pensar numa pol\u00edtica de inclus\u00e3o que seja sist\u00eamica: o trabalho, o acesso, a forma\u00e7\u00e3o.<\/p>\n<p><strong>De que forma a TV pode ser uma ferramenta de inclus\u00e3o da pessoa com defici\u00eancia?<\/strong><br \/>\nAl\u00e9m de abrir mais espa\u00e7o para discuss\u00e3o e de inserir o tema nos notici\u00e1rios, penso em dois projetos: a adapta\u00e7\u00e3o do projeto Minuto da Inclus\u00e3o para a TV, com programetes que entrariam como interprogramas, para levar informa\u00e7\u00f5es e conscientiza\u00e7\u00e3o; e a cria\u00e7\u00e3o de um programa de debate, convidando pessoas das mais diversas \u00e1reas de forma\u00e7\u00e3o, com defici\u00eancia ou n\u00e3o, para dialogarem sobre v\u00e1rios aspectos e pontos de vista. E quem sabe at\u00e9 uma vers\u00e3o desse debate com o p\u00fablico infantil? Tamb\u00e9m queremos desenvolver uma esp\u00e9cie de informativo direcionado aos profissionais que trabalham com m\u00eddia, para orient\u00e1-los sobre a melhor forma de abordar o tema.<\/p>\n<p>Tuca Munhoz : O fil\u00f3sofo tem 53 anos de idade e h\u00e1 mais de tr\u00eas d\u00e9cadas trabalha pela inclus\u00e3o das pessoas com defici\u00eancia na sociedade. Ele \u00e9 presidente do Instituto MID para a Participa\u00e7\u00e3o Social das Pessoas com Defici\u00eancia, entidade fundada em 1991 que luta pela amplia\u00e7\u00e3o da participa\u00e7\u00e3o social das pessoas com defici\u00eancia. Entre os projetos que desenvolve est\u00e1 o Minuto da Inclus\u00e3o, programa de r\u00e1dio, com um minuto de dura\u00e7\u00e3o, que traz informa\u00e7\u00f5es para ampliar o repert\u00f3rio da popula\u00e7\u00e3o, na constru\u00e7\u00e3o de uma sociedade mais acess\u00edvel. O programa \u00e9 veiculado por 130 emissoras de r\u00e1dio de todo o Brasil e distribu\u00eddo tamb\u00e9m em vers\u00e3o em espanhol, para 14 pa\u00edses da Am\u00e9rica Latina e para os Estados Unidos.<\/p>\n<p>___________________<\/p>\n<p><strong>Fonte:<\/strong> <a href=\"http:\/\/www.sesctv.org.br\/revista.cfm?materia_id=91\">Revista SESC TV<\/a><\/p>\n","protected":false},"excerpt":{"rendered":"<p>Tuca Munhoz, presidente do Instituto MID para a Participa\u00e7\u00e3o Social das Pessoas com Defici\u00eancia, fala sobre m\u00eddia e inclus\u00e3o para a Revista SESCTv.<\/p>\n","protected":false},"author":1,"featured_media":0,"comment_status":"open","ping_status":"open","sticky":false,"template":"","format":"standard","meta":{"site-container-style":"default","site-container-layout":"default","site-sidebar-layout":"default","disable-article-header":"default","disable-site-header":"default","disable-site-footer":"default","disable-content-area-spacing":"default","footnotes":""},"categories":[38,42,48],"tags":[],"class_list":["post-18219","post","type-post","status-publish","format-standard","hentry","category-deficiencia","category-entrevista","category-inclusao"],"yoast_head":"<!-- This site is optimized with the Yoast SEO plugin v27.4 - https:\/\/yoast.com\/product\/yoast-seo-wordpress\/ -->\n<title>M\u00eddia para a inclus\u00e3o -<\/title>\n<meta name=\"robots\" content=\"index, follow, max-snippet:-1, max-image-preview:large, max-video-preview:-1\" \/>\n<link rel=\"canonical\" href=\"https:\/\/inclusivenews.com.br\/?p=18219\" \/>\n<meta property=\"og:locale\" content=\"pt_PT\" \/>\n<meta property=\"og:type\" content=\"article\" \/>\n<meta property=\"og:title\" content=\"M\u00eddia para a inclus\u00e3o -\" \/>\n<meta property=\"og:description\" content=\"Tuca Munhoz, presidente do Instituto MID para a Participa\u00e7\u00e3o Social das Pessoas com Defici\u00eancia, fala sobre m\u00eddia e inclus\u00e3o para a Revista SESCTv.\" \/>\n<meta property=\"og:url\" content=\"https:\/\/inclusivenews.com.br\/?p=18219\" \/>\n<meta property=\"article:publisher\" content=\"https:\/\/www.facebook.com\/agenciainclusive\/\" \/>\n<meta property=\"article:published_time\" content=\"2010-12-23T03:01:17+00:00\" \/>\n<meta property=\"og:image\" content=\"http:\/\/www.sesctv.org.br\/images_dyn\/2_20101126_193553.jpg\" \/>\n<meta name=\"author\" content=\"inclusivenews2024\" \/>\n<meta name=\"twitter:card\" content=\"summary_large_image\" \/>\n<meta name=\"twitter:label1\" content=\"Escrito por\" \/>\n\t<meta name=\"twitter:data1\" content=\"inclusivenews2024\" \/>\n\t<meta name=\"twitter:label2\" content=\"Tempo estimado de leitura\" \/>\n\t<meta name=\"twitter:data2\" content=\"6 minutos\" \/>\n<script type=\"application\/ld+json\" class=\"yoast-schema-graph\">{\"@context\":\"https:\\\/\\\/schema.org\",\"@graph\":[{\"@type\":\"Article\",\"@id\":\"https:\\\/\\\/inclusivenews.com.br\\\/?p=18219#article\",\"isPartOf\":{\"@id\":\"https:\\\/\\\/inclusivenews.com.br\\\/?p=18219\"},\"author\":{\"name\":\"inclusivenews2024\",\"@id\":\"https:\\\/\\\/inclusivenews.com.br\\\/#\\\/schema\\\/person\\\/ae4ec7087559b8692fb33b6fffd2273b\"},\"headline\":\"M\u00eddia para a inclus\u00e3o\",\"datePublished\":\"2010-12-23T03:01:17+00:00\",\"mainEntityOfPage\":{\"@id\":\"https:\\\/\\\/inclusivenews.com.br\\\/?p=18219\"},\"wordCount\":1233,\"commentCount\":0,\"publisher\":{\"@id\":\"https:\\\/\\\/inclusivenews.com.br\\\/#organization\"},\"image\":{\"@id\":\"https:\\\/\\\/inclusivenews.com.br\\\/?p=18219#primaryimage\"},\"thumbnailUrl\":\"http:\\\/\\\/www.sesctv.org.br\\\/images_dyn\\\/2_20101126_193553.jpg\",\"articleSection\":[\"Defici\u00eancia\",\"ENTREVISTAS\",\"INCLUS\u00c3O SOCIAL\"],\"inLanguage\":\"pt-PT\",\"potentialAction\":[{\"@type\":\"CommentAction\",\"name\":\"Comment\",\"target\":[\"https:\\\/\\\/inclusivenews.com.br\\\/?p=18219#respond\"]}]},{\"@type\":\"WebPage\",\"@id\":\"https:\\\/\\\/inclusivenews.com.br\\\/?p=18219\",\"url\":\"https:\\\/\\\/inclusivenews.com.br\\\/?p=18219\",\"name\":\"M\u00eddia para a inclus\u00e3o -\",\"isPartOf\":{\"@id\":\"https:\\\/\\\/inclusivenews.com.br\\\/#website\"},\"primaryImageOfPage\":{\"@id\":\"https:\\\/\\\/inclusivenews.com.br\\\/?p=18219#primaryimage\"},\"image\":{\"@id\":\"https:\\\/\\\/inclusivenews.com.br\\\/?p=18219#primaryimage\"},\"thumbnailUrl\":\"http:\\\/\\\/www.sesctv.org.br\\\/images_dyn\\\/2_20101126_193553.jpg\",\"datePublished\":\"2010-12-23T03:01:17+00:00\",\"breadcrumb\":{\"@id\":\"https:\\\/\\\/inclusivenews.com.br\\\/?p=18219#breadcrumb\"},\"inLanguage\":\"pt-PT\",\"potentialAction\":[{\"@type\":\"ReadAction\",\"target\":[\"https:\\\/\\\/inclusivenews.com.br\\\/?p=18219\"]}]},{\"@type\":\"ImageObject\",\"inLanguage\":\"pt-PT\",\"@id\":\"https:\\\/\\\/inclusivenews.com.br\\\/?p=18219#primaryimage\",\"url\":\"http:\\\/\\\/www.sesctv.org.br\\\/images_dyn\\\/2_20101126_193553.jpg\",\"contentUrl\":\"http:\\\/\\\/www.sesctv.org.br\\\/images_dyn\\\/2_20101126_193553.jpg\"},{\"@type\":\"BreadcrumbList\",\"@id\":\"https:\\\/\\\/inclusivenews.com.br\\\/?p=18219#breadcrumb\",\"itemListElement\":[{\"@type\":\"ListItem\",\"position\":1,\"name\":\"In\u00edcio\",\"item\":\"https:\\\/\\\/inclusivenews.com.br\\\/\"},{\"@type\":\"ListItem\",\"position\":2,\"name\":\"M\u00eddia para a inclus\u00e3o\"}]},{\"@type\":\"WebSite\",\"@id\":\"https:\\\/\\\/inclusivenews.com.br\\\/#website\",\"url\":\"https:\\\/\\\/inclusivenews.com.br\\\/\",\"name\":\"Inclusive News\",\"description\":\"Inclusive News\",\"publisher\":{\"@id\":\"https:\\\/\\\/inclusivenews.com.br\\\/#organization\"},\"potentialAction\":[{\"@type\":\"SearchAction\",\"target\":{\"@type\":\"EntryPoint\",\"urlTemplate\":\"https:\\\/\\\/inclusivenews.com.br\\\/?s={search_term_string}\"},\"query-input\":{\"@type\":\"PropertyValueSpecification\",\"valueRequired\":true,\"valueName\":\"search_term_string\"}}],\"inLanguage\":\"pt-PT\"},{\"@type\":\"Organization\",\"@id\":\"https:\\\/\\\/inclusivenews.com.br\\\/#organization\",\"name\":\"Inclusive - inclus\u00e3o e cidadania\",\"url\":\"https:\\\/\\\/inclusivenews.com.br\\\/\",\"logo\":{\"@type\":\"ImageObject\",\"inLanguage\":\"pt-PT\",\"@id\":\"https:\\\/\\\/inclusivenews.com.br\\\/#\\\/schema\\\/logo\\\/image\\\/\",\"url\":\"https:\\\/\\\/inclusivenews.com.br\\\/wp-content\\\/uploads\\\/2024\\\/03\\\/@grandesite.png\",\"contentUrl\":\"https:\\\/\\\/inclusivenews.com.br\\\/wp-content\\\/uploads\\\/2024\\\/03\\\/@grandesite.png\",\"width\":1080,\"height\":1080,\"caption\":\"Inclusive - inclus\u00e3o e cidadania\"},\"image\":{\"@id\":\"https:\\\/\\\/inclusivenews.com.br\\\/#\\\/schema\\\/logo\\\/image\\\/\"},\"sameAs\":[\"https:\\\/\\\/www.facebook.com\\\/agenciainclusive\\\/\",\"https:\\\/\\\/www.instagram.com\\\/newsinclusive\\\/\"]},{\"@type\":\"Person\",\"@id\":\"https:\\\/\\\/inclusivenews.com.br\\\/#\\\/schema\\\/person\\\/ae4ec7087559b8692fb33b6fffd2273b\",\"name\":\"inclusivenews2024\",\"image\":{\"@type\":\"ImageObject\",\"inLanguage\":\"pt-PT\",\"@id\":\"https:\\\/\\\/secure.gravatar.com\\\/avatar\\\/c5a7ef84c66fa914f55bc4f7ce26cfa275a3b9a1c5568b907bd184fb4dde7b40?s=96&d=mm&r=g\",\"url\":\"https:\\\/\\\/secure.gravatar.com\\\/avatar\\\/c5a7ef84c66fa914f55bc4f7ce26cfa275a3b9a1c5568b907bd184fb4dde7b40?s=96&d=mm&r=g\",\"contentUrl\":\"https:\\\/\\\/secure.gravatar.com\\\/avatar\\\/c5a7ef84c66fa914f55bc4f7ce26cfa275a3b9a1c5568b907bd184fb4dde7b40?s=96&d=mm&r=g\",\"caption\":\"inclusivenews2024\"},\"sameAs\":[\"https:\\\/\\\/inclusivenews.com.br\"],\"url\":\"https:\\\/\\\/inclusivenews.com.br\\\/?author=1\"}]}<\/script>\n<!-- \/ Yoast SEO plugin. -->","yoast_head_json":{"title":"M\u00eddia para a inclus\u00e3o -","robots":{"index":"index","follow":"follow","max-snippet":"max-snippet:-1","max-image-preview":"max-image-preview:large","max-video-preview":"max-video-preview:-1"},"canonical":"https:\/\/inclusivenews.com.br\/?p=18219","og_locale":"pt_PT","og_type":"article","og_title":"M\u00eddia para a inclus\u00e3o -","og_description":"Tuca Munhoz, presidente do Instituto MID para a Participa\u00e7\u00e3o Social das Pessoas com Defici\u00eancia, fala sobre m\u00eddia e inclus\u00e3o para a Revista SESCTv.","og_url":"https:\/\/inclusivenews.com.br\/?p=18219","article_publisher":"https:\/\/www.facebook.com\/agenciainclusive\/","article_published_time":"2010-12-23T03:01:17+00:00","og_image":[{"url":"http:\/\/www.sesctv.org.br\/images_dyn\/2_20101126_193553.jpg","type":"","width":"","height":""}],"author":"inclusivenews2024","twitter_card":"summary_large_image","twitter_misc":{"Escrito por":"inclusivenews2024","Tempo estimado de leitura":"6 minutos"},"schema":{"@context":"https:\/\/schema.org","@graph":[{"@type":"Article","@id":"https:\/\/inclusivenews.com.br\/?p=18219#article","isPartOf":{"@id":"https:\/\/inclusivenews.com.br\/?p=18219"},"author":{"name":"inclusivenews2024","@id":"https:\/\/inclusivenews.com.br\/#\/schema\/person\/ae4ec7087559b8692fb33b6fffd2273b"},"headline":"M\u00eddia para a inclus\u00e3o","datePublished":"2010-12-23T03:01:17+00:00","mainEntityOfPage":{"@id":"https:\/\/inclusivenews.com.br\/?p=18219"},"wordCount":1233,"commentCount":0,"publisher":{"@id":"https:\/\/inclusivenews.com.br\/#organization"},"image":{"@id":"https:\/\/inclusivenews.com.br\/?p=18219#primaryimage"},"thumbnailUrl":"http:\/\/www.sesctv.org.br\/images_dyn\/2_20101126_193553.jpg","articleSection":["Defici\u00eancia","ENTREVISTAS","INCLUS\u00c3O SOCIAL"],"inLanguage":"pt-PT","potentialAction":[{"@type":"CommentAction","name":"Comment","target":["https:\/\/inclusivenews.com.br\/?p=18219#respond"]}]},{"@type":"WebPage","@id":"https:\/\/inclusivenews.com.br\/?p=18219","url":"https:\/\/inclusivenews.com.br\/?p=18219","name":"M\u00eddia para a inclus\u00e3o -","isPartOf":{"@id":"https:\/\/inclusivenews.com.br\/#website"},"primaryImageOfPage":{"@id":"https:\/\/inclusivenews.com.br\/?p=18219#primaryimage"},"image":{"@id":"https:\/\/inclusivenews.com.br\/?p=18219#primaryimage"},"thumbnailUrl":"http:\/\/www.sesctv.org.br\/images_dyn\/2_20101126_193553.jpg","datePublished":"2010-12-23T03:01:17+00:00","breadcrumb":{"@id":"https:\/\/inclusivenews.com.br\/?p=18219#breadcrumb"},"inLanguage":"pt-PT","potentialAction":[{"@type":"ReadAction","target":["https:\/\/inclusivenews.com.br\/?p=18219"]}]},{"@type":"ImageObject","inLanguage":"pt-PT","@id":"https:\/\/inclusivenews.com.br\/?p=18219#primaryimage","url":"http:\/\/www.sesctv.org.br\/images_dyn\/2_20101126_193553.jpg","contentUrl":"http:\/\/www.sesctv.org.br\/images_dyn\/2_20101126_193553.jpg"},{"@type":"BreadcrumbList","@id":"https:\/\/inclusivenews.com.br\/?p=18219#breadcrumb","itemListElement":[{"@type":"ListItem","position":1,"name":"In\u00edcio","item":"https:\/\/inclusivenews.com.br\/"},{"@type":"ListItem","position":2,"name":"M\u00eddia para a inclus\u00e3o"}]},{"@type":"WebSite","@id":"https:\/\/inclusivenews.com.br\/#website","url":"https:\/\/inclusivenews.com.br\/","name":"Inclusive News","description":"Inclusive News","publisher":{"@id":"https:\/\/inclusivenews.com.br\/#organization"},"potentialAction":[{"@type":"SearchAction","target":{"@type":"EntryPoint","urlTemplate":"https:\/\/inclusivenews.com.br\/?s={search_term_string}"},"query-input":{"@type":"PropertyValueSpecification","valueRequired":true,"valueName":"search_term_string"}}],"inLanguage":"pt-PT"},{"@type":"Organization","@id":"https:\/\/inclusivenews.com.br\/#organization","name":"Inclusive - inclus\u00e3o e cidadania","url":"https:\/\/inclusivenews.com.br\/","logo":{"@type":"ImageObject","inLanguage":"pt-PT","@id":"https:\/\/inclusivenews.com.br\/#\/schema\/logo\/image\/","url":"https:\/\/inclusivenews.com.br\/wp-content\/uploads\/2024\/03\/@grandesite.png","contentUrl":"https:\/\/inclusivenews.com.br\/wp-content\/uploads\/2024\/03\/@grandesite.png","width":1080,"height":1080,"caption":"Inclusive - inclus\u00e3o e cidadania"},"image":{"@id":"https:\/\/inclusivenews.com.br\/#\/schema\/logo\/image\/"},"sameAs":["https:\/\/www.facebook.com\/agenciainclusive\/","https:\/\/www.instagram.com\/newsinclusive\/"]},{"@type":"Person","@id":"https:\/\/inclusivenews.com.br\/#\/schema\/person\/ae4ec7087559b8692fb33b6fffd2273b","name":"inclusivenews2024","image":{"@type":"ImageObject","inLanguage":"pt-PT","@id":"https:\/\/secure.gravatar.com\/avatar\/c5a7ef84c66fa914f55bc4f7ce26cfa275a3b9a1c5568b907bd184fb4dde7b40?s=96&d=mm&r=g","url":"https:\/\/secure.gravatar.com\/avatar\/c5a7ef84c66fa914f55bc4f7ce26cfa275a3b9a1c5568b907bd184fb4dde7b40?s=96&d=mm&r=g","contentUrl":"https:\/\/secure.gravatar.com\/avatar\/c5a7ef84c66fa914f55bc4f7ce26cfa275a3b9a1c5568b907bd184fb4dde7b40?s=96&d=mm&r=g","caption":"inclusivenews2024"},"sameAs":["https:\/\/inclusivenews.com.br"],"url":"https:\/\/inclusivenews.com.br\/?author=1"}]}},"_links":{"self":[{"href":"https:\/\/inclusivenews.com.br\/index.php?rest_route=\/wp\/v2\/posts\/18219","targetHints":{"allow":["GET"]}}],"collection":[{"href":"https:\/\/inclusivenews.com.br\/index.php?rest_route=\/wp\/v2\/posts"}],"about":[{"href":"https:\/\/inclusivenews.com.br\/index.php?rest_route=\/wp\/v2\/types\/post"}],"author":[{"embeddable":true,"href":"https:\/\/inclusivenews.com.br\/index.php?rest_route=\/wp\/v2\/users\/1"}],"replies":[{"embeddable":true,"href":"https:\/\/inclusivenews.com.br\/index.php?rest_route=%2Fwp%2Fv2%2Fcomments&post=18219"}],"version-history":[{"count":0,"href":"https:\/\/inclusivenews.com.br\/index.php?rest_route=\/wp\/v2\/posts\/18219\/revisions"}],"wp:attachment":[{"href":"https:\/\/inclusivenews.com.br\/index.php?rest_route=%2Fwp%2Fv2%2Fmedia&parent=18219"}],"wp:term":[{"taxonomy":"category","embeddable":true,"href":"https:\/\/inclusivenews.com.br\/index.php?rest_route=%2Fwp%2Fv2%2Fcategories&post=18219"},{"taxonomy":"post_tag","embeddable":true,"href":"https:\/\/inclusivenews.com.br\/index.php?rest_route=%2Fwp%2Fv2%2Ftags&post=18219"}],"curies":[{"name":"wp","href":"https:\/\/api.w.org\/{rel}","templated":true}]}}