{"id":18220,"date":"2010-12-23T00:00:38","date_gmt":"2010-12-23T03:00:38","guid":{"rendered":"http:\/\/www.inclusive.org.br\/?p=18220"},"modified":"2010-12-23T00:00:38","modified_gmt":"2010-12-23T03:00:38","slug":"edital-2011-do-fundo-brasil-recebe-projetos-de-direitos-humanos","status":"publish","type":"post","link":"https:\/\/inclusivenews.com.br\/?p=18220","title":{"rendered":"Edital 2011 do Fundo Brasil recebe projetos de direitos humanos"},"content":{"rendered":"<figure style=\"width: 227px\" class=\"wp-caption alignleft\"><img loading=\"lazy\" decoding=\"async\" title=\"Fundo Brasil de Direitos Humanos\" src=\"http:\/\/www.fundodireitoshumanos.org.br\/images\/home_a.gif\" alt=\"Fundo Brasil de Direitos Humanos\" width=\"227\" height=\"119\" \/><figcaption class=\"wp-caption-text\"> <\/figcaption><\/figure>\n<p>Interessados em desenvolver iniciativas que combatam a discrimina\u00e7\u00e3o e a viol\u00eancia institucional devem inscrever-se at\u00e9 o dia 28 de fevereiro, conforme edital.<\/p>\n<p>Por meio do Edital 2011, o Fundo Brasil de Direitos Humanos vai apoiar organiza\u00e7\u00f5es da sociedade civil e indiv\u00edduos que atuem na defesa e promo\u00e7\u00e3o de direitos humanos. O foco \u00e9 apoiar iniciativas voltadas ao combate \u00e0 discrimina\u00e7\u00e3o e \u00e0 viol\u00eancia institucional.<\/p>\n<p>O Edital 2011 recebe propostas de todo o pa\u00eds at\u00e9 28 de fevereiro de 2011. O valor a ser repassado por selecionado varia de R$ 10 mil a R$ 25 mil. As atividades devem ser desenvolvidas em at\u00e9 um ano.<\/p>\n<p>No total, desde 2007, foram investidos pelo Fundo Brasil R$ 2,6 milh\u00f5es em 108 projetos selecionados. A proposta de cada um deles, bem como o Edital 2011, podem ser conferidos no site: <a href=\"www.fundodireitoshumanos.org.br\">www.fundodireitoshumanos.org.br<\/a><\/p>\n<p>No Sudeste, foram 25 iniciativas apoiadas, sendo 11 do Rio de Janeiro. Duas, selecionadas no Edital 2010, est\u00e3o em andamento: \u2018Beijo na rua: Ampliando a comunica\u00e7\u00e3o entre prostitutas e com o restante da sociedade\u2019, da Davida \u2013 Prostitui\u00e7\u00e3o, Direitos Civis, Sa\u00fade, e \u2018O reconhecimento Quilombola como um caminho para o acesso aos direitos e \u00e0 democratiza\u00e7\u00e3o racial\u2019, da Associa\u00e7\u00e3o de Remanescentes de Quilombos da Ilha da Marambaia (Arqimar).<\/p>\n<p>Quem apoia o Fundo Brasil &#8211; Para fazer as doa\u00e7\u00f5es, o Fundo Brasil capta recursos junto a empresas e indiv\u00edduos que tenham interesse em investir em iniciativas de promo\u00e7\u00e3o e defesa dos direitos humanos. O Fundo Brasil recebe esses recursos e tem total autonomia para a escolha dos projetos a serem desenvolvidos, seguindo os par\u00e2metros definidos nos editais.<\/p>\n<p>Em 2010, pelo segundo ano consecutivo, a Natura foi um desses apoiadores. A prioridade da empresa, por exemplo, foram iniciativas da regi\u00e3o Norte do pa\u00eds, com foco nas comunidades ind\u00edgenas, ribeirinhas, urbanas e rurais da regi\u00e3o.<\/p>\n<p>_____________________<\/p>\n<p><strong>Fonte:<\/strong> <a href=\"http:\/\/www.revistafator.com.br\/ver_noticia.php?not=141009\">Portal Fator Brasil<\/a><\/p>\n","protected":false},"excerpt":{"rendered":"<p>Por meio do Edital 2011, o Fundo Brasil de Direitos Humanos vai apoiar organiza\u00e7\u00f5es da sociedade civil e indiv\u00edduos que atuem na defesa e promo\u00e7\u00e3o de direitos humanos. O foco \u00e9 apoiar iniciativas voltadas ao combate \u00e0 discrimina\u00e7\u00e3o e \u00e0 viol\u00eancia institucional.<\/p>\n","protected":false},"author":1,"featured_media":0,"comment_status":"open","ping_status":"open","sticky":false,"template":"","format":"standard","meta":{"site-container-style":"default","site-container-layout":"default","site-sidebar-layout":"default","disable-article-header":"default","disable-site-header":"default","disable-site-footer":"default","disable-content-area-spacing":"default","footnotes":""},"categories":[11,4],"tags":[],"class_list":["post-18220","post","type-post","status-publish","format-standard","hentry","category-direitos-humanos","category-noticias"],"yoast_head":"<!-- This site is optimized with the Yoast SEO plugin v27.4 - https:\/\/yoast.com\/product\/yoast-seo-wordpress\/ -->\n<title>Edital 2011 do Fundo Brasil recebe projetos de direitos humanos -<\/title>\n<meta name=\"robots\" content=\"index, follow, max-snippet:-1, max-image-preview:large, max-video-preview:-1\" \/>\n<link rel=\"canonical\" href=\"https:\/\/inclusivenews.com.br\/?p=18220\" \/>\n<meta property=\"og:locale\" content=\"pt_PT\" \/>\n<meta property=\"og:type\" content=\"article\" \/>\n<meta property=\"og:title\" content=\"Edital 2011 do Fundo Brasil recebe projetos de direitos humanos -\" \/>\n<meta property=\"og:description\" content=\"Por meio do Edital 2011, o Fundo Brasil de Direitos Humanos vai apoiar organiza\u00e7\u00f5es da sociedade civil e indiv\u00edduos que atuem na defesa e promo\u00e7\u00e3o de direitos humanos. O foco \u00e9 apoiar iniciativas voltadas ao combate \u00e0 discrimina\u00e7\u00e3o e \u00e0 viol\u00eancia institucional.\" \/>\n<meta property=\"og:url\" content=\"https:\/\/inclusivenews.com.br\/?p=18220\" \/>\n<meta property=\"article:publisher\" content=\"https:\/\/www.facebook.com\/agenciainclusive\/\" \/>\n<meta property=\"article:published_time\" content=\"2010-12-23T03:00:38+00:00\" \/>\n<meta property=\"og:image\" content=\"http:\/\/www.fundodireitoshumanos.org.br\/images\/home_a.gif\" \/>\n<meta name=\"author\" content=\"inclusivenews2024\" \/>\n<meta name=\"twitter:card\" content=\"summary_large_image\" \/>\n<meta name=\"twitter:label1\" content=\"Escrito por\" \/>\n\t<meta name=\"twitter:data1\" content=\"inclusivenews2024\" \/>\n\t<meta name=\"twitter:label2\" content=\"Tempo estimado de leitura\" \/>\n\t<meta name=\"twitter:data2\" content=\"2 minutos\" \/>\n<script type=\"application\/ld+json\" class=\"yoast-schema-graph\">{\"@context\":\"https:\\\/\\\/schema.org\",\"@graph\":[{\"@type\":\"Article\",\"@id\":\"https:\\\/\\\/inclusivenews.com.br\\\/?p=18220#article\",\"isPartOf\":{\"@id\":\"https:\\\/\\\/inclusivenews.com.br\\\/?p=18220\"},\"author\":{\"name\":\"inclusivenews2024\",\"@id\":\"https:\\\/\\\/inclusivenews.com.br\\\/#\\\/schema\\\/person\\\/ae4ec7087559b8692fb33b6fffd2273b\"},\"headline\":\"Edital 2011 do Fundo Brasil recebe projetos de direitos humanos\",\"datePublished\":\"2010-12-23T03:00:38+00:00\",\"mainEntityOfPage\":{\"@id\":\"https:\\\/\\\/inclusivenews.com.br\\\/?p=18220\"},\"wordCount\":325,\"commentCount\":4,\"publisher\":{\"@id\":\"https:\\\/\\\/inclusivenews.com.br\\\/#organization\"},\"image\":{\"@id\":\"https:\\\/\\\/inclusivenews.com.br\\\/?p=18220#primaryimage\"},\"thumbnailUrl\":\"http:\\\/\\\/www.fundodireitoshumanos.org.br\\\/images\\\/home_a.gif\",\"articleSection\":[\"DIREITOS HUMANOS\",\"NOT\u00cdCIAS\"],\"inLanguage\":\"pt-PT\",\"potentialAction\":[{\"@type\":\"CommentAction\",\"name\":\"Comment\",\"target\":[\"https:\\\/\\\/inclusivenews.com.br\\\/?p=18220#respond\"]}]},{\"@type\":\"WebPage\",\"@id\":\"https:\\\/\\\/inclusivenews.com.br\\\/?p=18220\",\"url\":\"https:\\\/\\\/inclusivenews.com.br\\\/?p=18220\",\"name\":\"Edital 2011 do Fundo Brasil recebe projetos de direitos humanos -\",\"isPartOf\":{\"@id\":\"https:\\\/\\\/inclusivenews.com.br\\\/#website\"},\"primaryImageOfPage\":{\"@id\":\"https:\\\/\\\/inclusivenews.com.br\\\/?p=18220#primaryimage\"},\"image\":{\"@id\":\"https:\\\/\\\/inclusivenews.com.br\\\/?p=18220#primaryimage\"},\"thumbnailUrl\":\"http:\\\/\\\/www.fundodireitoshumanos.org.br\\\/images\\\/home_a.gif\",\"datePublished\":\"2010-12-23T03:00:38+00:00\",\"breadcrumb\":{\"@id\":\"https:\\\/\\\/inclusivenews.com.br\\\/?p=18220#breadcrumb\"},\"inLanguage\":\"pt-PT\",\"potentialAction\":[{\"@type\":\"ReadAction\",\"target\":[\"https:\\\/\\\/inclusivenews.com.br\\\/?p=18220\"]}]},{\"@type\":\"ImageObject\",\"inLanguage\":\"pt-PT\",\"@id\":\"https:\\\/\\\/inclusivenews.com.br\\\/?p=18220#primaryimage\",\"url\":\"http:\\\/\\\/www.fundodireitoshumanos.org.br\\\/images\\\/home_a.gif\",\"contentUrl\":\"http:\\\/\\\/www.fundodireitoshumanos.org.br\\\/images\\\/home_a.gif\"},{\"@type\":\"BreadcrumbList\",\"@id\":\"https:\\\/\\\/inclusivenews.com.br\\\/?p=18220#breadcrumb\",\"itemListElement\":[{\"@type\":\"ListItem\",\"position\":1,\"name\":\"In\u00edcio\",\"item\":\"https:\\\/\\\/inclusivenews.com.br\\\/\"},{\"@type\":\"ListItem\",\"position\":2,\"name\":\"Edital 2011 do Fundo Brasil recebe projetos de direitos humanos\"}]},{\"@type\":\"WebSite\",\"@id\":\"https:\\\/\\\/inclusivenews.com.br\\\/#website\",\"url\":\"https:\\\/\\\/inclusivenews.com.br\\\/\",\"name\":\"Inclusive News\",\"description\":\"Inclusive News\",\"publisher\":{\"@id\":\"https:\\\/\\\/inclusivenews.com.br\\\/#organization\"},\"potentialAction\":[{\"@type\":\"SearchAction\",\"target\":{\"@type\":\"EntryPoint\",\"urlTemplate\":\"https:\\\/\\\/inclusivenews.com.br\\\/?s={search_term_string}\"},\"query-input\":{\"@type\":\"PropertyValueSpecification\",\"valueRequired\":true,\"valueName\":\"search_term_string\"}}],\"inLanguage\":\"pt-PT\"},{\"@type\":\"Organization\",\"@id\":\"https:\\\/\\\/inclusivenews.com.br\\\/#organization\",\"name\":\"Inclusive - inclus\u00e3o e cidadania\",\"url\":\"https:\\\/\\\/inclusivenews.com.br\\\/\",\"logo\":{\"@type\":\"ImageObject\",\"inLanguage\":\"pt-PT\",\"@id\":\"https:\\\/\\\/inclusivenews.com.br\\\/#\\\/schema\\\/logo\\\/image\\\/\",\"url\":\"https:\\\/\\\/inclusivenews.com.br\\\/wp-content\\\/uploads\\\/2024\\\/03\\\/@grandesite.png\",\"contentUrl\":\"https:\\\/\\\/inclusivenews.com.br\\\/wp-content\\\/uploads\\\/2024\\\/03\\\/@grandesite.png\",\"width\":1080,\"height\":1080,\"caption\":\"Inclusive - inclus\u00e3o e cidadania\"},\"image\":{\"@id\":\"https:\\\/\\\/inclusivenews.com.br\\\/#\\\/schema\\\/logo\\\/image\\\/\"},\"sameAs\":[\"https:\\\/\\\/www.facebook.com\\\/agenciainclusive\\\/\",\"https:\\\/\\\/www.instagram.com\\\/newsinclusive\\\/\"]},{\"@type\":\"Person\",\"@id\":\"https:\\\/\\\/inclusivenews.com.br\\\/#\\\/schema\\\/person\\\/ae4ec7087559b8692fb33b6fffd2273b\",\"name\":\"inclusivenews2024\",\"image\":{\"@type\":\"ImageObject\",\"inLanguage\":\"pt-PT\",\"@id\":\"https:\\\/\\\/secure.gravatar.com\\\/avatar\\\/c5a7ef84c66fa914f55bc4f7ce26cfa275a3b9a1c5568b907bd184fb4dde7b40?s=96&d=mm&r=g\",\"url\":\"https:\\\/\\\/secure.gravatar.com\\\/avatar\\\/c5a7ef84c66fa914f55bc4f7ce26cfa275a3b9a1c5568b907bd184fb4dde7b40?s=96&d=mm&r=g\",\"contentUrl\":\"https:\\\/\\\/secure.gravatar.com\\\/avatar\\\/c5a7ef84c66fa914f55bc4f7ce26cfa275a3b9a1c5568b907bd184fb4dde7b40?s=96&d=mm&r=g\",\"caption\":\"inclusivenews2024\"},\"sameAs\":[\"https:\\\/\\\/inclusivenews.com.br\"],\"url\":\"https:\\\/\\\/inclusivenews.com.br\\\/?author=1\"}]}<\/script>\n<!-- \/ Yoast SEO plugin. -->","yoast_head_json":{"title":"Edital 2011 do Fundo Brasil recebe projetos de direitos humanos -","robots":{"index":"index","follow":"follow","max-snippet":"max-snippet:-1","max-image-preview":"max-image-preview:large","max-video-preview":"max-video-preview:-1"},"canonical":"https:\/\/inclusivenews.com.br\/?p=18220","og_locale":"pt_PT","og_type":"article","og_title":"Edital 2011 do Fundo Brasil recebe projetos de direitos humanos -","og_description":"Por meio do Edital 2011, o Fundo Brasil de Direitos Humanos vai apoiar organiza\u00e7\u00f5es da sociedade civil e indiv\u00edduos que atuem na defesa e promo\u00e7\u00e3o de direitos humanos. O foco \u00e9 apoiar iniciativas voltadas ao combate \u00e0 discrimina\u00e7\u00e3o e \u00e0 viol\u00eancia institucional.","og_url":"https:\/\/inclusivenews.com.br\/?p=18220","article_publisher":"https:\/\/www.facebook.com\/agenciainclusive\/","article_published_time":"2010-12-23T03:00:38+00:00","og_image":[{"url":"http:\/\/www.fundodireitoshumanos.org.br\/images\/home_a.gif","type":"","width":"","height":""}],"author":"inclusivenews2024","twitter_card":"summary_large_image","twitter_misc":{"Escrito por":"inclusivenews2024","Tempo estimado de leitura":"2 minutos"},"schema":{"@context":"https:\/\/schema.org","@graph":[{"@type":"Article","@id":"https:\/\/inclusivenews.com.br\/?p=18220#article","isPartOf":{"@id":"https:\/\/inclusivenews.com.br\/?p=18220"},"author":{"name":"inclusivenews2024","@id":"https:\/\/inclusivenews.com.br\/#\/schema\/person\/ae4ec7087559b8692fb33b6fffd2273b"},"headline":"Edital 2011 do Fundo Brasil recebe projetos de direitos humanos","datePublished":"2010-12-23T03:00:38+00:00","mainEntityOfPage":{"@id":"https:\/\/inclusivenews.com.br\/?p=18220"},"wordCount":325,"commentCount":4,"publisher":{"@id":"https:\/\/inclusivenews.com.br\/#organization"},"image":{"@id":"https:\/\/inclusivenews.com.br\/?p=18220#primaryimage"},"thumbnailUrl":"http:\/\/www.fundodireitoshumanos.org.br\/images\/home_a.gif","articleSection":["DIREITOS HUMANOS","NOT\u00cdCIAS"],"inLanguage":"pt-PT","potentialAction":[{"@type":"CommentAction","name":"Comment","target":["https:\/\/inclusivenews.com.br\/?p=18220#respond"]}]},{"@type":"WebPage","@id":"https:\/\/inclusivenews.com.br\/?p=18220","url":"https:\/\/inclusivenews.com.br\/?p=18220","name":"Edital 2011 do Fundo Brasil recebe projetos de direitos humanos -","isPartOf":{"@id":"https:\/\/inclusivenews.com.br\/#website"},"primaryImageOfPage":{"@id":"https:\/\/inclusivenews.com.br\/?p=18220#primaryimage"},"image":{"@id":"https:\/\/inclusivenews.com.br\/?p=18220#primaryimage"},"thumbnailUrl":"http:\/\/www.fundodireitoshumanos.org.br\/images\/home_a.gif","datePublished":"2010-12-23T03:00:38+00:00","breadcrumb":{"@id":"https:\/\/inclusivenews.com.br\/?p=18220#breadcrumb"},"inLanguage":"pt-PT","potentialAction":[{"@type":"ReadAction","target":["https:\/\/inclusivenews.com.br\/?p=18220"]}]},{"@type":"ImageObject","inLanguage":"pt-PT","@id":"https:\/\/inclusivenews.com.br\/?p=18220#primaryimage","url":"http:\/\/www.fundodireitoshumanos.org.br\/images\/home_a.gif","contentUrl":"http:\/\/www.fundodireitoshumanos.org.br\/images\/home_a.gif"},{"@type":"BreadcrumbList","@id":"https:\/\/inclusivenews.com.br\/?p=18220#breadcrumb","itemListElement":[{"@type":"ListItem","position":1,"name":"In\u00edcio","item":"https:\/\/inclusivenews.com.br\/"},{"@type":"ListItem","position":2,"name":"Edital 2011 do Fundo Brasil recebe projetos de direitos humanos"}]},{"@type":"WebSite","@id":"https:\/\/inclusivenews.com.br\/#website","url":"https:\/\/inclusivenews.com.br\/","name":"Inclusive News","description":"Inclusive News","publisher":{"@id":"https:\/\/inclusivenews.com.br\/#organization"},"potentialAction":[{"@type":"SearchAction","target":{"@type":"EntryPoint","urlTemplate":"https:\/\/inclusivenews.com.br\/?s={search_term_string}"},"query-input":{"@type":"PropertyValueSpecification","valueRequired":true,"valueName":"search_term_string"}}],"inLanguage":"pt-PT"},{"@type":"Organization","@id":"https:\/\/inclusivenews.com.br\/#organization","name":"Inclusive - inclus\u00e3o e cidadania","url":"https:\/\/inclusivenews.com.br\/","logo":{"@type":"ImageObject","inLanguage":"pt-PT","@id":"https:\/\/inclusivenews.com.br\/#\/schema\/logo\/image\/","url":"https:\/\/inclusivenews.com.br\/wp-content\/uploads\/2024\/03\/@grandesite.png","contentUrl":"https:\/\/inclusivenews.com.br\/wp-content\/uploads\/2024\/03\/@grandesite.png","width":1080,"height":1080,"caption":"Inclusive - inclus\u00e3o e cidadania"},"image":{"@id":"https:\/\/inclusivenews.com.br\/#\/schema\/logo\/image\/"},"sameAs":["https:\/\/www.facebook.com\/agenciainclusive\/","https:\/\/www.instagram.com\/newsinclusive\/"]},{"@type":"Person","@id":"https:\/\/inclusivenews.com.br\/#\/schema\/person\/ae4ec7087559b8692fb33b6fffd2273b","name":"inclusivenews2024","image":{"@type":"ImageObject","inLanguage":"pt-PT","@id":"https:\/\/secure.gravatar.com\/avatar\/c5a7ef84c66fa914f55bc4f7ce26cfa275a3b9a1c5568b907bd184fb4dde7b40?s=96&d=mm&r=g","url":"https:\/\/secure.gravatar.com\/avatar\/c5a7ef84c66fa914f55bc4f7ce26cfa275a3b9a1c5568b907bd184fb4dde7b40?s=96&d=mm&r=g","contentUrl":"https:\/\/secure.gravatar.com\/avatar\/c5a7ef84c66fa914f55bc4f7ce26cfa275a3b9a1c5568b907bd184fb4dde7b40?s=96&d=mm&r=g","caption":"inclusivenews2024"},"sameAs":["https:\/\/inclusivenews.com.br"],"url":"https:\/\/inclusivenews.com.br\/?author=1"}]}},"_links":{"self":[{"href":"https:\/\/inclusivenews.com.br\/index.php?rest_route=\/wp\/v2\/posts\/18220","targetHints":{"allow":["GET"]}}],"collection":[{"href":"https:\/\/inclusivenews.com.br\/index.php?rest_route=\/wp\/v2\/posts"}],"about":[{"href":"https:\/\/inclusivenews.com.br\/index.php?rest_route=\/wp\/v2\/types\/post"}],"author":[{"embeddable":true,"href":"https:\/\/inclusivenews.com.br\/index.php?rest_route=\/wp\/v2\/users\/1"}],"replies":[{"embeddable":true,"href":"https:\/\/inclusivenews.com.br\/index.php?rest_route=%2Fwp%2Fv2%2Fcomments&post=18220"}],"version-history":[{"count":0,"href":"https:\/\/inclusivenews.com.br\/index.php?rest_route=\/wp\/v2\/posts\/18220\/revisions"}],"wp:attachment":[{"href":"https:\/\/inclusivenews.com.br\/index.php?rest_route=%2Fwp%2Fv2%2Fmedia&parent=18220"}],"wp:term":[{"taxonomy":"category","embeddable":true,"href":"https:\/\/inclusivenews.com.br\/index.php?rest_route=%2Fwp%2Fv2%2Fcategories&post=18220"},{"taxonomy":"post_tag","embeddable":true,"href":"https:\/\/inclusivenews.com.br\/index.php?rest_route=%2Fwp%2Fv2%2Ftags&post=18220"}],"curies":[{"name":"wp","href":"https:\/\/api.w.org\/{rel}","templated":true}]}}