{"id":18221,"date":"2010-12-23T00:10:02","date_gmt":"2010-12-23T03:10:02","guid":{"rendered":"http:\/\/www.inclusive.org.br\/?p=18221"},"modified":"2010-12-23T00:10:02","modified_gmt":"2010-12-23T03:10:02","slug":"indigenas-sao-os-mais-pobres-do-mundo-diz-banco-mundial","status":"publish","type":"post","link":"https:\/\/inclusivenews.com.br\/?p=18221","title":{"rendered":"Ind\u00edgenas s\u00e3o os mais pobres do mundo, diz Banco Mundial"},"content":{"rendered":"<figure style=\"width: 175px\" class=\"wp-caption alignleft\"><img loading=\"lazy\" decoding=\"async\" title=\"Mulher ind\u00edgena\" src=\"http:\/\/downloads.unmultimedia.org\/cms\/radio\/content\/uploads\/2010\/08\/full\/indigenous-people-geneva1.jpg\" alt=\"Mulher ind\u00edgena\" width=\"175\" height=\"150\" \/><figcaption class=\"wp-caption-text\"> <\/figcaption><\/figure>\n<p><strong>Alessandra Ribeiro, da R\u00e1dio ONU em Nova York.<\/strong> Os ind\u00edgenas ainda s\u00e3o os mais afetados pela pobreza, baixo n\u00edvel educacional e maior incid\u00eancia de doen\u00e7as, revela um estudo do Banco Mundial, em parceria com o Fundo para o Desenvolvimento Sustent\u00e1vel Social e do Meio Ambiente.  Segundo a pesquisa, os ind\u00edgenas s\u00e3o mais discriminados do que outros grupos.  Pobreza  O estudo d\u00e1 uma vis\u00e3o geral de uma s\u00e9rie de indicadores referentes a esses povos e mostra como as condi\u00e7\u00f5es sociais dos ind\u00edgenas evolu\u00edram entre 2005 e 2010 na Rep\u00fablica Centro-Africana, China, Congo, Gab\u00e3o, \u00cdndia, Laos e Vietn\u00e3.  A pesquisa abrange a primeira metade da Segunda D\u00e9cada Internacional das Popula\u00e7\u00f5es Ind\u00edgenas do Mundo.  O relat\u00f3rio tem como objetivo documentar a situa\u00e7\u00e3o de pobreza dos povos ind\u00edgenas que vivem fora do continente americano, da Nova Zel\u00e2ndia e da Austr\u00e1lia.  Coloniza\u00e7\u00e3o  Numa entrevista \u00e0 R\u00e1dio ONU, Marcos Terena, membro da C\u00e1tedra Ind\u00edgena Internacional, disse que os interesses econ\u00f4micos afetaram as condi\u00e7\u00f5es de vida dessas popula\u00e7\u00f5es&#8221;.  &#8220;A pobreza para os povos ind\u00edgenas nunca existiu. Ela come\u00e7a a aparecer no momento em que o colonizador leva em conta o potencial energ\u00e9tico, o potencial comercial de cada regi\u00e3o ind\u00edgena. N\u00f3s queremos mostrar que \u00e9 poss\u00edvel construir aquilo que a modernidade chama de mundo melhor, atrav\u00e9s de um compromisso com o futuro, onde os recursos financeiros n\u00e3o sejam a base da moeda da vida, mas seja a base tamb\u00e9m de um tipo de mundo que queremos deixar para as novas gera\u00e7\u00f5es.&#8221;  Mas alguns pa\u00edses t\u00eam feito progressos para melhorar as condi\u00e7\u00f5es de vida dessas popula\u00e7\u00f5es. O estudo aponta que as taxas de pobreza diminu\u00edram de forma expressiva entre os ind\u00edgenas na \u00c1sia.  O Banco Mundial e especialistas de v\u00e1rias institui\u00e7\u00f5es se re\u00fanem nesta segunda-feira em Washington para debater o assunto.  _______________  <strong>Fonte:<\/strong> <a href=\"http:\/\/www.unmultimedia.org\/radio\/portuguese\/detail\/189180.html\">R\u00e1dio Onu<\/a><\/p>\n","protected":false},"excerpt":{"rendered":"<p>Estudo faz um mapa das condi\u00e7\u00f5es sociais de ind\u00edgenas em sete pa\u00edses entre 2005 e 2010. Da R\u00e1dio ONU.<\/p>\n","protected":false},"author":1,"featured_media":0,"comment_status":"open","ping_status":"open","sticky":false,"template":"","format":"standard","meta":{"site-container-style":"default","site-container-layout":"default","site-sidebar-layout":"default","disable-article-header":"default","disable-site-header":"default","disable-site-footer":"default","disable-content-area-spacing":"default","footnotes":""},"categories":[4],"tags":[100],"class_list":["post-18221","post","type-post","status-publish","format-standard","hentry","category-noticias","tag-indigenas"],"yoast_head":"<!-- This site is optimized with the Yoast SEO plugin v27.4 - https:\/\/yoast.com\/product\/yoast-seo-wordpress\/ -->\n<title>Ind\u00edgenas s\u00e3o os mais pobres do mundo, diz Banco Mundial -<\/title>\n<meta name=\"robots\" content=\"index, follow, max-snippet:-1, max-image-preview:large, max-video-preview:-1\" \/>\n<link rel=\"canonical\" href=\"https:\/\/inclusivenews.com.br\/?p=18221\" \/>\n<meta property=\"og:locale\" content=\"pt_PT\" \/>\n<meta property=\"og:type\" content=\"article\" \/>\n<meta property=\"og:title\" content=\"Ind\u00edgenas s\u00e3o os mais pobres do mundo, diz Banco Mundial -\" \/>\n<meta property=\"og:description\" content=\"Estudo faz um mapa das condi\u00e7\u00f5es sociais de ind\u00edgenas em sete pa\u00edses entre 2005 e 2010. Da R\u00e1dio ONU.\" \/>\n<meta property=\"og:url\" content=\"https:\/\/inclusivenews.com.br\/?p=18221\" \/>\n<meta property=\"article:publisher\" content=\"https:\/\/www.facebook.com\/agenciainclusive\/\" \/>\n<meta property=\"article:published_time\" content=\"2010-12-23T03:10:02+00:00\" \/>\n<meta property=\"og:image\" content=\"http:\/\/downloads.unmultimedia.org\/cms\/radio\/content\/uploads\/2010\/08\/full\/indigenous-people-geneva1.jpg\" \/>\n<meta name=\"author\" content=\"inclusivenews2024\" \/>\n<meta name=\"twitter:card\" content=\"summary_large_image\" \/>\n<meta name=\"twitter:label1\" content=\"Escrito por\" \/>\n\t<meta name=\"twitter:data1\" content=\"inclusivenews2024\" \/>\n\t<meta name=\"twitter:label2\" content=\"Tempo estimado de leitura\" \/>\n\t<meta name=\"twitter:data2\" content=\"2 minutos\" \/>\n<script type=\"application\/ld+json\" class=\"yoast-schema-graph\">{\"@context\":\"https:\\\/\\\/schema.org\",\"@graph\":[{\"@type\":\"Article\",\"@id\":\"https:\\\/\\\/inclusivenews.com.br\\\/?p=18221#article\",\"isPartOf\":{\"@id\":\"https:\\\/\\\/inclusivenews.com.br\\\/?p=18221\"},\"author\":{\"name\":\"inclusivenews2024\",\"@id\":\"https:\\\/\\\/inclusivenews.com.br\\\/#\\\/schema\\\/person\\\/ae4ec7087559b8692fb33b6fffd2273b\"},\"headline\":\"Ind\u00edgenas s\u00e3o os mais pobres do mundo, diz Banco Mundial\",\"datePublished\":\"2010-12-23T03:10:02+00:00\",\"mainEntityOfPage\":{\"@id\":\"https:\\\/\\\/inclusivenews.com.br\\\/?p=18221\"},\"wordCount\":362,\"commentCount\":0,\"publisher\":{\"@id\":\"https:\\\/\\\/inclusivenews.com.br\\\/#organization\"},\"image\":{\"@id\":\"https:\\\/\\\/inclusivenews.com.br\\\/?p=18221#primaryimage\"},\"thumbnailUrl\":\"http:\\\/\\\/downloads.unmultimedia.org\\\/cms\\\/radio\\\/content\\\/uploads\\\/2010\\\/08\\\/full\\\/indigenous-people-geneva1.jpg\",\"keywords\":[\"Ind\u00edgenas\"],\"articleSection\":[\"NOT\u00cdCIAS\"],\"inLanguage\":\"pt-PT\",\"potentialAction\":[{\"@type\":\"CommentAction\",\"name\":\"Comment\",\"target\":[\"https:\\\/\\\/inclusivenews.com.br\\\/?p=18221#respond\"]}]},{\"@type\":\"WebPage\",\"@id\":\"https:\\\/\\\/inclusivenews.com.br\\\/?p=18221\",\"url\":\"https:\\\/\\\/inclusivenews.com.br\\\/?p=18221\",\"name\":\"Ind\u00edgenas s\u00e3o os mais pobres do mundo, diz Banco Mundial -\",\"isPartOf\":{\"@id\":\"https:\\\/\\\/inclusivenews.com.br\\\/#website\"},\"primaryImageOfPage\":{\"@id\":\"https:\\\/\\\/inclusivenews.com.br\\\/?p=18221#primaryimage\"},\"image\":{\"@id\":\"https:\\\/\\\/inclusivenews.com.br\\\/?p=18221#primaryimage\"},\"thumbnailUrl\":\"http:\\\/\\\/downloads.unmultimedia.org\\\/cms\\\/radio\\\/content\\\/uploads\\\/2010\\\/08\\\/full\\\/indigenous-people-geneva1.jpg\",\"datePublished\":\"2010-12-23T03:10:02+00:00\",\"breadcrumb\":{\"@id\":\"https:\\\/\\\/inclusivenews.com.br\\\/?p=18221#breadcrumb\"},\"inLanguage\":\"pt-PT\",\"potentialAction\":[{\"@type\":\"ReadAction\",\"target\":[\"https:\\\/\\\/inclusivenews.com.br\\\/?p=18221\"]}]},{\"@type\":\"ImageObject\",\"inLanguage\":\"pt-PT\",\"@id\":\"https:\\\/\\\/inclusivenews.com.br\\\/?p=18221#primaryimage\",\"url\":\"http:\\\/\\\/downloads.unmultimedia.org\\\/cms\\\/radio\\\/content\\\/uploads\\\/2010\\\/08\\\/full\\\/indigenous-people-geneva1.jpg\",\"contentUrl\":\"http:\\\/\\\/downloads.unmultimedia.org\\\/cms\\\/radio\\\/content\\\/uploads\\\/2010\\\/08\\\/full\\\/indigenous-people-geneva1.jpg\"},{\"@type\":\"BreadcrumbList\",\"@id\":\"https:\\\/\\\/inclusivenews.com.br\\\/?p=18221#breadcrumb\",\"itemListElement\":[{\"@type\":\"ListItem\",\"position\":1,\"name\":\"In\u00edcio\",\"item\":\"https:\\\/\\\/inclusivenews.com.br\\\/\"},{\"@type\":\"ListItem\",\"position\":2,\"name\":\"Ind\u00edgenas s\u00e3o os mais pobres do mundo, diz Banco Mundial\"}]},{\"@type\":\"WebSite\",\"@id\":\"https:\\\/\\\/inclusivenews.com.br\\\/#website\",\"url\":\"https:\\\/\\\/inclusivenews.com.br\\\/\",\"name\":\"Inclusive News\",\"description\":\"Inclusive News\",\"publisher\":{\"@id\":\"https:\\\/\\\/inclusivenews.com.br\\\/#organization\"},\"potentialAction\":[{\"@type\":\"SearchAction\",\"target\":{\"@type\":\"EntryPoint\",\"urlTemplate\":\"https:\\\/\\\/inclusivenews.com.br\\\/?s={search_term_string}\"},\"query-input\":{\"@type\":\"PropertyValueSpecification\",\"valueRequired\":true,\"valueName\":\"search_term_string\"}}],\"inLanguage\":\"pt-PT\"},{\"@type\":\"Organization\",\"@id\":\"https:\\\/\\\/inclusivenews.com.br\\\/#organization\",\"name\":\"Inclusive - inclus\u00e3o e cidadania\",\"url\":\"https:\\\/\\\/inclusivenews.com.br\\\/\",\"logo\":{\"@type\":\"ImageObject\",\"inLanguage\":\"pt-PT\",\"@id\":\"https:\\\/\\\/inclusivenews.com.br\\\/#\\\/schema\\\/logo\\\/image\\\/\",\"url\":\"https:\\\/\\\/inclusivenews.com.br\\\/wp-content\\\/uploads\\\/2024\\\/03\\\/@grandesite.png\",\"contentUrl\":\"https:\\\/\\\/inclusivenews.com.br\\\/wp-content\\\/uploads\\\/2024\\\/03\\\/@grandesite.png\",\"width\":1080,\"height\":1080,\"caption\":\"Inclusive - inclus\u00e3o e cidadania\"},\"image\":{\"@id\":\"https:\\\/\\\/inclusivenews.com.br\\\/#\\\/schema\\\/logo\\\/image\\\/\"},\"sameAs\":[\"https:\\\/\\\/www.facebook.com\\\/agenciainclusive\\\/\",\"https:\\\/\\\/www.instagram.com\\\/newsinclusive\\\/\"]},{\"@type\":\"Person\",\"@id\":\"https:\\\/\\\/inclusivenews.com.br\\\/#\\\/schema\\\/person\\\/ae4ec7087559b8692fb33b6fffd2273b\",\"name\":\"inclusivenews2024\",\"image\":{\"@type\":\"ImageObject\",\"inLanguage\":\"pt-PT\",\"@id\":\"https:\\\/\\\/secure.gravatar.com\\\/avatar\\\/c5a7ef84c66fa914f55bc4f7ce26cfa275a3b9a1c5568b907bd184fb4dde7b40?s=96&d=mm&r=g\",\"url\":\"https:\\\/\\\/secure.gravatar.com\\\/avatar\\\/c5a7ef84c66fa914f55bc4f7ce26cfa275a3b9a1c5568b907bd184fb4dde7b40?s=96&d=mm&r=g\",\"contentUrl\":\"https:\\\/\\\/secure.gravatar.com\\\/avatar\\\/c5a7ef84c66fa914f55bc4f7ce26cfa275a3b9a1c5568b907bd184fb4dde7b40?s=96&d=mm&r=g\",\"caption\":\"inclusivenews2024\"},\"sameAs\":[\"https:\\\/\\\/inclusivenews.com.br\"],\"url\":\"https:\\\/\\\/inclusivenews.com.br\\\/?author=1\"}]}<\/script>\n<!-- \/ Yoast SEO plugin. -->","yoast_head_json":{"title":"Ind\u00edgenas s\u00e3o os mais pobres do mundo, diz Banco Mundial -","robots":{"index":"index","follow":"follow","max-snippet":"max-snippet:-1","max-image-preview":"max-image-preview:large","max-video-preview":"max-video-preview:-1"},"canonical":"https:\/\/inclusivenews.com.br\/?p=18221","og_locale":"pt_PT","og_type":"article","og_title":"Ind\u00edgenas s\u00e3o os mais pobres do mundo, diz Banco Mundial -","og_description":"Estudo faz um mapa das condi\u00e7\u00f5es sociais de ind\u00edgenas em sete pa\u00edses entre 2005 e 2010. Da R\u00e1dio ONU.","og_url":"https:\/\/inclusivenews.com.br\/?p=18221","article_publisher":"https:\/\/www.facebook.com\/agenciainclusive\/","article_published_time":"2010-12-23T03:10:02+00:00","og_image":[{"url":"http:\/\/downloads.unmultimedia.org\/cms\/radio\/content\/uploads\/2010\/08\/full\/indigenous-people-geneva1.jpg","type":"","width":"","height":""}],"author":"inclusivenews2024","twitter_card":"summary_large_image","twitter_misc":{"Escrito por":"inclusivenews2024","Tempo estimado de leitura":"2 minutos"},"schema":{"@context":"https:\/\/schema.org","@graph":[{"@type":"Article","@id":"https:\/\/inclusivenews.com.br\/?p=18221#article","isPartOf":{"@id":"https:\/\/inclusivenews.com.br\/?p=18221"},"author":{"name":"inclusivenews2024","@id":"https:\/\/inclusivenews.com.br\/#\/schema\/person\/ae4ec7087559b8692fb33b6fffd2273b"},"headline":"Ind\u00edgenas s\u00e3o os mais pobres do mundo, diz Banco Mundial","datePublished":"2010-12-23T03:10:02+00:00","mainEntityOfPage":{"@id":"https:\/\/inclusivenews.com.br\/?p=18221"},"wordCount":362,"commentCount":0,"publisher":{"@id":"https:\/\/inclusivenews.com.br\/#organization"},"image":{"@id":"https:\/\/inclusivenews.com.br\/?p=18221#primaryimage"},"thumbnailUrl":"http:\/\/downloads.unmultimedia.org\/cms\/radio\/content\/uploads\/2010\/08\/full\/indigenous-people-geneva1.jpg","keywords":["Ind\u00edgenas"],"articleSection":["NOT\u00cdCIAS"],"inLanguage":"pt-PT","potentialAction":[{"@type":"CommentAction","name":"Comment","target":["https:\/\/inclusivenews.com.br\/?p=18221#respond"]}]},{"@type":"WebPage","@id":"https:\/\/inclusivenews.com.br\/?p=18221","url":"https:\/\/inclusivenews.com.br\/?p=18221","name":"Ind\u00edgenas s\u00e3o os mais pobres do mundo, diz Banco Mundial -","isPartOf":{"@id":"https:\/\/inclusivenews.com.br\/#website"},"primaryImageOfPage":{"@id":"https:\/\/inclusivenews.com.br\/?p=18221#primaryimage"},"image":{"@id":"https:\/\/inclusivenews.com.br\/?p=18221#primaryimage"},"thumbnailUrl":"http:\/\/downloads.unmultimedia.org\/cms\/radio\/content\/uploads\/2010\/08\/full\/indigenous-people-geneva1.jpg","datePublished":"2010-12-23T03:10:02+00:00","breadcrumb":{"@id":"https:\/\/inclusivenews.com.br\/?p=18221#breadcrumb"},"inLanguage":"pt-PT","potentialAction":[{"@type":"ReadAction","target":["https:\/\/inclusivenews.com.br\/?p=18221"]}]},{"@type":"ImageObject","inLanguage":"pt-PT","@id":"https:\/\/inclusivenews.com.br\/?p=18221#primaryimage","url":"http:\/\/downloads.unmultimedia.org\/cms\/radio\/content\/uploads\/2010\/08\/full\/indigenous-people-geneva1.jpg","contentUrl":"http:\/\/downloads.unmultimedia.org\/cms\/radio\/content\/uploads\/2010\/08\/full\/indigenous-people-geneva1.jpg"},{"@type":"BreadcrumbList","@id":"https:\/\/inclusivenews.com.br\/?p=18221#breadcrumb","itemListElement":[{"@type":"ListItem","position":1,"name":"In\u00edcio","item":"https:\/\/inclusivenews.com.br\/"},{"@type":"ListItem","position":2,"name":"Ind\u00edgenas s\u00e3o os mais pobres do mundo, diz Banco Mundial"}]},{"@type":"WebSite","@id":"https:\/\/inclusivenews.com.br\/#website","url":"https:\/\/inclusivenews.com.br\/","name":"Inclusive News","description":"Inclusive News","publisher":{"@id":"https:\/\/inclusivenews.com.br\/#organization"},"potentialAction":[{"@type":"SearchAction","target":{"@type":"EntryPoint","urlTemplate":"https:\/\/inclusivenews.com.br\/?s={search_term_string}"},"query-input":{"@type":"PropertyValueSpecification","valueRequired":true,"valueName":"search_term_string"}}],"inLanguage":"pt-PT"},{"@type":"Organization","@id":"https:\/\/inclusivenews.com.br\/#organization","name":"Inclusive - inclus\u00e3o e cidadania","url":"https:\/\/inclusivenews.com.br\/","logo":{"@type":"ImageObject","inLanguage":"pt-PT","@id":"https:\/\/inclusivenews.com.br\/#\/schema\/logo\/image\/","url":"https:\/\/inclusivenews.com.br\/wp-content\/uploads\/2024\/03\/@grandesite.png","contentUrl":"https:\/\/inclusivenews.com.br\/wp-content\/uploads\/2024\/03\/@grandesite.png","width":1080,"height":1080,"caption":"Inclusive - inclus\u00e3o e cidadania"},"image":{"@id":"https:\/\/inclusivenews.com.br\/#\/schema\/logo\/image\/"},"sameAs":["https:\/\/www.facebook.com\/agenciainclusive\/","https:\/\/www.instagram.com\/newsinclusive\/"]},{"@type":"Person","@id":"https:\/\/inclusivenews.com.br\/#\/schema\/person\/ae4ec7087559b8692fb33b6fffd2273b","name":"inclusivenews2024","image":{"@type":"ImageObject","inLanguage":"pt-PT","@id":"https:\/\/secure.gravatar.com\/avatar\/c5a7ef84c66fa914f55bc4f7ce26cfa275a3b9a1c5568b907bd184fb4dde7b40?s=96&d=mm&r=g","url":"https:\/\/secure.gravatar.com\/avatar\/c5a7ef84c66fa914f55bc4f7ce26cfa275a3b9a1c5568b907bd184fb4dde7b40?s=96&d=mm&r=g","contentUrl":"https:\/\/secure.gravatar.com\/avatar\/c5a7ef84c66fa914f55bc4f7ce26cfa275a3b9a1c5568b907bd184fb4dde7b40?s=96&d=mm&r=g","caption":"inclusivenews2024"},"sameAs":["https:\/\/inclusivenews.com.br"],"url":"https:\/\/inclusivenews.com.br\/?author=1"}]}},"_links":{"self":[{"href":"https:\/\/inclusivenews.com.br\/index.php?rest_route=\/wp\/v2\/posts\/18221","targetHints":{"allow":["GET"]}}],"collection":[{"href":"https:\/\/inclusivenews.com.br\/index.php?rest_route=\/wp\/v2\/posts"}],"about":[{"href":"https:\/\/inclusivenews.com.br\/index.php?rest_route=\/wp\/v2\/types\/post"}],"author":[{"embeddable":true,"href":"https:\/\/inclusivenews.com.br\/index.php?rest_route=\/wp\/v2\/users\/1"}],"replies":[{"embeddable":true,"href":"https:\/\/inclusivenews.com.br\/index.php?rest_route=%2Fwp%2Fv2%2Fcomments&post=18221"}],"version-history":[{"count":0,"href":"https:\/\/inclusivenews.com.br\/index.php?rest_route=\/wp\/v2\/posts\/18221\/revisions"}],"wp:attachment":[{"href":"https:\/\/inclusivenews.com.br\/index.php?rest_route=%2Fwp%2Fv2%2Fmedia&parent=18221"}],"wp:term":[{"taxonomy":"category","embeddable":true,"href":"https:\/\/inclusivenews.com.br\/index.php?rest_route=%2Fwp%2Fv2%2Fcategories&post=18221"},{"taxonomy":"post_tag","embeddable":true,"href":"https:\/\/inclusivenews.com.br\/index.php?rest_route=%2Fwp%2Fv2%2Ftags&post=18221"}],"curies":[{"name":"wp","href":"https:\/\/api.w.org\/{rel}","templated":true}]}}