{"id":18222,"date":"2010-12-23T00:00:11","date_gmt":"2010-12-23T03:00:11","guid":{"rendered":"http:\/\/www.inclusive.org.br\/?p=18222"},"modified":"2010-12-23T00:00:11","modified_gmt":"2010-12-23T03:00:11","slug":"cerca-de-45-milhoes-de-idosos-terao-dificuldades-na-vida-diaria-em-2020","status":"publish","type":"post","link":"https:\/\/inclusivenews.com.br\/?p=18222","title":{"rendered":"Cerca de 4,5 milh\u00f5es de idosos ter\u00e3o dificuldades na vida di\u00e1ria em 2020"},"content":{"rendered":"<figure id=\"attachment_13621\" aria-describedby=\"caption-attachment-13621\" style=\"width: 200px\" class=\"wp-caption alignleft\"><a href=\"http:\/\/www.inclusivenews.com.br\/wp-content\/uploads\/2010\/01\/idosa-onibus.jpg\"><img loading=\"lazy\" decoding=\"async\" class=\"size-full wp-image-13621\" title=\"Idosa tomando \u00f4nibus\" src=\"http:\/\/inclusivenews.com.br\/wp-content\/uploads\/2010\/01\/idosa-onibus.jpg\" alt=\"Idosa tomando \u00f4nibus\" width=\"200\" height=\"305\" \/><\/a><figcaption id=\"caption-attachment-13621\" class=\"wp-caption-text\">Senhora idosa sobe em \u00f4nibus<\/figcaption><\/figure>\n<p>Nielmar de Oliveira<br \/>\nRep\u00f3rter da Ag\u00eancia Brasil<\/p>\n<p>Rio de Janeiro &#8211; O Instituto de Pesquisa Econ\u00f4mica Aplicada (Ipea) estima que cerca de 4,5 milh\u00f5es de idosos &#8211; 1,3 milh\u00e3o a mais do que em 2008 &#8211; ter\u00e3o dificuldades para exercer as atividades da vida di\u00e1ria nos pr\u00f3ximos dez anos. Desse total, 62,7% s\u00e3o do sexo feminino.<\/p>\n<p>Os dados est\u00e3o no livro Cuidados de Longa Dura\u00e7\u00e3o para a Popula\u00e7\u00e3o Idosa: Um Novo Risco Social a Ser Assumido?, que o Ipea lan\u00e7ou nessa quinta-feira (16), no Rio de Janeiro. O estudo foi organizado pela coordenadora da \u00e1rea de Popula\u00e7\u00e3o e Cidadania do Ipea, Ana Am\u00e9lia Camarano, e foi tema da mesa-redonda Cuidados para a Popula\u00e7\u00e3o Idosa: De Quem \u00e9 a Responsabilidade?<\/p>\n<p>Para Camarano, mesmo que a propor\u00e7\u00e3o de idosos com incapacidade funcional diminua como resultado de melhorias nas condi\u00e7\u00f5es de sa\u00fade e de vida em geral, ainda assim, muito provavelmente cerca de 3,8 milh\u00f5es de idosos v\u00e3o precisar de cuidados de longa dura\u00e7\u00e3o em 2020.<\/p>\n<p>Segundo ela, \u201c\u00e9 urgente pensar uma pol\u00edtica de cuidados de longa dura\u00e7\u00e3o para a popula\u00e7\u00e3o idosa brasileira, inclusive porque a oferta de cuidadores familiares tende a se reduzir nos pr\u00f3ximos anos\u201d.<\/p>\n<p>Em entrevista \u00e0 Ag\u00eancia Brasil, a coordenadora da \u00e1rea de Popula\u00e7\u00e3o e Cidadania do Ipea disse que o objetivo do estudo \u00e9 \u201clevantar a discuss\u00e3o sobre de quem \u00e9, de fato, a obriga\u00e7\u00e3o de cuidar das pessoas idosas e se esse cuidado tem que se transformar em um risco social. A quest\u00e3o \u00e9 se essas pessoas t\u00eam o direito ou n\u00e3o de ser segurado do Estado, como ocorre no caso da Previd\u00eancia Social e da assist\u00eancia \u00e0 sa\u00fade\u201d.<\/p>\n<p>A pesquisadora do Ipea lembra que a Constitui\u00e7\u00e3o Brasileira, a Pol\u00edtica Nacional do Idoso e o Estatuto do Idoso responsabilizam as fam\u00edlias por esses cuidados. Segundo ela, a publica\u00e7\u00e3o apresenta argumentos para que o Estado e a iniciativa privada assumam e dividam com as fam\u00edlias essa responsabilidade.<\/p>\n<p>Segundo ela, a aus\u00eancia de uma pol\u00edtica estruturada e articulada de cuidados formais do idoso, ponto de partida para as reflex\u00f5es do estudo, faz com que \u201choje, a fam\u00edlia venha a desempenhar o papel de cuidar ou descuidar de aproximadamente 3,2 milh\u00f5es de idosos sem praticamente nenhum apoio, seja do Estado ou do setor privado\u201d.<\/p>\n<p>Para Camarano, a a\u00e7\u00e3o dos \u00f3rg\u00e3os governamentais \u00e9 m\u00ednima, reduzida \u00e0 modalidade de abrigamento nas Institui\u00e7\u00f5es de Longa Perman\u00eancia para Idosos (Ilpis) \u2013 os \u201casilos\u201d do passado. \u201cEsses t\u00eam origem na caridade crist\u00e3 e a maioria ainda depende dela. Outras alternativas s\u00e3o escassas\u201d, afirma.<\/p>\n<p>\u201cEu acho que o Estado tem sim que assumir uma posi\u00e7\u00e3o mais efetiva na cria\u00e7\u00e3o de mecanismos de prote\u00e7\u00e3o e cuidado das pessoas idosas. Porque a capacidade de as fam\u00edlias desempenharem esse papel est\u00e1 diminuindo ano a ano e, paralelamente, aumenta a demanda e algu\u00e9m tem que assumir isso. A grande quest\u00e3o que se imp\u00f5e \u00e9: esse \u00e9 um risco social que o Estado deve assumir? Eu acho que sim, porque a perda da capacidade laborativa \u00e9 um risco social decorrente da idade avan\u00e7ada. E o Estado j\u00e1 assumiu essa perda quando criou a Previd\u00eancia Social e a aposentadoria por invalidez\u201d.<\/p>\n<p>O livro, diz o Ipea, parte do novo cen\u00e1rio demogr\u00e1fico (que indica (mais longevos na popula\u00e7\u00e3o brasileira), com quatro perguntas: como ficar\u00e1 a autonomia dos idosos para as atividades da vida di\u00e1ria?; a fam\u00edlia brasileira continuar\u00e1 como principal cuidadora dos membros idosos?; quais as alternativas de cuidado n\u00e3o familiar dispon\u00edveis no Brasil?; e qual dever\u00e1 ser a responsabilidade do Estado na provis\u00e3o de servi\u00e7os de cuidados para a popula\u00e7\u00e3o dependente?<\/p>\n<p>Camarano lembra que os \u201casilos\u201d s\u00e3o historicamente associados ao abandono familiar e \u00e0 pobreza, e nessa associa\u00e7\u00e3o est\u00e1 a origem do preconceito. \u201cO livro busca desconstruir a oposi\u00e7\u00e3o entre vida e resid\u00eancia em Institui\u00e7\u00f5es de Longa Perman\u00eancia para Idosos, bem como entre \u201csolid\u00e3o\u201d e \u201caconchego\u201d.<\/p>\n<p>O estudo procura mostrar ainda que a vida nessas institui\u00e7\u00f5es \u00e9 um peda\u00e7o da vida fora delas, uma continua\u00e7\u00e3o do que se vive fora delas. \u201cN\u00e3o h\u00e1 rupturas, como se imagina. Nelas, existem namoros, encontros, desencontros, solid\u00e3o, brigas, \u2018barracos\u2019, felicidades, tristezas e muitas outras emo\u00e7\u00f5es\u201d.<\/p>\n<p>Edi\u00e7\u00e3o: Gra\u00e7a Adjuto<\/p>\n<p>__________________<\/p>\n<p><strong>Fonte:<\/strong> <a href=\"http:\/\/agenciabrasil.ebc.com.br\/cidadania;jsessionid=A10638A2FA5015EA6D000882D7593AA4?p_p_id=56&amp;p_p_lifecycle=0&amp;p_p_state=maximized&amp;p_p_mode=view&amp;p_p_col_id=column-1&amp;p_p_col_count=1&amp;_56_groupId=19523&amp;_56_articleId=1123804\">Ag\u00eancia Brasil<\/a><\/p>\n","protected":false},"excerpt":{"rendered":"<p>O Instituto de Pesquisa Econ\u00f4mica Aplicada (Ipea) estima que cerca de 4,5 milh\u00f5es de idosos &#8211; 1,3 milh\u00e3o a mais do que em 2008 &#8211; ter\u00e3o dificuldades para exercer as atividades da vida di\u00e1ria nos pr\u00f3ximos dez anos. Da Ag\u00eancia Brasil.<\/p>\n","protected":false},"author":1,"featured_media":0,"comment_status":"open","ping_status":"open","sticky":false,"template":"","format":"standard","meta":{"site-container-style":"default","site-container-layout":"default","site-sidebar-layout":"default","disable-article-header":"default","disable-site-header":"default","disable-site-footer":"default","disable-content-area-spacing":"default","footnotes":""},"categories":[50,51,4],"tags":[66],"class_list":["post-18222","post","type-post","status-publish","format-standard","hentry","category-lancamentos","category-livros","category-noticias","tag-idosos"],"yoast_head":"<!-- This site is optimized with the Yoast SEO plugin v27.4 - https:\/\/yoast.com\/product\/yoast-seo-wordpress\/ -->\n<title>Cerca de 4,5 milh\u00f5es de idosos ter\u00e3o dificuldades na vida di\u00e1ria em 2020 -<\/title>\n<meta name=\"robots\" content=\"index, follow, max-snippet:-1, max-image-preview:large, max-video-preview:-1\" \/>\n<link rel=\"canonical\" href=\"https:\/\/inclusivenews.com.br\/?p=18222\" \/>\n<meta property=\"og:locale\" content=\"pt_PT\" \/>\n<meta property=\"og:type\" content=\"article\" \/>\n<meta property=\"og:title\" content=\"Cerca de 4,5 milh\u00f5es de idosos ter\u00e3o dificuldades na vida di\u00e1ria em 2020 -\" \/>\n<meta property=\"og:description\" content=\"O Instituto de Pesquisa Econ\u00f4mica Aplicada (Ipea) estima que cerca de 4,5 milh\u00f5es de idosos - 1,3 milh\u00e3o a mais do que em 2008 - ter\u00e3o dificuldades para exercer as atividades da vida di\u00e1ria nos pr\u00f3ximos dez anos. Da Ag\u00eancia Brasil.\" \/>\n<meta property=\"og:url\" content=\"https:\/\/inclusivenews.com.br\/?p=18222\" \/>\n<meta property=\"article:publisher\" content=\"https:\/\/www.facebook.com\/agenciainclusive\/\" \/>\n<meta property=\"article:published_time\" content=\"2010-12-23T03:00:11+00:00\" \/>\n<meta property=\"og:image\" content=\"http:\/\/inclusivenews.com.br\/wp-content\/uploads\/2010\/01\/idosa-onibus.jpg\" \/>\n<meta name=\"author\" content=\"inclusivenews2024\" \/>\n<meta name=\"twitter:card\" content=\"summary_large_image\" \/>\n<meta name=\"twitter:label1\" content=\"Escrito por\" \/>\n\t<meta name=\"twitter:data1\" content=\"inclusivenews2024\" \/>\n\t<meta name=\"twitter:label2\" content=\"Tempo estimado de leitura\" \/>\n\t<meta name=\"twitter:data2\" content=\"4 minutos\" \/>\n<script type=\"application\/ld+json\" class=\"yoast-schema-graph\">{\"@context\":\"https:\\\/\\\/schema.org\",\"@graph\":[{\"@type\":\"Article\",\"@id\":\"https:\\\/\\\/inclusivenews.com.br\\\/?p=18222#article\",\"isPartOf\":{\"@id\":\"https:\\\/\\\/inclusivenews.com.br\\\/?p=18222\"},\"author\":{\"name\":\"inclusivenews2024\",\"@id\":\"https:\\\/\\\/inclusivenews.com.br\\\/#\\\/schema\\\/person\\\/ae4ec7087559b8692fb33b6fffd2273b\"},\"headline\":\"Cerca de 4,5 milh\u00f5es de idosos ter\u00e3o dificuldades na vida di\u00e1ria em 2020\",\"datePublished\":\"2010-12-23T03:00:11+00:00\",\"mainEntityOfPage\":{\"@id\":\"https:\\\/\\\/inclusivenews.com.br\\\/?p=18222\"},\"wordCount\":777,\"commentCount\":0,\"publisher\":{\"@id\":\"https:\\\/\\\/inclusivenews.com.br\\\/#organization\"},\"image\":{\"@id\":\"https:\\\/\\\/inclusivenews.com.br\\\/?p=18222#primaryimage\"},\"thumbnailUrl\":\"http:\\\/\\\/inclusivenews.com.br\\\/wp-content\\\/uploads\\\/2010\\\/01\\\/idosa-onibus.jpg\",\"keywords\":[\"Idosos\"],\"articleSection\":[\"Lan\u00e7amentos\",\"Livros\",\"NOT\u00cdCIAS\"],\"inLanguage\":\"pt-PT\",\"potentialAction\":[{\"@type\":\"CommentAction\",\"name\":\"Comment\",\"target\":[\"https:\\\/\\\/inclusivenews.com.br\\\/?p=18222#respond\"]}]},{\"@type\":\"WebPage\",\"@id\":\"https:\\\/\\\/inclusivenews.com.br\\\/?p=18222\",\"url\":\"https:\\\/\\\/inclusivenews.com.br\\\/?p=18222\",\"name\":\"Cerca de 4,5 milh\u00f5es de idosos ter\u00e3o dificuldades na vida di\u00e1ria em 2020 -\",\"isPartOf\":{\"@id\":\"https:\\\/\\\/inclusivenews.com.br\\\/#website\"},\"primaryImageOfPage\":{\"@id\":\"https:\\\/\\\/inclusivenews.com.br\\\/?p=18222#primaryimage\"},\"image\":{\"@id\":\"https:\\\/\\\/inclusivenews.com.br\\\/?p=18222#primaryimage\"},\"thumbnailUrl\":\"http:\\\/\\\/inclusivenews.com.br\\\/wp-content\\\/uploads\\\/2010\\\/01\\\/idosa-onibus.jpg\",\"datePublished\":\"2010-12-23T03:00:11+00:00\",\"breadcrumb\":{\"@id\":\"https:\\\/\\\/inclusivenews.com.br\\\/?p=18222#breadcrumb\"},\"inLanguage\":\"pt-PT\",\"potentialAction\":[{\"@type\":\"ReadAction\",\"target\":[\"https:\\\/\\\/inclusivenews.com.br\\\/?p=18222\"]}]},{\"@type\":\"ImageObject\",\"inLanguage\":\"pt-PT\",\"@id\":\"https:\\\/\\\/inclusivenews.com.br\\\/?p=18222#primaryimage\",\"url\":\"\",\"contentUrl\":\"\"},{\"@type\":\"BreadcrumbList\",\"@id\":\"https:\\\/\\\/inclusivenews.com.br\\\/?p=18222#breadcrumb\",\"itemListElement\":[{\"@type\":\"ListItem\",\"position\":1,\"name\":\"In\u00edcio\",\"item\":\"https:\\\/\\\/inclusivenews.com.br\\\/\"},{\"@type\":\"ListItem\",\"position\":2,\"name\":\"Cerca de 4,5 milh\u00f5es de idosos ter\u00e3o dificuldades na vida di\u00e1ria em 2020\"}]},{\"@type\":\"WebSite\",\"@id\":\"https:\\\/\\\/inclusivenews.com.br\\\/#website\",\"url\":\"https:\\\/\\\/inclusivenews.com.br\\\/\",\"name\":\"Inclusive News\",\"description\":\"Inclusive News\",\"publisher\":{\"@id\":\"https:\\\/\\\/inclusivenews.com.br\\\/#organization\"},\"potentialAction\":[{\"@type\":\"SearchAction\",\"target\":{\"@type\":\"EntryPoint\",\"urlTemplate\":\"https:\\\/\\\/inclusivenews.com.br\\\/?s={search_term_string}\"},\"query-input\":{\"@type\":\"PropertyValueSpecification\",\"valueRequired\":true,\"valueName\":\"search_term_string\"}}],\"inLanguage\":\"pt-PT\"},{\"@type\":\"Organization\",\"@id\":\"https:\\\/\\\/inclusivenews.com.br\\\/#organization\",\"name\":\"Inclusive - inclus\u00e3o e cidadania\",\"url\":\"https:\\\/\\\/inclusivenews.com.br\\\/\",\"logo\":{\"@type\":\"ImageObject\",\"inLanguage\":\"pt-PT\",\"@id\":\"https:\\\/\\\/inclusivenews.com.br\\\/#\\\/schema\\\/logo\\\/image\\\/\",\"url\":\"https:\\\/\\\/inclusivenews.com.br\\\/wp-content\\\/uploads\\\/2024\\\/03\\\/@grandesite.png\",\"contentUrl\":\"https:\\\/\\\/inclusivenews.com.br\\\/wp-content\\\/uploads\\\/2024\\\/03\\\/@grandesite.png\",\"width\":1080,\"height\":1080,\"caption\":\"Inclusive - inclus\u00e3o e cidadania\"},\"image\":{\"@id\":\"https:\\\/\\\/inclusivenews.com.br\\\/#\\\/schema\\\/logo\\\/image\\\/\"},\"sameAs\":[\"https:\\\/\\\/www.facebook.com\\\/agenciainclusive\\\/\",\"https:\\\/\\\/www.instagram.com\\\/newsinclusive\\\/\"]},{\"@type\":\"Person\",\"@id\":\"https:\\\/\\\/inclusivenews.com.br\\\/#\\\/schema\\\/person\\\/ae4ec7087559b8692fb33b6fffd2273b\",\"name\":\"inclusivenews2024\",\"image\":{\"@type\":\"ImageObject\",\"inLanguage\":\"pt-PT\",\"@id\":\"https:\\\/\\\/secure.gravatar.com\\\/avatar\\\/c5a7ef84c66fa914f55bc4f7ce26cfa275a3b9a1c5568b907bd184fb4dde7b40?s=96&d=mm&r=g\",\"url\":\"https:\\\/\\\/secure.gravatar.com\\\/avatar\\\/c5a7ef84c66fa914f55bc4f7ce26cfa275a3b9a1c5568b907bd184fb4dde7b40?s=96&d=mm&r=g\",\"contentUrl\":\"https:\\\/\\\/secure.gravatar.com\\\/avatar\\\/c5a7ef84c66fa914f55bc4f7ce26cfa275a3b9a1c5568b907bd184fb4dde7b40?s=96&d=mm&r=g\",\"caption\":\"inclusivenews2024\"},\"sameAs\":[\"https:\\\/\\\/inclusivenews.com.br\"],\"url\":\"https:\\\/\\\/inclusivenews.com.br\\\/?author=1\"}]}<\/script>\n<!-- \/ Yoast SEO plugin. -->","yoast_head_json":{"title":"Cerca de 4,5 milh\u00f5es de idosos ter\u00e3o dificuldades na vida di\u00e1ria em 2020 -","robots":{"index":"index","follow":"follow","max-snippet":"max-snippet:-1","max-image-preview":"max-image-preview:large","max-video-preview":"max-video-preview:-1"},"canonical":"https:\/\/inclusivenews.com.br\/?p=18222","og_locale":"pt_PT","og_type":"article","og_title":"Cerca de 4,5 milh\u00f5es de idosos ter\u00e3o dificuldades na vida di\u00e1ria em 2020 -","og_description":"O Instituto de Pesquisa Econ\u00f4mica Aplicada (Ipea) estima que cerca de 4,5 milh\u00f5es de idosos - 1,3 milh\u00e3o a mais do que em 2008 - ter\u00e3o dificuldades para exercer as atividades da vida di\u00e1ria nos pr\u00f3ximos dez anos. Da Ag\u00eancia Brasil.","og_url":"https:\/\/inclusivenews.com.br\/?p=18222","article_publisher":"https:\/\/www.facebook.com\/agenciainclusive\/","article_published_time":"2010-12-23T03:00:11+00:00","og_image":[{"url":"http:\/\/inclusivenews.com.br\/wp-content\/uploads\/2010\/01\/idosa-onibus.jpg","type":"","width":"","height":""}],"author":"inclusivenews2024","twitter_card":"summary_large_image","twitter_misc":{"Escrito por":"inclusivenews2024","Tempo estimado de leitura":"4 minutos"},"schema":{"@context":"https:\/\/schema.org","@graph":[{"@type":"Article","@id":"https:\/\/inclusivenews.com.br\/?p=18222#article","isPartOf":{"@id":"https:\/\/inclusivenews.com.br\/?p=18222"},"author":{"name":"inclusivenews2024","@id":"https:\/\/inclusivenews.com.br\/#\/schema\/person\/ae4ec7087559b8692fb33b6fffd2273b"},"headline":"Cerca de 4,5 milh\u00f5es de idosos ter\u00e3o dificuldades na vida di\u00e1ria em 2020","datePublished":"2010-12-23T03:00:11+00:00","mainEntityOfPage":{"@id":"https:\/\/inclusivenews.com.br\/?p=18222"},"wordCount":777,"commentCount":0,"publisher":{"@id":"https:\/\/inclusivenews.com.br\/#organization"},"image":{"@id":"https:\/\/inclusivenews.com.br\/?p=18222#primaryimage"},"thumbnailUrl":"http:\/\/inclusivenews.com.br\/wp-content\/uploads\/2010\/01\/idosa-onibus.jpg","keywords":["Idosos"],"articleSection":["Lan\u00e7amentos","Livros","NOT\u00cdCIAS"],"inLanguage":"pt-PT","potentialAction":[{"@type":"CommentAction","name":"Comment","target":["https:\/\/inclusivenews.com.br\/?p=18222#respond"]}]},{"@type":"WebPage","@id":"https:\/\/inclusivenews.com.br\/?p=18222","url":"https:\/\/inclusivenews.com.br\/?p=18222","name":"Cerca de 4,5 milh\u00f5es de idosos ter\u00e3o dificuldades na vida di\u00e1ria em 2020 -","isPartOf":{"@id":"https:\/\/inclusivenews.com.br\/#website"},"primaryImageOfPage":{"@id":"https:\/\/inclusivenews.com.br\/?p=18222#primaryimage"},"image":{"@id":"https:\/\/inclusivenews.com.br\/?p=18222#primaryimage"},"thumbnailUrl":"http:\/\/inclusivenews.com.br\/wp-content\/uploads\/2010\/01\/idosa-onibus.jpg","datePublished":"2010-12-23T03:00:11+00:00","breadcrumb":{"@id":"https:\/\/inclusivenews.com.br\/?p=18222#breadcrumb"},"inLanguage":"pt-PT","potentialAction":[{"@type":"ReadAction","target":["https:\/\/inclusivenews.com.br\/?p=18222"]}]},{"@type":"ImageObject","inLanguage":"pt-PT","@id":"https:\/\/inclusivenews.com.br\/?p=18222#primaryimage","url":"","contentUrl":""},{"@type":"BreadcrumbList","@id":"https:\/\/inclusivenews.com.br\/?p=18222#breadcrumb","itemListElement":[{"@type":"ListItem","position":1,"name":"In\u00edcio","item":"https:\/\/inclusivenews.com.br\/"},{"@type":"ListItem","position":2,"name":"Cerca de 4,5 milh\u00f5es de idosos ter\u00e3o dificuldades na vida di\u00e1ria em 2020"}]},{"@type":"WebSite","@id":"https:\/\/inclusivenews.com.br\/#website","url":"https:\/\/inclusivenews.com.br\/","name":"Inclusive News","description":"Inclusive News","publisher":{"@id":"https:\/\/inclusivenews.com.br\/#organization"},"potentialAction":[{"@type":"SearchAction","target":{"@type":"EntryPoint","urlTemplate":"https:\/\/inclusivenews.com.br\/?s={search_term_string}"},"query-input":{"@type":"PropertyValueSpecification","valueRequired":true,"valueName":"search_term_string"}}],"inLanguage":"pt-PT"},{"@type":"Organization","@id":"https:\/\/inclusivenews.com.br\/#organization","name":"Inclusive - inclus\u00e3o e cidadania","url":"https:\/\/inclusivenews.com.br\/","logo":{"@type":"ImageObject","inLanguage":"pt-PT","@id":"https:\/\/inclusivenews.com.br\/#\/schema\/logo\/image\/","url":"https:\/\/inclusivenews.com.br\/wp-content\/uploads\/2024\/03\/@grandesite.png","contentUrl":"https:\/\/inclusivenews.com.br\/wp-content\/uploads\/2024\/03\/@grandesite.png","width":1080,"height":1080,"caption":"Inclusive - inclus\u00e3o e cidadania"},"image":{"@id":"https:\/\/inclusivenews.com.br\/#\/schema\/logo\/image\/"},"sameAs":["https:\/\/www.facebook.com\/agenciainclusive\/","https:\/\/www.instagram.com\/newsinclusive\/"]},{"@type":"Person","@id":"https:\/\/inclusivenews.com.br\/#\/schema\/person\/ae4ec7087559b8692fb33b6fffd2273b","name":"inclusivenews2024","image":{"@type":"ImageObject","inLanguage":"pt-PT","@id":"https:\/\/secure.gravatar.com\/avatar\/c5a7ef84c66fa914f55bc4f7ce26cfa275a3b9a1c5568b907bd184fb4dde7b40?s=96&d=mm&r=g","url":"https:\/\/secure.gravatar.com\/avatar\/c5a7ef84c66fa914f55bc4f7ce26cfa275a3b9a1c5568b907bd184fb4dde7b40?s=96&d=mm&r=g","contentUrl":"https:\/\/secure.gravatar.com\/avatar\/c5a7ef84c66fa914f55bc4f7ce26cfa275a3b9a1c5568b907bd184fb4dde7b40?s=96&d=mm&r=g","caption":"inclusivenews2024"},"sameAs":["https:\/\/inclusivenews.com.br"],"url":"https:\/\/inclusivenews.com.br\/?author=1"}]}},"_links":{"self":[{"href":"https:\/\/inclusivenews.com.br\/index.php?rest_route=\/wp\/v2\/posts\/18222","targetHints":{"allow":["GET"]}}],"collection":[{"href":"https:\/\/inclusivenews.com.br\/index.php?rest_route=\/wp\/v2\/posts"}],"about":[{"href":"https:\/\/inclusivenews.com.br\/index.php?rest_route=\/wp\/v2\/types\/post"}],"author":[{"embeddable":true,"href":"https:\/\/inclusivenews.com.br\/index.php?rest_route=\/wp\/v2\/users\/1"}],"replies":[{"embeddable":true,"href":"https:\/\/inclusivenews.com.br\/index.php?rest_route=%2Fwp%2Fv2%2Fcomments&post=18222"}],"version-history":[{"count":0,"href":"https:\/\/inclusivenews.com.br\/index.php?rest_route=\/wp\/v2\/posts\/18222\/revisions"}],"wp:attachment":[{"href":"https:\/\/inclusivenews.com.br\/index.php?rest_route=%2Fwp%2Fv2%2Fmedia&parent=18222"}],"wp:term":[{"taxonomy":"category","embeddable":true,"href":"https:\/\/inclusivenews.com.br\/index.php?rest_route=%2Fwp%2Fv2%2Fcategories&post=18222"},{"taxonomy":"post_tag","embeddable":true,"href":"https:\/\/inclusivenews.com.br\/index.php?rest_route=%2Fwp%2Fv2%2Ftags&post=18222"}],"curies":[{"name":"wp","href":"https:\/\/api.w.org\/{rel}","templated":true}]}}